{"id":21169,"date":"2026-04-28T16:28:37","date_gmt":"2026-04-28T19:28:37","guid":{"rendered":"https:\/\/www.comuna13online.com.ar\/?p=21169"},"modified":"2026-04-28T16:28:54","modified_gmt":"2026-04-28T19:28:54","slug":"el-gobierno-de-la-ciudad-lanza-operativos-en-la-calle-contra-la-doble-fila","status":"publish","type":"post","link":"https:\/\/www.comuna13online.com.ar\/?p=21169","title":{"rendered":"El Gobierno de la Ciudad lanza operativos en la calle contra la doble fila"},"content":{"rendered":"\n<p><strong>La Ciudad implementa controles en barrios clave para combatir la doble fila, una pr\u00e1ctica que tras la pandemia se volvi\u00f3 rutina y genera congesti\u00f3n y riesgo en el tr\u00e1nsito porte\u00f1o.<\/strong><\/p>\n\n\n\n<figure class=\"wp-block-image size-full\"><img loading=\"lazy\" decoding=\"async\" width=\"678\" height=\"381\" data-attachment-id=\"21170\" data-permalink=\"https:\/\/www.comuna13online.com.ar\/?attachment_id=21170\" data-orig-file=\"https:\/\/www.comuna13online.com.ar\/wp-content\/uploads\/2026\/04\/2026-04-28a_id.jpg\" data-orig-size=\"678,381\" data-comments-opened=\"0\" data-image-meta=\"{&quot;aperture&quot;:&quot;0&quot;,&quot;credit&quot;:&quot;&quot;,&quot;camera&quot;:&quot;&quot;,&quot;caption&quot;:&quot;&quot;,&quot;created_timestamp&quot;:&quot;0&quot;,&quot;copyright&quot;:&quot;&quot;,&quot;focal_length&quot;:&quot;0&quot;,&quot;iso&quot;:&quot;0&quot;,&quot;shutter_speed&quot;:&quot;0&quot;,&quot;title&quot;:&quot;&quot;,&quot;orientation&quot;:&quot;0&quot;}\" data-image-title=\"2026-04-28a_id\" data-image-description=\"\" data-image-caption=\"\" data-large-file=\"https:\/\/www.comuna13online.com.ar\/wp-content\/uploads\/2026\/04\/2026-04-28a_id.jpg\" src=\"https:\/\/www.comuna13online.com.ar\/wp-content\/uploads\/2026\/04\/2026-04-28a_id.jpg\" alt=\"\" class=\"wp-image-21170\"\/><\/figure>\n\n\n\n<div style=\"height:20px\" aria-hidden=\"true\" class=\"wp-block-spacer\"><\/div>\n\n\n\n<p>El problema tom\u00f3 mayor dimensi\u00f3n tras la pandemia, cuando la doble fila dej\u00f3 de ser una infracci\u00f3n ocasional y se transform\u00f3 en pr\u00e1ctica extendida. En muchos puntos de la Ciudad es frecuente ver largas hileras de veh\u00edculos detenidos, autos en paralelo a decks gastron\u00f3micos y conductores dentro de bares, obstruyendo el tr\u00e1nsito con las balizas encendidas.<\/p>\n\n\n\n<p>Datos oficiales indican que en el \u00faltimo mes se realizaron m\u00e1s de 4000 advertencias y se labraron unas 150 actas en el marco de este esquema de control permanente. El gobierno porte\u00f1o advierte que incluso una detenci\u00f3n breve puede desencadenar bocinazos, maniobras peligrosas y demoras que afectan a varias cuadras.<\/p>\n\n\n\n<p>El operativo se estructura en dos etapas: primero, los agentes emiten una se\u00f1al sonora y luego anuncian la patente del veh\u00edculo por altavoz, permitiendo que el conductor reciba el aviso aunque est\u00e9 dentro de un comercio. Si persiste la infracci\u00f3n, se labra el acta y eventualmente se remueve el veh\u00edculo mediante gr\u00faa.<\/p>\n\n\n\n<p>Las acciones comenzaron en N\u00fa\u00f1ez, Recoleta, Once y Palermo, y se prev\u00e9 su extensi\u00f3n a otros barrios como Caballito, Belgrano y Colegiales. Aunque el despliegue incluye sanciones, desde el Ministerio de Infraestructura remarcan que el objetivo central no es punitivo, sino modificar un h\u00e1bito que genera congesti\u00f3n, desorden y riesgo en el tr\u00e1nsito porte\u00f1o.<\/p>\n\n\n\n<div style=\"height:20px\" aria-hidden=\"true\" class=\"wp-block-spacer\"><\/div>\n\n\n\n<div align=\"center\">\n<blockquote class=\"twitter-tweet\"><p lang=\"es\" dir=\"ltr\">CHAU DOBLE FILA EN N\u00da\u00d1EZ \u270b\ud83c\udffc\ud83d\uded1<br><br>El estacionamiento indebido entorpece el tr\u00e1nsito y pone en riesgo a los vecinos, por eso reforzamos los controles de doble fila en la Ciudad.<br><br>Cuando se trata de seguridad vial, no hay excusa que valga. <a href=\"https:\/\/t.co\/VYIxRMk3d1\">pic.twitter.com\/VYIxRMk3d1<\/a><\/p>&mdash; BA Infraestructura (@BAInfraest) <a href=\"https:\/\/twitter.com\/BAInfraest\/status\/2048537607140004088?ref_src=twsrc%5Etfw\">April 26, 2026<\/a><\/blockquote> <script async src=\"https:\/\/platform.twitter.com\/widgets.js\" charset=\"utf-8\"><\/script>\n<\/div>\n","protected":false},"excerpt":{"rendered":"<div class=\"mh-excerpt\">La Ciudad implementa controles en barrios clave para combatir la doble fila, una pr\u00e1ctica que tras la pandemia se volvi\u00f3 rutina y genera congesti\u00f3n y riesgo en el tr\u00e1nsito porte\u00f1o. <a class=\"mh-excerpt-more\" href=\"https:\/\/www.comuna13online.com.ar\/?p=21169\" title=\"El Gobierno de la Ciudad lanza operativos en la calle contra la doble fila\">[&#8230;]<\/a><\/div>\n","protected":false},"author":1,"featured_media":21170,"comment_status":"closed","ping_status":"closed","sticky":false,"template":"","format":"standard","meta":{"_uag_custom_page_level_css":"","_jetpack_memberships_contains_paid_content":false,"footnotes":"","jetpack_publicize_message":"","jetpack_publicize_feature_enabled":true,"jetpack_social_post_already_shared":true,"jetpack_social_options":{"image_generator_settings":{"template":"highway","default_image_id":0,"font":"","enabled":false},"version":2}},"categories":[53],"tags":[250,296,54],"class_list":{"0":"post-21169","1":"post","2":"type-post","3":"status-publish","4":"format-standard","5":"has-post-thumbnail","7":"category-transito","8":"tag-h2","9":"tag-h3","10":"tag-transito"},"jetpack_publicize_connections":[],"jetpack_featured_media_url":"https:\/\/www.comuna13online.com.ar\/wp-content\/uploads\/2026\/04\/2026-04-28a_id.jpg","uagb_featured_image_src":{"full":["https:\/\/www.comuna13online.com.ar\/wp-content\/uploads\/2026\/04\/2026-04-28a_id.jpg",678,381,false],"thumbnail":["https:\/\/www.comuna13online.com.ar\/wp-content\/uploads\/2026\/04\/2026-04-28a_id.jpg",128,72,false],"medium":["https:\/\/www.comuna13online.com.ar\/wp-content\/uploads\/2026\/04\/2026-04-28a_id.jpg",678,381,false],"medium_large":["https:\/\/www.comuna13online.com.ar\/wp-content\/uploads\/2026\/04\/2026-04-28a_id.jpg",678,381,false],"large":["https:\/\/www.comuna13online.com.ar\/wp-content\/uploads\/2026\/04\/2026-04-28a_id.jpg",678,381,false],"1536x1536":["https:\/\/www.comuna13online.com.ar\/wp-content\/uploads\/2026\/04\/2026-04-28a_id.jpg",678,381,false],"2048x2048":["https:\/\/www.comuna13online.com.ar\/wp-content\/uploads\/2026\/04\/2026-04-28a_id.jpg",678,381,false],"mh-magazine-slider":["https:\/\/www.comuna13online.com.ar\/wp-content\/uploads\/2026\/04\/2026-04-28a_id.jpg",678,381,false],"mh-magazine-content":["https:\/\/www.comuna13online.com.ar\/wp-content\/uploads\/2026\/04\/2026-04-28a_id.jpg",678,381,false],"mh-magazine-large":["https:\/\/www.comuna13online.com.ar\/wp-content\/uploads\/2026\/04\/2026-04-28a_id.jpg",678,381,false],"mh-magazine-medium":["https:\/\/www.comuna13online.com.ar\/wp-content\/uploads\/2026\/04\/2026-04-28a_id-326x245.jpg",326,245,true],"mh-magazine-small":["https:\/\/www.comuna13online.com.ar\/wp-content\/uploads\/2026\/04\/2026-04-28a_id-80x60.jpg",80,60,true],"sow-carousel-default":["https:\/\/www.comuna13online.com.ar\/wp-content\/uploads\/2026\/04\/2026-04-28a_id-272x182.jpg",272,182,true]},"uagb_author_info":{"display_name":"Comuna13","author_link":"https:\/\/www.comuna13online.com.ar\/?author=1"},"uagb_comment_info":0,"uagb_excerpt":"La Ciudad implementa controles en barrios clave para combatir la doble fila, una pr\u00e1ctica que tras la pandemia se volvi\u00f3 rutina y genera congesti\u00f3n y riesgo en el tr\u00e1nsito porte\u00f1o. [...]","jetpack_sharing_enabled":true,"_links":{"self":[{"href":"https:\/\/www.comuna13online.com.ar\/index.php?rest_route=\/wp\/v2\/posts\/21169","targetHints":{"allow":["GET"]}}],"collection":[{"href":"https:\/\/www.comuna13online.com.ar\/index.php?rest_route=\/wp\/v2\/posts"}],"about":[{"href":"https:\/\/www.comuna13online.com.ar\/index.php?rest_route=\/wp\/v2\/types\/post"}],"author":[{"embeddable":true,"href":"https:\/\/www.comuna13online.com.ar\/index.php?rest_route=\/wp\/v2\/users\/1"}],"replies":[{"embeddable":true,"href":"https:\/\/www.comuna13online.com.ar\/index.php?rest_route=%2Fwp%2Fv2%2Fcomments&post=21169"}],"version-history":[{"count":1,"href":"https:\/\/www.comuna13online.com.ar\/index.php?rest_route=\/wp\/v2\/posts\/21169\/revisions"}],"predecessor-version":[{"id":21171,"href":"https:\/\/www.comuna13online.com.ar\/index.php?rest_route=\/wp\/v2\/posts\/21169\/revisions\/21171"}],"wp:featuredmedia":[{"embeddable":true,"href":"https:\/\/www.comuna13online.com.ar\/index.php?rest_route=\/wp\/v2\/media\/21170"}],"wp:attachment":[{"href":"https:\/\/www.comuna13online.com.ar\/index.php?rest_route=%2Fwp%2Fv2%2Fmedia&parent=21169"}],"wp:term":[{"taxonomy":"category","embeddable":true,"href":"https:\/\/www.comuna13online.com.ar\/index.php?rest_route=%2Fwp%2Fv2%2Fcategories&post=21169"},{"taxonomy":"post_tag","embeddable":true,"href":"https:\/\/www.comuna13online.com.ar\/index.php?rest_route=%2Fwp%2Fv2%2Ftags&post=21169"}],"curies":[{"name":"wp","href":"https:\/\/api.w.org\/{rel}","templated":true}]}}