{"id":21162,"date":"2026-04-27T17:55:02","date_gmt":"2026-04-27T20:55:02","guid":{"rendered":"https:\/\/www.comuna13online.com.ar\/?p=21162"},"modified":"2026-04-23T18:40:42","modified_gmt":"2026-04-23T21:40:42","slug":"tapices-tejidos-a-mano-e-intervenciones-en-el-patrimonio-del-museo-larreta","status":"publish","type":"post","link":"https:\/\/www.comuna13online.com.ar\/?p=21162","title":{"rendered":"Tapices tejidos a mano e intervenciones en el patrimonio del Museo Larreta"},"content":{"rendered":"\n<figure class=\"wp-block-image size-full\"><img loading=\"lazy\" decoding=\"async\" width=\"678\" height=\"381\" data-attachment-id=\"21163\" data-permalink=\"https:\/\/www.comuna13online.com.ar\/?attachment_id=21163\" data-orig-file=\"https:\/\/www.comuna13online.com.ar\/wp-content\/uploads\/2026\/04\/2026-04-27a_id.jpg\" data-orig-size=\"678,381\" data-comments-opened=\"0\" data-image-meta=\"{&quot;aperture&quot;:&quot;0&quot;,&quot;credit&quot;:&quot;&quot;,&quot;camera&quot;:&quot;&quot;,&quot;caption&quot;:&quot;&quot;,&quot;created_timestamp&quot;:&quot;0&quot;,&quot;copyright&quot;:&quot;&quot;,&quot;focal_length&quot;:&quot;0&quot;,&quot;iso&quot;:&quot;0&quot;,&quot;shutter_speed&quot;:&quot;0&quot;,&quot;title&quot;:&quot;&quot;,&quot;orientation&quot;:&quot;0&quot;}\" data-image-title=\"2026-04-27a_id\" data-image-description=\"\" data-image-caption=\"\" data-large-file=\"https:\/\/www.comuna13online.com.ar\/wp-content\/uploads\/2026\/04\/2026-04-27a_id.jpg\" src=\"https:\/\/www.comuna13online.com.ar\/wp-content\/uploads\/2026\/04\/2026-04-27a_id.jpg\" alt=\"\" class=\"wp-image-21163\"\/><\/figure>\n\n\n\n<p><strong>El Museo Larreta inaugura dos exposiciones que exploran el cruce entre tradici\u00f3n y contemporaneidad en di\u00e1logo con la colecci\u00f3n del museo. \u201cESTRADA. El color tejido\u201d e \u201cIntervenciones m\u00ednimas V\u201d. Jueves 30 de abril, 17 horas, ingreso por Av. Juramento 2291.<\/strong><\/p>\n\n\n\n<div style=\"height:20px\" aria-hidden=\"true\" class=\"wp-block-spacer\"><\/div>\n\n\n\n<h4 class=\"wp-block-heading\">\u201cESTRADA. El color tejido\u201d<\/h4>\n\n\n\n<p>El reconocido artista argentino-espa\u00f1ol <strong>Adolfo Estrada<\/strong> (Buenos Aires, 1942) presentar\u00e1 su m\u00e1s reciente proyecto creativo, una ambiciosa transici\u00f3n desde la pintura hacia el arte textil ancestral. Tras m\u00e1s de seis d\u00e9cadas de investigaci\u00f3n sobre la abstracci\u00f3n geom\u00e9trica, Estrada revelar\u00e1 una colecci\u00f3n de tapices realizados en colaboraci\u00f3n con maestras tejedoras del norte de Ir\u00e1n. La muestra cuenta con curadur\u00eda de Carmen Schjaer.<\/p>\n\n\n\n<p>Nacido en Buenos Aires, Estrada comenz\u00f3 su formaci\u00f3n de manera autodidacta copiando arquitectura y asistiendo al taller de Ignacio Colombres. Sus primeras influencias oscilaron entre el arte sacro (rom\u00e1nico, bizantino y del <em>quattrocento<\/em>) y la modernidad de figuras como Serge Poliakoff y Ben Nicholson, quienes marcaron su inter\u00e9s por la estructura y el color. A los 19 a\u00f1os se traslad\u00f3 a Espa\u00f1a, estableci\u00e9ndose en Madrid, donde su obra pas\u00f3, en las \u00faltimas d\u00e9cadas, de la influencia europea a una abstracci\u00f3n geom\u00e9trica radical, caracterizada por el uso de colores con texturas y capas superpuestas, explorando la serialidad.&nbsp;<\/p>\n\n\n\n<div style=\"height:20px\" aria-hidden=\"true\" class=\"wp-block-spacer\"><\/div>\n\n\n\n<figure class=\"wp-block-image size-full\"><img loading=\"lazy\" decoding=\"async\" width=\"678\" height=\"452\" data-attachment-id=\"21165\" data-permalink=\"https:\/\/www.comuna13online.com.ar\/?attachment_id=21165\" data-orig-file=\"https:\/\/www.comuna13online.com.ar\/wp-content\/uploads\/2026\/04\/2026-04-27a_02.jpg\" data-orig-size=\"678,452\" data-comments-opened=\"0\" data-image-meta=\"{&quot;aperture&quot;:&quot;0&quot;,&quot;credit&quot;:&quot;&quot;,&quot;camera&quot;:&quot;&quot;,&quot;caption&quot;:&quot;&quot;,&quot;created_timestamp&quot;:&quot;0&quot;,&quot;copyright&quot;:&quot;&quot;,&quot;focal_length&quot;:&quot;0&quot;,&quot;iso&quot;:&quot;0&quot;,&quot;shutter_speed&quot;:&quot;0&quot;,&quot;title&quot;:&quot;&quot;,&quot;orientation&quot;:&quot;0&quot;}\" data-image-title=\"2026-04-27a_02\" data-image-description=\"\" data-image-caption=\"\" data-large-file=\"https:\/\/www.comuna13online.com.ar\/wp-content\/uploads\/2026\/04\/2026-04-27a_02.jpg\" src=\"https:\/\/www.comuna13online.com.ar\/wp-content\/uploads\/2026\/04\/2026-04-27a_02.jpg\" alt=\"\" class=\"wp-image-21165\" srcset=\"https:\/\/www.comuna13online.com.ar\/wp-content\/uploads\/2026\/04\/2026-04-27a_02.jpg 678w, https:\/\/www.comuna13online.com.ar\/wp-content\/uploads\/2026\/04\/2026-04-27a_02-272x182.jpg 272w\" sizes=\"auto, (max-width: 678px) 100vw, 678px\" \/><\/figure>\n\n\n\n<div style=\"height:20px\" aria-hidden=\"true\" class=\"wp-block-spacer\"><\/div>\n\n\n\n<p>Desde su retiro en Sant Mart\u00ed Vell, Estrada ha iniciado una etapa de colaboraci\u00f3n intercultural con el proyecto de tapices tejidos a mano en el norte de Ir\u00e1n, utilizando lanas con tintes vegetales naturales, siguiendo bocetos precisos del artista. Actualmente reside y trabaja entre Sant Mart\u00ed Vell y Madrid. Su obra integra prestigiosas colecciones como las del Museo Reina Sof\u00eda, la Fundaci\u00f3n La Caixa, la Haus Konstruktiv de Z\u00fcrich y el Museo de Arte Moderno de Buenos Aires, entre otras.&nbsp;<\/p>\n\n\n\n<p>En 2025 expuso en Club Tapiz, un espacio de la bodega hist\u00f3rica de Fincas Patag\u00f3nicas en la ciudad de Maip\u00fa, Mendoza, esta exposici\u00f3n que hoy se presenta en las salas temporarias del Museo Larreta. Estos tapices, tejidos a mano, fueron elaborados con lanas te\u00f1idas con tintes naturales de origen vegetal, siguiendo los modelos originales de manera casi fidedigna y sumando la espontaneidad del trabajo artesano. El resultado es la suma de una obra abstracta y precisa elaborada con m\u00e9todos ancestrales transmitidos durante siglos, de generaci\u00f3n en generaci\u00f3n. Es la combinaci\u00f3n entre la abstracci\u00f3n en su vertiente m\u00e1s radical y la obra de tejedoras iran\u00edes.<\/p>\n\n\n\n<div style=\"height:20px\" aria-hidden=\"true\" class=\"wp-block-spacer\"><\/div>\n\n\n\n<h4 class=\"wp-block-heading\">\u201cIntervenciones m\u00ednimas V\u201d<\/h4>\n\n\n\n<p>En la quinta edici\u00f3n de este ciclo del museo se exhibir\u00e1n obras de Eugenia Correa (acr\u00edlico sobre tabla entelada) y Paula Zaccaria (pigmentos naturales sobre papel japon\u00e9s), especialmente creadas para esta intervenci\u00f3n. El programa, que presentar\u00e1 obras de artistas contempor\u00e1neas en di\u00e1logo con la colecci\u00f3n permanente del museo, permitir\u00e1 al visitante hallar piezas que remiten a temas, t\u00e9cnicas, materialidades y planteos visuales en relaci\u00f3n a una colecci\u00f3n hist\u00f3rica, sin interferir con el recorrido habitual de las salas. Con curadur\u00eda de Delfina Helguera, en la sala escritorio y sala comedor del Museo Larreta.&nbsp;<\/p>\n\n\n\n<figure class=\"wp-block-image size-full\"><img loading=\"lazy\" decoding=\"async\" width=\"599\" height=\"655\" data-attachment-id=\"21164\" data-permalink=\"https:\/\/www.comuna13online.com.ar\/?attachment_id=21164\" data-orig-file=\"https:\/\/www.comuna13online.com.ar\/wp-content\/uploads\/2026\/04\/2026-04-27a_01.jpg\" data-orig-size=\"599,655\" data-comments-opened=\"0\" data-image-meta=\"{&quot;aperture&quot;:&quot;0&quot;,&quot;credit&quot;:&quot;&quot;,&quot;camera&quot;:&quot;&quot;,&quot;caption&quot;:&quot;&quot;,&quot;created_timestamp&quot;:&quot;0&quot;,&quot;copyright&quot;:&quot;&quot;,&quot;focal_length&quot;:&quot;0&quot;,&quot;iso&quot;:&quot;0&quot;,&quot;shutter_speed&quot;:&quot;0&quot;,&quot;title&quot;:&quot;&quot;,&quot;orientation&quot;:&quot;0&quot;}\" data-image-title=\"2026-04-27a_01\" data-image-description=\"\" data-image-caption=\"\" data-large-file=\"https:\/\/www.comuna13online.com.ar\/wp-content\/uploads\/2026\/04\/2026-04-27a_01.jpg\" src=\"https:\/\/www.comuna13online.com.ar\/wp-content\/uploads\/2026\/04\/2026-04-27a_01.jpg\" alt=\"\" class=\"wp-image-21164\"\/><\/figure>\n\n\n\n<div style=\"height:20px\" aria-hidden=\"true\" class=\"wp-block-spacer\"><\/div>\n\n\n\n<figure class=\"wp-block-image size-full\"><img loading=\"lazy\" decoding=\"async\" width=\"678\" height=\"201\" data-attachment-id=\"14149\" data-permalink=\"https:\/\/www.comuna13online.com.ar\/?attachment_id=14149\" data-orig-file=\"https:\/\/www.comuna13online.com.ar\/wp-content\/uploads\/2021\/09\/210921b-02.jpg\" data-orig-size=\"678,201\" data-comments-opened=\"0\" data-image-meta=\"{&quot;aperture&quot;:&quot;0&quot;,&quot;credit&quot;:&quot;&quot;,&quot;camera&quot;:&quot;&quot;,&quot;caption&quot;:&quot;&quot;,&quot;created_timestamp&quot;:&quot;0&quot;,&quot;copyright&quot;:&quot;&quot;,&quot;focal_length&quot;:&quot;0&quot;,&quot;iso&quot;:&quot;0&quot;,&quot;shutter_speed&quot;:&quot;0&quot;,&quot;title&quot;:&quot;&quot;,&quot;orientation&quot;:&quot;0&quot;}\" data-image-title=\"210921b-02\" data-image-description=\"&lt;p&gt;Museo Larreta&lt;\/p&gt;\n\" data-image-caption=\"&lt;p&gt;Museo Larreta&lt;\/p&gt;\n\" data-large-file=\"https:\/\/www.comuna13online.com.ar\/wp-content\/uploads\/2021\/09\/210921b-02.jpg\" src=\"http:\/\/www.comuna13online.com.ar\/wp-content\/uploads\/2021\/09\/210921b-02.jpg\" alt=\"Museo Larreta\" class=\"wp-image-14149\"\/><\/figure>\n\n\n\n<p><strong>\u00bfD\u00f3nde?<br><\/strong>Museo de Arte Espa\u00f1ol Enrique Larreta<br>Juramento 2291 | Belgrano.<\/p>\n\n\n\n<p><strong>\u00bfCu\u00e1ndo?<\/strong><br>Desde el jueves 30 de abril 17 horas.<\/p>\n\n\n\n<p><strong>Entrada<br><\/strong>P\u00fablico General: $10.000<br>Residentes Argentinos y\/o Extranjeros (con DNI): $2.000<br>Mi\u00e9rcoles gratis<\/p>\n\n\n\n<p>Jubilados, estudiantes universitarios presentando acreditaci\u00f3n, personas con discapacidad m\u00e1s un acompa\u00f1ante, menores de 12 a\u00f1os y grupos de estudiantes de colegios p\u00fablicos,&nbsp;<strong>sin cargo.<\/strong><\/p>\n\n\n\n<p> Adquir\u00ed tu entrada en el museo <a href=\"https:\/\/entradasba.buenosaires.gob.ar\/landing\/museo-larreta?idEspectaculoCartel=241&amp;cHashValidacion=cc088ed99240c7c337332e501f5974bdd0490ad3\" target=\"_blank\" rel=\"noreferrer noopener\">aqu\u00ed<\/a><\/p>\n\n\n\n<div style=\"height:20px\" aria-hidden=\"true\" class=\"wp-block-spacer\"><\/div>\n\n\n\n<p><iframe loading=\"lazy\" style=\"border: 0;\" src=\"https:\/\/www.google.com\/maps\/embed?pb=!1m18!1m12!1m3!1d3285.692963597937!2d-58.4578286850968!3d-34.56132856276278!2m3!1f0!2f0!3f0!3m2!1i1024!2i768!4f13.1!3m3!1m2!1s0x95bcb5d3a0a211b3%3A0xedd3483149685e17!2sMuseo+de+Arte+Espa%C3%B1ol+Enrique+Larreta!5e0!3m2!1ses!2sar!4v1515582783930\" width=\"678\" height=\"452\" frameborder=\"0\" allowfullscreen=\"allowfullscreen\"><span data-mce-type=\"bookmark\" style=\"display: inline-block; width: 0px; overflow: hidden; line-height: 0;\" class=\"mce_SELRES_start\">\ufeff<\/span><\/iframe><\/p>\n\n\n\n<p><strong>Transportes Cercanos:<\/strong><br>Colectivos:&nbsp;15, 29, 41, 42, 44, 57, 59, 60, 63, 65, 67, 68, 80, 107, 113, 114, 133, 152, 161, 168, 184 y 194.<br>Subte: Estaci\u00f3n Juramento de la L\u00ednea D<\/p>\n","protected":false},"excerpt":{"rendered":"<div class=\"mh-excerpt\">El Museo Larreta inaugura dos exposiciones que exploran el cruce entre tradici\u00f3n y contemporaneidad en di\u00e1logo con la colecci\u00f3n del museo. \u201cESTRADA. El color tejido\u201d e \u201cIntervenciones m\u00ednimas V\u201d. Jueves <a class=\"mh-excerpt-more\" href=\"https:\/\/www.comuna13online.com.ar\/?p=21162\" title=\"Tapices tejidos a mano e intervenciones en el patrimonio del Museo Larreta\">[&#8230;]<\/a><\/div>\n","protected":false},"author":1,"featured_media":21163,"comment_status":"closed","ping_status":"closed","sticky":false,"template":"","format":"standard","meta":{"_uag_custom_page_level_css":"","_jetpack_memberships_contains_paid_content":false,"footnotes":"","jetpack_publicize_message":"","jetpack_publicize_feature_enabled":true,"jetpack_social_post_already_shared":true,"jetpack_social_options":{"image_generator_settings":{"template":"highway","default_image_id":0,"font":"","enabled":false},"version":2}},"categories":[57],"tags":[19,60,250,296,77,71],"class_list":{"0":"post-21162","1":"post","2":"type-post","3":"status-publish","4":"format-standard","5":"has-post-thumbnail","7":"category-cultura","8":"tag-comuna-13","9":"tag-cultura","10":"tag-h2","11":"tag-h3","12":"tag-museo-larreta","13":"tag-tiempo-libre"},"jetpack_publicize_connections":[],"jetpack_featured_media_url":"https:\/\/www.comuna13online.com.ar\/wp-content\/uploads\/2026\/04\/2026-04-27a_id.jpg","uagb_featured_image_src":{"full":["https:\/\/www.comuna13online.com.ar\/wp-content\/uploads\/2026\/04\/2026-04-27a_id.jpg",678,381,false],"thumbnail":["https:\/\/www.comuna13online.com.ar\/wp-content\/uploads\/2026\/04\/2026-04-27a_id.jpg",128,72,false],"medium":["https:\/\/www.comuna13online.com.ar\/wp-content\/uploads\/2026\/04\/2026-04-27a_id.jpg",678,381,false],"medium_large":["https:\/\/www.comuna13online.com.ar\/wp-content\/uploads\/2026\/04\/2026-04-27a_id.jpg",678,381,false],"large":["https:\/\/www.comuna13online.com.ar\/wp-content\/uploads\/2026\/04\/2026-04-27a_id.jpg",678,381,false],"1536x1536":["https:\/\/www.comuna13online.com.ar\/wp-content\/uploads\/2026\/04\/2026-04-27a_id.jpg",678,381,false],"2048x2048":["https:\/\/www.comuna13online.com.ar\/wp-content\/uploads\/2026\/04\/2026-04-27a_id.jpg",678,381,false],"mh-magazine-slider":["https:\/\/www.comuna13online.com.ar\/wp-content\/uploads\/2026\/04\/2026-04-27a_id.jpg",678,381,false],"mh-magazine-content":["https:\/\/www.comuna13online.com.ar\/wp-content\/uploads\/2026\/04\/2026-04-27a_id.jpg",678,381,false],"mh-magazine-large":["https:\/\/www.comuna13online.com.ar\/wp-content\/uploads\/2026\/04\/2026-04-27a_id.jpg",678,381,false],"mh-magazine-medium":["https:\/\/www.comuna13online.com.ar\/wp-content\/uploads\/2026\/04\/2026-04-27a_id-326x245.jpg",326,245,true],"mh-magazine-small":["https:\/\/www.comuna13online.com.ar\/wp-content\/uploads\/2026\/04\/2026-04-27a_id-80x60.jpg",80,60,true],"sow-carousel-default":["https:\/\/www.comuna13online.com.ar\/wp-content\/uploads\/2026\/04\/2026-04-27a_id-272x182.jpg",272,182,true]},"uagb_author_info":{"display_name":"Comuna13","author_link":"https:\/\/www.comuna13online.com.ar\/?author=1"},"uagb_comment_info":0,"uagb_excerpt":"El Museo Larreta inaugura dos exposiciones que exploran el cruce entre tradici\u00f3n y contemporaneidad en di\u00e1logo con la colecci\u00f3n del museo. \u201cESTRADA. El color tejido\u201d e \u201cIntervenciones m\u00ednimas V\u201d. Jueves [...]","jetpack_sharing_enabled":true,"_links":{"self":[{"href":"https:\/\/www.comuna13online.com.ar\/index.php?rest_route=\/wp\/v2\/posts\/21162","targetHints":{"allow":["GET"]}}],"collection":[{"href":"https:\/\/www.comuna13online.com.ar\/index.php?rest_route=\/wp\/v2\/posts"}],"about":[{"href":"https:\/\/www.comuna13online.com.ar\/index.php?rest_route=\/wp\/v2\/types\/post"}],"author":[{"embeddable":true,"href":"https:\/\/www.comuna13online.com.ar\/index.php?rest_route=\/wp\/v2\/users\/1"}],"replies":[{"embeddable":true,"href":"https:\/\/www.comuna13online.com.ar\/index.php?rest_route=%2Fwp%2Fv2%2Fcomments&post=21162"}],"version-history":[{"count":1,"href":"https:\/\/www.comuna13online.com.ar\/index.php?rest_route=\/wp\/v2\/posts\/21162\/revisions"}],"predecessor-version":[{"id":21167,"href":"https:\/\/www.comuna13online.com.ar\/index.php?rest_route=\/wp\/v2\/posts\/21162\/revisions\/21167"}],"wp:featuredmedia":[{"embeddable":true,"href":"https:\/\/www.comuna13online.com.ar\/index.php?rest_route=\/wp\/v2\/media\/21163"}],"wp:attachment":[{"href":"https:\/\/www.comuna13online.com.ar\/index.php?rest_route=%2Fwp%2Fv2%2Fmedia&parent=21162"}],"wp:term":[{"taxonomy":"category","embeddable":true,"href":"https:\/\/www.comuna13online.com.ar\/index.php?rest_route=%2Fwp%2Fv2%2Fcategories&post=21162"},{"taxonomy":"post_tag","embeddable":true,"href":"https:\/\/www.comuna13online.com.ar\/index.php?rest_route=%2Fwp%2Fv2%2Ftags&post=21162"}],"curies":[{"name":"wp","href":"https:\/\/api.w.org\/{rel}","templated":true}]}}