{"id":21010,"date":"2026-03-11T19:25:09","date_gmt":"2026-03-11T22:25:09","guid":{"rendered":"https:\/\/www.comuna13online.com.ar\/?p=21010"},"modified":"2026-03-11T19:25:16","modified_gmt":"2026-03-11T22:25:16","slug":"el-museo-larreta-inaugura-el-azulejo-en-el-rio-de-la-plata-1949-2026","status":"publish","type":"post","link":"https:\/\/www.comuna13online.com.ar\/?p=21010","title":{"rendered":"El Museo Larreta inaugura El Azulejo en el R\u00edo de la Plata 1949-2026"},"content":{"rendered":"\n<p><strong>El Museo Larreta presenta una exposici\u00f3n de azulejos hist\u00f3ricos, manuscritos y colecciones \u00fanicas, abriendo un di\u00e1logo sobre la riqueza y vigencia de este arte en el R\u00edo de la Plata.<\/strong><\/p>\n\n\n\n<figure class=\"wp-block-image size-full\"><img loading=\"lazy\" decoding=\"async\" width=\"678\" height=\"381\" data-attachment-id=\"21011\" data-permalink=\"https:\/\/www.comuna13online.com.ar\/?attachment_id=21011\" data-orig-file=\"https:\/\/www.comuna13online.com.ar\/wp-content\/uploads\/2026\/03\/2026-03-11c_01.jpg\" data-orig-size=\"678,381\" data-comments-opened=\"0\" data-image-meta=\"{&quot;aperture&quot;:&quot;0&quot;,&quot;credit&quot;:&quot;&quot;,&quot;camera&quot;:&quot;&quot;,&quot;caption&quot;:&quot;&quot;,&quot;created_timestamp&quot;:&quot;0&quot;,&quot;copyright&quot;:&quot;&quot;,&quot;focal_length&quot;:&quot;0&quot;,&quot;iso&quot;:&quot;0&quot;,&quot;shutter_speed&quot;:&quot;0&quot;,&quot;title&quot;:&quot;&quot;,&quot;orientation&quot;:&quot;0&quot;}\" data-image-title=\"2026-03-11c_01\" data-image-description=\"\" data-image-caption=\"\" data-large-file=\"https:\/\/www.comuna13online.com.ar\/wp-content\/uploads\/2026\/03\/2026-03-11c_01.jpg\" src=\"https:\/\/www.comuna13online.com.ar\/wp-content\/uploads\/2026\/03\/2026-03-11c_01.jpg\" alt=\"\" class=\"wp-image-21011\"\/><\/figure>\n\n\n\n<div style=\"height:20px\" aria-hidden=\"true\" class=\"wp-block-spacer\"><\/div>\n\n\n\n<p>El Museo de Arte Espa\u00f1ol Enrique Larreta los invita a la inauguraci\u00f3n: \u201cEl Azulejo en el R\u00edo de la Plata 1949-2026\u201d, con la curadur\u00eda de Fernando Mart\u00ednez Nespral y Francisco Girelli. El jueves 12 de marzo a las 17:00 horas. Inauguraci\u00f3n con entrada gratuita.<\/p>\n\n\n\n<p>En 1949, a tres a\u00f1os de la creaci\u00f3n del Instituto de Arte Americano e Investigaciones Est\u00e9ticas por Mario J. Buschiazzo (IAA), el investigador Vicente Nadal Mora public\u00f3 en dicho Instituto, su libro El Azulejo en el R\u00edo de la Plata.<\/p>\n\n\n\n<p>La obra se transform\u00f3 con el tiempo en un texto de referencia y en uno de los primeros estudios acad\u00e9micos dedicados al tema, influyendo en investigaciones posteriores en distintos pa\u00edses de Am\u00e9rica.<\/p>\n\n\n\n<p>A 76 a\u00f1os de su publicaci\u00f3n, el inter\u00e9s por el azulejo contin\u00faa vigente en las l\u00edneas de investigaci\u00f3n del Instituto de Arte Americano e Investigaciones Est\u00e9ticas \u201cMario J. Buschiazzo\u201d (UBA-FADU), as\u00ed como en los estudios sobre cultura material desarrollados por el Centro de Arqueolog\u00eda Urbana (CAU-IAA)<\/p>\n\n\n\n<p>La muestra presenta una selecci\u00f3n de la colecci\u00f3n de azulejos del IAA y de colecciones particulares en di\u00e1logo con el patrimonio del Museo Larreta. Se trata de piezas producidas desde el siglo XVI hasta el XX. Se podr\u00e1n apreciar azulejos espa\u00f1oles y del tipo Pas de Calais de origen franc\u00e9s. Se exhibir\u00e1n adem\u00e1s, el manuscrito y dibujos originales de la publicaci\u00f3n de 1949 y libros referidos a esta tem\u00e1tica.<\/p>\n\n\n\n<div style=\"height:20px\" aria-hidden=\"true\" class=\"wp-block-spacer\"><\/div>\n<div align=\"center\">\n<blockquote class=\"twitter-tweet\"><p lang=\"es\" dir=\"ltr\">INAUGURACI\u00d3N \ud83d\ude0d<br><br>El Azulejo en el R\u00edo de la Plata 1949-2026<br><br>Curadur\u00eda: Fernando Mart\u00ednez Nespral y Francisco Girelli <br><br>El Museo inaugurar\u00e1 una nueva exhibici\u00f3n el pr\u00f3ximo jueves 12\/03 a las 17:00 h.<br><br>\u00a1Los esperamos! \u2728<br><br>\ud83d\udccc Inauguraci\u00f3n con entrada gratuita<br><br>\ud83d\udccdAv Juramento 2291 <a href=\"https:\/\/t.co\/IX9Lx2AM2N\">pic.twitter.com\/IX9Lx2AM2N<\/a><\/p>&mdash; Museo de Arte Espa\u00f1ol Enrique Larreta (@MuseoLarreta) <a href=\"https:\/\/twitter.com\/MuseoLarreta\/status\/2031801165470380234?ref_src=twsrc%5Etfw\">March 11, 2026<\/a><\/blockquote> <script async src=\"https:\/\/platform.twitter.com\/widgets.js\" charset=\"utf-8\"><\/script>\n<\/div\n<div style=\"height:20px\" aria-hidden=\"true\" class=\"wp-block-spacer\"><\/div>\n\n\n\n<div style=\"height:20px\" aria-hidden=\"true\" class=\"wp-block-spacer\"><\/div>\n\n\n\n<h4 class=\"wp-block-heading\">Curadur\u00eda: <strong>Fernando Mart\u00ednez Nespral y Francisco Girelli<\/strong><\/h4>\n\n\n\n<p>En el marco de la exhibici\u00f3n, el mi\u00e9rcoles 8 de abril, a las 17 hs se presentar\u00e1 una conferencia organizada por el Instituto de Arte Americano e Investigaciones Est\u00e9ticas \u00abMario J. Buschiazzo\u00bb (UBA, FADU), Instituto de Teor\u00eda e Historia del Arte \u201cJulio E. Payr\u00f3\u201d (FFyL, UBA) y Museo de Arte Espa\u00f1ol Enrique Larreta a cargo de Dr. Rafael L\u00f3pez Guzm\u00e1n (Universidad de Granada), Dr. Arq. Francisco Girelli (Universidad de Buenos Aires) y Dr. Arq. Fernando Mart\u00ednez Nespral (Universidad de Buenos Aires)<\/p>\n\n\n\n<div style=\"height:20px\" aria-hidden=\"true\" class=\"wp-block-spacer\"><\/div>\n\n\n\n<hr class=\"wp-block-separator has-css-opacity\"\/>\n\n\n\n<figure class=\"wp-block-image size-full\"><img loading=\"lazy\" decoding=\"async\" width=\"678\" height=\"201\" data-attachment-id=\"14149\" data-permalink=\"https:\/\/www.comuna13online.com.ar\/?attachment_id=14149\" data-orig-file=\"https:\/\/www.comuna13online.com.ar\/wp-content\/uploads\/2021\/09\/210921b-02.jpg\" data-orig-size=\"678,201\" data-comments-opened=\"0\" data-image-meta=\"{&quot;aperture&quot;:&quot;0&quot;,&quot;credit&quot;:&quot;&quot;,&quot;camera&quot;:&quot;&quot;,&quot;caption&quot;:&quot;&quot;,&quot;created_timestamp&quot;:&quot;0&quot;,&quot;copyright&quot;:&quot;&quot;,&quot;focal_length&quot;:&quot;0&quot;,&quot;iso&quot;:&quot;0&quot;,&quot;shutter_speed&quot;:&quot;0&quot;,&quot;title&quot;:&quot;&quot;,&quot;orientation&quot;:&quot;0&quot;}\" data-image-title=\"210921b-02\" data-image-description=\"&lt;p&gt;Museo Larreta&lt;\/p&gt;\n\" data-image-caption=\"&lt;p&gt;Museo Larreta&lt;\/p&gt;\n\" data-large-file=\"https:\/\/www.comuna13online.com.ar\/wp-content\/uploads\/2021\/09\/210921b-02.jpg\" src=\"http:\/\/www.comuna13online.com.ar\/wp-content\/uploads\/2021\/09\/210921b-02.jpg\" alt=\"Museo Larreta\" class=\"wp-image-14149\"\/><\/figure>\n\n\n\n<p><strong>\u00bfD\u00f3nde?<br><\/strong>Museo de Arte Espa\u00f1ol Enrique Larreta<br>Juramento 2291 | Belgrano.<\/p>\n\n\n\n<p><strong>\u00bfCu\u00e1ndo?<\/strong><br>Desde el jueves 12 de marzo 17 horas.<\/p>\n\n\n\n<p><strong>Entrada<br><\/strong>P\u00fablico General: $10.000<br>Residentes Argentinos y\/o Extranjeros (con DNI): $2.000<br>Mi\u00e9rcoles gratis<\/p>\n\n\n\n<p>Jubilados, estudiantes universitarios presentando acreditaci\u00f3n, personas con discapacidad m\u00e1s un acompa\u00f1ante, menores de 12 a\u00f1os y grupos de estudiantes de colegios p\u00fablicos,&nbsp;<strong>sin cargo.<\/strong><\/p>\n\n\n\n<p> Adquir\u00ed tu entrada en el museo <a href=\"https:\/\/entradasba.buenosaires.gob.ar\/landing\/museo-larreta?idEspectaculoCartel=241&amp;cHashValidacion=cc088ed99240c7c337332e501f5974bdd0490ad3\" target=\"_blank\" rel=\"noreferrer noopener\">aqu\u00ed<\/a><\/p>\n\n\n\n<div style=\"height:20px\" aria-hidden=\"true\" class=\"wp-block-spacer\"><\/div>\n\n\n\n<p><iframe loading=\"lazy\" style=\"border: 0;\" src=\"https:\/\/www.google.com\/maps\/embed?pb=!1m18!1m12!1m3!1d3285.692963597937!2d-58.4578286850968!3d-34.56132856276278!2m3!1f0!2f0!3f0!3m2!1i1024!2i768!4f13.1!3m3!1m2!1s0x95bcb5d3a0a211b3%3A0xedd3483149685e17!2sMuseo+de+Arte+Espa%C3%B1ol+Enrique+Larreta!5e0!3m2!1ses!2sar!4v1515582783930\" width=\"678\" height=\"452\" frameborder=\"0\" allowfullscreen=\"allowfullscreen\"><span data-mce-type=\"bookmark\" style=\"display: inline-block; width: 0px; overflow: hidden; line-height: 0;\" class=\"mce_SELRES_start\">\ufeff<\/span><\/iframe><\/p>\n\n\n\n<p><strong>Transportes Cercanos:<\/strong><br>Colectivos:&nbsp;15, 29, 41, 42, 44, 57, 59, 60, 63, 65, 67, 68, 80, 107, 113, 114, 133, 152, 161, 168, 184 y 194.<br>Subte: Estaci\u00f3n Juramento de la L\u00ednea D<\/p>\n","protected":false},"excerpt":{"rendered":"<div class=\"mh-excerpt\">El Museo Larreta presenta una exposici\u00f3n de azulejos hist\u00f3ricos, manuscritos y colecciones \u00fanicas, abriendo un di\u00e1logo sobre la riqueza y vigencia de este arte en el R\u00edo de la Plata. <a class=\"mh-excerpt-more\" href=\"https:\/\/www.comuna13online.com.ar\/?p=21010\" title=\"El Museo Larreta inaugura El Azulejo en el R\u00edo de la Plata 1949-2026\">[&#8230;]<\/a><\/div>\n","protected":false},"author":1,"featured_media":21013,"comment_status":"closed","ping_status":"closed","sticky":false,"template":"","format":"standard","meta":{"_uag_custom_page_level_css":"","_jetpack_memberships_contains_paid_content":false,"footnotes":"","jetpack_publicize_message":"","jetpack_publicize_feature_enabled":true,"jetpack_social_post_already_shared":true,"jetpack_social_options":{"image_generator_settings":{"template":"highway","default_image_id":0,"font":"","enabled":false},"version":2}},"categories":[57],"tags":[19,60,250,296,77,71],"class_list":{"0":"post-21010","1":"post","2":"type-post","3":"status-publish","4":"format-standard","5":"has-post-thumbnail","7":"category-cultura","8":"tag-comuna-13","9":"tag-cultura","10":"tag-h2","11":"tag-h3","12":"tag-museo-larreta","13":"tag-tiempo-libre"},"jetpack_publicize_connections":[],"jetpack_featured_media_url":"https:\/\/www.comuna13online.com.ar\/wp-content\/uploads\/2026\/03\/2026-03-11c_id.jpg","uagb_featured_image_src":{"full":["https:\/\/www.comuna13online.com.ar\/wp-content\/uploads\/2026\/03\/2026-03-11c_id.jpg",678,381,false],"thumbnail":["https:\/\/www.comuna13online.com.ar\/wp-content\/uploads\/2026\/03\/2026-03-11c_id.jpg",128,72,false],"medium":["https:\/\/www.comuna13online.com.ar\/wp-content\/uploads\/2026\/03\/2026-03-11c_id.jpg",678,381,false],"medium_large":["https:\/\/www.comuna13online.com.ar\/wp-content\/uploads\/2026\/03\/2026-03-11c_id.jpg",678,381,false],"large":["https:\/\/www.comuna13online.com.ar\/wp-content\/uploads\/2026\/03\/2026-03-11c_id.jpg",678,381,false],"1536x1536":["https:\/\/www.comuna13online.com.ar\/wp-content\/uploads\/2026\/03\/2026-03-11c_id.jpg",678,381,false],"2048x2048":["https:\/\/www.comuna13online.com.ar\/wp-content\/uploads\/2026\/03\/2026-03-11c_id.jpg",678,381,false],"mh-magazine-slider":["https:\/\/www.comuna13online.com.ar\/wp-content\/uploads\/2026\/03\/2026-03-11c_id.jpg",678,381,false],"mh-magazine-content":["https:\/\/www.comuna13online.com.ar\/wp-content\/uploads\/2026\/03\/2026-03-11c_id.jpg",678,381,false],"mh-magazine-large":["https:\/\/www.comuna13online.com.ar\/wp-content\/uploads\/2026\/03\/2026-03-11c_id.jpg",678,381,false],"mh-magazine-medium":["https:\/\/www.comuna13online.com.ar\/wp-content\/uploads\/2026\/03\/2026-03-11c_id-326x245.jpg",326,245,true],"mh-magazine-small":["https:\/\/www.comuna13online.com.ar\/wp-content\/uploads\/2026\/03\/2026-03-11c_id-80x60.jpg",80,60,true],"sow-carousel-default":["https:\/\/www.comuna13online.com.ar\/wp-content\/uploads\/2026\/03\/2026-03-11c_id-272x182.jpg",272,182,true]},"uagb_author_info":{"display_name":"Comuna13","author_link":"https:\/\/www.comuna13online.com.ar\/?author=1"},"uagb_comment_info":0,"uagb_excerpt":"El Museo Larreta presenta una exposici\u00f3n de azulejos hist\u00f3ricos, manuscritos y colecciones \u00fanicas, abriendo un di\u00e1logo sobre la riqueza y vigencia de este arte en el R\u00edo de la Plata. [...]","jetpack_sharing_enabled":true,"_links":{"self":[{"href":"https:\/\/www.comuna13online.com.ar\/index.php?rest_route=\/wp\/v2\/posts\/21010","targetHints":{"allow":["GET"]}}],"collection":[{"href":"https:\/\/www.comuna13online.com.ar\/index.php?rest_route=\/wp\/v2\/posts"}],"about":[{"href":"https:\/\/www.comuna13online.com.ar\/index.php?rest_route=\/wp\/v2\/types\/post"}],"author":[{"embeddable":true,"href":"https:\/\/www.comuna13online.com.ar\/index.php?rest_route=\/wp\/v2\/users\/1"}],"replies":[{"embeddable":true,"href":"https:\/\/www.comuna13online.com.ar\/index.php?rest_route=%2Fwp%2Fv2%2Fcomments&post=21010"}],"version-history":[{"count":0,"href":"https:\/\/www.comuna13online.com.ar\/index.php?rest_route=\/wp\/v2\/posts\/21010\/revisions"}],"wp:featuredmedia":[{"embeddable":true,"href":"https:\/\/www.comuna13online.com.ar\/index.php?rest_route=\/wp\/v2\/media\/21013"}],"wp:attachment":[{"href":"https:\/\/www.comuna13online.com.ar\/index.php?rest_route=%2Fwp%2Fv2%2Fmedia&parent=21010"}],"wp:term":[{"taxonomy":"category","embeddable":true,"href":"https:\/\/www.comuna13online.com.ar\/index.php?rest_route=%2Fwp%2Fv2%2Fcategories&post=21010"},{"taxonomy":"post_tag","embeddable":true,"href":"https:\/\/www.comuna13online.com.ar\/index.php?rest_route=%2Fwp%2Fv2%2Ftags&post=21010"}],"curies":[{"name":"wp","href":"https:\/\/api.w.org\/{rel}","templated":true}]}}