{"id":20999,"date":"2026-03-11T15:20:00","date_gmt":"2026-03-11T18:20:00","guid":{"rendered":"https:\/\/www.comuna13online.com.ar\/?p=20999"},"modified":"2026-03-11T15:20:20","modified_gmt":"2026-03-11T18:20:20","slug":"cambios-en-el-transito-por-las-obras-de-anillo-la-pampa","status":"publish","type":"post","link":"https:\/\/www.comuna13online.com.ar\/?p=20999","title":{"rendered":"Cambios en el tr\u00e1nsito por las obras de Anillo La Pampa"},"content":{"rendered":"\n<p><strong>Este fin de semana se habilit\u00f3 la salida de la Autopista Lugones hacia Av. Udaondo, y el mi\u00e9rcoles 11 se cerrar\u00e1 La Pampa entre Av. Lugones y Av. Figueroa Alcorta.<\/strong><\/p>\n\n\n\n<figure class=\"wp-block-image size-full\"><img loading=\"lazy\" decoding=\"async\" width=\"678\" height=\"381\" data-attachment-id=\"21002\" data-permalink=\"https:\/\/www.comuna13online.com.ar\/?attachment_id=21002\" data-orig-file=\"https:\/\/www.comuna13online.com.ar\/wp-content\/uploads\/2026\/03\/2026-03-11a_02.jpg\" data-orig-size=\"678,381\" data-comments-opened=\"0\" data-image-meta=\"{&quot;aperture&quot;:&quot;0&quot;,&quot;credit&quot;:&quot;&quot;,&quot;camera&quot;:&quot;&quot;,&quot;caption&quot;:&quot;&quot;,&quot;created_timestamp&quot;:&quot;0&quot;,&quot;copyright&quot;:&quot;&quot;,&quot;focal_length&quot;:&quot;0&quot;,&quot;iso&quot;:&quot;0&quot;,&quot;shutter_speed&quot;:&quot;0&quot;,&quot;title&quot;:&quot;&quot;,&quot;orientation&quot;:&quot;0&quot;}\" data-image-title=\"2026-03-11a_02\" data-image-description=\"\" data-image-caption=\"\" data-large-file=\"https:\/\/www.comuna13online.com.ar\/wp-content\/uploads\/2026\/03\/2026-03-11a_02.jpg\" src=\"https:\/\/www.comuna13online.com.ar\/wp-content\/uploads\/2026\/03\/2026-03-11a_02.jpg\" alt=\"\" class=\"wp-image-21002\"\/><\/figure>\n\n\n\n<div style=\"height:15px\" aria-hidden=\"true\" class=\"wp-block-spacer\"><\/div>\n\n\n\n<p>El Gobierno de la Ciudad comenz\u00f3 el mi\u00e9rcoles 11 de marzo las obras de Anillo La Pampa, un nuevo Paso Bajo Nivel y un puente peatonal circular que transformar\u00e1 la conectividad en el barrio de Belgrano que ofrecer\u00e1 una vista \u00fanica de la zona costera porte\u00f1a.<\/p>\n\n\n\n<p>El proyecto contempla la construcci\u00f3n de un Paso Bajo Nivel doble mano para veh\u00edculos y un puente en forma de corona para peatones y ciclistas, con un di\u00e1metro de 140 metros y un mirador panor\u00e1mico desde donde se podr\u00e1 apreciar el r\u00edo y el movimiento a\u00e9reo del Aeroparque Jorge Newbery. En total, se intervendr\u00e1n 10 mil m2 con una inversi\u00f3n estimada en m\u00e1s de 50 mil millones de pesos.<\/p>\n\n\n\n<div style=\"height:20px\" aria-hidden=\"true\" class=\"wp-block-spacer\"><\/div>\n\n\n\n<h4 class=\"wp-block-heading\">\ud83d\udea7 \u00a0\u00a0Cortes de tr\u00e1nsito\u00a0 \u00a0\ud83d\udea7<\/h4>\n\n\n\n<p>Este fin de semana se habilit\u00f3 nuevamente la salida de la Autopista Lugones hacia Av. Udaondo, que permanec\u00eda cerrada al tr\u00e1nsito desde enero por las obras de ampliaci\u00f3n del Puente Labruna.<\/p>\n\n\n\n<div style=\"height:15px\" aria-hidden=\"true\" class=\"wp-block-spacer\"><\/div>\n\n\n\n<figure class=\"wp-block-image size-full\"><img loading=\"lazy\" decoding=\"async\" width=\"678\" height=\"609\" data-attachment-id=\"21000\" data-permalink=\"https:\/\/www.comuna13online.com.ar\/?attachment_id=21000\" data-orig-file=\"https:\/\/www.comuna13online.com.ar\/wp-content\/uploads\/2026\/03\/2026-03-11a_01.jpg\" data-orig-size=\"678,609\" data-comments-opened=\"0\" data-image-meta=\"{&quot;aperture&quot;:&quot;0&quot;,&quot;credit&quot;:&quot;&quot;,&quot;camera&quot;:&quot;&quot;,&quot;caption&quot;:&quot;&quot;,&quot;created_timestamp&quot;:&quot;0&quot;,&quot;copyright&quot;:&quot;&quot;,&quot;focal_length&quot;:&quot;0&quot;,&quot;iso&quot;:&quot;0&quot;,&quot;shutter_speed&quot;:&quot;0&quot;,&quot;title&quot;:&quot;&quot;,&quot;orientation&quot;:&quot;0&quot;}\" data-image-title=\"2026-03-11a_01\" data-image-description=\"\" data-image-caption=\"\" data-large-file=\"https:\/\/www.comuna13online.com.ar\/wp-content\/uploads\/2026\/03\/2026-03-11a_01.jpg\" src=\"https:\/\/www.comuna13online.com.ar\/wp-content\/uploads\/2026\/03\/2026-03-11a_01.jpg\" alt=\"\" class=\"wp-image-21000\"\/><\/figure>\n\n\n\n<div style=\"height:15px\" aria-hidden=\"true\" class=\"wp-block-spacer\"><\/div>\n\n\n\n<p>\ud83d\udea8\u00a0\u00a0A partir del mi\u00e9rcoles 11\/03 se cerrar\u00e1 la calle La Pampa entre Av. Lugones y Av. Figueroa Alcorta, que afectar\u00e1 el recorrido habitual de las l\u00edneas de colectivo 130 y 28, las cuales deber\u00e1n realizar desv\u00edos preventivos durante la ejecuci\u00f3n de las tareas.<\/p>\n\n\n\n<p>\ud83d\ude97\u00a0 Como alternativas, los veh\u00edculos pueden utilizar las rampas ubicadas antes, en Av. Udaondo o continuar por Lugones hasta la salida de Av. de los Omb\u00faes.<\/p>\n\n\n\n<div style=\"height:20px\" aria-hidden=\"true\" class=\"wp-block-spacer\"><\/div>\n\n\n\n<div align=\"center\">\n<blockquote class=\"twitter-tweet\"><p lang=\"es\" dir=\"ltr\">MEGA OBRA: CONECTAMOS LA CIUDAD CON EL R\u00cdO Y AEROPARQUE<br><br>En La Pampa y Lugones estamos avanzando con una de las obras m\u00e1s importantes de infraestructura urbana: un t\u00fanel vehicular que conectar\u00e1 Belgrano, los Lagos de Palermo, Aeroparque y el r\u00edo. <br><br>La estructura naranja que ves\u2026 <a href=\"https:\/\/t.co\/1yATX6EqCW\">pic.twitter.com\/1yATX6EqCW<\/a><\/p>&mdash; Jorge Macri (@jorgemacri) <a href=\"https:\/\/twitter.com\/jorgemacri\/status\/1903064939822014928?ref_src=twsrc%5Etfw\">March 21, 2025<\/a><\/blockquote> <script async src=\"https:\/\/platform.twitter.com\/widgets.js\" charset=\"utf-8\"><\/script>\n<\/div>\n\n\n\n<div style=\"height:20px\" aria-hidden=\"true\" class=\"wp-block-spacer\"><\/div>\n\n\n\n<p>Con esta obra se busca reducir los tiempos de viaje y mejorar la seguridad de los conductores en los cruces ferroviarios.  Conecta puntos clave como Ciudad Universitaria, el Parque de la Innovaci\u00f3n y una conexi\u00f3n real y moderna con el R\u00edo de la Plata.<\/p>\n","protected":false},"excerpt":{"rendered":"<div class=\"mh-excerpt\">Este fin de semana se habilit\u00f3 la salida de la Autopista Lugones hacia Av. Udaondo, y el mi\u00e9rcoles 11 se cerrar\u00e1 La Pampa entre Av. Lugones y Av. Figueroa Alcorta. <a class=\"mh-excerpt-more\" href=\"https:\/\/www.comuna13online.com.ar\/?p=20999\" title=\"Cambios en el tr\u00e1nsito por las obras de Anillo La Pampa\">[&#8230;]<\/a><\/div>\n","protected":false},"author":1,"featured_media":21004,"comment_status":"closed","ping_status":"closed","sticky":false,"template":"","format":"standard","meta":{"_uag_custom_page_level_css":"","_jetpack_memberships_contains_paid_content":false,"footnotes":"","jetpack_publicize_message":"","jetpack_publicize_feature_enabled":true,"jetpack_social_post_already_shared":true,"jetpack_social_options":{"image_generator_settings":{"template":"highway","default_image_id":0,"font":"","enabled":false},"version":2}},"categories":[53],"tags":[19,250,296,54],"class_list":{"0":"post-20999","1":"post","2":"type-post","3":"status-publish","4":"format-standard","5":"has-post-thumbnail","7":"category-transito","8":"tag-comuna-13","9":"tag-h2","10":"tag-h3","11":"tag-transito"},"jetpack_publicize_connections":[],"jetpack_featured_media_url":"https:\/\/www.comuna13online.com.ar\/wp-content\/uploads\/2026\/03\/2026-03-11b_id.jpg","uagb_featured_image_src":{"full":["https:\/\/www.comuna13online.com.ar\/wp-content\/uploads\/2026\/03\/2026-03-11b_id.jpg",678,381,false],"thumbnail":["https:\/\/www.comuna13online.com.ar\/wp-content\/uploads\/2026\/03\/2026-03-11b_id.jpg",128,72,false],"medium":["https:\/\/www.comuna13online.com.ar\/wp-content\/uploads\/2026\/03\/2026-03-11b_id.jpg",678,381,false],"medium_large":["https:\/\/www.comuna13online.com.ar\/wp-content\/uploads\/2026\/03\/2026-03-11b_id.jpg",678,381,false],"large":["https:\/\/www.comuna13online.com.ar\/wp-content\/uploads\/2026\/03\/2026-03-11b_id.jpg",678,381,false],"1536x1536":["https:\/\/www.comuna13online.com.ar\/wp-content\/uploads\/2026\/03\/2026-03-11b_id.jpg",678,381,false],"2048x2048":["https:\/\/www.comuna13online.com.ar\/wp-content\/uploads\/2026\/03\/2026-03-11b_id.jpg",678,381,false],"mh-magazine-slider":["https:\/\/www.comuna13online.com.ar\/wp-content\/uploads\/2026\/03\/2026-03-11b_id.jpg",678,381,false],"mh-magazine-content":["https:\/\/www.comuna13online.com.ar\/wp-content\/uploads\/2026\/03\/2026-03-11b_id.jpg",678,381,false],"mh-magazine-large":["https:\/\/www.comuna13online.com.ar\/wp-content\/uploads\/2026\/03\/2026-03-11b_id.jpg",678,381,false],"mh-magazine-medium":["https:\/\/www.comuna13online.com.ar\/wp-content\/uploads\/2026\/03\/2026-03-11b_id-326x245.jpg",326,245,true],"mh-magazine-small":["https:\/\/www.comuna13online.com.ar\/wp-content\/uploads\/2026\/03\/2026-03-11b_id-80x60.jpg",80,60,true],"sow-carousel-default":["https:\/\/www.comuna13online.com.ar\/wp-content\/uploads\/2026\/03\/2026-03-11b_id-272x182.jpg",272,182,true]},"uagb_author_info":{"display_name":"Comuna13","author_link":"https:\/\/www.comuna13online.com.ar\/?author=1"},"uagb_comment_info":0,"uagb_excerpt":"Este fin de semana se habilit\u00f3 la salida de la Autopista Lugones hacia Av. Udaondo, y el mi\u00e9rcoles 11 se cerrar\u00e1 La Pampa entre Av. Lugones y Av. Figueroa Alcorta. [...]","jetpack_sharing_enabled":true,"_links":{"self":[{"href":"https:\/\/www.comuna13online.com.ar\/index.php?rest_route=\/wp\/v2\/posts\/20999","targetHints":{"allow":["GET"]}}],"collection":[{"href":"https:\/\/www.comuna13online.com.ar\/index.php?rest_route=\/wp\/v2\/posts"}],"about":[{"href":"https:\/\/www.comuna13online.com.ar\/index.php?rest_route=\/wp\/v2\/types\/post"}],"author":[{"embeddable":true,"href":"https:\/\/www.comuna13online.com.ar\/index.php?rest_route=\/wp\/v2\/users\/1"}],"replies":[{"embeddable":true,"href":"https:\/\/www.comuna13online.com.ar\/index.php?rest_route=%2Fwp%2Fv2%2Fcomments&post=20999"}],"version-history":[{"count":0,"href":"https:\/\/www.comuna13online.com.ar\/index.php?rest_route=\/wp\/v2\/posts\/20999\/revisions"}],"wp:featuredmedia":[{"embeddable":true,"href":"https:\/\/www.comuna13online.com.ar\/index.php?rest_route=\/wp\/v2\/media\/21004"}],"wp:attachment":[{"href":"https:\/\/www.comuna13online.com.ar\/index.php?rest_route=%2Fwp%2Fv2%2Fmedia&parent=20999"}],"wp:term":[{"taxonomy":"category","embeddable":true,"href":"https:\/\/www.comuna13online.com.ar\/index.php?rest_route=%2Fwp%2Fv2%2Fcategories&post=20999"},{"taxonomy":"post_tag","embeddable":true,"href":"https:\/\/www.comuna13online.com.ar\/index.php?rest_route=%2Fwp%2Fv2%2Ftags&post=20999"}],"curies":[{"name":"wp","href":"https:\/\/api.w.org\/{rel}","templated":true}]}}