{"id":20993,"date":"2026-03-09T20:06:34","date_gmt":"2026-03-09T23:06:34","guid":{"rendered":"https:\/\/www.comuna13online.com.ar\/?p=20993"},"modified":"2026-03-09T20:07:26","modified_gmt":"2026-03-09T23:07:26","slug":"la-ciudad-inicio-la-campana-de-vacunacion-contra-la-gripe","status":"publish","type":"post","link":"https:\/\/www.comuna13online.com.ar\/?p=20993","title":{"rendered":"La Ciudad inici\u00f3 la Campa\u00f1a de Vacunaci\u00f3n contra la Gripe"},"content":{"rendered":"\n<p><strong>Esta primera etapa la vacunaci\u00f3n est\u00e1 dirigida a personas mayores de 65 a\u00f1os, que ya pueden sacar turno. El lunes 16 se habilitar\u00e1n para el resto de los grupos priorizados.<\/strong><\/p>\n\n\n\n<figure class=\"wp-block-image size-full\"><img loading=\"lazy\" decoding=\"async\" width=\"678\" height=\"381\" data-attachment-id=\"20995\" data-permalink=\"https:\/\/www.comuna13online.com.ar\/?attachment_id=20995\" data-orig-file=\"https:\/\/www.comuna13online.com.ar\/wp-content\/uploads\/2026\/03\/2026-03-09b_01.jpg\" data-orig-size=\"678,381\" data-comments-opened=\"0\" data-image-meta=\"{&quot;aperture&quot;:&quot;0&quot;,&quot;credit&quot;:&quot;&quot;,&quot;camera&quot;:&quot;&quot;,&quot;caption&quot;:&quot;&quot;,&quot;created_timestamp&quot;:&quot;0&quot;,&quot;copyright&quot;:&quot;&quot;,&quot;focal_length&quot;:&quot;0&quot;,&quot;iso&quot;:&quot;0&quot;,&quot;shutter_speed&quot;:&quot;0&quot;,&quot;title&quot;:&quot;&quot;,&quot;orientation&quot;:&quot;0&quot;}\" data-image-title=\"2026-03-09b_01\" data-image-description=\"\" data-image-caption=\"\" data-large-file=\"https:\/\/www.comuna13online.com.ar\/wp-content\/uploads\/2026\/03\/2026-03-09b_01.jpg\" src=\"https:\/\/www.comuna13online.com.ar\/wp-content\/uploads\/2026\/03\/2026-03-09b_01.jpg\" alt=\"\" class=\"wp-image-20995\"\/><\/figure>\n\n\n\n<div style=\"height:20px\" aria-hidden=\"true\" class=\"wp-block-spacer\"><\/div>\n\n\n\n<p>El Ministro de Salud de la Ciudad, Fern\u00e1n Quir\u00f3z, anunci\u00f3 este lunes el inicio de la Campa\u00f1a de Vacunaci\u00f3n Antigripal 2026, de esta manera, el gobierno porte\u00f1o busca de reducir las complicaciones, hospitalizaciones, secuelas y muertes causadas por el virus de la influenza, especialmente en los grupos con mayor riesgo.<\/p>\n\n\n\n<p>Con la primera partida de vacunas provista por el Gobierno nacional, se decidi\u00f3 en primera instancia vacunar a personas mayores de 65 a\u00f1os que ya pueden solicitar turno a trav\u00e9s de BOTI (11-5050-0147) o desde la p\u00e1gina web oficial del Ministerio de Salud de la Ciudad:\u00a0<a href=\"https:\/\/buenosaires.gob.ar\/gcaba_historico\/campana-de-vacunacion-contra-la-gripe\" target=\"_blank\" rel=\"noreferrer noopener\">buenosaires.gob.ar\/gripe<\/a>\u00a0.<\/p>\n\n\n\n<p>A partir del lunes 16 de marzo podr\u00e1n sacar turno Embarazadas, pu\u00e9rperas hasta 10 d\u00edas posparto, Personas y ni\u00f1os mayores de 2 a\u00f1os con factores de riesgo y ni\u00f1as y ni\u00f1os de 6 a 24 meses.<\/p>\n\n\n\n<p>La vacuna se aplica en los vacunatorios de Hospitales y CeSACs de la Ciudad.<\/p>\n\n\n\n<div style=\"height:20px\" aria-hidden=\"true\" class=\"wp-block-spacer\"><\/div>\n\n\n\n<div align=\"center\">\n<blockquote class=\"twitter-tweet\"><p lang=\"es\" dir=\"ltr\">Comenz\u00f3 la vacunaci\u00f3n antigripal 2026 en la Ciudad<br><br>Con la primera partida de vacunas recibida del Gobierno nacional, ya pueden sacar turno las personas mayores de 65 a\u00f1os. <a href=\"https:\/\/t.co\/0GsxF9cxZn\">pic.twitter.com\/0GsxF9cxZn<\/a><\/p>&mdash; Fern\u00e1n Quir\u00f3s (@FernanQuirosBA) <a href=\"https:\/\/twitter.com\/FernanQuirosBA\/status\/2031100621223235989?ref_src=twsrc%5Etfw\">March 9, 2026<\/a><\/blockquote> <script async src=\"https:\/\/platform.twitter.com\/widgets.js\" charset=\"utf-8\"><\/script>\n<\/div>\n\n\n\n<div style=\"height:20px\" aria-hidden=\"true\" class=\"wp-block-spacer\"><\/div>\n\n\n\n<h4 class=\"wp-block-heading\">\u00bfCu\u00e1les son los factores de riesgo?<\/h4>\n\n\n\n<p>Para vacunarse hay que presentar un certificado que acredite la existencia de la condici\u00f3n de riesgo.<\/p>\n\n\n\n<ul class=\"wp-block-list\">\n<li><strong>Enfermedades respiratorias cr\u00f3nicas<\/strong><\/li>\n\n\n\n<li><strong>Enfermedades card\u00edacas:<\/strong>\u00a0insuficiencia card\u00edaca, enfermedad coronaria, reemplazo valvular, valvulopat\u00edas, cardiopat\u00edas cong\u00e9nitas<\/li>\n\n\n\n<li><strong>Enfermedades renales:<\/strong>\u00a0personas en di\u00e1lisis o con expectativas de ingresar a di\u00e1lisis en los siguientes seis meses<\/li>\n\n\n\n<li><strong>Obesidad<\/strong>\u00a0(\u00edndice de masa corporal mayor a 40 kg\/m2)<\/li>\n\n\n\n<li><strong>Diabetes<\/strong><\/li>\n\n\n\n<li><strong>Infecci\u00f3n por VIH\/SIDA<\/strong><\/li>\n\n\n\n<li><strong>Inmunodeficiencias cong\u00e9nitas o adquiridas<\/strong>\u00a0(no oncohematol\u00f3gica)<\/li>\n\n\n\n<li><strong>Utilizaci\u00f3n de medicaci\u00f3n inmunosupresora o corticoides<\/strong>\u00a0en altas dosis (mayor a 2 mg\/kg\/d\u00eda de metilprednisona o m\u00e1s de 20 mg\/d\u00eda o su equivalente por m\u00e1s de 14 d\u00edas)<\/li>\n\n\n\n<li><strong>Pacientes oncol\u00f3gicos, trasplantados y sus convivientes<\/strong><\/li>\n\n\n\n<li><strong>Retraso madurativo grave<\/strong>\u00a0en menores de 18 a\u00f1os<\/li>\n\n\n\n<li><strong>Personas con s\u00edndromes gen\u00e9ticos, enfermedades neuromusculares con compromiso respiratorio y malformaciones cong\u00e9nitas graves<\/strong><\/li>\n\n\n\n<li><strong>Asplenia<\/strong>\u00a0(personas sin bazo)<\/li>\n\n\n\n<li><strong>Tratamiento cr\u00f3nico con aspirina<\/strong>\u00a0en menores de 18 a\u00f1os<\/li>\n\n\n\n<li>Convivientes de ni\u00f1os\/as prematuros\/as con un peso menor a 1.500 gramos.<\/li>\n\n\n\n<li><strong>Registro de vacunaci\u00f3n domiciliaria para personas con limitaciones severas de movilidad<\/strong>. Si vos o alguien de tu familia tienen limitaciones de movilidad severas para dirigirse a los centros de vacunaci\u00f3n, pueden recibir la vacuna en su domicilio llamando al 147. Se realizar\u00e1 una<br>evaluaci\u00f3n de la solicitud a cargo de un equipo especializado.<\/li>\n<\/ul>\n\n\n\n<h4 class=\"wp-block-heading\">\u00bfQu\u00e9 hay que llevar para la vacunaci\u00f3n?<\/h4>\n\n\n\n<ul class=\"wp-block-list\">\n<li>DNI<\/li>\n\n\n\n<li>Presentar la libreta sanitaria o de vacunaci\u00f3n en caso de contar con la misma.<\/li>\n\n\n\n<li>Documentaci\u00f3n que certifique la existencia de enfermedades pre-existentes en el caso de personas que presenten factores de riesgo.<\/li>\n<\/ul>\n\n\n\n<p id=\"textoAlerta-2\"><\/p>\n\n\n\n<p><\/p>\n\n\n\n<p><\/p>\n","protected":false},"excerpt":{"rendered":"<div class=\"mh-excerpt\">Esta primera etapa la vacunaci\u00f3n est\u00e1 dirigida a personas mayores de 65 a\u00f1os, que ya pueden sacar turno. El lunes 16 se habilitar\u00e1n para el resto de los grupos priorizados. <a class=\"mh-excerpt-more\" href=\"https:\/\/www.comuna13online.com.ar\/?p=20993\" title=\"La Ciudad inici\u00f3 la Campa\u00f1a de Vacunaci\u00f3n contra la Gripe\">[&#8230;]<\/a><\/div>\n","protected":false},"author":1,"featured_media":20994,"comment_status":"closed","ping_status":"closed","sticky":false,"template":"","format":"standard","meta":{"_uag_custom_page_level_css":"","_jetpack_memberships_contains_paid_content":false,"footnotes":"","jetpack_publicize_message":"","jetpack_publicize_feature_enabled":true,"jetpack_social_post_already_shared":true,"jetpack_social_options":{"image_generator_settings":{"template":"highway","default_image_id":0,"font":"","enabled":false},"version":2}},"categories":[44],"tags":[250,296,45,118,78],"class_list":{"0":"post-20993","1":"post","2":"type-post","3":"status-publish","4":"format-standard","5":"has-post-thumbnail","7":"category-salud","8":"tag-h2","9":"tag-h3","10":"tag-salud","11":"tag-vacunacion","12":"tag-vacunas"},"jetpack_publicize_connections":[],"jetpack_featured_media_url":"https:\/\/www.comuna13online.com.ar\/wp-content\/uploads\/2026\/03\/2026-03-09b_id.jpg","uagb_featured_image_src":{"full":["https:\/\/www.comuna13online.com.ar\/wp-content\/uploads\/2026\/03\/2026-03-09b_id.jpg",678,381,false],"thumbnail":["https:\/\/www.comuna13online.com.ar\/wp-content\/uploads\/2026\/03\/2026-03-09b_id.jpg",128,72,false],"medium":["https:\/\/www.comuna13online.com.ar\/wp-content\/uploads\/2026\/03\/2026-03-09b_id.jpg",678,381,false],"medium_large":["https:\/\/www.comuna13online.com.ar\/wp-content\/uploads\/2026\/03\/2026-03-09b_id.jpg",678,381,false],"large":["https:\/\/www.comuna13online.com.ar\/wp-content\/uploads\/2026\/03\/2026-03-09b_id.jpg",678,381,false],"1536x1536":["https:\/\/www.comuna13online.com.ar\/wp-content\/uploads\/2026\/03\/2026-03-09b_id.jpg",678,381,false],"2048x2048":["https:\/\/www.comuna13online.com.ar\/wp-content\/uploads\/2026\/03\/2026-03-09b_id.jpg",678,381,false],"mh-magazine-slider":["https:\/\/www.comuna13online.com.ar\/wp-content\/uploads\/2026\/03\/2026-03-09b_id.jpg",678,381,false],"mh-magazine-content":["https:\/\/www.comuna13online.com.ar\/wp-content\/uploads\/2026\/03\/2026-03-09b_id.jpg",678,381,false],"mh-magazine-large":["https:\/\/www.comuna13online.com.ar\/wp-content\/uploads\/2026\/03\/2026-03-09b_id.jpg",678,381,false],"mh-magazine-medium":["https:\/\/www.comuna13online.com.ar\/wp-content\/uploads\/2026\/03\/2026-03-09b_id-326x245.jpg",326,245,true],"mh-magazine-small":["https:\/\/www.comuna13online.com.ar\/wp-content\/uploads\/2026\/03\/2026-03-09b_id-80x60.jpg",80,60,true],"sow-carousel-default":["https:\/\/www.comuna13online.com.ar\/wp-content\/uploads\/2026\/03\/2026-03-09b_id-272x182.jpg",272,182,true]},"uagb_author_info":{"display_name":"Comuna13","author_link":"https:\/\/www.comuna13online.com.ar\/?author=1"},"uagb_comment_info":0,"uagb_excerpt":"Esta primera etapa la vacunaci\u00f3n est\u00e1 dirigida a personas mayores de 65 a\u00f1os, que ya pueden sacar turno. El lunes 16 se habilitar\u00e1n para el resto de los grupos priorizados. [...]","jetpack_sharing_enabled":true,"_links":{"self":[{"href":"https:\/\/www.comuna13online.com.ar\/index.php?rest_route=\/wp\/v2\/posts\/20993","targetHints":{"allow":["GET"]}}],"collection":[{"href":"https:\/\/www.comuna13online.com.ar\/index.php?rest_route=\/wp\/v2\/posts"}],"about":[{"href":"https:\/\/www.comuna13online.com.ar\/index.php?rest_route=\/wp\/v2\/types\/post"}],"author":[{"embeddable":true,"href":"https:\/\/www.comuna13online.com.ar\/index.php?rest_route=\/wp\/v2\/users\/1"}],"replies":[{"embeddable":true,"href":"https:\/\/www.comuna13online.com.ar\/index.php?rest_route=%2Fwp%2Fv2%2Fcomments&post=20993"}],"version-history":[{"count":0,"href":"https:\/\/www.comuna13online.com.ar\/index.php?rest_route=\/wp\/v2\/posts\/20993\/revisions"}],"wp:featuredmedia":[{"embeddable":true,"href":"https:\/\/www.comuna13online.com.ar\/index.php?rest_route=\/wp\/v2\/media\/20994"}],"wp:attachment":[{"href":"https:\/\/www.comuna13online.com.ar\/index.php?rest_route=%2Fwp%2Fv2%2Fmedia&parent=20993"}],"wp:term":[{"taxonomy":"category","embeddable":true,"href":"https:\/\/www.comuna13online.com.ar\/index.php?rest_route=%2Fwp%2Fv2%2Fcategories&post=20993"},{"taxonomy":"post_tag","embeddable":true,"href":"https:\/\/www.comuna13online.com.ar\/index.php?rest_route=%2Fwp%2Fv2%2Ftags&post=20993"}],"curies":[{"name":"wp","href":"https:\/\/api.w.org\/{rel}","templated":true}]}}