{"id":20985,"date":"2026-03-09T19:18:30","date_gmt":"2026-03-09T22:18:30","guid":{"rendered":"https:\/\/www.comuna13online.com.ar\/?p=20985"},"modified":"2026-03-18T20:07:18","modified_gmt":"2026-03-18T23:07:18","slug":"la-inflacion-de-la-ciudad-disminuyo-a-26-en-febrero","status":"publish","type":"post","link":"https:\/\/www.comuna13online.com.ar\/?p=20985","title":{"rendered":"La inflaci\u00f3n de la Ciudad disminuy\u00f3 a 2,6% en febrero"},"content":{"rendered":"\n<p><strong>La Direcci\u00f3n General de Estad\u00edsticas y Censos porte\u00f1a inform\u00f3 un incremento del 2,6% promedio de los precios en la Ciudad durante febrero, y acumula 32,4% en los \u00faltimos 12 meses.<\/strong><\/p>\n\n\n\n<figure class=\"wp-block-image size-full\"><img loading=\"lazy\" decoding=\"async\" width=\"678\" height=\"284\" data-attachment-id=\"20987\" data-permalink=\"https:\/\/www.comuna13online.com.ar\/?attachment_id=20987\" data-orig-file=\"https:\/\/www.comuna13online.com.ar\/wp-content\/uploads\/2026\/03\/inflacion01.gif\" data-orig-size=\"678,284\" data-comments-opened=\"0\" data-image-meta=\"{&quot;aperture&quot;:&quot;0&quot;,&quot;credit&quot;:&quot;&quot;,&quot;camera&quot;:&quot;&quot;,&quot;caption&quot;:&quot;&quot;,&quot;created_timestamp&quot;:&quot;0&quot;,&quot;copyright&quot;:&quot;&quot;,&quot;focal_length&quot;:&quot;0&quot;,&quot;iso&quot;:&quot;0&quot;,&quot;shutter_speed&quot;:&quot;0&quot;,&quot;title&quot;:&quot;&quot;,&quot;orientation&quot;:&quot;0&quot;}\" data-image-title=\"_inflacion01\" data-image-description=\"\" data-image-caption=\"\" data-large-file=\"https:\/\/www.comuna13online.com.ar\/wp-content\/uploads\/2026\/03\/inflacion01.gif\" src=\"https:\/\/www.comuna13online.com.ar\/wp-content\/uploads\/2026\/03\/inflacion01.gif\" alt=\"\" class=\"wp-image-20987\"\/><\/figure>\n\n\n\n<div style=\"height:20px\" aria-hidden=\"true\" class=\"wp-block-spacer\"><\/div>\n\n\n\n<p>Durante febrero, la inflaci\u00f3n en la Ciudad registr\u00f3 una desaceleraci\u00f3n hasta 2,6% y cort\u00f3 una racha de 5 meses de subas consecutivas, este valor representa un descenso de 0,5% respecto a enero, acumulando en los primeros dos meses del a\u00f1o un incremento de 5,7%. La trayectoria interanual  se ubic\u00f3 en 32,4%, 0,7% por encima del mes previo.<\/p>\n\n\n\n<div style=\"height:15px\" aria-hidden=\"true\" class=\"wp-block-spacer\"><\/div>\n\n\n\n<h3 class=\"wp-block-heading\">Divisiones<\/h3>\n\n\n\n<p>La variaci\u00f3n del IPCBA de febrero respondi\u00f3 fundamentalmente a las subas en las siguientes divisiones: Vivienda, agua, electricidad, gas y otros combustibles, Alimentos y bebidas no alcoh\u00f3licas, Salud, Restaurantes y hoteles e Informaci\u00f3n y comunicaci\u00f3n.<\/p>\n\n\n\n<p><strong>Vivienda, agua, electricidad, gas y otros combustibles<\/strong> aument\u00f3 5,9%, debido a las subas en los valores de los gastos comunes por la vivienda y en las tarifas residenciales del servicio de electricidad y de gas por red. Le siguieron en importancia, las actualizaciones en los precios de los alquileres.<\/p>\n\n\n\n<p><strong>Alimentos y bebidas no alcoh\u00f3licas <\/strong>promedi\u00f3 un incremento de 2,9%, Al interior de la divisi\u00f3n, el principal impulso provino de Carnes y derivados. En menor medida, incidieron los aumentos en Pan y cereales, y Leche, productos l\u00e1cteos y huevos. Hubo ca\u00eddas en Frutas  y Verduras, tub\u00e9rculos y legumbres.<\/p>\n\n\n\n<p><strong>Salud<\/strong> registr\u00f3 una suba de 3,0%, al impactar principalmente los ajustes en las cuotas de la medicina prepaga.<\/p>\n\n\n\n<p><strong>Restaurantes y hoteles<\/strong> aument\u00f3 1,5%, como resultado de los incrementos en los precios de los alimentos preparados en restaurantes, bares y casas de comidas. Las ca\u00eddas en las tarifas de alojamiento por motivos tur\u00edsticos contribuyeron a quitarle presi\u00f3n a esta divisi\u00f3n.<\/p>\n\n\n\n<p><strong>Informaci\u00f3n y comunicaci\u00f3n<\/strong> se elev\u00f3 2,4% por subas en los valores de los servicios de comunicaciones agrupados y de telefon\u00eda m\u00f3vil<\/p>\n\n\n\n<div style=\"height:25px\" aria-hidden=\"true\" class=\"wp-block-spacer\"><\/div>\n\n\n\n<figure class=\"wp-block-image size-full\"><img loading=\"lazy\" decoding=\"async\" width=\"678\" height=\"452\" data-attachment-id=\"20988\" data-permalink=\"https:\/\/www.comuna13online.com.ar\/?attachment_id=20988\" data-orig-file=\"https:\/\/www.comuna13online.com.ar\/wp-content\/uploads\/2026\/03\/inflacion03.gif\" data-orig-size=\"678,452\" data-comments-opened=\"0\" data-image-meta=\"{&quot;aperture&quot;:&quot;0&quot;,&quot;credit&quot;:&quot;&quot;,&quot;camera&quot;:&quot;&quot;,&quot;caption&quot;:&quot;&quot;,&quot;created_timestamp&quot;:&quot;0&quot;,&quot;copyright&quot;:&quot;&quot;,&quot;focal_length&quot;:&quot;0&quot;,&quot;iso&quot;:&quot;0&quot;,&quot;shutter_speed&quot;:&quot;0&quot;,&quot;title&quot;:&quot;&quot;,&quot;orientation&quot;:&quot;0&quot;}\" data-image-title=\"_inflacion03\" data-image-description=\"\" data-image-caption=\"\" data-large-file=\"https:\/\/www.comuna13online.com.ar\/wp-content\/uploads\/2026\/03\/inflacion03.gif\" src=\"https:\/\/www.comuna13online.com.ar\/wp-content\/uploads\/2026\/03\/inflacion03.gif\" alt=\"\" class=\"wp-image-20988\" srcset=\"https:\/\/www.comuna13online.com.ar\/wp-content\/uploads\/2026\/03\/inflacion03.gif 678w, https:\/\/www.comuna13online.com.ar\/wp-content\/uploads\/2026\/03\/inflacion03-272x182.gif 272w\" sizes=\"auto, (max-width: 678px) 100vw, 678px\" \/><\/figure>\n\n\n\n<div style=\"height:25px\" aria-hidden=\"true\" class=\"wp-block-spacer\"><\/div>\n\n\n\n<h3 class=\"wp-block-heading\">Bienes y Servicios<\/h3>\n\n\n\n<p>Durante el mes de febrero los <strong>Bienes <\/strong>registraron una suba de <strong>1,9%<\/strong> (-0,4%), por debajo de los <strong>Servicios<\/strong> que aumentaron <strong>3,0%<\/strong> (-0,5%).<\/p>\n\n\n\n<p><strong>La din\u00e1mica mensual de los Bienes<\/strong> respondi\u00f3 fundamentalmente a los incrementos en alimentos, principalmente carnes, y, en menor medida, a los aumentos en los valores de los combustibles<br>y lubricantes para veh\u00edculos de uso del hogar y de los medicamentos.<\/p>\n\n\n\n<p><strong>Por otro lado, el comportamiento de los Servicios<\/strong> re\ufb02ej\u00f3 principalmente los aumentos en gastos comunes por la vivienda y en las tarifas residenciales del servicio de electricidad. Le siguieron en importancia, los aumentos en los precios de los restaurantes, bares y casas de comida, en las tarifas residenciales del servicio de gas por red y en los valores de los alquileres de la vivienda. En sentido contrario, hubo ca\u00eddas en los precios de los pasajes a\u00e9reos, de los alojamientos en hoteles y de los paquetes tur\u00edsticos.<\/p>\n\n\n\n<div style=\"height:20px\" aria-hidden=\"true\" class=\"wp-block-spacer\"><\/div>\n\n\n\n<figure class=\"wp-block-image size-full\"><img loading=\"lazy\" decoding=\"async\" width=\"678\" height=\"452\" data-attachment-id=\"20990\" data-permalink=\"https:\/\/www.comuna13online.com.ar\/?attachment_id=20990\" data-orig-file=\"https:\/\/www.comuna13online.com.ar\/wp-content\/uploads\/2026\/03\/inflacion02-1.gif\" data-orig-size=\"678,452\" data-comments-opened=\"0\" data-image-meta=\"{&quot;aperture&quot;:&quot;0&quot;,&quot;credit&quot;:&quot;&quot;,&quot;camera&quot;:&quot;&quot;,&quot;caption&quot;:&quot;&quot;,&quot;created_timestamp&quot;:&quot;0&quot;,&quot;copyright&quot;:&quot;&quot;,&quot;focal_length&quot;:&quot;0&quot;,&quot;iso&quot;:&quot;0&quot;,&quot;shutter_speed&quot;:&quot;0&quot;,&quot;title&quot;:&quot;&quot;,&quot;orientation&quot;:&quot;0&quot;}\" data-image-title=\"_inflacion02\" data-image-description=\"\" data-image-caption=\"\" data-large-file=\"https:\/\/www.comuna13online.com.ar\/wp-content\/uploads\/2026\/03\/inflacion02-1.gif\" src=\"https:\/\/www.comuna13online.com.ar\/wp-content\/uploads\/2026\/03\/inflacion02-1.gif\" alt=\"\" class=\"wp-image-20990\" srcset=\"https:\/\/www.comuna13online.com.ar\/wp-content\/uploads\/2026\/03\/inflacion02-1.gif 678w, https:\/\/www.comuna13online.com.ar\/wp-content\/uploads\/2026\/03\/inflacion02-1-272x182.gif 272w\" sizes=\"auto, (max-width: 678px) 100vw, 678px\" \/><\/figure>\n\n\n\n<div style=\"height:20px\" aria-hidden=\"true\" class=\"wp-block-spacer\"><\/div>\n\n\n\n<p>En los <strong>primeros dos meses<\/strong> del a\u00f1o los <strong>Bienes<\/strong> acumularon una suba de <strong>4,3%<\/strong> y los <strong>Servicios<\/strong> de<br><strong>6,6%<\/strong>. En <strong>t\u00e9rminos interanuales<\/strong>, ambas agrupaciones se aceleraron hasta: <strong>26,3%<\/strong> i.a. en el caso de los<br><strong>Bienes<\/strong> (+0,1% respecto del mes previo) y <strong>36,1%<\/strong> en el caso de los <strong>Servicios <\/strong>(+1,1%)<\/p>\n\n\n\n<div style=\"height:25px\" aria-hidden=\"true\" class=\"wp-block-spacer\"><\/div>\n\n\n\n<p class=\"has-text-align-right\"><sub><em>Fuente: <span><b>Direcci\u00f3n General de <\/b><\/span><strong>Estad\u00edsticas y Censos de la Ciudad de Buenos Aires<\/strong><\/em><\/sub><\/p>\n\n\n\n<p><\/p>\n","protected":false},"excerpt":{"rendered":"<div class=\"mh-excerpt\">La Direcci\u00f3n General de Estad\u00edsticas y Censos porte\u00f1a inform\u00f3 un incremento del 2,6% promedio de los precios en la Ciudad durante febrero, y acumula 32,4% en los \u00faltimos 12 meses. <a class=\"mh-excerpt-more\" href=\"https:\/\/www.comuna13online.com.ar\/?p=20985\" title=\"La inflaci\u00f3n de la Ciudad disminuy\u00f3 a 2,6% en febrero\">[&#8230;]<\/a><\/div>\n","protected":false},"author":1,"featured_media":20989,"comment_status":"closed","ping_status":"closed","sticky":false,"template":"","format":"standard","meta":{"_uag_custom_page_level_css":"","_jetpack_memberships_contains_paid_content":false,"footnotes":"","jetpack_publicize_message":"","jetpack_publicize_feature_enabled":true,"jetpack_social_post_already_shared":true,"jetpack_social_options":{"image_generator_settings":{"template":"highway","default_image_id":0,"font":"","enabled":false},"version":2}},"categories":[24],"tags":[250,296,25],"class_list":{"0":"post-20985","1":"post","2":"type-post","3":"status-publish","4":"format-standard","5":"has-post-thumbnail","7":"category-inflacion","8":"tag-h2","9":"tag-h3","10":"tag-inflacion"},"jetpack_publicize_connections":[],"jetpack_featured_media_url":"https:\/\/www.comuna13online.com.ar\/wp-content\/uploads\/2026\/03\/2026-03-09a_id.jpg","uagb_featured_image_src":{"full":["https:\/\/www.comuna13online.com.ar\/wp-content\/uploads\/2026\/03\/2026-03-09a_id.jpg",678,381,false],"thumbnail":["https:\/\/www.comuna13online.com.ar\/wp-content\/uploads\/2026\/03\/2026-03-09a_id.jpg",128,72,false],"medium":["https:\/\/www.comuna13online.com.ar\/wp-content\/uploads\/2026\/03\/2026-03-09a_id.jpg",678,381,false],"medium_large":["https:\/\/www.comuna13online.com.ar\/wp-content\/uploads\/2026\/03\/2026-03-09a_id.jpg",678,381,false],"large":["https:\/\/www.comuna13online.com.ar\/wp-content\/uploads\/2026\/03\/2026-03-09a_id.jpg",678,381,false],"1536x1536":["https:\/\/www.comuna13online.com.ar\/wp-content\/uploads\/2026\/03\/2026-03-09a_id.jpg",678,381,false],"2048x2048":["https:\/\/www.comuna13online.com.ar\/wp-content\/uploads\/2026\/03\/2026-03-09a_id.jpg",678,381,false],"mh-magazine-slider":["https:\/\/www.comuna13online.com.ar\/wp-content\/uploads\/2026\/03\/2026-03-09a_id.jpg",678,381,false],"mh-magazine-content":["https:\/\/www.comuna13online.com.ar\/wp-content\/uploads\/2026\/03\/2026-03-09a_id.jpg",678,381,false],"mh-magazine-large":["https:\/\/www.comuna13online.com.ar\/wp-content\/uploads\/2026\/03\/2026-03-09a_id.jpg",678,381,false],"mh-magazine-medium":["https:\/\/www.comuna13online.com.ar\/wp-content\/uploads\/2026\/03\/2026-03-09a_id-326x245.jpg",326,245,true],"mh-magazine-small":["https:\/\/www.comuna13online.com.ar\/wp-content\/uploads\/2026\/03\/2026-03-09a_id-80x60.jpg",80,60,true],"sow-carousel-default":["https:\/\/www.comuna13online.com.ar\/wp-content\/uploads\/2026\/03\/2026-03-09a_id-272x182.jpg",272,182,true]},"uagb_author_info":{"display_name":"Comuna13","author_link":"https:\/\/www.comuna13online.com.ar\/?author=1"},"uagb_comment_info":0,"uagb_excerpt":"La Direcci\u00f3n General de Estad\u00edsticas y Censos porte\u00f1a inform\u00f3 un incremento del 2,6% promedio de los precios en la Ciudad durante febrero, y acumula 32,4% en los \u00faltimos 12 meses. [...]","jetpack_sharing_enabled":true,"_links":{"self":[{"href":"https:\/\/www.comuna13online.com.ar\/index.php?rest_route=\/wp\/v2\/posts\/20985","targetHints":{"allow":["GET"]}}],"collection":[{"href":"https:\/\/www.comuna13online.com.ar\/index.php?rest_route=\/wp\/v2\/posts"}],"about":[{"href":"https:\/\/www.comuna13online.com.ar\/index.php?rest_route=\/wp\/v2\/types\/post"}],"author":[{"embeddable":true,"href":"https:\/\/www.comuna13online.com.ar\/index.php?rest_route=\/wp\/v2\/users\/1"}],"replies":[{"embeddable":true,"href":"https:\/\/www.comuna13online.com.ar\/index.php?rest_route=%2Fwp%2Fv2%2Fcomments&post=20985"}],"version-history":[{"count":0,"href":"https:\/\/www.comuna13online.com.ar\/index.php?rest_route=\/wp\/v2\/posts\/20985\/revisions"}],"wp:featuredmedia":[{"embeddable":true,"href":"https:\/\/www.comuna13online.com.ar\/index.php?rest_route=\/wp\/v2\/media\/20989"}],"wp:attachment":[{"href":"https:\/\/www.comuna13online.com.ar\/index.php?rest_route=%2Fwp%2Fv2%2Fmedia&parent=20985"}],"wp:term":[{"taxonomy":"category","embeddable":true,"href":"https:\/\/www.comuna13online.com.ar\/index.php?rest_route=%2Fwp%2Fv2%2Fcategories&post=20985"},{"taxonomy":"post_tag","embeddable":true,"href":"https:\/\/www.comuna13online.com.ar\/index.php?rest_route=%2Fwp%2Fv2%2Ftags&post=20985"}],"curies":[{"name":"wp","href":"https:\/\/api.w.org\/{rel}","templated":true}]}}