{"id":20766,"date":"2026-01-22T09:07:00","date_gmt":"2026-01-22T12:07:00","guid":{"rendered":"https:\/\/www.comuna13online.com.ar\/?p=20766"},"modified":"2026-01-16T18:33:02","modified_gmt":"2026-01-16T21:33:02","slug":"que-es-prioridad-portena-el-programa-del-ministerio-de-salud-de-la-ciudad","status":"publish","type":"post","link":"https:\/\/www.comuna13online.com.ar\/?p=20766","title":{"rendered":"Qu\u00e9 es \u201cPrioridad Porte\u00f1a\u201d, el programa del Ministerio de Salud de la Ciudad"},"content":{"rendered":"\n<p><strong>Se trata de una pol\u00edtica del gobierno porte\u00f1o para priorizar la atenci\u00f3n de los vecinos de la Ciudad, <em>\u201cDentro de las 72 horas lo llamamos y gestionamos personalmente el turno\u201d<\/em>.<\/strong><\/p>\n\n\n\n<figure class=\"wp-block-image size-full\"><img loading=\"lazy\" decoding=\"async\" width=\"678\" height=\"381\" data-attachment-id=\"20767\" data-permalink=\"https:\/\/www.comuna13online.com.ar\/?attachment_id=20767\" data-orig-file=\"https:\/\/www.comuna13online.com.ar\/wp-content\/uploads\/2026\/01\/2026-01-22a_id.jpg\" data-orig-size=\"678,381\" data-comments-opened=\"0\" data-image-meta=\"{&quot;aperture&quot;:&quot;0&quot;,&quot;credit&quot;:&quot;&quot;,&quot;camera&quot;:&quot;&quot;,&quot;caption&quot;:&quot;&quot;,&quot;created_timestamp&quot;:&quot;0&quot;,&quot;copyright&quot;:&quot;&quot;,&quot;focal_length&quot;:&quot;0&quot;,&quot;iso&quot;:&quot;0&quot;,&quot;shutter_speed&quot;:&quot;0&quot;,&quot;title&quot;:&quot;&quot;,&quot;orientation&quot;:&quot;0&quot;}\" data-image-title=\"2026-01-22a_id\" data-image-description=\"\" data-image-caption=\"\" data-large-file=\"https:\/\/www.comuna13online.com.ar\/wp-content\/uploads\/2026\/01\/2026-01-22a_id.jpg\" src=\"https:\/\/www.comuna13online.com.ar\/wp-content\/uploads\/2026\/01\/2026-01-22a_id.jpg\" alt=\"\" class=\"wp-image-20767\"\/><\/figure>\n\n\n\n<div style=\"height:20px\" aria-hidden=\"true\" class=\"wp-block-spacer\"><\/div>\n\n\n\n<p>El Ministro de Salud de la Ciudad, Fern\u00e1n Quir\u00f3s, explic\u00f3 el funcionamiento de \u201dPrioridad Porte\u00f1a\u201d de manera simple, si un vecino solicita un turno y no hay disponibilidad inmediata, queda registrado y es contactado por el sistema de salud dentro de las 48 a 72 horas, donde se le gestiona personalmente el turno. La prioridad porte\u00f1a alcanza a todos los vecinos de la Ciudad, tengan o no obra social o prepaga.<\/p>\n\n\n\n<p>De hecho, el propio ministerio destac\u00f3 que m\u00e1s del 35% de quienes se atienden en hospitales p\u00fablicos cuentan con cobertura m\u00e9dica, pero eligen el sistema p\u00fablico.<\/p>\n\n\n\n<p>Atenci\u00f3n m\u00e1s cerca del barrio<\/p>\n\n\n\n<p>El Gobierno de la Ciudad lleva adelante una pol\u00edtica que busca facilitar la Atenci\u00f3n de los vecinos en los barrios, para eso, viene ampliando la red de Centros de Salud y Acci\u00f3n Comunitaria (CeSAC), espacios con m\u00faltiples consultorios y equipos profesionales completos, donde se resuelven gran parte de las consultas habituales.<\/p>\n\n\n\n<p><em>\u201cEstamos haciendo una enorme inversi\u00f3n en los barrios con los Centros de Salud y Acci\u00f3n Comunitaria (CeSAC), que son entidades f\u00edsicas grandes, con 20 o 25 consultorios y equipos de entre 150 y 200 profesionales\u201d<\/em>, indic\u00f3 Quir\u00f3s.<\/p>\n\n\n\n<p>Adem\u00e1s, se est\u00e1n sumando los Centros de Especialidades M\u00e9dicas Ambulatorias (CEMAR), pensados para estudios y consultas con especialistas como neurolog\u00eda, salud mental, mamograf\u00edas o densitometr\u00edas, sin necesidad de internaci\u00f3n ni guardia hospitalaria.  Actualmente hay dos en funcionamiento y otros dos pr\u00f3ximos a inaugurarse uno en Saavedra y otro cercano al hospital Fern\u00e1ndez. <\/p>\n\n\n\n<p><em>\u201cMuchos porte\u00f1os no necesitan ir al hospital para una mamograf\u00eda, una densitometr\u00eda o una consulta con neurolog\u00eda o salud mental. En los lugares m\u00e1s peque\u00f1os la atenci\u00f3n es m\u00e1s humana\u201d<\/em>, afirm\u00f3.<\/p>\n\n\n\n<p>Gracias a la prioridad porte\u00f1a, el gobierno porte\u00f1o logr\u00f3 que hoy, 7 de cada 10 atenciones del sistema p\u00fablico, corresponden a vecinos de la Ciudad, lo que se traduce en cerca de 100.000 prestaciones diarias destinadas a porte\u00f1os.<\/p>\n\n\n\n<p><strong>C\u00f3mo funciona \u201dPrioridad Porte\u00f1a\u201d en la pr\u00e1ctica<\/strong><\/p>\n\n\n\n<ul class=\"wp-block-list\">\n<li>Solicitar turno en hospitales, CeSAC o centros de salud de la Ciudad.<\/li>\n\n\n\n<li>Si no hay disponibilidad inmediata, el sistema lo registra autom\u00e1ticamente.<\/li>\n\n\n\n<li>En un plazo m\u00e1ximo de 72 horas, el vecino recibe un llamado para confirmar y gestionar su turno.<\/li>\n<\/ul>\n\n\n\n<p><strong>Tel\u00e9fonos para Turnos M\u00e9dicos<\/strong><\/p>\n\n\n\n<p><strong>Desde CABA llamar al 147<\/strong> -L\u00ednea central de turnos y atenci\u00f3n de salud-<br>Desde Provincia o interior llamar al 0800-999-2727<br>BOTI  -WhatsApp 1150500147- Escrib\u00ed \u201cturno m\u00e9dico\u201d para gestionar turnos.<\/p>\n\n\n\n<p>Se puede solicitar turnos para hospitales y Centros de Salud, consultar disponibilidad, cancelar o reprogramar.<\/p>\n","protected":false},"excerpt":{"rendered":"<div class=\"mh-excerpt\">Se trata de una pol\u00edtica del gobierno porte\u00f1o para priorizar la atenci\u00f3n de los vecinos de la Ciudad, \u201cDentro de las 72 horas lo llamamos y gestionamos personalmente el turno\u201d. <a class=\"mh-excerpt-more\" href=\"https:\/\/www.comuna13online.com.ar\/?p=20766\" title=\"Qu\u00e9 es \u201cPrioridad Porte\u00f1a\u201d, el programa del Ministerio de Salud de la Ciudad\">[&#8230;]<\/a><\/div>\n","protected":false},"author":1,"featured_media":20767,"comment_status":"closed","ping_status":"closed","sticky":false,"template":"","format":"standard","meta":{"_uag_custom_page_level_css":"","_jetpack_memberships_contains_paid_content":false,"footnotes":"","jetpack_publicize_message":"","jetpack_publicize_feature_enabled":true,"jetpack_social_post_already_shared":true,"jetpack_social_options":{"image_generator_settings":{"template":"highway","default_image_id":0,"font":"","enabled":false},"version":2}},"categories":[44],"tags":[250,296,45],"class_list":{"0":"post-20766","1":"post","2":"type-post","3":"status-publish","4":"format-standard","5":"has-post-thumbnail","7":"category-salud","8":"tag-h2","9":"tag-h3","10":"tag-salud"},"jetpack_publicize_connections":[],"jetpack_featured_media_url":"https:\/\/www.comuna13online.com.ar\/wp-content\/uploads\/2026\/01\/2026-01-22a_id.jpg","uagb_featured_image_src":{"full":["https:\/\/www.comuna13online.com.ar\/wp-content\/uploads\/2026\/01\/2026-01-22a_id.jpg",678,381,false],"thumbnail":["https:\/\/www.comuna13online.com.ar\/wp-content\/uploads\/2026\/01\/2026-01-22a_id.jpg",128,72,false],"medium":["https:\/\/www.comuna13online.com.ar\/wp-content\/uploads\/2026\/01\/2026-01-22a_id.jpg",678,381,false],"medium_large":["https:\/\/www.comuna13online.com.ar\/wp-content\/uploads\/2026\/01\/2026-01-22a_id.jpg",678,381,false],"large":["https:\/\/www.comuna13online.com.ar\/wp-content\/uploads\/2026\/01\/2026-01-22a_id.jpg",678,381,false],"1536x1536":["https:\/\/www.comuna13online.com.ar\/wp-content\/uploads\/2026\/01\/2026-01-22a_id.jpg",678,381,false],"2048x2048":["https:\/\/www.comuna13online.com.ar\/wp-content\/uploads\/2026\/01\/2026-01-22a_id.jpg",678,381,false],"mh-magazine-slider":["https:\/\/www.comuna13online.com.ar\/wp-content\/uploads\/2026\/01\/2026-01-22a_id.jpg",678,381,false],"mh-magazine-content":["https:\/\/www.comuna13online.com.ar\/wp-content\/uploads\/2026\/01\/2026-01-22a_id.jpg",678,381,false],"mh-magazine-large":["https:\/\/www.comuna13online.com.ar\/wp-content\/uploads\/2026\/01\/2026-01-22a_id.jpg",678,381,false],"mh-magazine-medium":["https:\/\/www.comuna13online.com.ar\/wp-content\/uploads\/2026\/01\/2026-01-22a_id-326x245.jpg",326,245,true],"mh-magazine-small":["https:\/\/www.comuna13online.com.ar\/wp-content\/uploads\/2026\/01\/2026-01-22a_id-80x60.jpg",80,60,true],"sow-carousel-default":["https:\/\/www.comuna13online.com.ar\/wp-content\/uploads\/2026\/01\/2026-01-22a_id-272x182.jpg",272,182,true]},"uagb_author_info":{"display_name":"Comuna13","author_link":"https:\/\/www.comuna13online.com.ar\/?author=1"},"uagb_comment_info":0,"uagb_excerpt":"Se trata de una pol\u00edtica del gobierno porte\u00f1o para priorizar la atenci\u00f3n de los vecinos de la Ciudad, \u201cDentro de las 72 horas lo llamamos y gestionamos personalmente el turno\u201d. [...]","jetpack_sharing_enabled":true,"_links":{"self":[{"href":"https:\/\/www.comuna13online.com.ar\/index.php?rest_route=\/wp\/v2\/posts\/20766","targetHints":{"allow":["GET"]}}],"collection":[{"href":"https:\/\/www.comuna13online.com.ar\/index.php?rest_route=\/wp\/v2\/posts"}],"about":[{"href":"https:\/\/www.comuna13online.com.ar\/index.php?rest_route=\/wp\/v2\/types\/post"}],"author":[{"embeddable":true,"href":"https:\/\/www.comuna13online.com.ar\/index.php?rest_route=\/wp\/v2\/users\/1"}],"replies":[{"embeddable":true,"href":"https:\/\/www.comuna13online.com.ar\/index.php?rest_route=%2Fwp%2Fv2%2Fcomments&post=20766"}],"version-history":[{"count":0,"href":"https:\/\/www.comuna13online.com.ar\/index.php?rest_route=\/wp\/v2\/posts\/20766\/revisions"}],"wp:featuredmedia":[{"embeddable":true,"href":"https:\/\/www.comuna13online.com.ar\/index.php?rest_route=\/wp\/v2\/media\/20767"}],"wp:attachment":[{"href":"https:\/\/www.comuna13online.com.ar\/index.php?rest_route=%2Fwp%2Fv2%2Fmedia&parent=20766"}],"wp:term":[{"taxonomy":"category","embeddable":true,"href":"https:\/\/www.comuna13online.com.ar\/index.php?rest_route=%2Fwp%2Fv2%2Fcategories&post=20766"},{"taxonomy":"post_tag","embeddable":true,"href":"https:\/\/www.comuna13online.com.ar\/index.php?rest_route=%2Fwp%2Fv2%2Ftags&post=20766"}],"curies":[{"name":"wp","href":"https:\/\/api.w.org\/{rel}","templated":true}]}}