{"id":20746,"date":"2026-01-21T16:53:33","date_gmt":"2026-01-21T19:53:33","guid":{"rendered":"https:\/\/www.comuna13online.com.ar\/?p=20746"},"modified":"2026-01-16T18:01:41","modified_gmt":"2026-01-16T21:01:41","slug":"llega-verano-en-las-plazas","status":"publish","type":"post","link":"https:\/\/www.comuna13online.com.ar\/?p=20746","title":{"rendered":"LLega Verano en las Plazas"},"content":{"rendered":"\n<p><strong>Cada jueves y viernes, a partir del 22 de enero, las plazas de la Ciudad se llenan de juegos, arte y recreaci\u00f3n con actividades pensadas especialmente para los m\u00e1s chicos.<\/strong><\/p>\n\n\n\n<figure class=\"wp-block-image size-full\"><img loading=\"lazy\" decoding=\"async\" width=\"678\" height=\"381\" data-attachment-id=\"18320\" data-permalink=\"https:\/\/www.comuna13online.com.ar\/?attachment_id=18320\" data-orig-file=\"https:\/\/www.comuna13online.com.ar\/wp-content\/uploads\/2024\/01\/20240129a_01.jpg\" data-orig-size=\"678,381\" data-comments-opened=\"0\" data-image-meta=\"{&quot;aperture&quot;:&quot;0&quot;,&quot;credit&quot;:&quot;&quot;,&quot;camera&quot;:&quot;&quot;,&quot;caption&quot;:&quot;&quot;,&quot;created_timestamp&quot;:&quot;0&quot;,&quot;copyright&quot;:&quot;&quot;,&quot;focal_length&quot;:&quot;0&quot;,&quot;iso&quot;:&quot;0&quot;,&quot;shutter_speed&quot;:&quot;0&quot;,&quot;title&quot;:&quot;&quot;,&quot;orientation&quot;:&quot;0&quot;}\" data-image-title=\"20240129a_01\" data-image-description=\"\" data-image-caption=\"\" data-large-file=\"https:\/\/www.comuna13online.com.ar\/wp-content\/uploads\/2024\/01\/20240129a_01.jpg\" src=\"https:\/\/www.comuna13online.com.ar\/wp-content\/uploads\/2024\/01\/20240129a_01.jpg\" alt=\"\" class=\"wp-image-18320\"\/><\/figure>\n\n\n\n<div style=\"height:20px\" aria-hidden=\"true\" class=\"wp-block-spacer\"><\/div>\n\n\n\n<p>Verano en Buenos Aires presenta Verano en las Plazas:, durante las cinco semanas, todos los jueves y viernes, un cronograma de actividades totalmente gratuitas desplegadas en simult\u00e1neo a partir de las 17 en plazas de distintas comunas de la Ciudad para disfrute de los m\u00e1s chicos y la familia.<\/p>\n\n\n\n<p>La programaci\u00f3n se despliega en simult\u00e1neo en plazas de distintas comunas de la Ciudad, con propuestas l\u00fadicas, art\u00edsticas y recreativas para los m\u00e1s chicos. La agenda incluye desaf\u00edos deportivos, activaciones en calesitas, b\u00fasquedas del tesoro, artistas itinerantes y acr\u00f3batas, talleres creativos y espect\u00e1culos para toda la familia.<\/p>\n\n\n\n<h4 class=\"wp-block-heading\">Programaci\u00f3n<\/h4>\n\n\n\n<p>Cu\u00e1ndo y d\u00f3nde<\/p>\n\n\n\n<p>\ud83d\uddd3\ufe0f 22 y 23 de enero:<\/p>\n\n\n\n<p>\ud83c\udf33Plaza Primero de Mayo (Comuna 3 &#8211; Balvanera): Hip\u00f3lito Yrigoyen y Pasco.<br>\ud83c\udf33Plaza Unidad Nacional (Comuna 8 &#8211; Villa Lugano): Murguiondo y Delf\u00edn Gallo.<br>\ud83c\udf33Parque Los Andes (Comuna 15 &#8211; Chacarita): Av. Corrientes y Av. Jorge Newbery.<\/p>\n\n\n\n<div style=\"height:15px\" aria-hidden=\"true\" class=\"wp-block-spacer\"><\/div>\n\n\n\n<p>\ud83d\uddd3\ufe0f 29 y 30 de enero:<\/p>\n\n\n\n<p>\ud83c\udf33Plaza Almagro (Comuna 5 &#8211; Almagro): Sarmiento y Bulnes.<br>\ud83c\udf33Parque Avellaneda (Comuna 9 &#8211; Parque Avellaneda): Av. Directorio y Av. Lacarra.<br>\ud83c\udf33Parque Plaza Echeverr\u00eda (Comuna 12 &#8211; Villa Urquiza): Bauness y Nahuel Huapi.<\/p>\n\n\n\n<div style=\"height:15px\" aria-hidden=\"true\" class=\"wp-block-spacer\"><\/div>\n\n\n\n<p>\ud83d\uddd3\ufe0f 5 y 6 de febrero:<\/p>\n\n\n\n<p>\ud83c\udf33Parque Vicente L\u00f3pez y Planes (Comuna 2 &#8211; Recoleta): Montevideo y Juncal.<br>\ud83c\udf33Plaza Giordano Bruno (Comuna 6 &#8211; Caballito): Bacacay y Parral.<br>\ud83c\udf33Plaza Ej\u00e9rcito de los Andes (Comuna 10 &#8211; Villa Luro): Av. Rivadavia y Corval\u00e1n.<\/p>\n\n\n\n<div style=\"height:15px\" aria-hidden=\"true\" class=\"wp-block-spacer\"><\/div>\n\n\n\n<p>\ud83d\uddd3\ufe0f 12 y 13 de febrero:<\/p>\n\n\n\n<p>\ud83c\udf33Plaza Matheu (Comuna 4 &#8211; La Boca): Irala y Magallanes.<br>\ud83c\udf33Plaza Roque S\u00e1enz Pe\u00f1a (Comuna 11 &#8211; Villa General Mitre): Av. Juan B. Justo y Av. Boyac\u00e1.<br>\ud83c\udf33Parque Las Heras (Comuna 14 &#8211; Palermo): Salguero y Juncal.<\/p>\n\n\n\n<div style=\"height:15px\" aria-hidden=\"true\" class=\"wp-block-spacer\"><\/div>\n\n\n\n<p>\ud83d\uddd3\ufe0f 19 y 20 de febrero:<\/p>\n\n\n\n<p>\ud83c\udf33Parque Lezama (Comuna 1 &#8211; San Telmo): Brasil y Defensa.<br>\ud83c\udf33Parque Chacabuco (Comuna 7 &#8211; Parque Chacabuco): Av. Asamblea y Curapalig\u00fce.<br>\ud83c\udf33Plaza Juan Jos\u00e9 Paso (Comuna 13 &#8211; Colegiales): Moldes y Virrey Arredondo.<\/p>\n\n\n\n<div style=\"height:20px\" aria-hidden=\"true\" class=\"wp-block-spacer\"><\/div>\n\n\n\n<p>Toda la programaci\u00f3n junto con las novedades, actualizaciones y contenidos especiales, se puede consultar en\u00a0<a href=\"https:\/\/buenosaires.gob.ar\/secretariadecomunicacion\/descubrirba\/verano-en-buenos-aires\" target=\"_blank\" rel=\"noreferrer noopener\"><em>buenosaires.gob.ar\/VeranoenBuenosAires<\/em><\/a>\u00a0y en las redes sociales de\u00a0<a href=\"https:\/\/www.instagram.com\/descubrir_ba\/\" target=\"_blank\" rel=\"noreferrer noopener\"><em>@descubrir_ba<\/em><\/a>.<\/p>\n\n\n\n<p><\/p>\n","protected":false},"excerpt":{"rendered":"<div class=\"mh-excerpt\">Cada jueves y viernes, a partir del 22 de enero, las plazas de la Ciudad se llenan de juegos, arte y recreaci\u00f3n con actividades pensadas especialmente para los m\u00e1s chicos. <a class=\"mh-excerpt-more\" href=\"https:\/\/www.comuna13online.com.ar\/?p=20746\" title=\"LLega Verano en las Plazas\">[&#8230;]<\/a><\/div>\n","protected":false},"author":1,"featured_media":18320,"comment_status":"closed","ping_status":"closed","sticky":false,"template":"","format":"standard","meta":{"_uag_custom_page_level_css":"","_jetpack_memberships_contains_paid_content":false,"footnotes":"","jetpack_publicize_message":"","jetpack_publicize_feature_enabled":true,"jetpack_social_post_already_shared":true,"jetpack_social_options":{"image_generator_settings":{"template":"highway","default_image_id":0,"font":"","enabled":false},"version":2}},"categories":[42],"tags":[250,296,71,43],"class_list":{"0":"post-20746","1":"post","2":"type-post","3":"status-publish","4":"format-standard","5":"has-post-thumbnail","7":"category-vacaciones","8":"tag-h2","9":"tag-h3","10":"tag-tiempo-libre","11":"tag-vacaciones"},"jetpack_publicize_connections":[],"jetpack_featured_media_url":"https:\/\/www.comuna13online.com.ar\/wp-content\/uploads\/2024\/01\/20240129a_01.jpg","uagb_featured_image_src":{"full":["https:\/\/www.comuna13online.com.ar\/wp-content\/uploads\/2024\/01\/20240129a_01.jpg",678,381,false],"thumbnail":["https:\/\/www.comuna13online.com.ar\/wp-content\/uploads\/2024\/01\/20240129a_01.jpg",128,72,false],"medium":["https:\/\/www.comuna13online.com.ar\/wp-content\/uploads\/2024\/01\/20240129a_01.jpg",678,381,false],"medium_large":["https:\/\/www.comuna13online.com.ar\/wp-content\/uploads\/2024\/01\/20240129a_01.jpg",678,381,false],"large":["https:\/\/www.comuna13online.com.ar\/wp-content\/uploads\/2024\/01\/20240129a_01.jpg",678,381,false],"1536x1536":["https:\/\/www.comuna13online.com.ar\/wp-content\/uploads\/2024\/01\/20240129a_01.jpg",678,381,false],"2048x2048":["https:\/\/www.comuna13online.com.ar\/wp-content\/uploads\/2024\/01\/20240129a_01.jpg",678,381,false],"mh-magazine-slider":["https:\/\/www.comuna13online.com.ar\/wp-content\/uploads\/2024\/01\/20240129a_01.jpg",678,381,false],"mh-magazine-content":["https:\/\/www.comuna13online.com.ar\/wp-content\/uploads\/2024\/01\/20240129a_01.jpg",678,381,false],"mh-magazine-large":["https:\/\/www.comuna13online.com.ar\/wp-content\/uploads\/2024\/01\/20240129a_01.jpg",678,381,false],"mh-magazine-medium":["https:\/\/www.comuna13online.com.ar\/wp-content\/uploads\/2024\/01\/20240129a_01-326x245.jpg",326,245,true],"mh-magazine-small":["https:\/\/www.comuna13online.com.ar\/wp-content\/uploads\/2024\/01\/20240129a_01-80x60.jpg",80,60,true],"sow-carousel-default":["https:\/\/www.comuna13online.com.ar\/wp-content\/uploads\/2024\/01\/20240129a_01-272x182.jpg",272,182,true]},"uagb_author_info":{"display_name":"Comuna13","author_link":"https:\/\/www.comuna13online.com.ar\/?author=1"},"uagb_comment_info":0,"uagb_excerpt":"Cada jueves y viernes, a partir del 22 de enero, las plazas de la Ciudad se llenan de juegos, arte y recreaci\u00f3n con actividades pensadas especialmente para los m\u00e1s chicos. [...]","jetpack_sharing_enabled":true,"_links":{"self":[{"href":"https:\/\/www.comuna13online.com.ar\/index.php?rest_route=\/wp\/v2\/posts\/20746","targetHints":{"allow":["GET"]}}],"collection":[{"href":"https:\/\/www.comuna13online.com.ar\/index.php?rest_route=\/wp\/v2\/posts"}],"about":[{"href":"https:\/\/www.comuna13online.com.ar\/index.php?rest_route=\/wp\/v2\/types\/post"}],"author":[{"embeddable":true,"href":"https:\/\/www.comuna13online.com.ar\/index.php?rest_route=\/wp\/v2\/users\/1"}],"replies":[{"embeddable":true,"href":"https:\/\/www.comuna13online.com.ar\/index.php?rest_route=%2Fwp%2Fv2%2Fcomments&post=20746"}],"version-history":[{"count":0,"href":"https:\/\/www.comuna13online.com.ar\/index.php?rest_route=\/wp\/v2\/posts\/20746\/revisions"}],"wp:featuredmedia":[{"embeddable":true,"href":"https:\/\/www.comuna13online.com.ar\/index.php?rest_route=\/wp\/v2\/media\/18320"}],"wp:attachment":[{"href":"https:\/\/www.comuna13online.com.ar\/index.php?rest_route=%2Fwp%2Fv2%2Fmedia&parent=20746"}],"wp:term":[{"taxonomy":"category","embeddable":true,"href":"https:\/\/www.comuna13online.com.ar\/index.php?rest_route=%2Fwp%2Fv2%2Fcategories&post=20746"},{"taxonomy":"post_tag","embeddable":true,"href":"https:\/\/www.comuna13online.com.ar\/index.php?rest_route=%2Fwp%2Fv2%2Ftags&post=20746"}],"curies":[{"name":"wp","href":"https:\/\/api.w.org\/{rel}","templated":true}]}}