{"id":2074,"date":"2018-07-30T10:11:49","date_gmt":"2018-07-30T13:11:49","guid":{"rendered":"http:\/\/www.comuna13online.com.ar\/?p=2074"},"modified":"2018-07-30T10:11:49","modified_gmt":"2018-07-30T13:11:49","slug":"subte-la-semana-arranca-con-medidas-en-la-linea-e-y-el-premetro","status":"publish","type":"post","link":"https:\/\/www.comuna13online.com.ar\/?p=2074","title":{"rendered":"Subte: La semana arranca con medidas en la L\u00ednea E y el Premetro"},"content":{"rendered":"<p><strong>Los trabajadores del subte continuar\u00e1n con las medidas de fuerza rotativas en reclamo de una mesa de dialogo por la reapertura de paritarias, hoy afectar\u00e1 la l\u00ednea E y Premetro<\/strong><\/p>\n<p><img loading=\"lazy\" decoding=\"async\" data-attachment-id=\"2075\" data-permalink=\"https:\/\/www.comuna13online.com.ar\/?attachment_id=2075\" data-orig-file=\"https:\/\/www.comuna13online.com.ar\/wp-content\/uploads\/2018\/07\/20180730b1.jpg\" data-orig-size=\"678,346\" data-comments-opened=\"0\" data-image-meta=\"{&quot;aperture&quot;:&quot;0&quot;,&quot;credit&quot;:&quot;&quot;,&quot;camera&quot;:&quot;&quot;,&quot;caption&quot;:&quot;&quot;,&quot;created_timestamp&quot;:&quot;0&quot;,&quot;copyright&quot;:&quot;&quot;,&quot;focal_length&quot;:&quot;0&quot;,&quot;iso&quot;:&quot;0&quot;,&quot;shutter_speed&quot;:&quot;0&quot;,&quot;title&quot;:&quot;&quot;,&quot;orientation&quot;:&quot;0&quot;}\" data-image-title=\"20180730b1\" data-image-description=\"\" data-image-caption=\"\" data-large-file=\"https:\/\/www.comuna13online.com.ar\/wp-content\/uploads\/2018\/07\/20180730b1.jpg\" class=\"alignnone size-full wp-image-2075\" src=\"http:\/\/www.comuna13online.com.ar\/wp-content\/uploads\/2018\/07\/20180730b1.jpg\" alt=\"\" width=\"678\" height=\"346\" \/><\/p>\n<p>La Asociaci\u00f3n Gremial de Trabajadores del Subte y Premetro (AGTSyP) contin\u00faa hoy con las medidas de fuerza rotativas\u00a0iniciadas hace ya un par de semanas en reclamo de la apertura de una mesa de dialogo con Metrov\u00edas, Sbase y el Gobierno de la Ciudad para renegociar las paritarias del 13% firmada en cuotas acordadas con la UTA y sin la participaci\u00f3n de los trabajadores del subte.<\/p>\n<p>Desde el gremio informaron a que la\u00a0medida que denominan de \u201cautodefensa\u201d ser\u00e1 hoy en la L\u00ednea E que une las cabeceras Bolivar, ubicada a metros de la Plaza de Mayo y Plaza de los Virreyes en Flores y en el Premetro. Se aplicar\u00e1 la misma metodolog\u00eda utilizada hasta el momento en el resto de las l\u00edneas, a partir de las 19 habr\u00e1 apertura de molinetes hasta las 21 hs. y luego la paralizaci\u00f3n del servicio hasta el fin de la jornada.<\/p>\n<p>El sindicato indic\u00f3 que las medidas de fuerza, que continuar\u00e1n en los pr\u00f3ximos d\u00edas en otras l\u00edneas con un esquema rotativo, resueltas \u201ctras la apelaci\u00f3n presentada por Metrov\u00edas, SBASE y la Ciudad de Buenos Aires a la cautelar que ordenaba continuar el dialogo en la mesa de paritarias y la falta de voluntad demostrada por la patronal para resolver en forma pac\u00edfica esta situaci\u00f3n de conflicto\u201d.<\/p>\n<p><em>\u00abEn marzo y abril se realizaron conversaciones que finalizaron en forma abrupta con la firma de una paritaria miserable del 13% en cuotas que ya ha sido superada por el \u00cdndice de Precios al Consumidor (IPC), que acumul\u00f3 una suba del 16% en el primer semestre del a\u00f1o y una expectativa anual que ser\u00eda mayor al 30%\u00bb<\/em>, se\u00f1alaron desde el gremio en un comunicado.<\/p>\n<p>Adem\u00e1s desde el sindicato exigen\u00a0dejar sin efecto las sanciones aplicadas a empleados (hubo 194 suspendidos y 3 despidos) por sumarse a las medidas de fuerza.<\/p>\n<p>&nbsp;<\/p>\n<div align=\"center\">\n<blockquote class=\"twitter-tweet\" data-lang=\"es\">\n<p dir=\"ltr\" lang=\"es\">TODO SUBE, MENOS NUESTRO SALARIO<br \/>\n\u2022 Inflacion del Primer semestre: 16%<br \/>\n\u2022 Aumento salarial del Primer semestre para el <a href=\"https:\/\/twitter.com\/hashtag\/Subte?src=hash&amp;ref_src=twsrc%5Etfw\">#Subte<\/a> 5,7%<br \/>\nLxs trabajadorxs no seremos la variable de ajuste de Macri y Rodriguez Larreta<a href=\"https:\/\/twitter.com\/hashtag\/LarretaAjusta?src=hash&amp;ref_src=twsrc%5Etfw\">#LarretaAjusta<\/a><a href=\"https:\/\/twitter.com\/hashtag\/LarretaesMacri?src=hash&amp;ref_src=twsrc%5Etfw\">#LarretaesMacri<\/a> <a href=\"https:\/\/t.co\/mRgK6tC9qS\">pic.twitter.com\/mRgK6tC9qS<\/a><\/p>\n<p>\u2014 Prensa AGTSyP (@prensadelsubte) <a href=\"https:\/\/twitter.com\/prensadelsubte\/status\/1021915587491098624?ref_src=twsrc%5Etfw\">25 de julio de 2018<\/a><\/p><\/blockquote>\n<p><script async src=\"https:\/\/platform.twitter.com\/widgets.js\" charset=\"utf-8\"><\/script><\/p>\n<\/div>\n","protected":false},"excerpt":{"rendered":"<div class=\"mh-excerpt\">Los trabajadores del subte continuar\u00e1n con las medidas de fuerza rotativas en reclamo de una mesa de dialogo por la reapertura de paritarias, hoy afectar\u00e1 la l\u00ednea E y Premetro <a class=\"mh-excerpt-more\" href=\"https:\/\/www.comuna13online.com.ar\/?p=2074\" title=\"Subte: La semana arranca con medidas en la L\u00ednea E y el Premetro\">[&#8230;]<\/a><\/div>\n","protected":false},"author":1,"featured_media":2070,"comment_status":"closed","ping_status":"closed","sticky":false,"template":"","format":"standard","meta":{"_uag_custom_page_level_css":"","_jetpack_memberships_contains_paid_content":false,"footnotes":"","jetpack_publicize_message":"Subte: La semana arranca con medidas en la L\u00ednea E y el Premetro","jetpack_publicize_feature_enabled":true,"jetpack_social_post_already_shared":true,"jetpack_social_options":{"image_generator_settings":{"template":"highway","default_image_id":0,"font":"","enabled":false},"version":2}},"categories":[14],"tags":[123,16,15],"class_list":{"0":"post-2074","1":"post","2":"type-post","3":"status-publish","4":"format-standard","5":"has-post-thumbnail","7":"category-subte","8":"tag-paro","9":"tag-subte","10":"tag-transporte"},"jetpack_publicize_connections":[],"jetpack_featured_media_url":"https:\/\/www.comuna13online.com.ar\/wp-content\/uploads\/2018\/07\/20180730b.jpg","uagb_featured_image_src":{"full":["https:\/\/www.comuna13online.com.ar\/wp-content\/uploads\/2018\/07\/20180730b.jpg",1029,384,false],"thumbnail":["https:\/\/www.comuna13online.com.ar\/wp-content\/uploads\/2018\/07\/20180730b-150x150.jpg",96,96,true],"medium":["https:\/\/www.comuna13online.com.ar\/wp-content\/uploads\/2018\/07\/20180730b-678x253.jpg",678,253,true],"medium_large":["https:\/\/www.comuna13online.com.ar\/wp-content\/uploads\/2018\/07\/20180730b-768x287.jpg",768,287,true],"large":["https:\/\/www.comuna13online.com.ar\/wp-content\/uploads\/2018\/07\/20180730b.jpg",1029,384,false],"1536x1536":["https:\/\/www.comuna13online.com.ar\/wp-content\/uploads\/2018\/07\/20180730b.jpg",1029,384,false],"2048x2048":["https:\/\/www.comuna13online.com.ar\/wp-content\/uploads\/2018\/07\/20180730b.jpg",1029,384,false],"mh-magazine-slider":["https:\/\/www.comuna13online.com.ar\/wp-content\/uploads\/2018\/07\/20180730b.jpg",1029,384,false],"mh-magazine-content":["https:\/\/www.comuna13online.com.ar\/wp-content\/uploads\/2018\/07\/20180730b-678x381.jpg",678,381,true],"mh-magazine-large":["https:\/\/www.comuna13online.com.ar\/wp-content\/uploads\/2018\/07\/20180730b-678x384.jpg",678,384,true],"mh-magazine-medium":["https:\/\/www.comuna13online.com.ar\/wp-content\/uploads\/2018\/07\/20180730b-326x245.jpg",326,245,true],"mh-magazine-small":["https:\/\/www.comuna13online.com.ar\/wp-content\/uploads\/2018\/07\/20180730b-80x60.jpg",80,60,true],"sow-carousel-default":["https:\/\/www.comuna13online.com.ar\/wp-content\/uploads\/2018\/07\/20180730b-272x182.jpg",272,182,true]},"uagb_author_info":{"display_name":"Comuna13","author_link":"https:\/\/www.comuna13online.com.ar\/?author=1"},"uagb_comment_info":0,"uagb_excerpt":"Los trabajadores del subte continuar\u00e1n con las medidas de fuerza rotativas en reclamo de una mesa de dialogo por la reapertura de paritarias, hoy afectar\u00e1 la l\u00ednea E y Premetro [...]","jetpack_sharing_enabled":true,"_links":{"self":[{"href":"https:\/\/www.comuna13online.com.ar\/index.php?rest_route=\/wp\/v2\/posts\/2074","targetHints":{"allow":["GET"]}}],"collection":[{"href":"https:\/\/www.comuna13online.com.ar\/index.php?rest_route=\/wp\/v2\/posts"}],"about":[{"href":"https:\/\/www.comuna13online.com.ar\/index.php?rest_route=\/wp\/v2\/types\/post"}],"author":[{"embeddable":true,"href":"https:\/\/www.comuna13online.com.ar\/index.php?rest_route=\/wp\/v2\/users\/1"}],"replies":[{"embeddable":true,"href":"https:\/\/www.comuna13online.com.ar\/index.php?rest_route=%2Fwp%2Fv2%2Fcomments&post=2074"}],"version-history":[{"count":0,"href":"https:\/\/www.comuna13online.com.ar\/index.php?rest_route=\/wp\/v2\/posts\/2074\/revisions"}],"wp:featuredmedia":[{"embeddable":true,"href":"https:\/\/www.comuna13online.com.ar\/index.php?rest_route=\/wp\/v2\/media\/2070"}],"wp:attachment":[{"href":"https:\/\/www.comuna13online.com.ar\/index.php?rest_route=%2Fwp%2Fv2%2Fmedia&parent=2074"}],"wp:term":[{"taxonomy":"category","embeddable":true,"href":"https:\/\/www.comuna13online.com.ar\/index.php?rest_route=%2Fwp%2Fv2%2Fcategories&post=2074"},{"taxonomy":"post_tag","embeddable":true,"href":"https:\/\/www.comuna13online.com.ar\/index.php?rest_route=%2Fwp%2Fv2%2Ftags&post=2074"}],"curies":[{"name":"wp","href":"https:\/\/api.w.org\/{rel}","templated":true}]}}