{"id":20665,"date":"2025-12-12T14:06:07","date_gmt":"2025-12-12T17:06:07","guid":{"rendered":"https:\/\/www.comuna13online.com.ar\/?p=20665"},"modified":"2025-12-13T14:15:08","modified_gmt":"2025-12-13T17:15:08","slug":"el-espiritu-navideno-llega-a-colegiales","status":"publish","type":"post","link":"https:\/\/www.comuna13online.com.ar\/?p=20665","title":{"rendered":"El espiritu navide\u00f1o llega a Colegiales"},"content":{"rendered":"\n<p><strong>Para estas fiestas, plazas y parques de la Ciudad se visten de fiesta con propuestas gastron\u00f3micas, artistas itinerantes, juegos, cine, talleres y una plaza blanda navide\u00f1a para los m\u00e1s peques.<\/strong><\/p>\n\n\n\n<figure class=\"wp-block-image size-full\"><img loading=\"lazy\" decoding=\"async\" width=\"678\" height=\"381\" data-attachment-id=\"20667\" data-permalink=\"https:\/\/www.comuna13online.com.ar\/?attachment_id=20667\" data-orig-file=\"https:\/\/www.comuna13online.com.ar\/wp-content\/uploads\/2025\/12\/20251212a_id.jpg\" data-orig-size=\"678,381\" data-comments-opened=\"0\" data-image-meta=\"{&quot;aperture&quot;:&quot;0&quot;,&quot;credit&quot;:&quot;&quot;,&quot;camera&quot;:&quot;&quot;,&quot;caption&quot;:&quot;&quot;,&quot;created_timestamp&quot;:&quot;0&quot;,&quot;copyright&quot;:&quot;&quot;,&quot;focal_length&quot;:&quot;0&quot;,&quot;iso&quot;:&quot;0&quot;,&quot;shutter_speed&quot;:&quot;0&quot;,&quot;title&quot;:&quot;&quot;,&quot;orientation&quot;:&quot;0&quot;}\" data-image-title=\"20251212a_id\" data-image-description=\"\" data-image-caption=\"\" data-large-file=\"https:\/\/www.comuna13online.com.ar\/wp-content\/uploads\/2025\/12\/20251212a_id.jpg\" src=\"https:\/\/www.comuna13online.com.ar\/wp-content\/uploads\/2025\/12\/20251212a_id.jpg\" alt=\"\" class=\"wp-image-20667\"\/><\/figure>\n\n\n\n<div style=\"height:20px\" aria-hidden=\"true\" class=\"wp-block-spacer\"><\/div>\n\n\n\n<p>La Ciudad celebrar\u00e1 este fin de semana el programa Navidad en las plazas, una propuesta que llevar\u00e1 actividades gratuitas a plazas y parques porte\u00f1os con opciones para todas las edades. El objetivo es ofrecer alternativas recreativas en los d\u00edas previos a las fiestas y convertir a los espacios verdes en puntos de encuentro para disfrutar al aire libre.<\/p>\n\n\n\n<p>El s\u00e1bado 13 de diciembre desde las 16 a 22 horas, el <strong>Parque Ferroviario de Colegiales<\/strong> <a href=\"https:\/\/www.google.com\/maps\/place\/parque+ferroviario+colegiales\/data=!4m2!3m1!1s0x95bcb5d40b2ed2c7:0xa442f40cc71dcfad?sa=X&amp;ved=1t:155783&amp;ictx=111\"><em>(Moldes y Virrey Arredondo)<\/em><\/a> estar\u00e1 ambientado especialmente para una jornada navide\u00f1a con propuestas gastron\u00f3micas, artistas itinerantes, actividades, talleres, Cine y una variedad de juegos  acompa\u00f1ados por animadores.<\/p>\n\n\n\n<div style=\"height:20px\" aria-hidden=\"true\" class=\"wp-block-spacer\"><\/div>\n\n\n\n<h4 class=\"wp-block-heading\">Programaci\u00f3n<\/h4>\n\n\n\n<p><strong>19 hs &#8211; Los Cazurros:<\/strong> El grupo art\u00edstico formado en 1994 por Pablo y Ernesto, brindar\u00e1n un espect\u00e1culo especial para la ocasci\u00f3n para el disfrute de toda la familia. <\/p>\n\n\n\n<p><strong>20 hs &#8211; Cine m\u00f3vil:<\/strong> Programaci\u00f3n con cl\u00e1sicos navide\u00f1os, carrito de pochoclos, algod\u00f3n de az\u00facar y un espacio con almohadones y lonas para disfrutar las pel\u00edculas con comodidad. El s\u00e1bado a se proyectar\u00e1 Mi pobre angelito, donde un encantador ni\u00f1o de 8 a\u00f1os desaf\u00eda a un torpe par de ladrones en las visperas de navidad.<\/p>\n\n\n\n<h4 class=\"wp-block-heading\">Actividades<\/h4>\n\n\n\n<p><strong>Talleres art\u00edsticos<\/strong><br>Los talleres estar\u00e1n orientados a actividades vinculadas al esp\u00edritu festivo y a experiencias participativas, habr\u00e1 un taller de cascabeles y villancicos, y otro de postales navide\u00f1as con t\u00e9cnicas como estampas, collage y dibujo.<\/p>\n\n\n\n<p><strong>Estaci\u00f3n Creativa<\/strong><br>Los chicos y chicas podr\u00e1n confeccionar sus vinchas navide\u00f1as y sus propios adornos para un \u00e1rbol de Navidad colectivo.<\/p>\n\n\n\n<p><strong>Estaci\u00f3n de juegos<\/strong><br>Metegol, ping pong, f\u00fatbol sentado, jenga gigante y de mesa, acompa\u00f1ados por animadores.\u00a0<\/p>\n\n\n\n<p><strong>Cada jornada cerrar\u00e1 con la m\u00fasica<\/strong> de Ensamble 440, con su presentar\u00e1 Navidad en Concierto, dirigido por el profesor Nacho Mandrafina. Orquesta, Solistas, Coro y Gran Escenograf\u00eda. Repertorio: Villancicos Navide\u00f1os.<\/p>\n\n\n\n<p><strong>En caso de lluvia, el calendario se reprogramar\u00e1 para el s\u00e1bado 20 <\/strong><\/p>\n\n\n\n<p>\u00a0<\/p>\n","protected":false},"excerpt":{"rendered":"<div class=\"mh-excerpt\">Para estas fiestas, plazas y parques de la Ciudad se visten de fiesta con propuestas gastron\u00f3micas, artistas itinerantes, juegos, cine, talleres y una plaza blanda navide\u00f1a para los m\u00e1s peques. <a class=\"mh-excerpt-more\" href=\"https:\/\/www.comuna13online.com.ar\/?p=20665\" title=\"El espiritu navide\u00f1o llega a Colegiales\">[&#8230;]<\/a><\/div>\n","protected":false},"author":1,"featured_media":20667,"comment_status":"closed","ping_status":"closed","sticky":false,"template":"","format":"standard","meta":{"_uag_custom_page_level_css":"","_jetpack_memberships_contains_paid_content":false,"footnotes":"","jetpack_publicize_message":"","jetpack_publicize_feature_enabled":true,"jetpack_social_post_already_shared":true,"jetpack_social_options":{"image_generator_settings":{"template":"highway","default_image_id":0,"font":"","enabled":false},"version":2}},"categories":[41],"tags":[19,250,296,71],"class_list":{"0":"post-20665","1":"post","2":"type-post","3":"status-publish","4":"format-standard","5":"has-post-thumbnail","7":"category-tiempo-libre","8":"tag-comuna-13","9":"tag-h2","10":"tag-h3","11":"tag-tiempo-libre"},"jetpack_publicize_connections":[],"jetpack_featured_media_url":"https:\/\/www.comuna13online.com.ar\/wp-content\/uploads\/2025\/12\/20251212a_id.jpg","uagb_featured_image_src":{"full":["https:\/\/www.comuna13online.com.ar\/wp-content\/uploads\/2025\/12\/20251212a_id.jpg",678,381,false],"thumbnail":["https:\/\/www.comuna13online.com.ar\/wp-content\/uploads\/2025\/12\/20251212a_id.jpg",128,72,false],"medium":["https:\/\/www.comuna13online.com.ar\/wp-content\/uploads\/2025\/12\/20251212a_id.jpg",678,381,false],"medium_large":["https:\/\/www.comuna13online.com.ar\/wp-content\/uploads\/2025\/12\/20251212a_id.jpg",678,381,false],"large":["https:\/\/www.comuna13online.com.ar\/wp-content\/uploads\/2025\/12\/20251212a_id.jpg",678,381,false],"1536x1536":["https:\/\/www.comuna13online.com.ar\/wp-content\/uploads\/2025\/12\/20251212a_id.jpg",678,381,false],"2048x2048":["https:\/\/www.comuna13online.com.ar\/wp-content\/uploads\/2025\/12\/20251212a_id.jpg",678,381,false],"mh-magazine-slider":["https:\/\/www.comuna13online.com.ar\/wp-content\/uploads\/2025\/12\/20251212a_id.jpg",678,381,false],"mh-magazine-content":["https:\/\/www.comuna13online.com.ar\/wp-content\/uploads\/2025\/12\/20251212a_id.jpg",678,381,false],"mh-magazine-large":["https:\/\/www.comuna13online.com.ar\/wp-content\/uploads\/2025\/12\/20251212a_id.jpg",678,381,false],"mh-magazine-medium":["https:\/\/www.comuna13online.com.ar\/wp-content\/uploads\/2025\/12\/20251212a_id-326x245.jpg",326,245,true],"mh-magazine-small":["https:\/\/www.comuna13online.com.ar\/wp-content\/uploads\/2025\/12\/20251212a_id-80x60.jpg",80,60,true],"sow-carousel-default":["https:\/\/www.comuna13online.com.ar\/wp-content\/uploads\/2025\/12\/20251212a_id-272x182.jpg",272,182,true]},"uagb_author_info":{"display_name":"Comuna13","author_link":"https:\/\/www.comuna13online.com.ar\/?author=1"},"uagb_comment_info":0,"uagb_excerpt":"Para estas fiestas, plazas y parques de la Ciudad se visten de fiesta con propuestas gastron\u00f3micas, artistas itinerantes, juegos, cine, talleres y una plaza blanda navide\u00f1a para los m\u00e1s peques. [...]","jetpack_sharing_enabled":true,"_links":{"self":[{"href":"https:\/\/www.comuna13online.com.ar\/index.php?rest_route=\/wp\/v2\/posts\/20665","targetHints":{"allow":["GET"]}}],"collection":[{"href":"https:\/\/www.comuna13online.com.ar\/index.php?rest_route=\/wp\/v2\/posts"}],"about":[{"href":"https:\/\/www.comuna13online.com.ar\/index.php?rest_route=\/wp\/v2\/types\/post"}],"author":[{"embeddable":true,"href":"https:\/\/www.comuna13online.com.ar\/index.php?rest_route=\/wp\/v2\/users\/1"}],"replies":[{"embeddable":true,"href":"https:\/\/www.comuna13online.com.ar\/index.php?rest_route=%2Fwp%2Fv2%2Fcomments&post=20665"}],"version-history":[{"count":0,"href":"https:\/\/www.comuna13online.com.ar\/index.php?rest_route=\/wp\/v2\/posts\/20665\/revisions"}],"wp:featuredmedia":[{"embeddable":true,"href":"https:\/\/www.comuna13online.com.ar\/index.php?rest_route=\/wp\/v2\/media\/20667"}],"wp:attachment":[{"href":"https:\/\/www.comuna13online.com.ar\/index.php?rest_route=%2Fwp%2Fv2%2Fmedia&parent=20665"}],"wp:term":[{"taxonomy":"category","embeddable":true,"href":"https:\/\/www.comuna13online.com.ar\/index.php?rest_route=%2Fwp%2Fv2%2Fcategories&post=20665"},{"taxonomy":"post_tag","embeddable":true,"href":"https:\/\/www.comuna13online.com.ar\/index.php?rest_route=%2Fwp%2Fv2%2Ftags&post=20665"}],"curies":[{"name":"wp","href":"https:\/\/api.w.org\/{rel}","templated":true}]}}