{"id":20659,"date":"2025-12-10T15:22:05","date_gmt":"2025-12-10T18:22:05","guid":{"rendered":"https:\/\/www.comuna13online.com.ar\/?p=20659"},"modified":"2025-12-26T11:58:42","modified_gmt":"2025-12-26T14:58:42","slug":"la-inflacion-en-la-ciudad-ascendio-a-24-en-noviembre-y-acumula-el-28-en-2025","status":"publish","type":"post","link":"https:\/\/www.comuna13online.com.ar\/?p=20659","title":{"rendered":"La inflaci\u00f3n en la Ciudad ascendi\u00f3 a 2,4% en noviembre y acumula el 28% en 2025"},"content":{"rendered":"\n<p><strong>La Direcci\u00f3n General de Estad\u00edsticas y Censos porte\u00f1a inform\u00f3 un incremento del 2,4% promedio de los precios en la Ciudad durante noviembre. En los \u00faltimos 12 meses alcanza un 32,6%.<\/strong><\/p>\n\n\n\n<figure class=\"wp-block-image size-full\"><img loading=\"lazy\" decoding=\"async\" width=\"678\" height=\"284\" data-attachment-id=\"20662\" data-permalink=\"https:\/\/www.comuna13online.com.ar\/?attachment_id=20662\" data-orig-file=\"https:\/\/www.comuna13online.com.ar\/wp-content\/uploads\/2025\/12\/inflacion01.gif\" data-orig-size=\"678,284\" data-comments-opened=\"0\" data-image-meta=\"{&quot;aperture&quot;:&quot;0&quot;,&quot;credit&quot;:&quot;&quot;,&quot;camera&quot;:&quot;&quot;,&quot;caption&quot;:&quot;&quot;,&quot;created_timestamp&quot;:&quot;0&quot;,&quot;copyright&quot;:&quot;&quot;,&quot;focal_length&quot;:&quot;0&quot;,&quot;iso&quot;:&quot;0&quot;,&quot;shutter_speed&quot;:&quot;0&quot;,&quot;title&quot;:&quot;&quot;,&quot;orientation&quot;:&quot;0&quot;}\" data-image-title=\"_inflacion01\" data-image-description=\"\" data-image-caption=\"\" data-large-file=\"https:\/\/www.comuna13online.com.ar\/wp-content\/uploads\/2025\/12\/inflacion01.gif\" src=\"https:\/\/www.comuna13online.com.ar\/wp-content\/uploads\/2025\/12\/inflacion01.gif\" alt=\"\" class=\"wp-image-20662\"\/><\/figure>\n\n\n\n<p>La inflaci\u00f3n en la Ciudad de Buenos Aires registr\u00f3 en noviembre un aumento de precios promedio de 2,4%, 0,2 puntos por encima de octubre, y en lo que transcurre de 2025, acumula un 28,3%, en tanto que la trayectoria interanual de este indicador descendi\u00f3 a 32,6%. (-1% respecto al mes previo).<\/p>\n\n\n\n<p>Durante noviembre la variaci\u00f3n del IPCBA respondi\u00f3 fundamentalmente a las subas en las siguientes divisiones: Vivienda, agua, electricidad, gas y otros combustibles, Alimentos y bebidas no alcoh\u00f3licas, Transporte, Restaurantes y hoteles y Recreaci\u00f3n y cultura, que en conjunto explicaron el 70,4% del alza del Nivel General<\/p>\n\n\n\n<div style=\"height:15px\" aria-hidden=\"true\" class=\"wp-block-spacer\"><\/div>\n\n\n\n<h3 class=\"wp-block-heading\">Divisiones<\/h3>\n\n\n\n<p><strong>Vivienda, agua, electricidad, gas y otros combustibles<\/strong> registr\u00f3 una suba de <strong>2,5%<\/strong> (+0,5%), impulsado principalmente por los incrementos en los valores de los gastos comunes por la vivienda, de los alquileres y las tarifas de luz y gas natural por red.<\/p>\n\n\n\n<p><strong>Alimentos y bebidas no alcoh\u00f3licas<\/strong> aument\u00f3 <strong>2,2%<\/strong> (+0,1%), los principales aumentos provinieron de Carnes y derivados, Pan y cereales y Frutas. En sentido contrario, se destac\u00f3 una baja en Verduras, tub\u00e9rculos y legumbres.<\/p>\n\n\n\n<p><strong>Transporte <\/strong>promedi\u00f3 un incremento de <strong>2,9%<\/strong> (+1%), explicado por los los ajustes en los precios de los combustibles y lubricantes para veh\u00edculos de uso hogare\u00f1o y de los autom\u00f3viles.<\/p>\n\n\n\n<p><strong>Restaurantes y hoteles<\/strong> registr\u00f3 una suba de <strong>2,7%<\/strong> (+0,6%), por las alzas en los precios de los alimentos preparados en restaurantes, bares y casas de comidas.<\/p>\n\n\n\n<p><strong>Recreaci\u00f3n y cultura<\/strong> se elev\u00f3 <strong>4,0%<\/strong> (+0,8%), como resultado de los aumentos en los paquetes tur\u00edsticos y los precios de los servicios recreativos, deportivos y culturales.<\/p>\n\n\n\n<p><strong>Salud<\/strong> se elev\u00f3 2%, por los ajustes en las cuotas de la medicina prepaga.<\/p>\n\n\n\n<div style=\"height:25px\" aria-hidden=\"true\" class=\"wp-block-spacer\"><\/div>\n\n\n\n<figure class=\"wp-block-image size-full\"><img loading=\"lazy\" decoding=\"async\" width=\"678\" height=\"452\" data-attachment-id=\"20661\" data-permalink=\"https:\/\/www.comuna13online.com.ar\/?attachment_id=20661\" data-orig-file=\"https:\/\/www.comuna13online.com.ar\/wp-content\/uploads\/2025\/12\/inflacion03.gif\" data-orig-size=\"678,452\" data-comments-opened=\"0\" data-image-meta=\"{&quot;aperture&quot;:&quot;0&quot;,&quot;credit&quot;:&quot;&quot;,&quot;camera&quot;:&quot;&quot;,&quot;caption&quot;:&quot;&quot;,&quot;created_timestamp&quot;:&quot;0&quot;,&quot;copyright&quot;:&quot;&quot;,&quot;focal_length&quot;:&quot;0&quot;,&quot;iso&quot;:&quot;0&quot;,&quot;shutter_speed&quot;:&quot;0&quot;,&quot;title&quot;:&quot;&quot;,&quot;orientation&quot;:&quot;0&quot;}\" data-image-title=\"_inflacion03\" data-image-description=\"\" data-image-caption=\"\" data-large-file=\"https:\/\/www.comuna13online.com.ar\/wp-content\/uploads\/2025\/12\/inflacion03.gif\" src=\"https:\/\/www.comuna13online.com.ar\/wp-content\/uploads\/2025\/12\/inflacion03.gif\" alt=\"\" class=\"wp-image-20661\" srcset=\"https:\/\/www.comuna13online.com.ar\/wp-content\/uploads\/2025\/12\/inflacion03.gif 678w, https:\/\/www.comuna13online.com.ar\/wp-content\/uploads\/2025\/12\/inflacion03-272x182.gif 272w\" sizes=\"auto, (max-width: 678px) 100vw, 678px\" \/><\/figure>\n\n\n\n<div style=\"height:25px\" aria-hidden=\"true\" class=\"wp-block-spacer\"><\/div>\n\n\n\n<h3 class=\"wp-block-heading\">Bienes y Servicios<\/h3>\n\n\n\n<p>Durante el mes de febrero los <strong>Bienes <\/strong>registraron una suba de <strong>2,3%<\/strong>, por debajo de los <strong>Servicios<\/strong> que aumentaron <strong>2,5%<\/strong>.<\/p>\n\n\n\n<p><strong>La din\u00e1mica mensual de los Bienes<\/strong> respondi\u00f3 fundamentalmente a los incrementos en los precios de los alimentos (principalmente panifcados, frutas y carnes), de los combustibles y lubricantes para veh\u00edculos de uso del hogar y de los autom\u00f3viles.<\/p>\n\n\n\n<p><strong>Por otro lado, el comportamiento de los Servicios<\/strong> re\ufb02ej\u00f3 principalmente los aumentos en los precios de los restaurantes, bares y casas de comida, junto con alzas en los valores de los gastos comunes por la vivienda y de los alquileres. Le siguieron en importancia, las subas en las cuotas de la medicina prepaga y de los establecimiento de ense\u00f1anza formal, junto con incrementos en los precios de los paquetes tur\u00edsticos. Las variaciones negativas en los valores de los pasajes a\u00e9reos contribuyeron a aminorar el alza de esta agrupaci\u00f3n.<\/p>\n\n\n\n<p>As\u00ed, en lo que va del a\u00f1o,<strong> <\/strong>los <strong>Bienes<\/strong> acumularon una suba de <strong>22%<\/strong> y los <strong>Servicios<\/strong> de <strong>32,4%.<\/strong><\/p>\n\n\n\n<figure class=\"wp-block-image size-full\"><img loading=\"lazy\" decoding=\"async\" width=\"678\" height=\"452\" data-attachment-id=\"20660\" data-permalink=\"https:\/\/www.comuna13online.com.ar\/?attachment_id=20660\" data-orig-file=\"https:\/\/www.comuna13online.com.ar\/wp-content\/uploads\/2025\/12\/inflacion02.gif\" data-orig-size=\"678,452\" data-comments-opened=\"0\" data-image-meta=\"{&quot;aperture&quot;:&quot;0&quot;,&quot;credit&quot;:&quot;&quot;,&quot;camera&quot;:&quot;&quot;,&quot;caption&quot;:&quot;&quot;,&quot;created_timestamp&quot;:&quot;0&quot;,&quot;copyright&quot;:&quot;&quot;,&quot;focal_length&quot;:&quot;0&quot;,&quot;iso&quot;:&quot;0&quot;,&quot;shutter_speed&quot;:&quot;0&quot;,&quot;title&quot;:&quot;&quot;,&quot;orientation&quot;:&quot;0&quot;}\" data-image-title=\"_inflacion02\" data-image-description=\"\" data-image-caption=\"\" data-large-file=\"https:\/\/www.comuna13online.com.ar\/wp-content\/uploads\/2025\/12\/inflacion02.gif\" src=\"https:\/\/www.comuna13online.com.ar\/wp-content\/uploads\/2025\/12\/inflacion02.gif\" alt=\"\" class=\"wp-image-20660\" srcset=\"https:\/\/www.comuna13online.com.ar\/wp-content\/uploads\/2025\/12\/inflacion02.gif 678w, https:\/\/www.comuna13online.com.ar\/wp-content\/uploads\/2025\/12\/inflacion02-272x182.gif 272w\" sizes=\"auto, (max-width: 678px) 100vw, 678px\" \/><\/figure>\n\n\n\n<p><strong>En t\u00e9rminos interanuales<\/strong>, los <strong>Bienes<\/strong> se se aceleraron  <strong>24,3%<\/strong> (+0,6%) en tato que los <strong>Servicios<\/strong> se desaceleraron hasta <strong>38%<\/strong> i.a. (-2,3% respecto del mes previo).<\/p>\n\n\n\n<div style=\"height:25px\" aria-hidden=\"true\" class=\"wp-block-spacer\"><\/div>\n\n\n\n<p class=\"has-text-align-right\"><sub><em>Fuente: <span><b>Direcci\u00f3n General de <\/b><\/span><strong>Estad\u00edsticas y Censos de la Ciudad de Buenos Aires<\/strong><\/em><\/sub><\/p>\n","protected":false},"excerpt":{"rendered":"<div class=\"mh-excerpt\">La Direcci\u00f3n General de Estad\u00edsticas y Censos porte\u00f1a inform\u00f3 un incremento del 2,4% promedio de los precios en la Ciudad durante noviembre. En los \u00faltimos 12 meses alcanza un 32,6%. <a class=\"mh-excerpt-more\" href=\"https:\/\/www.comuna13online.com.ar\/?p=20659\" title=\"La inflaci\u00f3n en la Ciudad ascendi\u00f3 a 2,4% en noviembre y acumula el 28% en 2025\">[&#8230;]<\/a><\/div>\n","protected":false},"author":1,"featured_media":20663,"comment_status":"closed","ping_status":"closed","sticky":false,"template":"","format":"standard","meta":{"_uag_custom_page_level_css":"","_jetpack_memberships_contains_paid_content":false,"footnotes":"","jetpack_publicize_message":"","jetpack_publicize_feature_enabled":true,"jetpack_social_post_already_shared":true,"jetpack_social_options":{"image_generator_settings":{"template":"highway","default_image_id":0,"font":"","enabled":false},"version":2}},"categories":[24],"tags":[246,296,25],"class_list":{"0":"post-20659","1":"post","2":"type-post","3":"status-publish","4":"format-standard","5":"has-post-thumbnail","7":"category-inflacion","8":"tag-h1","9":"tag-h3","10":"tag-inflacion"},"jetpack_publicize_connections":[],"jetpack_featured_media_url":"https:\/\/www.comuna13online.com.ar\/wp-content\/uploads\/2025\/12\/20251210a_id.jpg","uagb_featured_image_src":{"full":["https:\/\/www.comuna13online.com.ar\/wp-content\/uploads\/2025\/12\/20251210a_id.jpg",678,381,false],"thumbnail":["https:\/\/www.comuna13online.com.ar\/wp-content\/uploads\/2025\/12\/20251210a_id.jpg",128,72,false],"medium":["https:\/\/www.comuna13online.com.ar\/wp-content\/uploads\/2025\/12\/20251210a_id.jpg",678,381,false],"medium_large":["https:\/\/www.comuna13online.com.ar\/wp-content\/uploads\/2025\/12\/20251210a_id.jpg",678,381,false],"large":["https:\/\/www.comuna13online.com.ar\/wp-content\/uploads\/2025\/12\/20251210a_id.jpg",678,381,false],"1536x1536":["https:\/\/www.comuna13online.com.ar\/wp-content\/uploads\/2025\/12\/20251210a_id.jpg",678,381,false],"2048x2048":["https:\/\/www.comuna13online.com.ar\/wp-content\/uploads\/2025\/12\/20251210a_id.jpg",678,381,false],"mh-magazine-slider":["https:\/\/www.comuna13online.com.ar\/wp-content\/uploads\/2025\/12\/20251210a_id.jpg",678,381,false],"mh-magazine-content":["https:\/\/www.comuna13online.com.ar\/wp-content\/uploads\/2025\/12\/20251210a_id.jpg",678,381,false],"mh-magazine-large":["https:\/\/www.comuna13online.com.ar\/wp-content\/uploads\/2025\/12\/20251210a_id.jpg",678,381,false],"mh-magazine-medium":["https:\/\/www.comuna13online.com.ar\/wp-content\/uploads\/2025\/12\/20251210a_id-326x245.jpg",326,245,true],"mh-magazine-small":["https:\/\/www.comuna13online.com.ar\/wp-content\/uploads\/2025\/12\/20251210a_id-80x60.jpg",80,60,true],"sow-carousel-default":["https:\/\/www.comuna13online.com.ar\/wp-content\/uploads\/2025\/12\/20251210a_id-272x182.jpg",272,182,true]},"uagb_author_info":{"display_name":"Comuna13","author_link":"https:\/\/www.comuna13online.com.ar\/?author=1"},"uagb_comment_info":0,"uagb_excerpt":"La Direcci\u00f3n General de Estad\u00edsticas y Censos porte\u00f1a inform\u00f3 un incremento del 2,4% promedio de los precios en la Ciudad durante noviembre. En los \u00faltimos 12 meses alcanza un 32,6%. [...]","jetpack_sharing_enabled":true,"_links":{"self":[{"href":"https:\/\/www.comuna13online.com.ar\/index.php?rest_route=\/wp\/v2\/posts\/20659","targetHints":{"allow":["GET"]}}],"collection":[{"href":"https:\/\/www.comuna13online.com.ar\/index.php?rest_route=\/wp\/v2\/posts"}],"about":[{"href":"https:\/\/www.comuna13online.com.ar\/index.php?rest_route=\/wp\/v2\/types\/post"}],"author":[{"embeddable":true,"href":"https:\/\/www.comuna13online.com.ar\/index.php?rest_route=\/wp\/v2\/users\/1"}],"replies":[{"embeddable":true,"href":"https:\/\/www.comuna13online.com.ar\/index.php?rest_route=%2Fwp%2Fv2%2Fcomments&post=20659"}],"version-history":[{"count":0,"href":"https:\/\/www.comuna13online.com.ar\/index.php?rest_route=\/wp\/v2\/posts\/20659\/revisions"}],"wp:featuredmedia":[{"embeddable":true,"href":"https:\/\/www.comuna13online.com.ar\/index.php?rest_route=\/wp\/v2\/media\/20663"}],"wp:attachment":[{"href":"https:\/\/www.comuna13online.com.ar\/index.php?rest_route=%2Fwp%2Fv2%2Fmedia&parent=20659"}],"wp:term":[{"taxonomy":"category","embeddable":true,"href":"https:\/\/www.comuna13online.com.ar\/index.php?rest_route=%2Fwp%2Fv2%2Fcategories&post=20659"},{"taxonomy":"post_tag","embeddable":true,"href":"https:\/\/www.comuna13online.com.ar\/index.php?rest_route=%2Fwp%2Fv2%2Ftags&post=20659"}],"curies":[{"name":"wp","href":"https:\/\/api.w.org\/{rel}","templated":true}]}}