{"id":20651,"date":"2025-12-09T20:34:47","date_gmt":"2025-12-09T23:34:47","guid":{"rendered":"https:\/\/www.comuna13online.com.ar\/?p=20651"},"modified":"2025-12-09T20:39:24","modified_gmt":"2025-12-09T23:39:24","slug":"asumieron-los-nuevos-legisladores-portenos","status":"publish","type":"post","link":"https:\/\/www.comuna13online.com.ar\/?p=20651","title":{"rendered":"Asumieron los nuevos legisladores porte\u00f1os"},"content":{"rendered":"\n<p><strong>La Legislatura de la Ciudad celebr\u00f3 su sesi\u00f3n preparatoria para dar inicio al nuevo per\u00edodo legislativo con los nuevos diputados que asumieron sus bancas para el per\u00edodo 2025\/2029. Jorge Macri y su gabinete estuvieron presentes durante el acto.<\/strong><\/p>\n\n\n\n<figure class=\"wp-block-image size-full\"><img loading=\"lazy\" decoding=\"async\" width=\"678\" height=\"452\" data-attachment-id=\"20653\" data-permalink=\"https:\/\/www.comuna13online.com.ar\/?attachment_id=20653\" data-orig-file=\"https:\/\/www.comuna13online.com.ar\/wp-content\/uploads\/2025\/12\/20251209c_01.jpg\" data-orig-size=\"678,452\" data-comments-opened=\"0\" data-image-meta=\"{&quot;aperture&quot;:&quot;0&quot;,&quot;credit&quot;:&quot;&quot;,&quot;camera&quot;:&quot;&quot;,&quot;caption&quot;:&quot;&quot;,&quot;created_timestamp&quot;:&quot;0&quot;,&quot;copyright&quot;:&quot;&quot;,&quot;focal_length&quot;:&quot;0&quot;,&quot;iso&quot;:&quot;0&quot;,&quot;shutter_speed&quot;:&quot;0&quot;,&quot;title&quot;:&quot;&quot;,&quot;orientation&quot;:&quot;0&quot;}\" data-image-title=\"20251209c_01\" data-image-description=\"\" data-image-caption=\"\" data-large-file=\"https:\/\/www.comuna13online.com.ar\/wp-content\/uploads\/2025\/12\/20251209c_01.jpg\" src=\"https:\/\/www.comuna13online.com.ar\/wp-content\/uploads\/2025\/12\/20251209c_01.jpg\" alt=\"\" class=\"wp-image-20653\" srcset=\"https:\/\/www.comuna13online.com.ar\/wp-content\/uploads\/2025\/12\/20251209c_01.jpg 678w, https:\/\/www.comuna13online.com.ar\/wp-content\/uploads\/2025\/12\/20251209c_01-272x182.jpg 272w\" sizes=\"auto, (max-width: 678px) 100vw, 678px\" \/><\/figure>\n\n\n\n<div style=\"height:20px\" aria-hidden=\"true\" class=\"wp-block-spacer\"><\/div>\n\n\n\n<p>La Legislatura de la Ciudad Aut\u00f3noma de Buenos Aires celebr\u00f3 este martes su sesi\u00f3n preparatoria para dar inicio al nuevo per\u00edodo legislativo 2025-2029. La sesi\u00f3n fue presidida por Clara Muzzio, presidenta de la Legislatura porte\u00f1a y Vicejefa de Gobierno, y cont\u00f3 con la presencia del Jefe de Gobierno de la Ciudad, Jorge Macri, quien estuvo acompa\u00f1ado de su gabinete.&nbsp;<\/p>\n\n\n\n<p>La diputada Silvia Lospennato fue la responsable de presentar la propuesta de autoridades para el cuerpo que, tras ser aprobada por los diputados, qued\u00f3 conformada de la siguiente manera:<\/p>\n\n\n\n<ul class=\"wp-block-list\">\n<li>Vicepresidente Primero: Mat\u00edas L\u00f3pez, quien llevaba en el cargo 2 a\u00f1os, del bloque Vamos por m\u00e1s.<\/li>\n\n\n\n<li>Vicepresidente Segundo: Juan Pablo Modarelli, que integra el bloque Fuerza por Buenos Aires<\/li>\n\n\n\n<li>Vicepresidente Tercero: Juan Pablo Arenaza, del bloque La Libertad Avanza.<\/li>\n<\/ul>\n\n\n\n<div style=\"height:15px\" aria-hidden=\"true\" class=\"wp-block-spacer\"><\/div>\n\n\n\n<p>Asimismo, fueron designados los siguientes funcionarios:<\/p>\n\n\n\n<ul class=\"wp-block-list\">\n<li>Secretario Parlamentario: Pablo Schillagi.<\/li>\n\n\n\n<li>Secretario Administrativo: Christian Gribaudo.<\/li>\n\n\n\n<li>Secretario de Coordinaci\u00f3n: Augusto Mich.<\/li>\n<\/ul>\n\n\n\n<div style=\"height:15px\" aria-hidden=\"true\" class=\"wp-block-spacer\"><\/div>\n\n\n\n<p>El diputado<strong> Mat\u00edas L\u00f3pez<\/strong> agradeci\u00f3 la confianza de sus colegas al votarlo para ocupar el rol de Vicepresidente Primero por otro per\u00edodo y destac\u00f3 el trabajo colectivo, afirmando que <em>\u00abnada de lo que se hace ac\u00e1 se construye solo. Siempre es entre varios y como toda tarea colectiva, construir lleva tiempo\u201d<\/em>. <em>\u201cDestruir puede llevar un segundo, pero construir desde la diferencia exige tiempo. Exige paciencia, esfuerzo, incomodidad, angustia y, sobre todo, generosidad\u201d<\/em> afirm\u00f3 L\u00f3pez y subray\u00f3 que <em>\u201csin dudas es un camino m\u00e1s largo y m\u00e1s inc\u00f3modo. Pero tambi\u00e9n es el que lleva a resultados m\u00e1s s\u00f3lidos y sostenibles en el tiempo\u201d<\/em>. Tambi\u00e9n convoc\u00f3 a sus colegas a trabajar para lograr <em>\u00abuna Legislatura fuerte, cercana y humana que devuelva la confianza a nuestros vecinos\u00bb<\/em>, destacando que la pluralidad del cuerpo <em>\u00abno es un problema sino la riqueza de esta Casa\u00bb<\/em>.<\/p>\n\n\n\n<p>Por su parte, <strong>Juan Pablo Modarelli<\/strong>, Vicepresidente Segundo, reconoci\u00f3 el trabajo conjunto a pesar de las diferencias pol\u00edticas: <em>\u00abEl ejecutivo se encontr\u00f3 con un bloque que siempre intent\u00f3, a pesar de tener ideas opuestas a las de quienes gobiernan hace 18 a\u00f1os, sentarnos a poder tratar y mejorar todas las leyes\u201d<\/em>.<\/p>\n\n\n\n<p>Mientras que<strong> Juan Pablo Arenaza<\/strong>, Vicepresidente Tercero, agradeci\u00f3 la confianza de sus colegas: <em>\u00abSomos una fuerza nueva. Cada uno de nosotros tenemos ideas diferentes, las llevamos con pasi\u00f3n y el juego de la democracia tiene que ver con respetarnos\u00bb<\/em>.<\/p>\n\n\n\n<div style=\"height:15px\" aria-hidden=\"true\" class=\"wp-block-spacer\"><\/div>\n\n\n\n<h4 class=\"wp-block-heading\">Legisladores que asumieron sus bancas para el per\u00edodo 2025 \u2013 2029<\/h4>\n\n\n\n<p><strong>Bloque Fuerza por Buenos Aires<\/strong><br>Berenice Ia\u00f1ez, Noem\u00ed Geminiani, Claudia Negri, Federico Mochi, Andrea Gonz\u00e1lez, Francisco Caporiccio, Juan Pablo Modarelli, Alejandro Salvatierra, B\u00e1rbara Rossen y Leandro Santoro.<\/p>\n\n\n\n<p><strong>Bloque La Libertad Avanza<\/strong><br>Rebeca Fleitas, Luc\u00eda Montenegro, Marcelo Ernst, Diego Vartabedian, Andrea Freguia, Juan Ignacio Fern\u00e1ndez, Marina Kienast, Nicol\u00e1s Pakgojz, Solana Pelayo, Leonardo Saifert y Juan Pablo Arenaza.<\/p>\n\n\n\n<p><strong>bloque Vamos por m\u00e1s<\/strong><br>Silvia Lospennato, Roc\u00edo Figueroa, Dar\u00edo Nieto, Laura Alonso y Waldo Wolf.<\/p>\n\n\n\n<p><strong>Bloque Confianza y Desarrollo<\/strong><br>Horacio Rodr\u00edguez Larreta, Emmanuel Ferrario y Guadalupe Tagliaferri.<\/p>\n\n\n\n<p><strong>Bloque Frente de Izquierda y los Trabajadores Unidad &#8211; PO.<\/strong><br>Vanina Biasi<\/p>\n\n\n\n<div style=\"height:15px\" aria-hidden=\"true\" class=\"wp-block-spacer\"><\/div>\n\n\n\n<h4 class=\"wp-block-heading\">Bloques parlamentarios<\/h4>\n\n\n\n<ul class=\"wp-block-list\">\n<li>Fuerza por Buenos Aires, presidido por Claudia Neira.<\/li>\n\n\n\n<li>La Libertad Avanza, presidido por Pilar Ram\u00edrez.<\/li>\n\n\n\n<li>Vamos por M\u00e1s, presidido por Silvia Lospennato.<\/li>\n\n\n\n<li>Ciudadanos Unidos \/ UCR, presidido por Manuela Thourte.<\/li>\n\n\n\n<li>Confianza y Desarrollo, presidido por Graciela Oca\u00f1a.<\/li>\n\n\n\n<li>Republicanos Unidos, integrado y presidido por Pablo Donati.<\/li>\n\n\n\n<li>Transformaci\u00f3n, presidido e integrado por Eugenio Casielles.<\/li>\n\n\n\n<li>PTS\/ Frente de Izquierda, integrado y presidido por Andrea D\u00b4Atri.<\/li>\n\n\n\n<li>Frente de Izquierda y los Trabajadores Unidad \u2013 PO, integrado y presidido por Vanina Biasi.<\/li>\n<\/ul>\n\n\n\n<div style=\"height:25px\" aria-hidden=\"true\" class=\"wp-block-spacer\"><\/div>\n\n\n\n<p class=\"has-text-align-right\"><sub>Fuente: <em><strong>Legislatura de la Ciudad Aut\u00f3noma de Buenos Aires<\/strong><\/em><\/sub><\/p>\n","protected":false},"excerpt":{"rendered":"<div class=\"mh-excerpt\">La Legislatura de la Ciudad celebr\u00f3 su sesi\u00f3n preparatoria para dar inicio al nuevo per\u00edodo legislativo con los nuevos diputados que asumieron sus bancas para el per\u00edodo 2025\/2029. Jorge Macri <a class=\"mh-excerpt-more\" href=\"https:\/\/www.comuna13online.com.ar\/?p=20651\" title=\"Asumieron los nuevos legisladores porte\u00f1os\">[&#8230;]<\/a><\/div>\n","protected":false},"author":1,"featured_media":20652,"comment_status":"closed","ping_status":"closed","sticky":false,"template":"","format":"standard","meta":{"_uag_custom_page_level_css":"","_jetpack_memberships_contains_paid_content":false,"footnotes":"","jetpack_publicize_message":"","jetpack_publicize_feature_enabled":true,"jetpack_social_post_already_shared":true,"jetpack_social_options":{"image_generator_settings":{"template":"highway","default_image_id":0,"font":"","enabled":false},"version":2}},"categories":[21],"tags":[250,296,7],"class_list":{"0":"post-20651","1":"post","2":"type-post","3":"status-publish","4":"format-standard","5":"has-post-thumbnail","7":"category-legislatura","8":"tag-h2","9":"tag-h3","10":"tag-legislatura"},"jetpack_publicize_connections":[],"jetpack_featured_media_url":"https:\/\/www.comuna13online.com.ar\/wp-content\/uploads\/2025\/12\/20251209c_id.jpg","uagb_featured_image_src":{"full":["https:\/\/www.comuna13online.com.ar\/wp-content\/uploads\/2025\/12\/20251209c_id.jpg",678,381,false],"thumbnail":["https:\/\/www.comuna13online.com.ar\/wp-content\/uploads\/2025\/12\/20251209c_id.jpg",128,72,false],"medium":["https:\/\/www.comuna13online.com.ar\/wp-content\/uploads\/2025\/12\/20251209c_id.jpg",678,381,false],"medium_large":["https:\/\/www.comuna13online.com.ar\/wp-content\/uploads\/2025\/12\/20251209c_id.jpg",678,381,false],"large":["https:\/\/www.comuna13online.com.ar\/wp-content\/uploads\/2025\/12\/20251209c_id.jpg",678,381,false],"1536x1536":["https:\/\/www.comuna13online.com.ar\/wp-content\/uploads\/2025\/12\/20251209c_id.jpg",678,381,false],"2048x2048":["https:\/\/www.comuna13online.com.ar\/wp-content\/uploads\/2025\/12\/20251209c_id.jpg",678,381,false],"mh-magazine-slider":["https:\/\/www.comuna13online.com.ar\/wp-content\/uploads\/2025\/12\/20251209c_id.jpg",678,381,false],"mh-magazine-content":["https:\/\/www.comuna13online.com.ar\/wp-content\/uploads\/2025\/12\/20251209c_id.jpg",678,381,false],"mh-magazine-large":["https:\/\/www.comuna13online.com.ar\/wp-content\/uploads\/2025\/12\/20251209c_id.jpg",678,381,false],"mh-magazine-medium":["https:\/\/www.comuna13online.com.ar\/wp-content\/uploads\/2025\/12\/20251209c_id-326x245.jpg",326,245,true],"mh-magazine-small":["https:\/\/www.comuna13online.com.ar\/wp-content\/uploads\/2025\/12\/20251209c_id-80x60.jpg",80,60,true],"sow-carousel-default":["https:\/\/www.comuna13online.com.ar\/wp-content\/uploads\/2025\/12\/20251209c_id-272x182.jpg",272,182,true]},"uagb_author_info":{"display_name":"Comuna13","author_link":"https:\/\/www.comuna13online.com.ar\/?author=1"},"uagb_comment_info":0,"uagb_excerpt":"La Legislatura de la Ciudad celebr\u00f3 su sesi\u00f3n preparatoria para dar inicio al nuevo per\u00edodo legislativo con los nuevos diputados que asumieron sus bancas para el per\u00edodo 2025\/2029. Jorge Macri [...]","jetpack_sharing_enabled":true,"_links":{"self":[{"href":"https:\/\/www.comuna13online.com.ar\/index.php?rest_route=\/wp\/v2\/posts\/20651","targetHints":{"allow":["GET"]}}],"collection":[{"href":"https:\/\/www.comuna13online.com.ar\/index.php?rest_route=\/wp\/v2\/posts"}],"about":[{"href":"https:\/\/www.comuna13online.com.ar\/index.php?rest_route=\/wp\/v2\/types\/post"}],"author":[{"embeddable":true,"href":"https:\/\/www.comuna13online.com.ar\/index.php?rest_route=\/wp\/v2\/users\/1"}],"replies":[{"embeddable":true,"href":"https:\/\/www.comuna13online.com.ar\/index.php?rest_route=%2Fwp%2Fv2%2Fcomments&post=20651"}],"version-history":[{"count":0,"href":"https:\/\/www.comuna13online.com.ar\/index.php?rest_route=\/wp\/v2\/posts\/20651\/revisions"}],"wp:featuredmedia":[{"embeddable":true,"href":"https:\/\/www.comuna13online.com.ar\/index.php?rest_route=\/wp\/v2\/media\/20652"}],"wp:attachment":[{"href":"https:\/\/www.comuna13online.com.ar\/index.php?rest_route=%2Fwp%2Fv2%2Fmedia&parent=20651"}],"wp:term":[{"taxonomy":"category","embeddable":true,"href":"https:\/\/www.comuna13online.com.ar\/index.php?rest_route=%2Fwp%2Fv2%2Fcategories&post=20651"},{"taxonomy":"post_tag","embeddable":true,"href":"https:\/\/www.comuna13online.com.ar\/index.php?rest_route=%2Fwp%2Fv2%2Ftags&post=20651"}],"curies":[{"name":"wp","href":"https:\/\/api.w.org\/{rel}","templated":true}]}}