{"id":20647,"date":"2025-12-09T20:06:27","date_gmt":"2025-12-09T23:06:27","guid":{"rendered":"https:\/\/www.comuna13online.com.ar\/?p=20647"},"modified":"2025-12-09T20:06:27","modified_gmt":"2025-12-09T23:06:27","slug":"navidad-en-el-mercado-de-belgrano-2","status":"publish","type":"post","link":"https:\/\/www.comuna13online.com.ar\/?p=20647","title":{"rendered":"Navidad en el Mercado de Belgrano"},"content":{"rendered":"\n<p><strong>La Navidad llega al Mercado de Belgrano, con actividades recreativas, un \u00e1rbol navide\u00f1o y la presencia de Pap\u00e1 No\u00e9l para que los chicos puedan entregar sus cartas y sacarse fotos.<\/strong><\/p>\n\n\n\n<figure class=\"wp-block-image size-full\"><img loading=\"lazy\" decoding=\"async\" width=\"678\" height=\"508\" data-attachment-id=\"20649\" data-permalink=\"https:\/\/www.comuna13online.com.ar\/?attachment_id=20649\" data-orig-file=\"https:\/\/www.comuna13online.com.ar\/wp-content\/uploads\/2025\/12\/20251209b_01.jpg\" data-orig-size=\"678,508\" data-comments-opened=\"0\" data-image-meta=\"{&quot;aperture&quot;:&quot;0&quot;,&quot;credit&quot;:&quot;&quot;,&quot;camera&quot;:&quot;&quot;,&quot;caption&quot;:&quot;&quot;,&quot;created_timestamp&quot;:&quot;0&quot;,&quot;copyright&quot;:&quot;&quot;,&quot;focal_length&quot;:&quot;0&quot;,&quot;iso&quot;:&quot;0&quot;,&quot;shutter_speed&quot;:&quot;0&quot;,&quot;title&quot;:&quot;&quot;,&quot;orientation&quot;:&quot;0&quot;}\" data-image-title=\"20251209b_01\" data-image-description=\"\" data-image-caption=\"\" data-large-file=\"https:\/\/www.comuna13online.com.ar\/wp-content\/uploads\/2025\/12\/20251209b_01.jpg\" src=\"https:\/\/www.comuna13online.com.ar\/wp-content\/uploads\/2025\/12\/20251209b_01.jpg\" alt=\"\" class=\"wp-image-20649\" srcset=\"https:\/\/www.comuna13online.com.ar\/wp-content\/uploads\/2025\/12\/20251209b_01.jpg 678w, https:\/\/www.comuna13online.com.ar\/wp-content\/uploads\/2025\/12\/20251209b_01-326x245.jpg 326w, https:\/\/www.comuna13online.com.ar\/wp-content\/uploads\/2025\/12\/20251209b_01-80x60.jpg 80w\" sizes=\"auto, (max-width: 678px) 100vw, 678px\" \/><\/figure>\n\n\n\n<div style=\"height:20px\" aria-hidden=\"true\" class=\"wp-block-spacer\"><\/div>\n\n\n\n<p>Navidad en los Mercados acerca actividades recreativas y festivas en dos de los mercados m\u00e1s representativos de la Ciudad: el Mercado de San Nicol\u00e1s y el Mercado de Belgrano.<\/p>\n\n\n\n<p> El mi\u00e9rcoles 10 y 17 de diciembre de 16 a 18 horas el Mercado de Belgrano <a href=\"https:\/\/www.google.com\/maps\/place\/Mercado+de+Belgrano\/@-34.5628623,-58.4584006,19z\/data=!4m15!1m8!3m7!1s0x95bcb5d468883795:0xf21b18a96b3a04de!2sAv.+Juramento+2527,+C1428+Cdad.+Aut%C3%B3noma+de+Buenos+Aires!3b1!8m2!3d-34.5628954!4d-58.4585079!16s%2Fg%2F11p5jxh4kj!3m5!1s0x95bcb5d4700f074f:0x7dc83b852e98f0fe!8m2!3d-34.5626594!4d-58.4583093!16s%2Fg%2F11cn5qp4wd?entry=ttu&amp;g_ep=EgoyMDI1MTIwNy4wIKXMDSoASAFQAw%3D%3D\" target=\"_blank\" rel=\"noreferrer noopener\"><em>(Juramento 2527)<\/em><\/a> abre sus puertas con una programaci\u00f3n especial para todo p\u00fablico para celebrar el esp\u00edritu navide\u00f1o. La entrada es gratuita.<\/p>\n\n\n\n<p>Las familias que acerquen podr\u00e1n sacarse fotos con Pap\u00e1 No\u00e9l y entregarle su cara, adem\u00e1s habr\u00e1 un Buz\u00f3n Navide\u00f1o para que puedan dejar sus deseos y mensajes festivos. En el \u00c1rbol de Navidad, un Ayudante de Pap\u00e1 Noel acompa\u00f1ar\u00e1 y guiar\u00e1 a las familias a lo largo del recorrido.<\/p>\n","protected":false},"excerpt":{"rendered":"<div class=\"mh-excerpt\">La Navidad llega al Mercado de Belgrano, con actividades recreativas, un \u00e1rbol navide\u00f1o y la presencia de Pap\u00e1 No\u00e9l para que los chicos puedan entregar sus cartas y sacarse fotos. <a class=\"mh-excerpt-more\" href=\"https:\/\/www.comuna13online.com.ar\/?p=20647\" title=\"Navidad en el Mercado de Belgrano\">[&#8230;]<\/a><\/div>\n","protected":false},"author":1,"featured_media":20648,"comment_status":"closed","ping_status":"closed","sticky":false,"template":"","format":"standard","meta":{"_uag_custom_page_level_css":"","_jetpack_memberships_contains_paid_content":false,"footnotes":"","jetpack_publicize_message":"","jetpack_publicize_feature_enabled":true,"jetpack_social_post_already_shared":false,"jetpack_social_options":{"image_generator_settings":{"template":"highway","default_image_id":0,"font":"","enabled":false},"version":2}},"categories":[41],"tags":[19,250,296,71],"class_list":{"0":"post-20647","1":"post","2":"type-post","3":"status-publish","4":"format-standard","5":"has-post-thumbnail","7":"category-tiempo-libre","8":"tag-comuna-13","9":"tag-h2","10":"tag-h3","11":"tag-tiempo-libre"},"jetpack_publicize_connections":[],"jetpack_featured_media_url":"https:\/\/www.comuna13online.com.ar\/wp-content\/uploads\/2025\/12\/20251209b_id.jpg","uagb_featured_image_src":{"full":["https:\/\/www.comuna13online.com.ar\/wp-content\/uploads\/2025\/12\/20251209b_id.jpg",678,381,false],"thumbnail":["https:\/\/www.comuna13online.com.ar\/wp-content\/uploads\/2025\/12\/20251209b_id.jpg",128,72,false],"medium":["https:\/\/www.comuna13online.com.ar\/wp-content\/uploads\/2025\/12\/20251209b_id.jpg",678,381,false],"medium_large":["https:\/\/www.comuna13online.com.ar\/wp-content\/uploads\/2025\/12\/20251209b_id.jpg",678,381,false],"large":["https:\/\/www.comuna13online.com.ar\/wp-content\/uploads\/2025\/12\/20251209b_id.jpg",678,381,false],"1536x1536":["https:\/\/www.comuna13online.com.ar\/wp-content\/uploads\/2025\/12\/20251209b_id.jpg",678,381,false],"2048x2048":["https:\/\/www.comuna13online.com.ar\/wp-content\/uploads\/2025\/12\/20251209b_id.jpg",678,381,false],"mh-magazine-slider":["https:\/\/www.comuna13online.com.ar\/wp-content\/uploads\/2025\/12\/20251209b_id.jpg",678,381,false],"mh-magazine-content":["https:\/\/www.comuna13online.com.ar\/wp-content\/uploads\/2025\/12\/20251209b_id.jpg",678,381,false],"mh-magazine-large":["https:\/\/www.comuna13online.com.ar\/wp-content\/uploads\/2025\/12\/20251209b_id.jpg",678,381,false],"mh-magazine-medium":["https:\/\/www.comuna13online.com.ar\/wp-content\/uploads\/2025\/12\/20251209b_id-326x245.jpg",326,245,true],"mh-magazine-small":["https:\/\/www.comuna13online.com.ar\/wp-content\/uploads\/2025\/12\/20251209b_id-80x60.jpg",80,60,true],"sow-carousel-default":["https:\/\/www.comuna13online.com.ar\/wp-content\/uploads\/2025\/12\/20251209b_id-272x182.jpg",272,182,true]},"uagb_author_info":{"display_name":"Comuna13","author_link":"https:\/\/www.comuna13online.com.ar\/?author=1"},"uagb_comment_info":0,"uagb_excerpt":"La Navidad llega al Mercado de Belgrano, con actividades recreativas, un \u00e1rbol navide\u00f1o y la presencia de Pap\u00e1 No\u00e9l para que los chicos puedan entregar sus cartas y sacarse fotos. [...]","jetpack_sharing_enabled":true,"_links":{"self":[{"href":"https:\/\/www.comuna13online.com.ar\/index.php?rest_route=\/wp\/v2\/posts\/20647","targetHints":{"allow":["GET"]}}],"collection":[{"href":"https:\/\/www.comuna13online.com.ar\/index.php?rest_route=\/wp\/v2\/posts"}],"about":[{"href":"https:\/\/www.comuna13online.com.ar\/index.php?rest_route=\/wp\/v2\/types\/post"}],"author":[{"embeddable":true,"href":"https:\/\/www.comuna13online.com.ar\/index.php?rest_route=\/wp\/v2\/users\/1"}],"replies":[{"embeddable":true,"href":"https:\/\/www.comuna13online.com.ar\/index.php?rest_route=%2Fwp%2Fv2%2Fcomments&post=20647"}],"version-history":[{"count":0,"href":"https:\/\/www.comuna13online.com.ar\/index.php?rest_route=\/wp\/v2\/posts\/20647\/revisions"}],"wp:featuredmedia":[{"embeddable":true,"href":"https:\/\/www.comuna13online.com.ar\/index.php?rest_route=\/wp\/v2\/media\/20648"}],"wp:attachment":[{"href":"https:\/\/www.comuna13online.com.ar\/index.php?rest_route=%2Fwp%2Fv2%2Fmedia&parent=20647"}],"wp:term":[{"taxonomy":"category","embeddable":true,"href":"https:\/\/www.comuna13online.com.ar\/index.php?rest_route=%2Fwp%2Fv2%2Fcategories&post=20647"},{"taxonomy":"post_tag","embeddable":true,"href":"https:\/\/www.comuna13online.com.ar\/index.php?rest_route=%2Fwp%2Fv2%2Ftags&post=20647"}],"curies":[{"name":"wp","href":"https:\/\/api.w.org\/{rel}","templated":true}]}}