{"id":20644,"date":"2025-12-12T18:51:45","date_gmt":"2025-12-12T21:51:45","guid":{"rendered":"https:\/\/www.comuna13online.com.ar\/?p=20644"},"modified":"2025-12-09T19:19:34","modified_gmt":"2025-12-09T22:19:34","slug":"el-festival-vegano-sabe-tierra-vuelve-a-colegiales","status":"publish","type":"post","link":"https:\/\/www.comuna13online.com.ar\/?p=20644","title":{"rendered":"El Festival Vegano Sabe Tierra vuelve a Colegiales"},"content":{"rendered":"\n<p><strong>Este s\u00e1bado 13 y domingo 14 de diciembre llega una nueva edici\u00f3n del Festival Vegano al Mercado de las Pulgas, Habr\u00e1 gastronom\u00eda, emprendimientos, panader\u00eda, reposter\u00eda, hamburguesas y opciones sin tacc.\u00a0<\/strong><\/p>\n\n\n\n<figure class=\"wp-block-image size-full\"><img loading=\"lazy\" decoding=\"async\" width=\"678\" height=\"452\" data-attachment-id=\"15888\" data-permalink=\"https:\/\/www.comuna13online.com.ar\/?attachment_id=15888\" data-orig-file=\"https:\/\/www.comuna13online.com.ar\/wp-content\/uploads\/2022\/08\/20220811a_01.jpg\" data-orig-size=\"678,452\" data-comments-opened=\"0\" data-image-meta=\"{&quot;aperture&quot;:&quot;0&quot;,&quot;credit&quot;:&quot;&quot;,&quot;camera&quot;:&quot;&quot;,&quot;caption&quot;:&quot;&quot;,&quot;created_timestamp&quot;:&quot;0&quot;,&quot;copyright&quot;:&quot;&quot;,&quot;focal_length&quot;:&quot;0&quot;,&quot;iso&quot;:&quot;0&quot;,&quot;shutter_speed&quot;:&quot;0&quot;,&quot;title&quot;:&quot;&quot;,&quot;orientation&quot;:&quot;0&quot;}\" data-image-title=\"20220811a_01\" data-image-description=\"\" data-image-caption=\"\" data-large-file=\"https:\/\/www.comuna13online.com.ar\/wp-content\/uploads\/2022\/08\/20220811a_01.jpg\" src=\"https:\/\/www.comuna13online.com.ar\/wp-content\/uploads\/2022\/08\/20220811a_01.jpg\" alt=\"\" class=\"wp-image-15888\" srcset=\"https:\/\/www.comuna13online.com.ar\/wp-content\/uploads\/2022\/08\/20220811a_01.jpg 678w, https:\/\/www.comuna13online.com.ar\/wp-content\/uploads\/2022\/08\/20220811a_01-272x182.jpg 272w\" sizes=\"auto, (max-width: 678px) 100vw, 678px\" \/><\/figure>\n\n\n\n<p>Si eres vegano o simplemente te interesa el estilo de vida saludable, no te puedes perder el Festival Vegano de Sabe la Tierra, se llevar\u00e1 a cabo este s\u00e1bado y domingo de 11 a 19.30 horas en el play\u00f3n del Mercado de Pulgas de Colegiales <a href=\"https:\/\/www.google.com\/maps\/place\/General+Enrique+Mart%C3%ADnez+%26+Concepci%C3%B3n+Arenal,+Buenos+Aires\/@-34.5814089,-58.4472117,17.28z\/data=!4m10!1m2!2m1!1sEnr%C3%ADquez+Mart%C3%ADnez+y+Concepci%C3%B3n+Arenal!3m6!1s0x95bcb5ec05543b91:0x96255e1e6c7cd4e2!8m2!3d-34.581459!4d-58.4451592!15sCihFbnLDrXF1ZXogTWFydMOtbmV6IHkgQ29uY2VwY2nDs24gQXJlbmFskgEMaW50ZXJzZWN0aW9u4AEA!16s%2Fg%2F11h9vj5zr8?hl=es&amp;entry=ttu\" target=\"_blank\" rel=\"noreferrer noopener\"><em>(Enr\u00edquez Mart\u00ednez y Concepci\u00f3n Arenal)<\/em><\/a>. Habr\u00e1 m\u00e1s de 400 productos veganos, con entrada libre y gratuita. Se suspende por lluvia.<\/p>\n\n\n\n<p>El evento es una iniciativa del Ministerio de Espacio P\u00fablico e Higiene Urbana, que busca promover el consumo de productos veganos, saludables y sustentables. En la 13\u00b0 edici\u00f3n del Festival habr\u00e1 alrededor de 70 propuestas 100% veganas. <\/p>\n\n\n\n<p>Aquellos que asisten podr\u00e1n disfrutar de la mejor gastronom\u00eda vegana gastronom\u00eda adem\u00e1s de stands con emprendimientos que ofrecen todo tipo de insumos para cocinar y tambi\u00e9n snacks, crackers, waffles, todo en versi\u00f3n dulce y salada, quesos vegetales, bebidas probi\u00f3ticas, alimentos vivos, untables, d\u00e1tiles rellenos, frutos secos, tofus, panader\u00eda y reposter\u00eda, yerbas, blends, t\u00e9s, caf\u00e9s, hierbas agroecol\u00f3gicas, aceites vegetales, aderezos, conservas, mermeladas, hongos de diferentes tipos y en diferentes preparaciones, especias, helados, sandwiches y hamburguesas de todo tipo, pancho estilo alem\u00e1n, empanadas, sushi, falafels y cientos de productos m\u00e1s con opciones sin tacc.<\/p>\n\n\n\n<p>En esta edici\u00f3n se suma el\u00a0dise\u00f1o sustentable\u00a0con una amplia variedad de objetos, la\u00a0moda \u00e9tica y circular, la\u00a0cosm\u00e9tica natural y bienestar\u00a0(como adapt\u00f3genos, cannabis, almohadillas, medicina herbal, maquillaje, implementos para yoga, entre otros).\u00a0Tambi\u00e9n arquitectura y jardiner\u00eda\u00a0(semillas, composteras, huertas, plantas, arreglos florales),\u00a0casa y deco.<\/p>\n\n\n\n<p>Habr\u00e1 un sector infancia con\u00a0juegos did\u00e1cticos para chicos,\u00a0degustaciones,\u00a0espacio de hidrataci\u00f3n y sombrillas y M\u00fasica en vivo para completar una jornada ideal. <\/p>\n\n\n\n<h4 class=\"wp-block-heading\"><strong>Habr\u00e1\u00a0actividades pensadas para todas las edades:<\/strong><\/h4>\n\n\n\n<ul class=\"wp-block-list\">\n<li>Clases de cocina.<\/li>\n\n\n\n<li>Clases de yoga<\/li>\n\n\n\n<li>Talleres de huerta<\/li>\n\n\n\n<li>Charlas sobre alimentaci\u00f3n plant based<\/li>\n\n\n\n<li>Taller de barismo<\/li>\n\n\n\n<li>Presentaci\u00f3n de libros<\/li>\n<\/ul>\n\n\n\n<div style=\"height:15px\" aria-hidden=\"true\" class=\"wp-block-spacer\"><\/div>\n\n\n\n<figure class=\"wp-block-image size-full\"><img loading=\"lazy\" decoding=\"async\" width=\"678\" height=\"381\" data-attachment-id=\"19373\" data-permalink=\"https:\/\/www.comuna13online.com.ar\/?attachment_id=19373\" data-orig-file=\"https:\/\/www.comuna13online.com.ar\/wp-content\/uploads\/2024\/09\/20240927a_01.jpg\" data-orig-size=\"678,381\" data-comments-opened=\"0\" data-image-meta=\"{&quot;aperture&quot;:&quot;0&quot;,&quot;credit&quot;:&quot;&quot;,&quot;camera&quot;:&quot;&quot;,&quot;caption&quot;:&quot;&quot;,&quot;created_timestamp&quot;:&quot;0&quot;,&quot;copyright&quot;:&quot;&quot;,&quot;focal_length&quot;:&quot;0&quot;,&quot;iso&quot;:&quot;0&quot;,&quot;shutter_speed&quot;:&quot;0&quot;,&quot;title&quot;:&quot;&quot;,&quot;orientation&quot;:&quot;0&quot;}\" data-image-title=\"20240927a_01\" data-image-description=\"\" data-image-caption=\"\" data-large-file=\"https:\/\/www.comuna13online.com.ar\/wp-content\/uploads\/2024\/09\/20240927a_01.jpg\" src=\"https:\/\/www.comuna13online.com.ar\/wp-content\/uploads\/2024\/09\/20240927a_01.jpg\" alt=\"\" class=\"wp-image-19373\"\/><\/figure>\n\n\n\n<div style=\"height:15px\" aria-hidden=\"true\" class=\"wp-block-spacer\"><\/div>\n\n\n\n<h3 class=\"wp-block-heading\">El Festival Vegano Sabe Tierra vuelve a Colegiales<\/h3>\n\n\n\n<p><strong>\u00bfCu\u00e1ndo?<\/strong><br>S\u00e1bado 13 y domingo 14 de diciembre, de 11 a 19:30 h<\/p>\n\n\n\n<p><strong>\u00bfD\u00f3nde?<\/strong><br>Play\u00f3n del Mercado de Pulgas. Enrique Mart\u00ednez y Concepci\u00f3n Arenal, Colegiales.<\/p>\n\n\n\n<p>Entrada libre y gratuita. Se suspende por lluvia<\/p>\n\n\n\n<p><strong>Transportes Cercanos:<\/strong><br>Colectivos: 19, 39, 44, 65, 90, 93, 108, 140, 151, 168, 176 y 184.<\/p>\n\n\n\n<iframe src=\"https:\/\/www.google.com\/maps\/embed?pb=!1m18!1m12!1m3!1d3284.897540758743!2d-58.445159200000006!3d-34.581458999999995!2m3!1f0!2f0!3f0!3m2!1i1024!2i768!4f13.1!3m3!1m2!1s0x95bcb5ec05543b91%3A0x96255e1e6c7cd4e2!2sGeneral%20Enrique%20Mart%C3%ADnez%20%26%20Concepci%C3%B3n%20Arenal%2C%20C1426%20Cdad.%20Aut%C3%B3noma%20de%20Buenos%20Aires!5e0!3m2!1ses-419!2sar!4v1765318481610!5m2!1ses-419!2sar\" width=\"678\" height=\"452\" style=\"border:0;\" allowfullscreen=\"\" loading=\"lazy\" referrerpolicy=\"no-referrer-when-downgrade\"><\/iframe>\n","protected":false},"excerpt":{"rendered":"<div class=\"mh-excerpt\">Este s\u00e1bado 13 y domingo 14 de diciembre llega una nueva edici\u00f3n del Festival Vegano al Mercado de las Pulgas, Habr\u00e1 gastronom\u00eda, emprendimientos, panader\u00eda, reposter\u00eda, hamburguesas y opciones sin tacc.\u00a0 <a class=\"mh-excerpt-more\" href=\"https:\/\/www.comuna13online.com.ar\/?p=20644\" title=\"El Festival Vegano Sabe Tierra vuelve a Colegiales\">[&#8230;]<\/a><\/div>\n","protected":false},"author":1,"featured_media":19374,"comment_status":"closed","ping_status":"closed","sticky":false,"template":"","format":"standard","meta":{"_uag_custom_page_level_css":"","_jetpack_memberships_contains_paid_content":false,"footnotes":"","jetpack_publicize_message":"","jetpack_publicize_feature_enabled":true,"jetpack_social_post_already_shared":true,"jetpack_social_options":{"image_generator_settings":{"template":"highway","default_image_id":0,"font":"","enabled":false},"version":2}},"categories":[220],"tags":[19,221,250,296],"class_list":{"0":"post-20644","1":"post","2":"type-post","3":"status-publish","4":"format-standard","5":"has-post-thumbnail","7":"category-ferias","8":"tag-comuna-13","9":"tag-ferias","10":"tag-h2","11":"tag-h3"},"jetpack_publicize_connections":[],"jetpack_featured_media_url":"https:\/\/www.comuna13online.com.ar\/wp-content\/uploads\/2024\/09\/20240927a_id.jpg","uagb_featured_image_src":{"full":["https:\/\/www.comuna13online.com.ar\/wp-content\/uploads\/2024\/09\/20240927a_id.jpg",678,381,false],"thumbnail":["https:\/\/www.comuna13online.com.ar\/wp-content\/uploads\/2024\/09\/20240927a_id.jpg",128,72,false],"medium":["https:\/\/www.comuna13online.com.ar\/wp-content\/uploads\/2024\/09\/20240927a_id.jpg",678,381,false],"medium_large":["https:\/\/www.comuna13online.com.ar\/wp-content\/uploads\/2024\/09\/20240927a_id.jpg",678,381,false],"large":["https:\/\/www.comuna13online.com.ar\/wp-content\/uploads\/2024\/09\/20240927a_id.jpg",678,381,false],"1536x1536":["https:\/\/www.comuna13online.com.ar\/wp-content\/uploads\/2024\/09\/20240927a_id.jpg",678,381,false],"2048x2048":["https:\/\/www.comuna13online.com.ar\/wp-content\/uploads\/2024\/09\/20240927a_id.jpg",678,381,false],"mh-magazine-slider":["https:\/\/www.comuna13online.com.ar\/wp-content\/uploads\/2024\/09\/20240927a_id.jpg",678,381,false],"mh-magazine-content":["https:\/\/www.comuna13online.com.ar\/wp-content\/uploads\/2024\/09\/20240927a_id.jpg",678,381,false],"mh-magazine-large":["https:\/\/www.comuna13online.com.ar\/wp-content\/uploads\/2024\/09\/20240927a_id.jpg",678,381,false],"mh-magazine-medium":["https:\/\/www.comuna13online.com.ar\/wp-content\/uploads\/2024\/09\/20240927a_id-326x245.jpg",326,245,true],"mh-magazine-small":["https:\/\/www.comuna13online.com.ar\/wp-content\/uploads\/2024\/09\/20240927a_id-80x60.jpg",80,60,true],"sow-carousel-default":["https:\/\/www.comuna13online.com.ar\/wp-content\/uploads\/2024\/09\/20240927a_id-272x182.jpg",272,182,true]},"uagb_author_info":{"display_name":"Comuna13","author_link":"https:\/\/www.comuna13online.com.ar\/?author=1"},"uagb_comment_info":0,"uagb_excerpt":"Este s\u00e1bado 13 y domingo 14 de diciembre llega una nueva edici\u00f3n del Festival Vegano al Mercado de las Pulgas, Habr\u00e1 gastronom\u00eda, emprendimientos, panader\u00eda, reposter\u00eda, hamburguesas y opciones sin tacc.\u00a0 [...]","jetpack_sharing_enabled":true,"_links":{"self":[{"href":"https:\/\/www.comuna13online.com.ar\/index.php?rest_route=\/wp\/v2\/posts\/20644","targetHints":{"allow":["GET"]}}],"collection":[{"href":"https:\/\/www.comuna13online.com.ar\/index.php?rest_route=\/wp\/v2\/posts"}],"about":[{"href":"https:\/\/www.comuna13online.com.ar\/index.php?rest_route=\/wp\/v2\/types\/post"}],"author":[{"embeddable":true,"href":"https:\/\/www.comuna13online.com.ar\/index.php?rest_route=\/wp\/v2\/users\/1"}],"replies":[{"embeddable":true,"href":"https:\/\/www.comuna13online.com.ar\/index.php?rest_route=%2Fwp%2Fv2%2Fcomments&post=20644"}],"version-history":[{"count":0,"href":"https:\/\/www.comuna13online.com.ar\/index.php?rest_route=\/wp\/v2\/posts\/20644\/revisions"}],"wp:featuredmedia":[{"embeddable":true,"href":"https:\/\/www.comuna13online.com.ar\/index.php?rest_route=\/wp\/v2\/media\/19374"}],"wp:attachment":[{"href":"https:\/\/www.comuna13online.com.ar\/index.php?rest_route=%2Fwp%2Fv2%2Fmedia&parent=20644"}],"wp:term":[{"taxonomy":"category","embeddable":true,"href":"https:\/\/www.comuna13online.com.ar\/index.php?rest_route=%2Fwp%2Fv2%2Fcategories&post=20644"},{"taxonomy":"post_tag","embeddable":true,"href":"https:\/\/www.comuna13online.com.ar\/index.php?rest_route=%2Fwp%2Fv2%2Ftags&post=20644"}],"curies":[{"name":"wp","href":"https:\/\/api.w.org\/{rel}","templated":true}]}}