{"id":20638,"date":"2025-12-09T18:45:08","date_gmt":"2025-12-09T21:45:08","guid":{"rendered":"https:\/\/www.comuna13online.com.ar\/?p=20638"},"modified":"2025-12-09T18:49:00","modified_gmt":"2025-12-09T21:49:00","slug":"el-espiritu-navideno-se-instalo-en-la-ciudad","status":"publish","type":"post","link":"https:\/\/www.comuna13online.com.ar\/?p=20638","title":{"rendered":"El esp\u00edritu navide\u00f1o se instal\u00f3 en la Ciudad"},"content":{"rendered":"\n<p><strong>La Ciudad comenz\u00f3 a celebrar el esp\u00edritu de la Navidad con encendido de luces, m\u00fasica y un mapping en el Obelisco, que se extiende a avenidas, sitios hist\u00f3ricos y plazas porte\u00f1as.<\/strong><\/p>\n\n\n\n<figure class=\"wp-block-image size-full\"><img loading=\"lazy\" decoding=\"async\" width=\"677\" height=\"381\" data-attachment-id=\"20639\" data-permalink=\"https:\/\/www.comuna13online.com.ar\/?attachment_id=20639\" data-orig-file=\"https:\/\/www.comuna13online.com.ar\/wp-content\/uploads\/2025\/12\/20251209a_id.jpg\" data-orig-size=\"677,381\" data-comments-opened=\"0\" data-image-meta=\"{&quot;aperture&quot;:&quot;0&quot;,&quot;credit&quot;:&quot;&quot;,&quot;camera&quot;:&quot;&quot;,&quot;caption&quot;:&quot;&quot;,&quot;created_timestamp&quot;:&quot;0&quot;,&quot;copyright&quot;:&quot;&quot;,&quot;focal_length&quot;:&quot;0&quot;,&quot;iso&quot;:&quot;0&quot;,&quot;shutter_speed&quot;:&quot;0&quot;,&quot;title&quot;:&quot;&quot;,&quot;orientation&quot;:&quot;0&quot;}\" data-image-title=\"20251209a_id\" data-image-description=\"\" data-image-caption=\"\" data-large-file=\"https:\/\/www.comuna13online.com.ar\/wp-content\/uploads\/2025\/12\/20251209a_id.jpg\" src=\"https:\/\/www.comuna13online.com.ar\/wp-content\/uploads\/2025\/12\/20251209a_id.jpg\" alt=\"\" class=\"wp-image-20639\"\/><\/figure>\n\n\n\n<div style=\"height:20px\" aria-hidden=\"true\" class=\"wp-block-spacer\"><\/div>\n\n\n\n<p>Con el encendido de luces y un show de canciones navide\u00f1as frente al Obelisco, la Ciudad comenz\u00f3 a celebrar por tercer a\u00f1o consecutivo el esp\u00edritu de las Fiestas. A partir de este lunes, Buenos Aires se ilumina con la Navidad en sus principales avenidas, sitios hist\u00f3ricos y en cada una de las plazas y sus 15 comunas.<\/p>\n\n\n\n<p>Adem\u00e1s, el BA Verde de Plaza de la Rep\u00fablica se visti\u00f3 para recibir la fiesta, junto a esculturas de luz y un pesebre, y se proyect\u00f3 un mapping sobre el Obelisco, que tambi\u00e9n se replicar\u00e1 el pr\u00f3ximo mi\u00e9rcoles 24 desde las 21 a las 2 de la ma\u00f1ana del jueves.<\/p>\n\n\n\n<p>Las celebraci\u00f3n de las Fiestas en la Ciudad incluye un Paseo Navide\u00f1o con un jard\u00edn lum\u00ednico en la Plaza Sicilia de Palermo, mercado navide\u00f1o y shows sinf\u00f3nicos con piezas cl\u00e1sicas. Adem\u00e1s, otras plazas tendr\u00e1n propuestas, talleres y espect\u00e1culos para divertirse con los chicos, y los centros comerciales a cielo abierto y los mercados gastron\u00f3micos porte\u00f1os ofrecer\u00e1n actividades, sorteos y descuentos.<\/p>\n\n\n\n<p>Hasta el mi\u00e9rcoles 7 de enero de 2026 se iluminan plazas, parques, avenidas y centros comerciales de las 15 comunas porte\u00f1as. Como cada a\u00f1o, la iniciativa busca embellecer el espacio p\u00fablico y ofrecer a vecinos y turistas una experiencia visual \u00fanica a trav\u00e9s de \u00e1rboles emblem\u00e1ticos, guirnaldas y m\u00e1s de un millar de adornos lum\u00ednicos.<\/p>\n\n\n\n<div style=\"height:20px\" aria-hidden=\"true\" class=\"wp-block-spacer\"><\/div>\n\n\n\n<figure class=\"wp-block-image size-full\"><img loading=\"lazy\" decoding=\"async\" width=\"678\" height=\"452\" data-attachment-id=\"20640\" data-permalink=\"https:\/\/www.comuna13online.com.ar\/?attachment_id=20640\" data-orig-file=\"https:\/\/www.comuna13online.com.ar\/wp-content\/uploads\/2025\/12\/20251209a_01.jpg\" data-orig-size=\"678,452\" data-comments-opened=\"0\" data-image-meta=\"{&quot;aperture&quot;:&quot;0&quot;,&quot;credit&quot;:&quot;&quot;,&quot;camera&quot;:&quot;&quot;,&quot;caption&quot;:&quot;&quot;,&quot;created_timestamp&quot;:&quot;0&quot;,&quot;copyright&quot;:&quot;&quot;,&quot;focal_length&quot;:&quot;0&quot;,&quot;iso&quot;:&quot;0&quot;,&quot;shutter_speed&quot;:&quot;0&quot;,&quot;title&quot;:&quot;&quot;,&quot;orientation&quot;:&quot;0&quot;}\" data-image-title=\"20251209a_01\" data-image-description=\"\" data-image-caption=\"\" data-large-file=\"https:\/\/www.comuna13online.com.ar\/wp-content\/uploads\/2025\/12\/20251209a_01.jpg\" src=\"https:\/\/www.comuna13online.com.ar\/wp-content\/uploads\/2025\/12\/20251209a_01.jpg\" alt=\"\" class=\"wp-image-20640\" srcset=\"https:\/\/www.comuna13online.com.ar\/wp-content\/uploads\/2025\/12\/20251209a_01.jpg 678w, https:\/\/www.comuna13online.com.ar\/wp-content\/uploads\/2025\/12\/20251209a_01-272x182.jpg 272w\" sizes=\"auto, (max-width: 678px) 100vw, 678px\" \/><\/figure>\n\n\n\n<div style=\"height:20px\" aria-hidden=\"true\" class=\"wp-block-spacer\"><\/div>\n\n\n\n<h4 class=\"wp-block-heading\">D\u00f3nde ver los \u00e1rboles de Navidad<\/h4>\n\n\n\n<p>Los \u00e1rboles de Navidad est\u00e1n ubicados en plazas y espacios representativos de cada Comuna, entre ellos:<\/p>\n\n\n\n<p>C1: Cantero Central Rodolfo Ortega Pe\u00f1a &#8211; Av. 9 de Julio y Arenales.<br>C2: Plazoleta Brigadier Gral. Tom\u00e1s de Iriarte &#8211; Av. Libertador 2050.<br>C3: Plaza Miserere &#8211; Av. Rivadavia y Av. Pueyrred\u00f3n.<br>C4: Barrio Estaci\u00f3n Buenos Aires &#8211; Av. Su\u00e1rez y Roberto S\u00e1nchez y Vuelta de Rocha &#8211; Av. Pedro de Mendoza y Rocha (La Boca).<br>C5: Plaza Almagro &#8211; Bulnes y Sarmiento.<br>C6: Plazoleta Greslebin &#8211; Av. D\u00edaz V\u00e9lez y Av. Leopoldo Marechal.<br>C7: Parque Chacabuco &#8211; Av. Asamblea y Emilio Mitre.<br>C8: Rotonda de Av. Escalada y Av. Francisco Fern\u00e1ndez de la Cruz.<br>C9: Parque Alberdi &#8211; Av. Lisandro de la Torre y Av. Directorio.<br>C10: Plaza de la Bandera &#8211; Av. Juan B. Justo y Carrasco.<br>C11: Plaza Arenales &#8211; Chivilcoy y Nueva York.<br>C12: En Pico y Balb\u00edn.<br><strong>C13: Plaza Barrancas de Belgrano &#8211; <\/strong><a href=\"https:\/\/www.google.com\/maps\/place\/Av.+Virrey+V%C3%A9rtiz+%26+Av.+Juramento,+C1428+Cdad.+Aut%C3%B3noma+de+Buenos+Aires\/data=!4m2!3m1!1s0x95bcb5cd46c2faab:0xaa588f84b346dcc5?sa=X&amp;ved=1t:242&amp;ictx=111\" target=\"_blank\" rel=\"noreferrer noopener\"><em>Av. Virrey Vertiz y Juramento<\/em><\/a><strong>.<br><\/strong>C14: Plaza Rep\u00fablica Isl\u00e1mica de Ir\u00e1n &#8211; Av. Figueroa Alcorta y Av. Sarmiento y Plaza Sicilia &#8211; Av. Del Libertador y Sarmiento.<br>C15: Parque Los Andes &#8211; Av. Jorge Newbery y Av. Corrientes.<\/p>\n\n\n\n<p>Adem\u00e1s de los \u00e1rboles, calles y avenidas est\u00e1n decoradas con ornamentaci\u00f3n lum\u00ednica en zonas comerciales y corredores urbanos como las avenidas Santa Fe, Corrientes, Callao, C\u00f3rdoba, Rivadavia, Gaona, Cabildo, Federico Lacroze, Triunvirato, Del Libertador, Figueroa Alcorta, Caseros, Mart\u00edn Garc\u00eda, San Juan, D\u00edaz Velez, Honorio Pueyrred\u00f3n, Pedro Goyena y Caminito, entre otras.<\/p>\n\n\n\n<p><\/p>\n","protected":false},"excerpt":{"rendered":"<div class=\"mh-excerpt\">La Ciudad comenz\u00f3 a celebrar el esp\u00edritu de la Navidad con encendido de luces, m\u00fasica y un mapping en el Obelisco, que se extiende a avenidas, sitios hist\u00f3ricos y plazas <a class=\"mh-excerpt-more\" href=\"https:\/\/www.comuna13online.com.ar\/?p=20638\" title=\"El esp\u00edritu navide\u00f1o se instal\u00f3 en la Ciudad\">[&#8230;]<\/a><\/div>\n","protected":false},"author":1,"featured_media":20639,"comment_status":"closed","ping_status":"closed","sticky":false,"template":"","format":"standard","meta":{"_uag_custom_page_level_css":"","_jetpack_memberships_contains_paid_content":false,"footnotes":"","jetpack_publicize_message":"","jetpack_publicize_feature_enabled":true,"jetpack_social_post_already_shared":true,"jetpack_social_options":{"image_generator_settings":{"template":"highway","default_image_id":0,"font":"","enabled":false},"version":2}},"categories":[41],"tags":[250,296,71],"class_list":{"0":"post-20638","1":"post","2":"type-post","3":"status-publish","4":"format-standard","5":"has-post-thumbnail","7":"category-tiempo-libre","8":"tag-h2","9":"tag-h3","10":"tag-tiempo-libre"},"jetpack_publicize_connections":[],"jetpack_featured_media_url":"https:\/\/www.comuna13online.com.ar\/wp-content\/uploads\/2025\/12\/20251209a_id.jpg","uagb_featured_image_src":{"full":["https:\/\/www.comuna13online.com.ar\/wp-content\/uploads\/2025\/12\/20251209a_id.jpg",677,381,false],"thumbnail":["https:\/\/www.comuna13online.com.ar\/wp-content\/uploads\/2025\/12\/20251209a_id.jpg",128,72,false],"medium":["https:\/\/www.comuna13online.com.ar\/wp-content\/uploads\/2025\/12\/20251209a_id.jpg",677,381,false],"medium_large":["https:\/\/www.comuna13online.com.ar\/wp-content\/uploads\/2025\/12\/20251209a_id.jpg",677,381,false],"large":["https:\/\/www.comuna13online.com.ar\/wp-content\/uploads\/2025\/12\/20251209a_id.jpg",677,381,false],"1536x1536":["https:\/\/www.comuna13online.com.ar\/wp-content\/uploads\/2025\/12\/20251209a_id.jpg",677,381,false],"2048x2048":["https:\/\/www.comuna13online.com.ar\/wp-content\/uploads\/2025\/12\/20251209a_id.jpg",677,381,false],"mh-magazine-slider":["https:\/\/www.comuna13online.com.ar\/wp-content\/uploads\/2025\/12\/20251209a_id.jpg",677,381,false],"mh-magazine-content":["https:\/\/www.comuna13online.com.ar\/wp-content\/uploads\/2025\/12\/20251209a_id.jpg",677,381,false],"mh-magazine-large":["https:\/\/www.comuna13online.com.ar\/wp-content\/uploads\/2025\/12\/20251209a_id.jpg",677,381,false],"mh-magazine-medium":["https:\/\/www.comuna13online.com.ar\/wp-content\/uploads\/2025\/12\/20251209a_id-326x245.jpg",326,245,true],"mh-magazine-small":["https:\/\/www.comuna13online.com.ar\/wp-content\/uploads\/2025\/12\/20251209a_id-80x60.jpg",80,60,true],"sow-carousel-default":["https:\/\/www.comuna13online.com.ar\/wp-content\/uploads\/2025\/12\/20251209a_id-272x182.jpg",272,182,true]},"uagb_author_info":{"display_name":"Comuna13","author_link":"https:\/\/www.comuna13online.com.ar\/?author=1"},"uagb_comment_info":0,"uagb_excerpt":"La Ciudad comenz\u00f3 a celebrar el esp\u00edritu de la Navidad con encendido de luces, m\u00fasica y un mapping en el Obelisco, que se extiende a avenidas, sitios hist\u00f3ricos y plazas [...]","jetpack_sharing_enabled":true,"_links":{"self":[{"href":"https:\/\/www.comuna13online.com.ar\/index.php?rest_route=\/wp\/v2\/posts\/20638","targetHints":{"allow":["GET"]}}],"collection":[{"href":"https:\/\/www.comuna13online.com.ar\/index.php?rest_route=\/wp\/v2\/posts"}],"about":[{"href":"https:\/\/www.comuna13online.com.ar\/index.php?rest_route=\/wp\/v2\/types\/post"}],"author":[{"embeddable":true,"href":"https:\/\/www.comuna13online.com.ar\/index.php?rest_route=\/wp\/v2\/users\/1"}],"replies":[{"embeddable":true,"href":"https:\/\/www.comuna13online.com.ar\/index.php?rest_route=%2Fwp%2Fv2%2Fcomments&post=20638"}],"version-history":[{"count":0,"href":"https:\/\/www.comuna13online.com.ar\/index.php?rest_route=\/wp\/v2\/posts\/20638\/revisions"}],"wp:featuredmedia":[{"embeddable":true,"href":"https:\/\/www.comuna13online.com.ar\/index.php?rest_route=\/wp\/v2\/media\/20639"}],"wp:attachment":[{"href":"https:\/\/www.comuna13online.com.ar\/index.php?rest_route=%2Fwp%2Fv2%2Fmedia&parent=20638"}],"wp:term":[{"taxonomy":"category","embeddable":true,"href":"https:\/\/www.comuna13online.com.ar\/index.php?rest_route=%2Fwp%2Fv2%2Fcategories&post=20638"},{"taxonomy":"post_tag","embeddable":true,"href":"https:\/\/www.comuna13online.com.ar\/index.php?rest_route=%2Fwp%2Fv2%2Ftags&post=20638"}],"curies":[{"name":"wp","href":"https:\/\/api.w.org\/{rel}","templated":true}]}}