{"id":20613,"date":"2025-12-03T15:18:03","date_gmt":"2025-12-03T18:18:03","guid":{"rendered":"https:\/\/www.comuna13online.com.ar\/?p=20613"},"modified":"2025-12-04T20:44:58","modified_gmt":"2025-12-04T23:44:58","slug":"dia-internacional-por-los-derechos-de-las-personas-con-discapacidad","status":"publish","type":"post","link":"https:\/\/www.comuna13online.com.ar\/?p=20613","title":{"rendered":"D\u00eda Internacional por los derechos de las personas con discapacidad"},"content":{"rendered":"\n<p><strong>Cada 3 de diciembre se celebra el D\u00eda Internacional de las Personas con Discapacidad, busca generar conciencia, promover los derechos y fomentar su plena y equitativa participaci\u00f3n en la sociedad.<\/strong><\/p>\n\n\n\n<figure class=\"wp-block-image size-full\"><img loading=\"lazy\" decoding=\"async\" width=\"678\" height=\"381\" data-attachment-id=\"20615\" data-permalink=\"https:\/\/www.comuna13online.com.ar\/?attachment_id=20615\" data-orig-file=\"https:\/\/www.comuna13online.com.ar\/wp-content\/uploads\/2025\/12\/20251203b_01.jpg\" data-orig-size=\"678,381\" data-comments-opened=\"0\" data-image-meta=\"{&quot;aperture&quot;:&quot;0&quot;,&quot;credit&quot;:&quot;&quot;,&quot;camera&quot;:&quot;&quot;,&quot;caption&quot;:&quot;&quot;,&quot;created_timestamp&quot;:&quot;0&quot;,&quot;copyright&quot;:&quot;&quot;,&quot;focal_length&quot;:&quot;0&quot;,&quot;iso&quot;:&quot;0&quot;,&quot;shutter_speed&quot;:&quot;0&quot;,&quot;title&quot;:&quot;&quot;,&quot;orientation&quot;:&quot;0&quot;}\" data-image-title=\"20251203b_01\" data-image-description=\"\" data-image-caption=\"\" data-large-file=\"https:\/\/www.comuna13online.com.ar\/wp-content\/uploads\/2025\/12\/20251203b_01.jpg\" src=\"https:\/\/www.comuna13online.com.ar\/wp-content\/uploads\/2025\/12\/20251203b_01.jpg\" alt=\"\" class=\"wp-image-20615\"\/><\/figure>\n\n\n\n<div style=\"height:20px\" aria-hidden=\"true\" class=\"wp-block-spacer\"><\/div>\n\n\n\n<p>En 1992, al t\u00e9rmino del Decenio de las\u00a0Naciones Unidas\u00a0para los Impedidos (1983-1992), la Asamblea General proclam\u00f3 el d\u00eda 3 de diciembre\u00a0<strong>D\u00eda Internacional de las Personas con Discapacidad<\/strong>. Su objetivo es promover los derechos y el bienestar de las personas con discapacidades en todos los \u00e1mbitos de la sociedad y el desarrollo, as\u00ed como concienciar sobre su situaci\u00f3n en todos los aspectos de la vida pol\u00edtica, social, econ\u00f3mica y cultural.<\/p>\n\n\n\n<p>En 2025, el lema de la campa\u00f1a es&nbsp;<strong>\u201cFomentar sociedades inclusivas para el progreso social\u201d<\/strong>, surge del compromiso renovado de los dirigentes mundiales reunidos en la Segunda Cumbre Mundial para el Desarrollo Social de construir un mundo m\u00e1s justo, inclusivo, equitativo y sostenible, y de su comprensi\u00f3n de que el avance del desarrollo social depende de la inclusi\u00f3n de todos los segmentos de la sociedad.<\/p>\n\n\n\n<p>En todas las regiones, las personas con discapacidad y sus familias se enfrentan a retos y obst\u00e1culos para alcanzar los objetivos de desarrollo social:<\/p>\n\n\n\n<ul class=\"wp-block-list\">\n<li>Tienen m\u00e1s probabilidades de vivir en la pobreza.<\/li>\n\n\n\n<li>Contin\u00faan enfrent\u00e1ndose a la discriminaci\u00f3n laboral: reciben salarios m\u00e1s bajos y est\u00e1n mayoritariamente representadas en el sector de la econom\u00eda informal.<\/li>\n\n\n\n<li>Los sistemas de protecci\u00f3n social tienen una cobertura desigual y son inadecuados si se consideran los costes adicionales relacionados con la discapacidad y con frecuencia excluyen a las personas con discapacidad del sector informal.<\/li>\n\n\n\n<li>Adem\u00e1s, muchas personas con discapacidad experimentan en los sistemas de atenci\u00f3n y apoyo una continua denegaci\u00f3n de su dignidad, autonom\u00eda y capacidad de acci\u00f3n.<\/li>\n<\/ul>\n\n\n\n<p>Desde este medio entendemos que la informaci\u00f3n y capacitaci\u00f3n de toda la sociedad es necesaria para romper mitos respecto a la discapacidad.<\/p>\n\n\n\n<p>Si bien, el camino hacia la plena inclusi\u00f3n a\u00fan requiere enfrentar barreras culturales y estructurales, de nuestro lado seguimos haciendo un trabajo diario e incansable para garantizar la inclusi\u00f3n de ni\u00f1as, ni\u00f1os y adolescentes, promoviendo su participaci\u00f3n activa en la sociedad y el respeto de sus derechos, as\u00ed como tambi\u00e9n impulsamos campa\u00f1as para la adopci\u00f3n de ni\u00f1eces y adolescencias con discapacidad.<\/p>\n\n\n\n<p>Este v\u00ednculo entre lo global, y lo local demuestra que la inclusi\u00f3n es un desaf\u00edo compartido y una oportunidad colectiva, que el cambio comienza desde el compromiso de todos los sectores de la sociedad.<\/p>\n\n\n\n<div style=\"height:20px\" aria-hidden=\"true\" class=\"wp-block-spacer\"><\/div>\n\n\n\n<div align=\"center\">\n<blockquote class=\"twitter-tweet\"><p lang=\"es\" dir=\"ltr\">La infancia y la juventud con discapacidad tienen 2,5 m\u00e1s probabilidades de no asistir a la escuela NUNCA.<br><br>Garantizar una educaci\u00f3n inclusiva es una inversi\u00f3n inteligente que beneficia a toda la humanidad.<br><br>Comparte si est\u00e1s de acuerdo.<br><br>V\u00eda <a href=\"https:\/\/twitter.com\/UNESCO_es?ref_src=twsrc%5Etfw\">@UNESCO_es<\/a> <a href=\"https:\/\/t.co\/sjpKSU6yPv\">pic.twitter.com\/sjpKSU6yPv<\/a><\/p>&mdash; Naciones Unidas (@ONU_es) <a href=\"https:\/\/twitter.com\/ONU_es\/status\/1996277753923199062?ref_src=twsrc%5Etfw\">December 3, 2025<\/a><\/blockquote> <script async src=\"https:\/\/platform.twitter.com\/widgets.js\" charset=\"utf-8\"><\/script>\n<\/div>\n\n\n\n<div style=\"height:20px\" aria-hidden=\"true\" class=\"wp-block-spacer\"><\/div>\n\n\n\n<h3 class=\"wp-block-heading\">Campa\u00f1a \u201cUn derecho sin barreras\u201d &#8211; D\u00eda Internacional de las Personas con Discapacidad<\/h3>\n\n\n\n<p>En el marco del D\u00eda Internacional de las Personas con Discapacidad, el \u00d3rgano Garante del Derecho de Acceso a la Informaci\u00f3n reafirma su compromiso para que el acceso a la informaci\u00f3n p\u00fablica sea un derecho sin barreras: disponible, comprensible y \u00fatil para todas las personas. <\/p>\n\n\n\n<p>Como parte de ese compromiso, presenta \u201cUn derecho sin barreras\u201d, una campa\u00f1a que visibiliza en redes c\u00f3mo distintas \u00e1reas del Gobierno de la Ciudad de Buenos Aires impulsan acciones concretas para construir una Ciudad m\u00e1s inclusiva y accesible.<\/p>\n\n\n\n<p>Esta iniciativa destaca pol\u00edticas y programas que, desde distintos \u00e1mbitos, fortalecen el ejercicio de derechos de las personas con discapacidad.<\/p>\n\n\n\n<p><strong>Programas y acciones que integran esta campa\u00f1a:<\/strong><\/p>\n\n\n\n<p>Diversas \u00e1reas del GCBA desarrollan herramientas y servicios que ampl\u00edan la autonom\u00eda y la participaci\u00f3n ciudadana:<\/p>\n\n\n\n<h4 class=\"wp-block-heading\">BA Cara a Cara:<\/h4>\n\n\n\n<p>Es un espacio de atenci\u00f3n personalizada que facilita la gesti\u00f3n de tr\u00e1mites y consultas, promoviendo una comunicaci\u00f3n directa y accesible.<\/p>\n\n\n\n<p>M\u00e1s informaci\u00f3n&nbsp;<a href=\"https:\/\/buenosaires.gob.ar\/jefedegobierno\/legalytecnica\/direccion-general-mesa-de-entradas-salidas-y-archivo\/buenos-aires\" target=\"_blank\" rel=\"noreferrer noopener\">aqu\u00ed<\/a>.<\/p>\n\n\n\n<div style=\"height:15px\" aria-hidden=\"true\" class=\"wp-block-spacer\"><\/div>\n\n\n\n<h4 class=\"wp-block-heading\">Atenci\u00f3n en Lengua de Se\u00f1as Argentina en la Mesa de Entradas:<\/h4>\n\n\n\n<p>La Ciudad cuenta con servicio de interpretaci\u00f3n de Lengua de Se\u00f1as Argentina (LSA) por videollamada, disponible en 23 sedes comunales.&nbsp;<\/p>\n\n\n\n<p>Esta iniciativa surge de la articulaci\u00f3n entre el sector p\u00fablico y privado, a trav\u00e9s de BA Discapacidad y Blessit, y se enmarca en el cumplimiento de la Convenci\u00f3n sobre los Derechos de las Personas con Discapacidad. Su objetivo es eliminar barreras de comunicaci\u00f3n y asegurar que las personas sordas puedan realizar tr\u00e1mites administrativos en condiciones de igualdad, de forma aut\u00f3noma y sin necesidad de asistencia externa.<\/p>\n\n\n\n<div style=\"height:15px\" aria-hidden=\"true\" class=\"wp-block-spacer\"><\/div>\n\n\n\n<figure class=\"wp-block-image size-full\"><img loading=\"lazy\" decoding=\"async\" width=\"678\" height=\"452\" data-attachment-id=\"20616\" data-permalink=\"https:\/\/www.comuna13online.com.ar\/?attachment_id=20616\" data-orig-file=\"https:\/\/www.comuna13online.com.ar\/wp-content\/uploads\/2025\/12\/20251203b_02.jpg\" data-orig-size=\"678,452\" data-comments-opened=\"0\" data-image-meta=\"{&quot;aperture&quot;:&quot;0&quot;,&quot;credit&quot;:&quot;&quot;,&quot;camera&quot;:&quot;&quot;,&quot;caption&quot;:&quot;&quot;,&quot;created_timestamp&quot;:&quot;0&quot;,&quot;copyright&quot;:&quot;&quot;,&quot;focal_length&quot;:&quot;0&quot;,&quot;iso&quot;:&quot;0&quot;,&quot;shutter_speed&quot;:&quot;0&quot;,&quot;title&quot;:&quot;&quot;,&quot;orientation&quot;:&quot;0&quot;}\" data-image-title=\"20251203b_02\" data-image-description=\"\" data-image-caption=\"\" data-large-file=\"https:\/\/www.comuna13online.com.ar\/wp-content\/uploads\/2025\/12\/20251203b_02.jpg\" src=\"https:\/\/www.comuna13online.com.ar\/wp-content\/uploads\/2025\/12\/20251203b_02.jpg\" alt=\"\" class=\"wp-image-20616\" srcset=\"https:\/\/www.comuna13online.com.ar\/wp-content\/uploads\/2025\/12\/20251203b_02.jpg 678w, https:\/\/www.comuna13online.com.ar\/wp-content\/uploads\/2025\/12\/20251203b_02-272x182.jpg 272w\" sizes=\"auto, (max-width: 678px) 100vw, 678px\" \/><\/figure>\n\n\n\n<p>M\u00e1s informaci\u00f3n <a href=\"https:\/\/buenosaires.gob.ar\/noticias\/servicio-de-interpretacion-de-lengua-de-senas-argentina-en-sedes-comunales\" target=\"_blank\" rel=\"noreferrer noopener\">aqu\u00ed<\/a>.<\/p>\n\n\n\n<div style=\"height:15px\" aria-hidden=\"true\" class=\"wp-block-spacer\"><\/div>\n\n\n\n<h4 class=\"wp-block-heading\">Centro de Desarrollo Laboral<\/h4>\n\n\n\n<p>Se abri\u00f3 la primera oficina 100% accesible dedicada a la formaci\u00f3n, emprendedurismo e inserci\u00f3n laboral de personas con discapacidad.&nbsp;<\/p>\n\n\n\n<p>La propuesta integra, en un mismo lugar, orientaci\u00f3n laboral y vocacional, capacitaciones t\u00e9cnicas y de habilidades blandas, difusi\u00f3n de b\u00fasquedas del sector privado e incorporaci\u00f3n del perfil a la Base de Talentos de BA Oportunidades. Para quienes emprenden, ofrece acompa\u00f1amiento integral, inclusi\u00f3n en cat\u00e1logos con instituciones y empresas, participaci\u00f3n en ferias y asesor\u00eda para mejorar la gesti\u00f3n del negocio. Las empresas, por su parte, encuentran jornadas de sensibilizaci\u00f3n, intermediaci\u00f3n laboral bajo la metodolog\u00eda de Empleo con Apoyo y espacios de networking con el sector p\u00fablico y las OSC en el marco de la Alianza por la Discapacidad.<\/p>\n\n\n\n<div style=\"height:15px\" aria-hidden=\"true\" class=\"wp-block-spacer\"><\/div>\n\n\n\n<figure class=\"wp-block-image size-full\"><img loading=\"lazy\" decoding=\"async\" width=\"678\" height=\"452\" data-attachment-id=\"20617\" data-permalink=\"https:\/\/www.comuna13online.com.ar\/?attachment_id=20617\" data-orig-file=\"https:\/\/www.comuna13online.com.ar\/wp-content\/uploads\/2025\/12\/20251203b_03.jpg\" data-orig-size=\"678,452\" data-comments-opened=\"0\" data-image-meta=\"{&quot;aperture&quot;:&quot;0&quot;,&quot;credit&quot;:&quot;&quot;,&quot;camera&quot;:&quot;&quot;,&quot;caption&quot;:&quot;&quot;,&quot;created_timestamp&quot;:&quot;0&quot;,&quot;copyright&quot;:&quot;&quot;,&quot;focal_length&quot;:&quot;0&quot;,&quot;iso&quot;:&quot;0&quot;,&quot;shutter_speed&quot;:&quot;0&quot;,&quot;title&quot;:&quot;&quot;,&quot;orientation&quot;:&quot;0&quot;}\" data-image-title=\"20251203b_03\" data-image-description=\"\" data-image-caption=\"\" data-large-file=\"https:\/\/www.comuna13online.com.ar\/wp-content\/uploads\/2025\/12\/20251203b_03.jpg\" src=\"https:\/\/www.comuna13online.com.ar\/wp-content\/uploads\/2025\/12\/20251203b_03.jpg\" alt=\"\" class=\"wp-image-20617\" srcset=\"https:\/\/www.comuna13online.com.ar\/wp-content\/uploads\/2025\/12\/20251203b_03.jpg 678w, https:\/\/www.comuna13online.com.ar\/wp-content\/uploads\/2025\/12\/20251203b_03-272x182.jpg 272w\" sizes=\"auto, (max-width: 678px) 100vw, 678px\" \/><\/figure>\n\n\n\n<p>M\u00e1s informaci\u00f3n <a href=\"http:\/\/buenosaires.gob.ar\/noticias\/abrio-el-primer-centro-de-desarrollo-laboral-para-personas-con-discapacidad\" target=\"_blank\" rel=\"noreferrer noopener\">aqu\u00ed<\/a>.<\/p>\n\n\n\n<div style=\"height:15px\" aria-hidden=\"true\" class=\"wp-block-spacer\"><\/div>\n\n\n\n<h4 class=\"wp-block-heading\">Deportes para Personas con Discapacidad<\/h4>\n\n\n\n<p>Polideportivos, plazas y actividades deportivas adaptadas que promueven el bienestar f\u00edsico, la inclusi\u00f3n y el acceso al deporte en igualdad de condiciones.<\/p>\n\n\n\n<p>A su vez, dentro de los juegos porte\u00f1os que se organizan desde CABA, hay categor\u00edas de deporte para personas con discapacidad y los ganadores de estas competencias que entran en la edad correspondiente a los Evita clasifican a Mar del Plata como representantes de CABA en los juegos nacionales Evita.<\/p>\n\n\n\n<p>M\u00e1s informaci\u00f3n&nbsp;<a href=\"https:\/\/scanned.page\/p\/N38Fbw\" target=\"_blank\" rel=\"noreferrer noopener\">aqu\u00ed<\/a>.&nbsp;<\/p>\n\n\n\n<div style=\"height:15px\" aria-hidden=\"true\" class=\"wp-block-spacer\"><\/div>\n\n\n\n<h4 class=\"wp-block-heading\">Mapa Interactivo de Accesibilidad<\/h4>\n\n\n\n<p>La Ciudad de Buenos Aires cuenta con un mapa digital de accesibilidad que re\u00fane informaci\u00f3n actualizada sobre servicios, espacios y recursos para personas con distintas discapacidades.&nbsp;<\/p>\n\n\n\n<p>La iniciativa cuenta con seis mapas tem\u00e1ticos y un buscador que permite filtrar por tipo de discapacidad (auditiva, mental o intelectual, motora, visceral o visual), de prestaci\u00f3n y por ubicaci\u00f3n.<\/p>\n\n\n\n<p>M\u00e1s informaci\u00f3n <a href=\"https:\/\/buenosaires.gob.ar\/vicejefatura\/ba-discapacidad\/mapa-colaborativo-ba\" target=\"_blank\" rel=\"noreferrer noopener\">aqu\u00ed<\/a>.<\/p>\n\n\n\n<div style=\"height:15px\" aria-hidden=\"true\" class=\"wp-block-spacer\"><\/div>\n\n\n\n<h4 class=\"wp-block-heading\">Descuentos impositivos AGIP<\/h4>\n\n\n\n<p>Beneficios fiscales destinados a personas con discapacidad para facilitar el acceso a bienes y servicios esenciales.<\/p>\n\n\n\n<p>M\u00e1s informaci\u00f3n <a href=\"https:\/\/www.agip.gob.ar\/beneficios_lista\" target=\"_blank\" rel=\"noreferrer noopener\">aqu\u00ed<\/a>.<\/p>\n\n\n\n<div style=\"height:15px\" aria-hidden=\"true\" class=\"wp-block-spacer\"><\/div>\n\n\n\n<h4 class=\"wp-block-heading\">Expo Empleo Barrial, edici\u00f3n Discapacidad<\/h4>\n\n\n\n<p>Este evento, organizado por la Secretar\u00eda de Trabajo y Empleo, dependiente del Ministerio de Justicia, en conjunto con BA Discapacidad busca generar oportunidades concretas de inserci\u00f3n laboral, promoviendo un mercado de trabajo m\u00e1s accesible e igualitario para todos.<\/p>\n\n\n\n<p>Durante la jornada, diferentes empresas y equipos especializados brindan informaci\u00f3n sobre b\u00fasquedas activas, requisitos laborales y herramientas para fortalecer la empleabilidad.&nbsp;<\/p>\n\n\n\n<p>M\u00e1s informaci\u00f3n&nbsp;<a href=\"https:\/\/buenosaires.gob.ar\/noticias\/la-ciudad-realiza-la-ultima-expo-empleo-barrial-del-ano-edicion-discapacidad\" target=\"_blank\" rel=\"noreferrer noopener\">aqu\u00ed<\/a>.<\/p>\n\n\n\n<div style=\"height:15px\" aria-hidden=\"true\" class=\"wp-block-spacer\"><\/div>\n\n\n\n<h4 class=\"wp-block-heading\">Iniciativas del Ministerio de Seguridad<\/h4>\n\n\n\n<p>La Polic\u00eda de la Ciudad cuenta con una gu\u00eda de trato para personas con TEA y en todas las comisar\u00edas y patrulleros se encuentra un tablero de pictograma.<\/p>\n\n\n\n<p>Por otro lado los cadetes, aspirantes a polic\u00edas reciben capacitaciones sobre discapacidad .<\/p>\n\n\n\n<p>A su vez, existe una coordinaci\u00f3n general en materia de discapacidad, dependiente de la Subsecretar\u00eda de Capital Humano dentro del Ministerio de Seguridad, donde asesoran y acompa\u00f1an a los padres polic\u00edas y bomberos de la ciudad con hijos con discapacidad.<\/p>\n","protected":false},"excerpt":{"rendered":"<div class=\"mh-excerpt\">Cada 3 de diciembre se celebra el D\u00eda Internacional de las Personas con Discapacidad, busca generar conciencia, promover los derechos y fomentar su plena y equitativa participaci\u00f3n en la sociedad. <a class=\"mh-excerpt-more\" href=\"https:\/\/www.comuna13online.com.ar\/?p=20613\" title=\"D\u00eda Internacional por los derechos de las personas con discapacidad\">[&#8230;]<\/a><\/div>\n","protected":false},"author":1,"featured_media":20614,"comment_status":"closed","ping_status":"closed","sticky":false,"template":"","format":"standard","meta":{"_uag_custom_page_level_css":"","_jetpack_memberships_contains_paid_content":false,"footnotes":"","jetpack_publicize_message":"","jetpack_publicize_feature_enabled":true,"jetpack_social_post_already_shared":true,"jetpack_social_options":{"image_generator_settings":{"template":"highway","default_image_id":0,"font":"","enabled":false},"version":2}},"categories":[253],"tags":[243,250,296,34],"class_list":{"0":"post-20613","1":"post","2":"type-post","3":"status-publish","4":"format-standard","5":"has-post-thumbnail","7":"category-discapacidad","8":"tag-discapacidad","9":"tag-h2","10":"tag-h3","11":"tag-sociedad"},"jetpack_publicize_connections":[],"jetpack_featured_media_url":"https:\/\/www.comuna13online.com.ar\/wp-content\/uploads\/2025\/12\/20251203b_id.jpg","uagb_featured_image_src":{"full":["https:\/\/www.comuna13online.com.ar\/wp-content\/uploads\/2025\/12\/20251203b_id.jpg",678,381,false],"thumbnail":["https:\/\/www.comuna13online.com.ar\/wp-content\/uploads\/2025\/12\/20251203b_id.jpg",128,72,false],"medium":["https:\/\/www.comuna13online.com.ar\/wp-content\/uploads\/2025\/12\/20251203b_id.jpg",678,381,false],"medium_large":["https:\/\/www.comuna13online.com.ar\/wp-content\/uploads\/2025\/12\/20251203b_id.jpg",678,381,false],"large":["https:\/\/www.comuna13online.com.ar\/wp-content\/uploads\/2025\/12\/20251203b_id.jpg",678,381,false],"1536x1536":["https:\/\/www.comuna13online.com.ar\/wp-content\/uploads\/2025\/12\/20251203b_id.jpg",678,381,false],"2048x2048":["https:\/\/www.comuna13online.com.ar\/wp-content\/uploads\/2025\/12\/20251203b_id.jpg",678,381,false],"mh-magazine-slider":["https:\/\/www.comuna13online.com.ar\/wp-content\/uploads\/2025\/12\/20251203b_id.jpg",678,381,false],"mh-magazine-content":["https:\/\/www.comuna13online.com.ar\/wp-content\/uploads\/2025\/12\/20251203b_id.jpg",678,381,false],"mh-magazine-large":["https:\/\/www.comuna13online.com.ar\/wp-content\/uploads\/2025\/12\/20251203b_id.jpg",678,381,false],"mh-magazine-medium":["https:\/\/www.comuna13online.com.ar\/wp-content\/uploads\/2025\/12\/20251203b_id-326x245.jpg",326,245,true],"mh-magazine-small":["https:\/\/www.comuna13online.com.ar\/wp-content\/uploads\/2025\/12\/20251203b_id-80x60.jpg",80,60,true],"sow-carousel-default":["https:\/\/www.comuna13online.com.ar\/wp-content\/uploads\/2025\/12\/20251203b_id-272x182.jpg",272,182,true]},"uagb_author_info":{"display_name":"Comuna13","author_link":"https:\/\/www.comuna13online.com.ar\/?author=1"},"uagb_comment_info":0,"uagb_excerpt":"Cada 3 de diciembre se celebra el D\u00eda Internacional de las Personas con Discapacidad, busca generar conciencia, promover los derechos y fomentar su plena y equitativa participaci\u00f3n en la sociedad. [...]","jetpack_sharing_enabled":true,"_links":{"self":[{"href":"https:\/\/www.comuna13online.com.ar\/index.php?rest_route=\/wp\/v2\/posts\/20613","targetHints":{"allow":["GET"]}}],"collection":[{"href":"https:\/\/www.comuna13online.com.ar\/index.php?rest_route=\/wp\/v2\/posts"}],"about":[{"href":"https:\/\/www.comuna13online.com.ar\/index.php?rest_route=\/wp\/v2\/types\/post"}],"author":[{"embeddable":true,"href":"https:\/\/www.comuna13online.com.ar\/index.php?rest_route=\/wp\/v2\/users\/1"}],"replies":[{"embeddable":true,"href":"https:\/\/www.comuna13online.com.ar\/index.php?rest_route=%2Fwp%2Fv2%2Fcomments&post=20613"}],"version-history":[{"count":0,"href":"https:\/\/www.comuna13online.com.ar\/index.php?rest_route=\/wp\/v2\/posts\/20613\/revisions"}],"wp:featuredmedia":[{"embeddable":true,"href":"https:\/\/www.comuna13online.com.ar\/index.php?rest_route=\/wp\/v2\/media\/20614"}],"wp:attachment":[{"href":"https:\/\/www.comuna13online.com.ar\/index.php?rest_route=%2Fwp%2Fv2%2Fmedia&parent=20613"}],"wp:term":[{"taxonomy":"category","embeddable":true,"href":"https:\/\/www.comuna13online.com.ar\/index.php?rest_route=%2Fwp%2Fv2%2Fcategories&post=20613"},{"taxonomy":"post_tag","embeddable":true,"href":"https:\/\/www.comuna13online.com.ar\/index.php?rest_route=%2Fwp%2Fv2%2Ftags&post=20613"}],"curies":[{"name":"wp","href":"https:\/\/api.w.org\/{rel}","templated":true}]}}