{"id":20611,"date":"2025-12-02T14:26:45","date_gmt":"2025-12-02T17:26:45","guid":{"rendered":"https:\/\/www.comuna13online.com.ar\/?p=20611"},"modified":"2025-12-03T14:31:50","modified_gmt":"2025-12-03T17:31:50","slug":"servicios-publicos-que-modifican-su-esquema-habitual-por-el-dia-del-municipal-2","status":"publish","type":"post","link":"https:\/\/www.comuna13online.com.ar\/?p=20611","title":{"rendered":"Servicios p\u00fablicos que modifican su esquema habitual por el D\u00eda del Municipal"},"content":{"rendered":"\n<p><strong>El Gobierno de la Ciudad Aut\u00f3noma de Buenos Aires informa el cronograma de servicios p\u00fablicos para este mi\u00e9rcoles 3 de diciembre. d\u00eda no laborable por el D\u00eda del Empleado Municipal.<\/strong><\/p>\n\n\n\n<div style=\"height:20px\" aria-hidden=\"true\" class=\"wp-block-spacer\"><\/div>\n\n\n\n<p><strong>Hospitales:<\/strong>&nbsp;funcionar\u00e1n con normalidad las Guardias y servicios de internaci\u00f3n de los Hospitales, as\u00ed como el servicio de Emergencias del SAME. El servicio 147, opci\u00f3n 1, atender\u00e1 de 8 a 19 horas.<\/p>\n\n\n\n<p><strong>Cementerios:<\/strong>&nbsp;las inhumaciones en los Cementerios de Chacarita, Flores, Recoleta y el ingreso de los fallecidos al Crematorio de la Ciudad Aut\u00f3noma de Buenos Aires se realizar\u00e1n en el horario de 7.30 a 14 horas a destino, recepcion\u00e1ndose el \u00faltimo tr\u00e1mite a las 13 horas e inici\u00e1ndose la \u00faltima inhumaci\u00f3n a las 13.30.<\/p>\n\n\n\n<p><strong>Administraci\u00f3n Gubernamental de Ingresos P\u00fablicos y Direcci\u00f3n General de Rentas:<\/strong>&nbsp;cerradas.<\/p>\n\n\n\n<p><strong>Sedes Comunales:&nbsp;<\/strong>cerradas.<\/p>\n\n\n\n<p><strong>Registro Civil:&nbsp;<\/strong>permanecer\u00e1 cerrado. Funcionar\u00e1 s\u00f3lo la guardia de defunciones de 8 a 12 horas.<\/p>\n\n\n\n<p><strong>Parques:<\/strong>&nbsp;la Reserva Ecol\u00f3gica, el Jard\u00edn Bot\u00e1nico y el Ecoparque permanecer\u00e1n abiertos.<\/p>\n\n\n\n<p><strong>Teatros y Museos:<\/strong>&nbsp;todo estar\u00e1 cerrado a excepci\u00f3n del Teatro Col\u00f3n, que tendr\u00e1 el cronograma habitual de visitas guiadas.<\/p>\n\n\n\n<p>\u2705 Todos los dem\u00e1s servicios p\u00fablicos de la Ciudad funcionar\u00e1n con su esquema habitual.<\/p>\n","protected":false},"excerpt":{"rendered":"<div class=\"mh-excerpt\">El Gobierno de la Ciudad Aut\u00f3noma de Buenos Aires informa el cronograma de servicios p\u00fablicos para este mi\u00e9rcoles 3 de diciembre. d\u00eda no laborable por el D\u00eda del Empleado Municipal. <a class=\"mh-excerpt-more\" href=\"https:\/\/www.comuna13online.com.ar\/?p=20611\" title=\"Servicios p\u00fablicos que modifican su esquema habitual por el D\u00eda del Municipal\">[&#8230;]<\/a><\/div>\n","protected":false},"author":1,"featured_media":18122,"comment_status":"closed","ping_status":"closed","sticky":false,"template":"","format":"standard","meta":{"_uag_custom_page_level_css":"","_jetpack_memberships_contains_paid_content":false,"footnotes":"","jetpack_publicize_message":"","jetpack_publicize_feature_enabled":true,"jetpack_social_post_already_shared":true,"jetpack_social_options":{"image_generator_settings":{"template":"highway","default_image_id":0,"font":"","enabled":false},"version":2}},"categories":[138],"tags":[250,296,107],"class_list":{"0":"post-20611","1":"post","2":"type-post","3":"status-publish","4":"format-standard","5":"has-post-thumbnail","7":"category-servicios","8":"tag-h2","9":"tag-h3","10":"tag-servicios"},"jetpack_publicize_connections":[],"jetpack_featured_media_url":"https:\/\/www.comuna13online.com.ar\/wp-content\/uploads\/2023\/12\/sede-comuna-13.jpg","uagb_featured_image_src":{"full":["https:\/\/www.comuna13online.com.ar\/wp-content\/uploads\/2023\/12\/sede-comuna-13.jpg",678,452,false],"thumbnail":["https:\/\/www.comuna13online.com.ar\/wp-content\/uploads\/2023\/12\/sede-comuna-13.jpg",128,85,false],"medium":["https:\/\/www.comuna13online.com.ar\/wp-content\/uploads\/2023\/12\/sede-comuna-13.jpg",678,452,false],"medium_large":["https:\/\/www.comuna13online.com.ar\/wp-content\/uploads\/2023\/12\/sede-comuna-13.jpg",678,452,false],"large":["https:\/\/www.comuna13online.com.ar\/wp-content\/uploads\/2023\/12\/sede-comuna-13.jpg",678,452,false],"1536x1536":["https:\/\/www.comuna13online.com.ar\/wp-content\/uploads\/2023\/12\/sede-comuna-13.jpg",678,452,false],"2048x2048":["https:\/\/www.comuna13online.com.ar\/wp-content\/uploads\/2023\/12\/sede-comuna-13.jpg",678,452,false],"mh-magazine-slider":["https:\/\/www.comuna13online.com.ar\/wp-content\/uploads\/2023\/12\/sede-comuna-13-678x438.jpg",678,438,true],"mh-magazine-content":["https:\/\/www.comuna13online.com.ar\/wp-content\/uploads\/2023\/12\/sede-comuna-13-678x381.jpg",678,381,true],"mh-magazine-large":["https:\/\/www.comuna13online.com.ar\/wp-content\/uploads\/2023\/12\/sede-comuna-13.jpg",678,452,false],"mh-magazine-medium":["https:\/\/www.comuna13online.com.ar\/wp-content\/uploads\/2023\/12\/sede-comuna-13-326x245.jpg",326,245,true],"mh-magazine-small":["https:\/\/www.comuna13online.com.ar\/wp-content\/uploads\/2023\/12\/sede-comuna-13-80x60.jpg",80,60,true],"sow-carousel-default":["https:\/\/www.comuna13online.com.ar\/wp-content\/uploads\/2023\/12\/sede-comuna-13-272x182.jpg",272,182,true]},"uagb_author_info":{"display_name":"Comuna13","author_link":"https:\/\/www.comuna13online.com.ar\/?author=1"},"uagb_comment_info":0,"uagb_excerpt":"El Gobierno de la Ciudad Aut\u00f3noma de Buenos Aires informa el cronograma de servicios p\u00fablicos para este mi\u00e9rcoles 3 de diciembre. d\u00eda no laborable por el D\u00eda del Empleado Municipal. [...]","jetpack_sharing_enabled":true,"_links":{"self":[{"href":"https:\/\/www.comuna13online.com.ar\/index.php?rest_route=\/wp\/v2\/posts\/20611","targetHints":{"allow":["GET"]}}],"collection":[{"href":"https:\/\/www.comuna13online.com.ar\/index.php?rest_route=\/wp\/v2\/posts"}],"about":[{"href":"https:\/\/www.comuna13online.com.ar\/index.php?rest_route=\/wp\/v2\/types\/post"}],"author":[{"embeddable":true,"href":"https:\/\/www.comuna13online.com.ar\/index.php?rest_route=\/wp\/v2\/users\/1"}],"replies":[{"embeddable":true,"href":"https:\/\/www.comuna13online.com.ar\/index.php?rest_route=%2Fwp%2Fv2%2Fcomments&post=20611"}],"version-history":[{"count":0,"href":"https:\/\/www.comuna13online.com.ar\/index.php?rest_route=\/wp\/v2\/posts\/20611\/revisions"}],"wp:featuredmedia":[{"embeddable":true,"href":"https:\/\/www.comuna13online.com.ar\/index.php?rest_route=\/wp\/v2\/media\/18122"}],"wp:attachment":[{"href":"https:\/\/www.comuna13online.com.ar\/index.php?rest_route=%2Fwp%2Fv2%2Fmedia&parent=20611"}],"wp:term":[{"taxonomy":"category","embeddable":true,"href":"https:\/\/www.comuna13online.com.ar\/index.php?rest_route=%2Fwp%2Fv2%2Fcategories&post=20611"},{"taxonomy":"post_tag","embeddable":true,"href":"https:\/\/www.comuna13online.com.ar\/index.php?rest_route=%2Fwp%2Fv2%2Ftags&post=20611"}],"curies":[{"name":"wp","href":"https:\/\/api.w.org\/{rel}","templated":true}]}}