{"id":20608,"date":"2025-12-03T14:25:57","date_gmt":"2025-12-03T17:25:57","guid":{"rendered":"https:\/\/www.comuna13online.com.ar\/?p=20608"},"modified":"2025-12-03T14:26:13","modified_gmt":"2025-12-03T17:26:13","slug":"gabriel-zinny-presento-los-avances-de-la-gestion-en-la-legislatura-portena","status":"publish","type":"post","link":"https:\/\/www.comuna13online.com.ar\/?p=20608","title":{"rendered":"Gabriel Zinny present\u00f3 los avances de la gesti\u00f3n en la Legislatura porte\u00f1a"},"content":{"rendered":"\n<p><strong>El Jefe de Gabinete expuso los logros del Gobierno en seguridad, movilidad, salud, educaci\u00f3n y modernizaci\u00f3n del Estado, resaltando cifras r\u00e9cord y nuevas obras para la Ciudad de Buenos Aires.<\/strong><\/p>\n\n\n\n<figure class=\"wp-block-image size-full\"><img loading=\"lazy\" decoding=\"async\" width=\"678\" height=\"452\" data-attachment-id=\"20609\" data-permalink=\"https:\/\/www.comuna13online.com.ar\/?attachment_id=20609\" data-orig-file=\"https:\/\/www.comuna13online.com.ar\/wp-content\/uploads\/2025\/12\/20251203a_id.jpg\" data-orig-size=\"678,452\" data-comments-opened=\"0\" data-image-meta=\"{&quot;aperture&quot;:&quot;0&quot;,&quot;credit&quot;:&quot;&quot;,&quot;camera&quot;:&quot;&quot;,&quot;caption&quot;:&quot;&quot;,&quot;created_timestamp&quot;:&quot;0&quot;,&quot;copyright&quot;:&quot;&quot;,&quot;focal_length&quot;:&quot;0&quot;,&quot;iso&quot;:&quot;0&quot;,&quot;shutter_speed&quot;:&quot;0&quot;,&quot;title&quot;:&quot;&quot;,&quot;orientation&quot;:&quot;0&quot;}\" data-image-title=\"20251203a_id\" data-image-description=\"\" data-image-caption=\"\" data-large-file=\"https:\/\/www.comuna13online.com.ar\/wp-content\/uploads\/2025\/12\/20251203a_id.jpg\" src=\"https:\/\/www.comuna13online.com.ar\/wp-content\/uploads\/2025\/12\/20251203a_id.jpg\" alt=\"\" class=\"wp-image-20609\" srcset=\"https:\/\/www.comuna13online.com.ar\/wp-content\/uploads\/2025\/12\/20251203a_id.jpg 678w, https:\/\/www.comuna13online.com.ar\/wp-content\/uploads\/2025\/12\/20251203a_id-272x182.jpg 272w\" sizes=\"auto, (max-width: 678px) 100vw, 678px\" \/><figcaption class=\"wp-element-caption\"><sup>Gabriel S\u00e1nchez Zinn, efe de Gabinete de Ministros de CABA. <\/sup><\/figcaption><\/figure>\n\n\n\n<div style=\"height:20px\" aria-hidden=\"true\" class=\"wp-block-spacer\"><\/div>\n\n\n\n<p>El Jefe de Gabinete del Gobierno de la Ciudad de Buenos Aires, Gabriel S\u00e1nchez Zinny, present\u00f3 ante la Legislatura porte\u00f1a el informe de gesti\u00f3n correspondiente al per\u00edodo 2025, conforme lo establece el art\u00edculo 36 de la Ley 6684. El documento expone el nivel de avance del Plan General de Gobierno de la Ciudad.<\/p>\n\n\n\n<p>Durante una extensa sesi\u00f3n, S\u00e1nchez Zinny detall\u00f3 que la administraci\u00f3n se sustenta en cinco ejes estrat\u00e9gicos: Metro Cuadrado (higiene, tr\u00e1nsito y seguridad), Movilidad (conexi\u00f3n y crecimiento urbano), Cuidado (educaci\u00f3n, salud y desarrollo humano), Reforma del Estado (optimizaci\u00f3n de procesos y proximidad) y Ciudad Atractiva (fomento econ\u00f3mico, cultural y tur\u00edstico). De acuerdo con el funcionario, estos pilares responden a las necesidades de la ciudadan\u00eda y han generado resultados verificables en la vida cotidiana.<\/p>\n\n\n\n<p>Entre los principales puntos abordados se destac\u00f3 el eje \u00abMetro Cuadrado\u00bb, orientado a fortalecer la seguridad, el tr\u00e1nsito y la higiene en el \u00e1mbito urbano. En relaci\u00f3n con la seguridad, S\u00e1nchez Zinny inform\u00f3 sobre la incorporaci\u00f3n de 2.500 nuevos agentes y la expansi\u00f3n del parque automotor policial con 126 camionetas, 120 patrulleros, 160 motos, 60 cuatriciclos, seis unidades de traslado y 11 minibuses. Asimismo, subray\u00f3 la inversi\u00f3n en tecnolog\u00eda, con la instalaci\u00f3n de 1.200 c\u00e1maras en 300 ubicaciones estrat\u00e9gicas y la implementaci\u00f3n del Anillo Digital, que monitorea m\u00e1s de tres millones de veh\u00edculos por d\u00eda, alcanzando una cobertura de videovigilancia del 82% en la v\u00eda p\u00fablica.<\/p>\n\n\n\n<p>De acuerdo con lo presentado, esta estrategia y el aumento de presencia policial contribuyeron a una reducci\u00f3n acumulada del 28,4% en robos y 21,7% en hurtos en lo que va del a\u00f1o. Por su parte, el robo automotor descendi\u00f3 en un 55%, registrando el menor n\u00famero de casos de los \u00faltimos 23 a\u00f1os, tomando como referencia al a\u00f1o 2024.<\/p>\n\n\n\n<p>Finalmente, en lo referido al orden p\u00fablico, se resalt\u00f3 la recuperaci\u00f3n de espacios mediante la liberaci\u00f3n de 12 corredores comerciales, el desmantelamiento de 18.040 puestos de venta ilegal (recuperando 576 cuadras) y la restituci\u00f3n de m\u00e1s de 500 propiedades a sus leg\u00edtimos due\u00f1os.<\/p>\n\n\n\n<div style=\"height:20px\" aria-hidden=\"true\" class=\"wp-block-spacer\"><\/div>\n\n\n\n<div align=\"center\">\n<blockquote class=\"twitter-tweet\"><p lang=\"es\" dir=\"ltr\">Ante la Legislatura de la Ciudad, expuse los avances del plan general de gobierno. <br><br>Desde la gesti\u00f3n de <a href=\"https:\/\/twitter.com\/jorgemacri?ref_src=twsrc%5Etfw\">@jorgemacri<\/a> vamos a seguir trabajando con decisi\u00f3n y firmeza para hacer de Buenos Aires el mejor lugar para vivir y emprender, una Ciudad con oportunidades, inversi\u00f3n y\u2026 <a href=\"https:\/\/t.co\/BJyOrDAUD0\">pic.twitter.com\/BJyOrDAUD0<\/a><\/p>&mdash; Gabriel S\u00e1nchez Zinny (@gzinny) <a href=\"https:\/\/twitter.com\/gzinny\/status\/1995568374638690679?ref_src=twsrc%5Etfw\">December 1, 2025<\/a><\/blockquote> <script async src=\"https:\/\/platform.twitter.com\/widgets.js\" charset=\"utf-8\"><\/script>\n<\/div>\n\n\n\n<div style=\"height:20px\" aria-hidden=\"true\" class=\"wp-block-spacer\"><\/div>\n\n\n\n<p>Bajo el eje \u00abMovilidad\u00bb, la gesti\u00f3n destac\u00f3 la puesta en marcha de proyectos de gran escala para mejorar la conectividad. La novedad m\u00e1s relevante fue la prueba piloto del Trambus en la Avenida Juan B. Justo en noviembre, primer tramo de la futura L\u00ednea T1, un nuevo sistema que en 2026 conectar\u00e1 la Ciudad de norte a sur, atravesando ocho barrios en seis comunas y conectando con cinco de las seis l\u00edneas de subte.<\/p>\n\n\n\n<p>En la red de Subte, el funcionario mencion\u00f3 que en octubre se concret\u00f3 la licitaci\u00f3n para la construcci\u00f3n de la L\u00ednea F, la primera nueva l\u00ednea en 25 a\u00f1os, que unir\u00e1 Barracas con Palermo con 9,8 kil\u00f3metros de recorrido, con una inversi\u00f3n estimada de 1.350 millones de d\u00f3lares.<\/p>\n\n\n\n<p>Adem\u00e1s, el informe incluy\u00f3 avances en la automatizaci\u00f3n de peajes y la inauguraci\u00f3n de obras claves como el Bajo Puente Bosch, buscando una circulaci\u00f3n m\u00e1s fluida y eficiente. En este sentido, tambi\u00e9n se impulsa la electromovilidad con la proyecci\u00f3n de 100 puntos de carga entre espacio publico y privado para 2026 y 400 estaciones para 2027.<\/p>\n\n\n\n<p>En cuanto al eje \u00abCuidado\u00bb, S\u00e1nchez Zinny destac\u00f3 la inversi\u00f3n r\u00e9cord en Salud, que se traduce en m\u00e1s de 30 millones de atenciones anuales (100 mil prestaciones cada d\u00eda h\u00e1bil) y la inauguraci\u00f3n de nuevas unidades de terapia intensiva y servicios en hospitales como Argerich, Fern\u00e1ndez y Santojanni. En educaci\u00f3n, se finalizaron diferentes intervenciones edilicias y se avanz\u00f3 con programas de inclusi\u00f3n tecnol\u00f3gica como TUMO, que tras casi cinco meses de su lanzamiento cuenta con 1.289 j\u00f3venes cursando.<\/p>\n\n\n\n<p>El Jefe de Gabinete tambi\u00e9n enfatiz\u00f3 el \u00e9xito de la \u201cReforma del Estado\u00bb, con la eliminaci\u00f3n de 37 tr\u00e1mites innecesarios, la simplificaci\u00f3n de otros 465 y la digitalizaci\u00f3n de 50.<\/p>\n\n\n\n<p>Finalmente, el eje \u00abCiudad Atractiva\u00bb puso en valor el desarrollo econ\u00f3mico, cultural y tur\u00edstico, con una ocupaci\u00f3n hotelera del 94% en noviembre de 2025, el impacto de la industria audiovisual a trav\u00e9s del Cash Rebate (40 millones de d\u00f3lares de inversi\u00f3n y 10 mil empleos directos) y los avances en el ecosistema cripto y gaming.<\/p>\n","protected":false},"excerpt":{"rendered":"<div class=\"mh-excerpt\">El Jefe de Gabinete expuso los logros del Gobierno en seguridad, movilidad, salud, educaci\u00f3n y modernizaci\u00f3n del Estado, resaltando cifras r\u00e9cord y nuevas obras para la Ciudad de Buenos Aires. <a class=\"mh-excerpt-more\" href=\"https:\/\/www.comuna13online.com.ar\/?p=20608\" title=\"Gabriel Zinny present\u00f3 los avances de la gesti\u00f3n en la Legislatura porte\u00f1a\">[&#8230;]<\/a><\/div>\n","protected":false},"author":1,"featured_media":20609,"comment_status":"closed","ping_status":"closed","sticky":false,"template":"","format":"standard","meta":{"_uag_custom_page_level_css":"","_jetpack_memberships_contains_paid_content":false,"footnotes":"","jetpack_publicize_message":"","jetpack_publicize_feature_enabled":false,"jetpack_social_post_already_shared":false,"jetpack_social_options":{"image_generator_settings":{"template":"highway","default_image_id":0,"font":"","enabled":false},"version":2}},"categories":[21],"tags":[258,250,296,7],"class_list":{"0":"post-20608","1":"post","2":"type-post","3":"status-publish","4":"format-standard","5":"has-post-thumbnail","7":"category-legislatura","8":"tag-gobierno","9":"tag-h2","10":"tag-h3","11":"tag-legislatura"},"jetpack_publicize_connections":[],"jetpack_featured_media_url":"https:\/\/www.comuna13online.com.ar\/wp-content\/uploads\/2025\/12\/20251203a_id.jpg","uagb_featured_image_src":{"full":["https:\/\/www.comuna13online.com.ar\/wp-content\/uploads\/2025\/12\/20251203a_id.jpg",678,452,false],"thumbnail":["https:\/\/www.comuna13online.com.ar\/wp-content\/uploads\/2025\/12\/20251203a_id.jpg",128,85,false],"medium":["https:\/\/www.comuna13online.com.ar\/wp-content\/uploads\/2025\/12\/20251203a_id.jpg",678,452,false],"medium_large":["https:\/\/www.comuna13online.com.ar\/wp-content\/uploads\/2025\/12\/20251203a_id.jpg",678,452,false],"large":["https:\/\/www.comuna13online.com.ar\/wp-content\/uploads\/2025\/12\/20251203a_id.jpg",678,452,false],"1536x1536":["https:\/\/www.comuna13online.com.ar\/wp-content\/uploads\/2025\/12\/20251203a_id.jpg",678,452,false],"2048x2048":["https:\/\/www.comuna13online.com.ar\/wp-content\/uploads\/2025\/12\/20251203a_id.jpg",678,452,false],"mh-magazine-slider":["https:\/\/www.comuna13online.com.ar\/wp-content\/uploads\/2025\/12\/20251203a_id-678x438.jpg",678,438,true],"mh-magazine-content":["https:\/\/www.comuna13online.com.ar\/wp-content\/uploads\/2025\/12\/20251203a_id-678x381.jpg",678,381,true],"mh-magazine-large":["https:\/\/www.comuna13online.com.ar\/wp-content\/uploads\/2025\/12\/20251203a_id.jpg",678,452,false],"mh-magazine-medium":["https:\/\/www.comuna13online.com.ar\/wp-content\/uploads\/2025\/12\/20251203a_id-326x245.jpg",326,245,true],"mh-magazine-small":["https:\/\/www.comuna13online.com.ar\/wp-content\/uploads\/2025\/12\/20251203a_id-80x60.jpg",80,60,true],"sow-carousel-default":["https:\/\/www.comuna13online.com.ar\/wp-content\/uploads\/2025\/12\/20251203a_id-272x182.jpg",272,182,true]},"uagb_author_info":{"display_name":"Comuna13","author_link":"https:\/\/www.comuna13online.com.ar\/?author=1"},"uagb_comment_info":0,"uagb_excerpt":"El Jefe de Gabinete expuso los logros del Gobierno en seguridad, movilidad, salud, educaci\u00f3n y modernizaci\u00f3n del Estado, resaltando cifras r\u00e9cord y nuevas obras para la Ciudad de Buenos Aires. [...]","jetpack_sharing_enabled":true,"_links":{"self":[{"href":"https:\/\/www.comuna13online.com.ar\/index.php?rest_route=\/wp\/v2\/posts\/20608","targetHints":{"allow":["GET"]}}],"collection":[{"href":"https:\/\/www.comuna13online.com.ar\/index.php?rest_route=\/wp\/v2\/posts"}],"about":[{"href":"https:\/\/www.comuna13online.com.ar\/index.php?rest_route=\/wp\/v2\/types\/post"}],"author":[{"embeddable":true,"href":"https:\/\/www.comuna13online.com.ar\/index.php?rest_route=\/wp\/v2\/users\/1"}],"replies":[{"embeddable":true,"href":"https:\/\/www.comuna13online.com.ar\/index.php?rest_route=%2Fwp%2Fv2%2Fcomments&post=20608"}],"version-history":[{"count":0,"href":"https:\/\/www.comuna13online.com.ar\/index.php?rest_route=\/wp\/v2\/posts\/20608\/revisions"}],"wp:featuredmedia":[{"embeddable":true,"href":"https:\/\/www.comuna13online.com.ar\/index.php?rest_route=\/wp\/v2\/media\/20609"}],"wp:attachment":[{"href":"https:\/\/www.comuna13online.com.ar\/index.php?rest_route=%2Fwp%2Fv2%2Fmedia&parent=20608"}],"wp:term":[{"taxonomy":"category","embeddable":true,"href":"https:\/\/www.comuna13online.com.ar\/index.php?rest_route=%2Fwp%2Fv2%2Fcategories&post=20608"},{"taxonomy":"post_tag","embeddable":true,"href":"https:\/\/www.comuna13online.com.ar\/index.php?rest_route=%2Fwp%2Fv2%2Ftags&post=20608"}],"curies":[{"name":"wp","href":"https:\/\/api.w.org\/{rel}","templated":true}]}}