{"id":20571,"date":"2025-11-18T20:28:00","date_gmt":"2025-11-18T23:28:00","guid":{"rendered":"https:\/\/www.comuna13online.com.ar\/?p=20571"},"modified":"2025-11-18T20:28:15","modified_gmt":"2025-11-18T23:28:15","slug":"corte-parcial-en-avenida-lugones","status":"publish","type":"post","link":"https:\/\/www.comuna13online.com.ar\/?p=20571","title":{"rendered":"Corte parcial en Avenida Lugones"},"content":{"rendered":"\n<p><strong>Por obras relacionadas a la ampliaci\u00f3n y renovaci\u00f3n del Puente Labruna, este mi\u00e9rcoles habr\u00e1 un corte parcial en Avenida Lugones, Se realiza el\u00a0desv\u00edo\u00a0por la\u00a0salida hacia Avenida Udaondo.<\/strong><\/p>\n\n\n\n<figure class=\"wp-block-image size-full\"><img loading=\"lazy\" decoding=\"async\" width=\"678\" height=\"452\" data-attachment-id=\"20572\" data-permalink=\"https:\/\/www.comuna13online.com.ar\/?attachment_id=20572\" data-orig-file=\"https:\/\/www.comuna13online.com.ar\/wp-content\/uploads\/2025\/11\/20251118a_id.jpg\" data-orig-size=\"678,452\" data-comments-opened=\"0\" data-image-meta=\"{&quot;aperture&quot;:&quot;0&quot;,&quot;credit&quot;:&quot;&quot;,&quot;camera&quot;:&quot;&quot;,&quot;caption&quot;:&quot;&quot;,&quot;created_timestamp&quot;:&quot;0&quot;,&quot;copyright&quot;:&quot;&quot;,&quot;focal_length&quot;:&quot;0&quot;,&quot;iso&quot;:&quot;0&quot;,&quot;shutter_speed&quot;:&quot;0&quot;,&quot;title&quot;:&quot;&quot;,&quot;orientation&quot;:&quot;0&quot;}\" data-image-title=\"20251118a_id\" data-image-description=\"\" data-image-caption=\"\" data-large-file=\"https:\/\/www.comuna13online.com.ar\/wp-content\/uploads\/2025\/11\/20251118a_id.jpg\" src=\"https:\/\/www.comuna13online.com.ar\/wp-content\/uploads\/2025\/11\/20251118a_id.jpg\" alt=\"\" class=\"wp-image-20572\" srcset=\"https:\/\/www.comuna13online.com.ar\/wp-content\/uploads\/2025\/11\/20251118a_id.jpg 678w, https:\/\/www.comuna13online.com.ar\/wp-content\/uploads\/2025\/11\/20251118a_id-272x182.jpg 272w\" sizes=\"auto, (max-width: 678px) 100vw, 678px\" \/><\/figure>\n\n\n\n<div style=\"height:20px\" aria-hidden=\"true\" class=\"wp-block-spacer\"><\/div>\n\n\n\n<p>El&nbsp;<strong>mi\u00e9rcoles 19 de noviembre&nbsp;<\/strong>de&nbsp;<strong>22 a 5 am<\/strong>, se llevar\u00e1 adelante un&nbsp;<strong>corte parcial en Avenida Lugones<\/strong>, mano a capital.&nbsp;Se realiza el&nbsp;<strong>desv\u00edo&nbsp;<\/strong>por la&nbsp;<strong>salida hacia Avenida Udaondo.&nbsp;<\/strong>Los veh\u00edculos de tr\u00e1nsito pesado deber\u00e1n circular por Avenida Libertador, hasta Udaondo, para poder volver a circular por Avenida Lugones.&nbsp;<\/p>\n","protected":false},"excerpt":{"rendered":"<div class=\"mh-excerpt\">Por obras relacionadas a la ampliaci\u00f3n y renovaci\u00f3n del Puente Labruna, este mi\u00e9rcoles habr\u00e1 un corte parcial en Avenida Lugones, Se realiza el\u00a0desv\u00edo\u00a0por la\u00a0salida hacia Avenida Udaondo. El&nbsp;mi\u00e9rcoles 19 de <a class=\"mh-excerpt-more\" href=\"https:\/\/www.comuna13online.com.ar\/?p=20571\" title=\"Corte parcial en Avenida Lugones\">[&#8230;]<\/a><\/div>\n","protected":false},"author":1,"featured_media":20572,"comment_status":"closed","ping_status":"closed","sticky":false,"template":"","format":"standard","meta":{"_uag_custom_page_level_css":"","_jetpack_memberships_contains_paid_content":false,"footnotes":"","jetpack_publicize_message":"","jetpack_publicize_feature_enabled":true,"jetpack_social_post_already_shared":true,"jetpack_social_options":{"image_generator_settings":{"template":"highway","default_image_id":0,"font":"","enabled":false},"version":2}},"categories":[53],"tags":[19,250,296,54],"class_list":{"0":"post-20571","1":"post","2":"type-post","3":"status-publish","4":"format-standard","5":"has-post-thumbnail","7":"category-transito","8":"tag-comuna-13","9":"tag-h2","10":"tag-h3","11":"tag-transito"},"jetpack_publicize_connections":[],"jetpack_featured_media_url":"https:\/\/www.comuna13online.com.ar\/wp-content\/uploads\/2025\/11\/20251118a_id.jpg","uagb_featured_image_src":{"full":["https:\/\/www.comuna13online.com.ar\/wp-content\/uploads\/2025\/11\/20251118a_id.jpg",678,452,false],"thumbnail":["https:\/\/www.comuna13online.com.ar\/wp-content\/uploads\/2025\/11\/20251118a_id.jpg",128,85,false],"medium":["https:\/\/www.comuna13online.com.ar\/wp-content\/uploads\/2025\/11\/20251118a_id.jpg",678,452,false],"medium_large":["https:\/\/www.comuna13online.com.ar\/wp-content\/uploads\/2025\/11\/20251118a_id.jpg",678,452,false],"large":["https:\/\/www.comuna13online.com.ar\/wp-content\/uploads\/2025\/11\/20251118a_id.jpg",678,452,false],"1536x1536":["https:\/\/www.comuna13online.com.ar\/wp-content\/uploads\/2025\/11\/20251118a_id.jpg",678,452,false],"2048x2048":["https:\/\/www.comuna13online.com.ar\/wp-content\/uploads\/2025\/11\/20251118a_id.jpg",678,452,false],"mh-magazine-slider":["https:\/\/www.comuna13online.com.ar\/wp-content\/uploads\/2025\/11\/20251118a_id-678x438.jpg",678,438,true],"mh-magazine-content":["https:\/\/www.comuna13online.com.ar\/wp-content\/uploads\/2025\/11\/20251118a_id-678x381.jpg",678,381,true],"mh-magazine-large":["https:\/\/www.comuna13online.com.ar\/wp-content\/uploads\/2025\/11\/20251118a_id.jpg",678,452,false],"mh-magazine-medium":["https:\/\/www.comuna13online.com.ar\/wp-content\/uploads\/2025\/11\/20251118a_id-326x245.jpg",326,245,true],"mh-magazine-small":["https:\/\/www.comuna13online.com.ar\/wp-content\/uploads\/2025\/11\/20251118a_id-80x60.jpg",80,60,true],"sow-carousel-default":["https:\/\/www.comuna13online.com.ar\/wp-content\/uploads\/2025\/11\/20251118a_id-272x182.jpg",272,182,true]},"uagb_author_info":{"display_name":"Comuna13","author_link":"https:\/\/www.comuna13online.com.ar\/?author=1"},"uagb_comment_info":0,"uagb_excerpt":"Por obras relacionadas a la ampliaci\u00f3n y renovaci\u00f3n del Puente Labruna, este mi\u00e9rcoles habr\u00e1 un corte parcial en Avenida Lugones, Se realiza el\u00a0desv\u00edo\u00a0por la\u00a0salida hacia Avenida Udaondo. El&nbsp;mi\u00e9rcoles 19 de [...]","jetpack_sharing_enabled":true,"_links":{"self":[{"href":"https:\/\/www.comuna13online.com.ar\/index.php?rest_route=\/wp\/v2\/posts\/20571","targetHints":{"allow":["GET"]}}],"collection":[{"href":"https:\/\/www.comuna13online.com.ar\/index.php?rest_route=\/wp\/v2\/posts"}],"about":[{"href":"https:\/\/www.comuna13online.com.ar\/index.php?rest_route=\/wp\/v2\/types\/post"}],"author":[{"embeddable":true,"href":"https:\/\/www.comuna13online.com.ar\/index.php?rest_route=\/wp\/v2\/users\/1"}],"replies":[{"embeddable":true,"href":"https:\/\/www.comuna13online.com.ar\/index.php?rest_route=%2Fwp%2Fv2%2Fcomments&post=20571"}],"version-history":[{"count":0,"href":"https:\/\/www.comuna13online.com.ar\/index.php?rest_route=\/wp\/v2\/posts\/20571\/revisions"}],"wp:featuredmedia":[{"embeddable":true,"href":"https:\/\/www.comuna13online.com.ar\/index.php?rest_route=\/wp\/v2\/media\/20572"}],"wp:attachment":[{"href":"https:\/\/www.comuna13online.com.ar\/index.php?rest_route=%2Fwp%2Fv2%2Fmedia&parent=20571"}],"wp:term":[{"taxonomy":"category","embeddable":true,"href":"https:\/\/www.comuna13online.com.ar\/index.php?rest_route=%2Fwp%2Fv2%2Fcategories&post=20571"},{"taxonomy":"post_tag","embeddable":true,"href":"https:\/\/www.comuna13online.com.ar\/index.php?rest_route=%2Fwp%2Fv2%2Ftags&post=20571"}],"curies":[{"name":"wp","href":"https:\/\/api.w.org\/{rel}","templated":true}]}}