{"id":20561,"date":"2025-11-12T15:38:35","date_gmt":"2025-11-12T18:38:35","guid":{"rendered":"https:\/\/www.comuna13online.com.ar\/?p=20561"},"modified":"2025-11-13T15:51:48","modified_gmt":"2025-11-13T18:51:48","slug":"jornada-por-la-semana-del-patrimonio-en-el-museo-larreta","status":"publish","type":"post","link":"https:\/\/www.comuna13online.com.ar\/?p=20561","title":{"rendered":"Jornada por la Semana del Patrimonio en el Museo Larreta"},"content":{"rendered":"\n<p><strong>Esta iniciativa es una invitaci\u00f3n a conocer, valorar y compartir el gran patrimonio que resguarda el museo, testimonio de una \u00e9poca y expresi\u00f3n del di\u00e1logo entre arte, historia y religi\u00f3n.<\/strong><\/p>\n\n\n\n<figure class=\"wp-block-image size-full\"><img loading=\"lazy\" decoding=\"async\" width=\"678\" height=\"381\" data-attachment-id=\"20563\" data-permalink=\"https:\/\/www.comuna13online.com.ar\/?attachment_id=20563\" data-orig-file=\"https:\/\/www.comuna13online.com.ar\/wp-content\/uploads\/2025\/11\/20251112a_01.jpg\" data-orig-size=\"678,381\" data-comments-opened=\"0\" data-image-meta=\"{&quot;aperture&quot;:&quot;0&quot;,&quot;credit&quot;:&quot;&quot;,&quot;camera&quot;:&quot;&quot;,&quot;caption&quot;:&quot;&quot;,&quot;created_timestamp&quot;:&quot;0&quot;,&quot;copyright&quot;:&quot;&quot;,&quot;focal_length&quot;:&quot;0&quot;,&quot;iso&quot;:&quot;0&quot;,&quot;shutter_speed&quot;:&quot;0&quot;,&quot;title&quot;:&quot;&quot;,&quot;orientation&quot;:&quot;0&quot;}\" data-image-title=\"20251112a_01\" data-image-description=\"\" data-image-caption=\"\" data-large-file=\"https:\/\/www.comuna13online.com.ar\/wp-content\/uploads\/2025\/11\/20251112a_01.jpg\" src=\"https:\/\/www.comuna13online.com.ar\/wp-content\/uploads\/2025\/11\/20251112a_01.jpg\" alt=\"\" class=\"wp-image-20563\"\/><\/figure>\n\n\n\n<p>En el marco de la Semana del Patrimonio, el Museo de Arte Espa\u00f1ol Enrique Larreta invita a participar de la jornada \u201cArchivos Abiertos\u201d, una propuesta dedicada a la preservaci\u00f3n y difusi\u00f3n del patrimonio documental.<\/p>\n\n\n\n<p>En esta ocasi\u00f3n se presentar\u00e1 el antifonario franciscano del siglo XV, una pieza excepcional que forma parte de la colecci\u00f3n del museo. Este manuscrito, elaborado en Espa\u00f1a, est\u00e1 compuesto por hojas de pergamino pintadas a mano, tapas forradas en cuero y detalles en bronce y hierro. Contiene cantos gregorianos destinados a la ejecuci\u00f3n del coro que se interpretaban en el contexto de la liturgia cristiana, especialmente durante la misa.<\/p>\n\n\n\n<p>El antifonario fue adquirido en Europa por el escritor Enrique Larreta -coleccionista apasionado por el arte y la cultura del Siglo de Oro Espa\u00f1ol- entre los a\u00f1os 1918 y 1921.<\/p>\n\n\n\n<h4 class=\"wp-block-heading\">M\u00e1s informaci\u00f3n:<\/h4>\n\n\n\n<ul class=\"wp-block-list\">\n<li>Jueves 13 de noviembre a las 16 h<\/li>\n\n\n\n<li>La charla se llevar\u00e1 a cabo en la biblioteca del Museo.<\/li>\n\n\n\n<li>Capacidad limitada. Ingreso con inscripci\u00f3n previa.<\/li>\n<\/ul>\n\n\n\n<ul class=\"wp-block-list\">\n<li>Direcci\u00f3n:\u00a0<a href=\"https:\/\/mapa.buenosaires.gob.ar\/comollego\/?lat=-34.561127&amp;lng=-58.455265&amp;zl=15&amp;modo=transporte&amp;dir=Juramento+Av.+2291\">Juramento 2291<\/a><\/li>\n<\/ul>\n\n\n\n<p>Para participar se requiere de inscripci\u00f3n previa <a href=\"http:\/\/docs.google.com\/forms\/d\/e\/1FAIpQLSdxMXULuHY6n1eckJIpb3btN1KAY2sicd29UF9ik6pL3ScUlg\/closedform?pli=1\" target=\"_blank\" rel=\"noreferrer noopener\">aqu\u00ed<\/a><\/p>\n\n\n\n<p><\/p>\n","protected":false},"excerpt":{"rendered":"<div class=\"mh-excerpt\">Esta iniciativa es una invitaci\u00f3n a conocer, valorar y compartir el gran patrimonio que resguarda el museo, testimonio de una \u00e9poca y expresi\u00f3n del di\u00e1logo entre arte, historia y religi\u00f3n. <a class=\"mh-excerpt-more\" href=\"https:\/\/www.comuna13online.com.ar\/?p=20561\" title=\"Jornada por la Semana del Patrimonio en el Museo Larreta\">[&#8230;]<\/a><\/div>\n","protected":false},"author":1,"featured_media":20562,"comment_status":"closed","ping_status":"closed","sticky":false,"template":"","format":"standard","meta":{"_uag_custom_page_level_css":"","_jetpack_memberships_contains_paid_content":false,"footnotes":"","jetpack_publicize_message":"","jetpack_publicize_feature_enabled":true,"jetpack_social_post_already_shared":true,"jetpack_social_options":{"image_generator_settings":{"template":"highway","default_image_id":0,"font":"","enabled":false},"version":2}},"categories":[288],"tags":[19,60,250,296,286,71],"class_list":{"0":"post-20561","1":"post","2":"type-post","3":"status-publish","4":"format-standard","5":"has-post-thumbnail","7":"category-patrimonio","8":"tag-comuna-13","9":"tag-cultura","10":"tag-h2","11":"tag-h3","12":"tag-patrimonio","13":"tag-tiempo-libre"},"jetpack_publicize_connections":[],"jetpack_featured_media_url":"https:\/\/www.comuna13online.com.ar\/wp-content\/uploads\/2025\/11\/20251112a_id.jpg","uagb_featured_image_src":{"full":["https:\/\/www.comuna13online.com.ar\/wp-content\/uploads\/2025\/11\/20251112a_id.jpg",678,381,false],"thumbnail":["https:\/\/www.comuna13online.com.ar\/wp-content\/uploads\/2025\/11\/20251112a_id.jpg",128,72,false],"medium":["https:\/\/www.comuna13online.com.ar\/wp-content\/uploads\/2025\/11\/20251112a_id.jpg",678,381,false],"medium_large":["https:\/\/www.comuna13online.com.ar\/wp-content\/uploads\/2025\/11\/20251112a_id.jpg",678,381,false],"large":["https:\/\/www.comuna13online.com.ar\/wp-content\/uploads\/2025\/11\/20251112a_id.jpg",678,381,false],"1536x1536":["https:\/\/www.comuna13online.com.ar\/wp-content\/uploads\/2025\/11\/20251112a_id.jpg",678,381,false],"2048x2048":["https:\/\/www.comuna13online.com.ar\/wp-content\/uploads\/2025\/11\/20251112a_id.jpg",678,381,false],"mh-magazine-slider":["https:\/\/www.comuna13online.com.ar\/wp-content\/uploads\/2025\/11\/20251112a_id.jpg",678,381,false],"mh-magazine-content":["https:\/\/www.comuna13online.com.ar\/wp-content\/uploads\/2025\/11\/20251112a_id.jpg",678,381,false],"mh-magazine-large":["https:\/\/www.comuna13online.com.ar\/wp-content\/uploads\/2025\/11\/20251112a_id.jpg",678,381,false],"mh-magazine-medium":["https:\/\/www.comuna13online.com.ar\/wp-content\/uploads\/2025\/11\/20251112a_id-326x245.jpg",326,245,true],"mh-magazine-small":["https:\/\/www.comuna13online.com.ar\/wp-content\/uploads\/2025\/11\/20251112a_id-80x60.jpg",80,60,true],"sow-carousel-default":["https:\/\/www.comuna13online.com.ar\/wp-content\/uploads\/2025\/11\/20251112a_id-272x182.jpg",272,182,true]},"uagb_author_info":{"display_name":"Comuna13","author_link":"https:\/\/www.comuna13online.com.ar\/?author=1"},"uagb_comment_info":0,"uagb_excerpt":"Esta iniciativa es una invitaci\u00f3n a conocer, valorar y compartir el gran patrimonio que resguarda el museo, testimonio de una \u00e9poca y expresi\u00f3n del di\u00e1logo entre arte, historia y religi\u00f3n. [...]","jetpack_sharing_enabled":true,"_links":{"self":[{"href":"https:\/\/www.comuna13online.com.ar\/index.php?rest_route=\/wp\/v2\/posts\/20561","targetHints":{"allow":["GET"]}}],"collection":[{"href":"https:\/\/www.comuna13online.com.ar\/index.php?rest_route=\/wp\/v2\/posts"}],"about":[{"href":"https:\/\/www.comuna13online.com.ar\/index.php?rest_route=\/wp\/v2\/types\/post"}],"author":[{"embeddable":true,"href":"https:\/\/www.comuna13online.com.ar\/index.php?rest_route=\/wp\/v2\/users\/1"}],"replies":[{"embeddable":true,"href":"https:\/\/www.comuna13online.com.ar\/index.php?rest_route=%2Fwp%2Fv2%2Fcomments&post=20561"}],"version-history":[{"count":0,"href":"https:\/\/www.comuna13online.com.ar\/index.php?rest_route=\/wp\/v2\/posts\/20561\/revisions"}],"wp:featuredmedia":[{"embeddable":true,"href":"https:\/\/www.comuna13online.com.ar\/index.php?rest_route=\/wp\/v2\/media\/20562"}],"wp:attachment":[{"href":"https:\/\/www.comuna13online.com.ar\/index.php?rest_route=%2Fwp%2Fv2%2Fmedia&parent=20561"}],"wp:term":[{"taxonomy":"category","embeddable":true,"href":"https:\/\/www.comuna13online.com.ar\/index.php?rest_route=%2Fwp%2Fv2%2Fcategories&post=20561"},{"taxonomy":"post_tag","embeddable":true,"href":"https:\/\/www.comuna13online.com.ar\/index.php?rest_route=%2Fwp%2Fv2%2Ftags&post=20561"}],"curies":[{"name":"wp","href":"https:\/\/api.w.org\/{rel}","templated":true}]}}