{"id":20479,"date":"2025-10-24T15:01:29","date_gmt":"2025-10-24T18:01:29","guid":{"rendered":"https:\/\/www.comuna13online.com.ar\/?p=20479"},"modified":"2025-11-05T20:59:29","modified_gmt":"2025-11-05T23:59:29","slug":"inundacion-y-demoras-en-belgrano-por-la-rotura-de-un-cano","status":"publish","type":"post","link":"https:\/\/www.comuna13online.com.ar\/?p=20479","title":{"rendered":"Inundaci\u00f3n y demoras en Belgrano por la rotura de un ca\u00f1o"},"content":{"rendered":"\n<p><strong>Un ca\u00f1o maestro de Aysa se rompi\u00f3 en Pampa y Ramsay, provocando una inundaci\u00f3n que alter\u00f3 el tr\u00e1nsito y puso en riesgo viviendas. Bomberos, operarios y vecinos enfrentan el desastre.<\/strong><\/p>\n\n\n\n<figure class=\"wp-block-image size-full\"><img loading=\"lazy\" decoding=\"async\" width=\"678\" height=\"381\" data-attachment-id=\"20481\" data-permalink=\"https:\/\/www.comuna13online.com.ar\/?attachment_id=20481\" data-orig-file=\"https:\/\/www.comuna13online.com.ar\/wp-content\/uploads\/2025\/10\/20251024b_id.jpg\" data-orig-size=\"678,381\" data-comments-opened=\"0\" data-image-meta=\"{&quot;aperture&quot;:&quot;0&quot;,&quot;credit&quot;:&quot;&quot;,&quot;camera&quot;:&quot;&quot;,&quot;caption&quot;:&quot;&quot;,&quot;created_timestamp&quot;:&quot;0&quot;,&quot;copyright&quot;:&quot;&quot;,&quot;focal_length&quot;:&quot;0&quot;,&quot;iso&quot;:&quot;0&quot;,&quot;shutter_speed&quot;:&quot;0&quot;,&quot;title&quot;:&quot;&quot;,&quot;orientation&quot;:&quot;0&quot;}\" data-image-title=\"20251024b_id\" data-image-description=\"\" data-image-caption=\"\" data-large-file=\"https:\/\/www.comuna13online.com.ar\/wp-content\/uploads\/2025\/10\/20251024b_id.jpg\" src=\"https:\/\/www.comuna13online.com.ar\/wp-content\/uploads\/2025\/10\/20251024b_id.jpg\" alt=\"\" class=\"wp-image-20481\"\/><\/figure>\n\n\n\n<div style=\"height:20px\" aria-hidden=\"true\" class=\"wp-block-spacer\"><\/div>\n\n\n\n<p>En la ma\u00f1ana de hoy, el barrio porte\u00f1o de Belgrano se vio sumergido en un verdadero caos debido a la rotura de un ca\u00f1o maestro de Aysa en la zona de Pampa y Ramsay. La situaci\u00f3n se torn\u00f3 cr\u00edtica cuando el agua comenz\u00f3 a desbordarse, cubriendo las calles y llegando hasta las veredas, amenazando con ingresar a edificios y viviendas de la zona.<\/p>\n\n\n\n<p>Seg\u00fan el comunicado oficial de la empresa, el incidente ocurri\u00f3 a las 9:00, y desde las 10:00, equipos t\u00e9cnicos y operativos de Aysa se hicieron presentes para cerrar v\u00e1lvulas y evitar que el anegamiento se agravara. El proceso de reparaci\u00f3n se inici\u00f3 r\u00e1pidamente, aunque se prev\u00e9 que las tareas se extiendan durante varias horas. Lo llamativo es que se trata de la segunda rotura registrada en el barrio en los \u00faltimos meses, aunque esta vez el da\u00f1o fue en una ca\u00f1er\u00eda diferente. Aysa asegur\u00f3 que no hubo variaciones de presi\u00f3n ni eventos t\u00e9cnicos previos que pudieran explicar el desperfecto, por lo que no descartan que causas externas hayan provocado el siniestro.<\/p>\n\n\n\n<p>La empresa intent\u00f3 llevar tranquilidad a los vecinos, indicando que la afectaci\u00f3n al servicio de agua ser\u00e1 m\u00ednima, ya que la red permite compensar el suministro desde otros sectores cercanos. Sin embargo, la interrupci\u00f3n del tr\u00e1nsito vehicular y peatonal es total en la calle La Pampa, entre Ramsay y Figueroa Alcorta, complicando a\u00fan m\u00e1s la rutina diaria de quienes viven o trabajan en la zona.<\/p>\n\n\n\n<div style=\"height:20px\" aria-hidden=\"true\" class=\"wp-block-spacer\"><\/div>\n<div align=\"center\">\n<blockquote class=\"twitter-tweet\"><p lang=\"es\" dir=\"ltr\">La Pampa y Ramsay se rompi\u00f3 un ca\u00f1o de agua. En Belgrano.<br>Trabajan operarios de Aysa para solucionar el inconveniente.<br>Corte total. <a href=\"https:\/\/t.co\/bfKKELEWLo\">pic.twitter.com\/bfKKELEWLo<\/a><\/p>&mdash; #PeriodistaDeTr\u00e1nsito (@APTTA_) <a href=\"https:\/\/twitter.com\/APTTA_\/status\/1981735494133178779?ref_src=twsrc%5Etfw\">October 24, 2025<\/a><\/blockquote> <script async src=\"https:\/\/platform.twitter.com\/widgets.js\" charset=\"utf-8\"><\/script>\n<\/div>\n<div style=\"height:20px\" aria-hidden=\"true\" class=\"wp-block-spacer\"><\/div>\n\n\n\n<div style=\"height:20px\" aria-hidden=\"true\" class=\"wp-block-spacer\"><\/div>\n\n\n\n<p>El desastre tuvo un episodio ins\u00f3lito que fue captado en vivo por el m\u00f3vil de TN, una camioneta Volkswagen Amarok qued\u00f3 encajada en la grieta provocada por el ca\u00f1o roto. La intervenci\u00f3n de los Bomberos de la Ciudad de Buenos Aires fue esencial; con barreta y pala, trabajaron intensamente para liberar el veh\u00edculo. Finalmente, tras varios intentos, el conductor logr\u00f3 poner en marcha la camioneta y salir de la peligrosa grieta, evitando as\u00ed un da\u00f1o mayor.<\/p>\n\n\n\n<div style=\"height:20px\" aria-hidden=\"true\" class=\"wp-block-spacer\"><\/div>\n\n\n\n<figure class=\"wp-block-image size-full\"><img loading=\"lazy\" decoding=\"async\" width=\"678\" height=\"381\" data-attachment-id=\"20480\" data-permalink=\"https:\/\/www.comuna13online.com.ar\/?attachment_id=20480\" data-orig-file=\"https:\/\/www.comuna13online.com.ar\/wp-content\/uploads\/2025\/10\/20251024b_01.jpg\" data-orig-size=\"678,381\" data-comments-opened=\"0\" data-image-meta=\"{&quot;aperture&quot;:&quot;0&quot;,&quot;credit&quot;:&quot;&quot;,&quot;camera&quot;:&quot;&quot;,&quot;caption&quot;:&quot;&quot;,&quot;created_timestamp&quot;:&quot;0&quot;,&quot;copyright&quot;:&quot;&quot;,&quot;focal_length&quot;:&quot;0&quot;,&quot;iso&quot;:&quot;0&quot;,&quot;shutter_speed&quot;:&quot;0&quot;,&quot;title&quot;:&quot;&quot;,&quot;orientation&quot;:&quot;0&quot;}\" data-image-title=\"20251024b_01\" data-image-description=\"\" data-image-caption=\"\" data-large-file=\"https:\/\/www.comuna13online.com.ar\/wp-content\/uploads\/2025\/10\/20251024b_01.jpg\" src=\"https:\/\/www.comuna13online.com.ar\/wp-content\/uploads\/2025\/10\/20251024b_01.jpg\" alt=\"\" class=\"wp-image-20480\"\/><\/figure>\n","protected":false},"excerpt":{"rendered":"<div class=\"mh-excerpt\">Un ca\u00f1o maestro de Aysa se rompi\u00f3 en Pampa y Ramsay, provocando una inundaci\u00f3n que alter\u00f3 el tr\u00e1nsito y puso en riesgo viviendas. Bomberos, operarios y vecinos enfrentan el desastre. <a class=\"mh-excerpt-more\" href=\"https:\/\/www.comuna13online.com.ar\/?p=20479\" title=\"Inundaci\u00f3n y demoras en Belgrano por la rotura de un ca\u00f1o\">[&#8230;]<\/a><\/div>\n","protected":false},"author":1,"featured_media":20481,"comment_status":"closed","ping_status":"closed","sticky":false,"template":"","format":"standard","meta":{"_uag_custom_page_level_css":"","_jetpack_memberships_contains_paid_content":false,"footnotes":"","jetpack_publicize_message":"","jetpack_publicize_feature_enabled":true,"jetpack_social_post_already_shared":true,"jetpack_social_options":{"image_generator_settings":{"template":"highway","default_image_id":0,"font":"","enabled":false},"version":2}},"categories":[251],"tags":[19,252,250,296,231],"class_list":{"0":"post-20479","1":"post","2":"type-post","3":"status-publish","4":"format-standard","5":"has-post-thumbnail","7":"category-emergencias","8":"tag-comuna-13","9":"tag-emergencias","10":"tag-h2","11":"tag-h3","12":"tag-lomasvisto"},"jetpack_publicize_connections":[],"jetpack_featured_media_url":"https:\/\/www.comuna13online.com.ar\/wp-content\/uploads\/2025\/10\/20251024b_id.jpg","uagb_featured_image_src":{"full":["https:\/\/www.comuna13online.com.ar\/wp-content\/uploads\/2025\/10\/20251024b_id.jpg",678,381,false],"thumbnail":["https:\/\/www.comuna13online.com.ar\/wp-content\/uploads\/2025\/10\/20251024b_id.jpg",128,72,false],"medium":["https:\/\/www.comuna13online.com.ar\/wp-content\/uploads\/2025\/10\/20251024b_id.jpg",678,381,false],"medium_large":["https:\/\/www.comuna13online.com.ar\/wp-content\/uploads\/2025\/10\/20251024b_id.jpg",678,381,false],"large":["https:\/\/www.comuna13online.com.ar\/wp-content\/uploads\/2025\/10\/20251024b_id.jpg",678,381,false],"1536x1536":["https:\/\/www.comuna13online.com.ar\/wp-content\/uploads\/2025\/10\/20251024b_id.jpg",678,381,false],"2048x2048":["https:\/\/www.comuna13online.com.ar\/wp-content\/uploads\/2025\/10\/20251024b_id.jpg",678,381,false],"mh-magazine-slider":["https:\/\/www.comuna13online.com.ar\/wp-content\/uploads\/2025\/10\/20251024b_id.jpg",678,381,false],"mh-magazine-content":["https:\/\/www.comuna13online.com.ar\/wp-content\/uploads\/2025\/10\/20251024b_id.jpg",678,381,false],"mh-magazine-large":["https:\/\/www.comuna13online.com.ar\/wp-content\/uploads\/2025\/10\/20251024b_id.jpg",678,381,false],"mh-magazine-medium":["https:\/\/www.comuna13online.com.ar\/wp-content\/uploads\/2025\/10\/20251024b_id-326x245.jpg",326,245,true],"mh-magazine-small":["https:\/\/www.comuna13online.com.ar\/wp-content\/uploads\/2025\/10\/20251024b_id-80x60.jpg",80,60,true],"sow-carousel-default":["https:\/\/www.comuna13online.com.ar\/wp-content\/uploads\/2025\/10\/20251024b_id-272x182.jpg",272,182,true]},"uagb_author_info":{"display_name":"Comuna13","author_link":"https:\/\/www.comuna13online.com.ar\/?author=1"},"uagb_comment_info":0,"uagb_excerpt":"Un ca\u00f1o maestro de Aysa se rompi\u00f3 en Pampa y Ramsay, provocando una inundaci\u00f3n que alter\u00f3 el tr\u00e1nsito y puso en riesgo viviendas. Bomberos, operarios y vecinos enfrentan el desastre. [...]","jetpack_sharing_enabled":true,"_links":{"self":[{"href":"https:\/\/www.comuna13online.com.ar\/index.php?rest_route=\/wp\/v2\/posts\/20479","targetHints":{"allow":["GET"]}}],"collection":[{"href":"https:\/\/www.comuna13online.com.ar\/index.php?rest_route=\/wp\/v2\/posts"}],"about":[{"href":"https:\/\/www.comuna13online.com.ar\/index.php?rest_route=\/wp\/v2\/types\/post"}],"author":[{"embeddable":true,"href":"https:\/\/www.comuna13online.com.ar\/index.php?rest_route=\/wp\/v2\/users\/1"}],"replies":[{"embeddable":true,"href":"https:\/\/www.comuna13online.com.ar\/index.php?rest_route=%2Fwp%2Fv2%2Fcomments&post=20479"}],"version-history":[{"count":0,"href":"https:\/\/www.comuna13online.com.ar\/index.php?rest_route=\/wp\/v2\/posts\/20479\/revisions"}],"wp:featuredmedia":[{"embeddable":true,"href":"https:\/\/www.comuna13online.com.ar\/index.php?rest_route=\/wp\/v2\/media\/20481"}],"wp:attachment":[{"href":"https:\/\/www.comuna13online.com.ar\/index.php?rest_route=%2Fwp%2Fv2%2Fmedia&parent=20479"}],"wp:term":[{"taxonomy":"category","embeddable":true,"href":"https:\/\/www.comuna13online.com.ar\/index.php?rest_route=%2Fwp%2Fv2%2Fcategories&post=20479"},{"taxonomy":"post_tag","embeddable":true,"href":"https:\/\/www.comuna13online.com.ar\/index.php?rest_route=%2Fwp%2Fv2%2Ftags&post=20479"}],"curies":[{"name":"wp","href":"https:\/\/api.w.org\/{rel}","templated":true}]}}