{"id":20453,"date":"2025-10-22T12:28:45","date_gmt":"2025-10-22T15:28:45","guid":{"rendered":"https:\/\/www.comuna13online.com.ar\/?p=20453"},"modified":"2025-10-22T12:28:57","modified_gmt":"2025-10-22T15:28:57","slug":"desalojo-en-belgrano-la-ciudad-recupera-una-casa-tomada-tras-siete-anos-de-ocupacion","status":"publish","type":"post","link":"https:\/\/www.comuna13online.com.ar\/?p=20453","title":{"rendered":"Desalojo en Belgrano: la Ciudad recupera una casa tomada tras siete a\u00f1os de ocupaci\u00f3n"},"content":{"rendered":"\n<p><strong>El operativo estuvo liderado por la Polic\u00eda la Ciudad y cont\u00f3 con la colaboraci\u00f3n de la Guardia de Auxilio y la Red de Atenci\u00f3n. Ya son 462 los inmuebles recuperados.<\/strong><\/p>\n\n\n\n<figure class=\"wp-block-image size-full\"><img loading=\"lazy\" decoding=\"async\" width=\"678\" height=\"381\" data-attachment-id=\"20455\" data-permalink=\"https:\/\/www.comuna13online.com.ar\/?attachment_id=20455\" data-orig-file=\"https:\/\/www.comuna13online.com.ar\/wp-content\/uploads\/2025\/10\/20251022b_01.jpg\" data-orig-size=\"678,381\" data-comments-opened=\"0\" data-image-meta=\"{&quot;aperture&quot;:&quot;0&quot;,&quot;credit&quot;:&quot;&quot;,&quot;camera&quot;:&quot;&quot;,&quot;caption&quot;:&quot;&quot;,&quot;created_timestamp&quot;:&quot;0&quot;,&quot;copyright&quot;:&quot;&quot;,&quot;focal_length&quot;:&quot;0&quot;,&quot;iso&quot;:&quot;0&quot;,&quot;shutter_speed&quot;:&quot;0&quot;,&quot;title&quot;:&quot;&quot;,&quot;orientation&quot;:&quot;0&quot;}\" data-image-title=\"20251022b_01\" data-image-description=\"\" data-image-caption=\"\" data-large-file=\"https:\/\/www.comuna13online.com.ar\/wp-content\/uploads\/2025\/10\/20251022b_01.jpg\" src=\"https:\/\/www.comuna13online.com.ar\/wp-content\/uploads\/2025\/10\/20251022b_01.jpg\" alt=\"\" class=\"wp-image-20455\"\/><\/figure>\n\n\n\n<div style=\"height:15px\" aria-hidden=\"true\" class=\"wp-block-spacer\"><\/div>\n\n\n\n<p>El Gobierno de la Ciudad llev\u00f3 a cabo el desalojo de una vivienda ubicada en el barrio de Belgrano, que hab\u00eda permanecido ilegalmente ocupada durante siete a\u00f1os. Esta acci\u00f3n se enmarca en la pol\u00edtica de recuperaci\u00f3n de inmuebles usurpados, con el objetivo de preservar la propiedad privada, fortalecer la seguridad p\u00fablica y brindar tranquilidad a la comunidad. Desde el inicio de la gesti\u00f3n actual han sido recuperados y restituidos a sus propietarios 462 inmuebles.<\/p>\n\n\n\n<p>La propiedad intervenida se encuentra en <a href=\"https:\/\/www.google.com\/maps\/place\/Amen%C3%A1bar+2248,+C1428CQJ+Cdad.+Aut%C3%B3noma+de+Buenos+Aires\/@-34.5618325,-58.4600337,17z\/data=!3m1!4b1!4m6!3m5!1s0x95bcb5d4e24a211d:0xbe5dfcda2822abb5!8m2!3d-34.5618325!4d-58.4600337!16s%2Fg%2F11c0_fvwln?entry=ttu&amp;g_ep=EgoyMDI1MTAxNC4wIKXMDSoASAFQAw%3D%3D\" target=\"_blank\" rel=\"noreferrer noopener\">Amen\u00e1bar 2248<\/a>, a poca distancia de la avenida Cabildo. Durante el operativo tambi\u00e9n se procedi\u00f3 a la clausura de dos accesos vecinos, que carec\u00edan de numeraci\u00f3n. La orden de desalojo fue emitida por el Juzgado Nacional de Primera Instancia en lo Civil N\u00b03, bajo la titularidad del juez Sebasti\u00e1n Francisco Font.<\/p>\n\n\n\n<p>El Jefe de Gobierno, Jorge Macri, afirm\u00f3: <em>\u201cVamos a continuar garantizando el respeto a la propiedad privada en cada barrio de la Ciudad. Los habitantes de la ciudad merecen vivir en condiciones de seguridad y tranquilidad\u201d<\/em>. En el procedimiento participaron la Polic\u00eda de la Ciudad, la Guardia de Auxilio y la Red de Atenci\u00f3n.<\/p>\n\n\n\n<div style=\"height:20px\" aria-hidden=\"true\" class=\"wp-block-spacer\"><\/div>\n\n\n\n<iframe src=\"https:\/\/www.google.com\/maps\/embed?pb=!4v1761146581571!6m8!1m7!1syE6K5FgUVaWs904vbNmh5w!2m2!1d-34.56168456977363!2d-58.45981609188006!3f233.37338261373924!4f-13.191533562324764!5f0.7820865974627469\" width=\"678\" height=\"452\" style=\"border:0;\" allowfullscreen=\"\" loading=\"lazy\" referrerpolicy=\"no-referrer-when-downgrade\"><\/iframe>\n","protected":false},"excerpt":{"rendered":"<div class=\"mh-excerpt\">El operativo estuvo liderado por la Polic\u00eda la Ciudad y cont\u00f3 con la colaboraci\u00f3n de la Guardia de Auxilio y la Red de Atenci\u00f3n. Ya son 462 los inmuebles recuperados. <a class=\"mh-excerpt-more\" href=\"https:\/\/www.comuna13online.com.ar\/?p=20453\" title=\"Desalojo en Belgrano: la Ciudad recupera una casa tomada tras siete a\u00f1os de ocupaci\u00f3n\">[&#8230;]<\/a><\/div>\n","protected":false},"author":1,"featured_media":20454,"comment_status":"closed","ping_status":"closed","sticky":false,"template":"","format":"standard","meta":{"_uag_custom_page_level_css":"","_jetpack_memberships_contains_paid_content":false,"footnotes":"","jetpack_publicize_message":"","jetpack_publicize_feature_enabled":true,"jetpack_social_post_already_shared":true,"jetpack_social_options":{"image_generator_settings":{"template":"highway","default_image_id":0,"font":"","enabled":false},"version":2}},"categories":[186],"tags":[19,250,296,188,17],"class_list":{"0":"post-20453","1":"post","2":"type-post","3":"status-publish","4":"format-standard","5":"has-post-thumbnail","7":"category-policiales","8":"tag-comuna-13","9":"tag-h2","10":"tag-h3","11":"tag-policiales","12":"tag-seguridad"},"jetpack_publicize_connections":[],"jetpack_featured_media_url":"https:\/\/www.comuna13online.com.ar\/wp-content\/uploads\/2025\/10\/20251022b_id.jpg","uagb_featured_image_src":{"full":["https:\/\/www.comuna13online.com.ar\/wp-content\/uploads\/2025\/10\/20251022b_id.jpg",678,381,false],"thumbnail":["https:\/\/www.comuna13online.com.ar\/wp-content\/uploads\/2025\/10\/20251022b_id.jpg",128,72,false],"medium":["https:\/\/www.comuna13online.com.ar\/wp-content\/uploads\/2025\/10\/20251022b_id.jpg",678,381,false],"medium_large":["https:\/\/www.comuna13online.com.ar\/wp-content\/uploads\/2025\/10\/20251022b_id.jpg",678,381,false],"large":["https:\/\/www.comuna13online.com.ar\/wp-content\/uploads\/2025\/10\/20251022b_id.jpg",678,381,false],"1536x1536":["https:\/\/www.comuna13online.com.ar\/wp-content\/uploads\/2025\/10\/20251022b_id.jpg",678,381,false],"2048x2048":["https:\/\/www.comuna13online.com.ar\/wp-content\/uploads\/2025\/10\/20251022b_id.jpg",678,381,false],"mh-magazine-slider":["https:\/\/www.comuna13online.com.ar\/wp-content\/uploads\/2025\/10\/20251022b_id.jpg",678,381,false],"mh-magazine-content":["https:\/\/www.comuna13online.com.ar\/wp-content\/uploads\/2025\/10\/20251022b_id.jpg",678,381,false],"mh-magazine-large":["https:\/\/www.comuna13online.com.ar\/wp-content\/uploads\/2025\/10\/20251022b_id.jpg",678,381,false],"mh-magazine-medium":["https:\/\/www.comuna13online.com.ar\/wp-content\/uploads\/2025\/10\/20251022b_id-326x245.jpg",326,245,true],"mh-magazine-small":["https:\/\/www.comuna13online.com.ar\/wp-content\/uploads\/2025\/10\/20251022b_id-80x60.jpg",80,60,true],"sow-carousel-default":["https:\/\/www.comuna13online.com.ar\/wp-content\/uploads\/2025\/10\/20251022b_id-272x182.jpg",272,182,true]},"uagb_author_info":{"display_name":"Comuna13","author_link":"https:\/\/www.comuna13online.com.ar\/?author=1"},"uagb_comment_info":0,"uagb_excerpt":"El operativo estuvo liderado por la Polic\u00eda la Ciudad y cont\u00f3 con la colaboraci\u00f3n de la Guardia de Auxilio y la Red de Atenci\u00f3n. Ya son 462 los inmuebles recuperados. [...]","jetpack_sharing_enabled":true,"_links":{"self":[{"href":"https:\/\/www.comuna13online.com.ar\/index.php?rest_route=\/wp\/v2\/posts\/20453","targetHints":{"allow":["GET"]}}],"collection":[{"href":"https:\/\/www.comuna13online.com.ar\/index.php?rest_route=\/wp\/v2\/posts"}],"about":[{"href":"https:\/\/www.comuna13online.com.ar\/index.php?rest_route=\/wp\/v2\/types\/post"}],"author":[{"embeddable":true,"href":"https:\/\/www.comuna13online.com.ar\/index.php?rest_route=\/wp\/v2\/users\/1"}],"replies":[{"embeddable":true,"href":"https:\/\/www.comuna13online.com.ar\/index.php?rest_route=%2Fwp%2Fv2%2Fcomments&post=20453"}],"version-history":[{"count":0,"href":"https:\/\/www.comuna13online.com.ar\/index.php?rest_route=\/wp\/v2\/posts\/20453\/revisions"}],"wp:featuredmedia":[{"embeddable":true,"href":"https:\/\/www.comuna13online.com.ar\/index.php?rest_route=\/wp\/v2\/media\/20454"}],"wp:attachment":[{"href":"https:\/\/www.comuna13online.com.ar\/index.php?rest_route=%2Fwp%2Fv2%2Fmedia&parent=20453"}],"wp:term":[{"taxonomy":"category","embeddable":true,"href":"https:\/\/www.comuna13online.com.ar\/index.php?rest_route=%2Fwp%2Fv2%2Fcategories&post=20453"},{"taxonomy":"post_tag","embeddable":true,"href":"https:\/\/www.comuna13online.com.ar\/index.php?rest_route=%2Fwp%2Fv2%2Ftags&post=20453"}],"curies":[{"name":"wp","href":"https:\/\/api.w.org\/{rel}","templated":true}]}}