{"id":20368,"date":"2025-10-14T16:17:27","date_gmt":"2025-10-14T19:17:27","guid":{"rendered":"https:\/\/www.comuna13online.com.ar\/?p=20368"},"modified":"2025-10-06T16:29:37","modified_gmt":"2025-10-06T19:29:37","slug":"la-ciudad-invita-a-participar-del-repara-fest-en-colegiales","status":"publish","type":"post","link":"https:\/\/www.comuna13online.com.ar\/?p=20368","title":{"rendered":"La Ciudad invita a participar del Repara Fest en Colegiales"},"content":{"rendered":"\n<p><strong>La Ciudad organiza el Repara Fest el 18 de octubre a las 11 en Plaza Clemente, talleres gratuitos para aprender a reparar libros, juguetes, ropa, electr\u00f3nicos y bicicletas con expertos.<\/strong><\/p>\n\n\n\n<figure class=\"wp-block-image size-full\"><img loading=\"lazy\" decoding=\"async\" width=\"678\" height=\"381\" data-attachment-id=\"20370\" data-permalink=\"https:\/\/www.comuna13online.com.ar\/?attachment_id=20370\" data-orig-file=\"https:\/\/www.comuna13online.com.ar\/wp-content\/uploads\/2025\/10\/20251014a_01.jpg\" data-orig-size=\"678,381\" data-comments-opened=\"0\" data-image-meta=\"{&quot;aperture&quot;:&quot;0&quot;,&quot;credit&quot;:&quot;&quot;,&quot;camera&quot;:&quot;&quot;,&quot;caption&quot;:&quot;&quot;,&quot;created_timestamp&quot;:&quot;0&quot;,&quot;copyright&quot;:&quot;&quot;,&quot;focal_length&quot;:&quot;0&quot;,&quot;iso&quot;:&quot;0&quot;,&quot;shutter_speed&quot;:&quot;0&quot;,&quot;title&quot;:&quot;&quot;,&quot;orientation&quot;:&quot;0&quot;}\" data-image-title=\"20251014a_01\" data-image-description=\"\" data-image-caption=\"\" data-large-file=\"https:\/\/www.comuna13online.com.ar\/wp-content\/uploads\/2025\/10\/20251014a_01.jpg\" src=\"https:\/\/www.comuna13online.com.ar\/wp-content\/uploads\/2025\/10\/20251014a_01.jpg\" alt=\"\" class=\"wp-image-20370\"\/><\/figure>\n\n\n\n<div style=\"height:20px\" aria-hidden=\"true\" class=\"wp-block-spacer\"><\/div>\n\n\n\n<p>Para celebrar el D\u00eda Mundial de la Reparaci\u00f3n, la Subsecretar\u00eda de Ambiente invita a participar el 18 de octubre del Repara Fest, entre las 11 y las 18 horas en la Plaza Clemente, <a href=\"https:\/\/www.google.com\/maps\/place\/Av.+Dorrego+%26+Gral.+Enrique+Mart%C3%ADnez,+C1414+Cdad.+Aut%C3%B3noma+de+Buenos+Aires\/data=!4m2!3m1!1s0x95bcb5ec45382cab:0x93c55edbf45487a1?sa=X&amp;ved=1t:242&amp;ictx=111\" target=\"_blank\" rel=\"noreferrer noopener\">Gral. Enrique Mart\u00ednez y Dorrego<\/a>. <\/p>\n\n\n\n<p>El objetivo de este encuentro es que los vecinos puedan aprender reparar sus objetos con ayuda de expertos y que puedan disfrutar de un espacio de encuentro, charlas con m\u00fasica en vivo y Feria Sustentable. No es necesario tener experiencia.<\/p>\n\n\n\n<p>Esta propuesta apunta a impulsar la econom\u00eda circular mediante la extensi\u00f3n de la vida \u00fatil de los objetos, la reducci\u00f3n de residuos, la promoci\u00f3n de h\u00e1bitos sostenibles y la promoci\u00f3n del consumo responsable.<\/p>\n\n\n\n<h3 class=\"wp-block-heading\">La propuesta estar\u00e1 dividida en 5 islas tem\u00e1ticas<\/h3>\n\n\n\n<p><strong>Isla de reparaci\u00f3n: Textiles<\/strong><\/p>\n\n\n\n<p>En ella se podr\u00e1n hacer arreglos generales de ropa: zurcidos, costura b\u00e1sica o parches creativos. Habr\u00e1, adem\u00e1s, talleres para customizar, reparaci\u00f3n de calzado y hacer upcycling (reutilizaci\u00f3n creativa) de prendas, de bordado y de t\u00e9cnicas para quitar manchas.<\/p>\n\n\n\n<p><strong>Isla de reparaci\u00f3n: Electr\u00f3nicos y El\u00e9ctricos<\/strong><\/p>\n\n\n\n<p>En esta propuesta se podr\u00e1n llevar peque\u00f1os electrodom\u00e9sticos, celulares o parlantes para un diagn\u00f3stico y arreglo guiado. Se ofrecer\u00e1 un taller b\u00e1sico de electricidad para el hogar. El Punto Verde M\u00f3vil estar\u00e1 presente para recibir residuos de aparatos el\u00e9ctricos y electr\u00f3nicos (RAEES), pilas, cartuchos de tinta y toners, etc.<\/p>\n\n\n\n<p><strong>Isla de reparaci\u00f3n: Movilidad Sustentable<\/strong><\/p>\n\n\n\n<p>Esta isla tendr\u00e1 un Checkpoint mec\u00e1nico gratuito para ajustar frenos, lubricar, emparchar o cambiar c\u00e1maras. Tambi\u00e9n habr\u00e1 una clase \u00abC\u00f3mo armar tu kit de bici\u00bb y podr\u00e1n decorar el casco. Adem\u00e1s, contaremos con \u00a8Soltate ni\u00f1os\u00a8 un taller para que los m\u00e1s peque\u00f1os aprendan a andar en bicicleta.<\/p>\n\n\n\n<p><strong>Isla de reparaci\u00f3n: Libros<\/strong><\/p>\n\n\n\n<p>Los vecinos podr\u00e1n aprender encuadernaci\u00f3n b\u00e1sica y restauraci\u00f3n de tapas y hojas de libros. Quienes participen del taller de encuadernaci\u00f3n con hojas recicladas se llevar\u00e1n un cuaderno hecho por sus propias manos.<\/p>\n\n\n\n<p><strong>Isla de reparaci\u00f3n: Juguetes<\/strong><\/p>\n\n\n\n<p>En este sector se podr\u00e1 hacer un diagn\u00f3stico y reparaci\u00f3n guiada: pegado de piezas, reemplazo de partes, costura b\u00e1sica para mu\u00f1ecos o peluches. Reparaci\u00f3n de juguetes con componentes el\u00e9ctricos simples. Habr\u00e1 un taller para crear \u00abFrankenjuguetes\u00bb usando piezas sueltas y otro de decoraci\u00f3n de juguetes reparados.<\/p>\n\n\n\n<p><\/p>\n","protected":false},"excerpt":{"rendered":"<div class=\"mh-excerpt\">La Ciudad organiza el Repara Fest el 18 de octubre a las 11 en Plaza Clemente, talleres gratuitos para aprender a reparar libros, juguetes, ropa, electr\u00f3nicos y bicicletas con expertos. <a class=\"mh-excerpt-more\" href=\"https:\/\/www.comuna13online.com.ar\/?p=20368\" title=\"La Ciudad invita a participar del Repara Fest en Colegiales\">[&#8230;]<\/a><\/div>\n","protected":false},"author":1,"featured_media":20369,"comment_status":"closed","ping_status":"closed","sticky":false,"template":"","format":"standard","meta":{"_uag_custom_page_level_css":"","_jetpack_memberships_contains_paid_content":false,"footnotes":"","jetpack_publicize_message":"","jetpack_publicize_feature_enabled":true,"jetpack_social_post_already_shared":true,"jetpack_social_options":{"image_generator_settings":{"template":"highway","default_image_id":0,"font":"","enabled":false},"version":2}},"categories":[22],"tags":[19,250,296,37],"class_list":{"0":"post-20368","1":"post","2":"type-post","3":"status-publish","4":"format-standard","5":"has-post-thumbnail","7":"category-medio-ambiente","8":"tag-comuna-13","9":"tag-h2","10":"tag-h3","11":"tag-medio-ambiente"},"jetpack_publicize_connections":[],"jetpack_featured_media_url":"https:\/\/www.comuna13online.com.ar\/wp-content\/uploads\/2025\/10\/20251014a_id.jpg","uagb_featured_image_src":{"full":["https:\/\/www.comuna13online.com.ar\/wp-content\/uploads\/2025\/10\/20251014a_id.jpg",678,381,false],"thumbnail":["https:\/\/www.comuna13online.com.ar\/wp-content\/uploads\/2025\/10\/20251014a_id.jpg",128,72,false],"medium":["https:\/\/www.comuna13online.com.ar\/wp-content\/uploads\/2025\/10\/20251014a_id.jpg",678,381,false],"medium_large":["https:\/\/www.comuna13online.com.ar\/wp-content\/uploads\/2025\/10\/20251014a_id.jpg",678,381,false],"large":["https:\/\/www.comuna13online.com.ar\/wp-content\/uploads\/2025\/10\/20251014a_id.jpg",678,381,false],"1536x1536":["https:\/\/www.comuna13online.com.ar\/wp-content\/uploads\/2025\/10\/20251014a_id.jpg",678,381,false],"2048x2048":["https:\/\/www.comuna13online.com.ar\/wp-content\/uploads\/2025\/10\/20251014a_id.jpg",678,381,false],"mh-magazine-slider":["https:\/\/www.comuna13online.com.ar\/wp-content\/uploads\/2025\/10\/20251014a_id.jpg",678,381,false],"mh-magazine-content":["https:\/\/www.comuna13online.com.ar\/wp-content\/uploads\/2025\/10\/20251014a_id.jpg",678,381,false],"mh-magazine-large":["https:\/\/www.comuna13online.com.ar\/wp-content\/uploads\/2025\/10\/20251014a_id.jpg",678,381,false],"mh-magazine-medium":["https:\/\/www.comuna13online.com.ar\/wp-content\/uploads\/2025\/10\/20251014a_id-326x245.jpg",326,245,true],"mh-magazine-small":["https:\/\/www.comuna13online.com.ar\/wp-content\/uploads\/2025\/10\/20251014a_id-80x60.jpg",80,60,true],"sow-carousel-default":["https:\/\/www.comuna13online.com.ar\/wp-content\/uploads\/2025\/10\/20251014a_id-272x182.jpg",272,182,true]},"uagb_author_info":{"display_name":"Comuna13","author_link":"https:\/\/www.comuna13online.com.ar\/?author=1"},"uagb_comment_info":0,"uagb_excerpt":"La Ciudad organiza el Repara Fest el 18 de octubre a las 11 en Plaza Clemente, talleres gratuitos para aprender a reparar libros, juguetes, ropa, electr\u00f3nicos y bicicletas con expertos. [...]","jetpack_sharing_enabled":true,"_links":{"self":[{"href":"https:\/\/www.comuna13online.com.ar\/index.php?rest_route=\/wp\/v2\/posts\/20368","targetHints":{"allow":["GET"]}}],"collection":[{"href":"https:\/\/www.comuna13online.com.ar\/index.php?rest_route=\/wp\/v2\/posts"}],"about":[{"href":"https:\/\/www.comuna13online.com.ar\/index.php?rest_route=\/wp\/v2\/types\/post"}],"author":[{"embeddable":true,"href":"https:\/\/www.comuna13online.com.ar\/index.php?rest_route=\/wp\/v2\/users\/1"}],"replies":[{"embeddable":true,"href":"https:\/\/www.comuna13online.com.ar\/index.php?rest_route=%2Fwp%2Fv2%2Fcomments&post=20368"}],"version-history":[{"count":0,"href":"https:\/\/www.comuna13online.com.ar\/index.php?rest_route=\/wp\/v2\/posts\/20368\/revisions"}],"wp:featuredmedia":[{"embeddable":true,"href":"https:\/\/www.comuna13online.com.ar\/index.php?rest_route=\/wp\/v2\/media\/20369"}],"wp:attachment":[{"href":"https:\/\/www.comuna13online.com.ar\/index.php?rest_route=%2Fwp%2Fv2%2Fmedia&parent=20368"}],"wp:term":[{"taxonomy":"category","embeddable":true,"href":"https:\/\/www.comuna13online.com.ar\/index.php?rest_route=%2Fwp%2Fv2%2Fcategories&post=20368"},{"taxonomy":"post_tag","embeddable":true,"href":"https:\/\/www.comuna13online.com.ar\/index.php?rest_route=%2Fwp%2Fv2%2Ftags&post=20368"}],"curies":[{"name":"wp","href":"https:\/\/api.w.org\/{rel}","templated":true}]}}