{"id":20352,"date":"2025-10-01T16:37:18","date_gmt":"2025-10-01T19:37:18","guid":{"rendered":"https:\/\/www.comuna13online.com.ar\/?p=20352"},"modified":"2025-10-07T16:19:21","modified_gmt":"2025-10-07T19:19:21","slug":"presupuesto-2026-equilibrio-fiscal-obra-publica-y-movilidad","status":"publish","type":"post","link":"https:\/\/www.comuna13online.com.ar\/?p=20352","title":{"rendered":"Presupuesto 2026: equilibrio fiscal, obra p\u00fablica y movilidad"},"content":{"rendered":"\n<p><strong>El Proyecto prev\u00e9 equilibrio fiscal, invertir\u00e1 el 20% en educaci\u00f3n y obra p\u00fablica, cuadruplica la inversi\u00f3n en movilidad, incluyendo inicio de obras de la l\u00ednea F. Cambios en el ABL. <\/strong><\/p>\n\n\n\n<figure class=\"wp-block-image size-full\"><img loading=\"lazy\" decoding=\"async\" width=\"678\" height=\"381\" data-attachment-id=\"20358\" data-permalink=\"https:\/\/www.comuna13online.com.ar\/?attachment_id=20358\" data-orig-file=\"https:\/\/www.comuna13online.com.ar\/wp-content\/uploads\/2025\/10\/20251001a_01.jpg\" data-orig-size=\"678,381\" data-comments-opened=\"0\" data-image-meta=\"{&quot;aperture&quot;:&quot;0&quot;,&quot;credit&quot;:&quot;&quot;,&quot;camera&quot;:&quot;&quot;,&quot;caption&quot;:&quot;&quot;,&quot;created_timestamp&quot;:&quot;0&quot;,&quot;copyright&quot;:&quot;&quot;,&quot;focal_length&quot;:&quot;0&quot;,&quot;iso&quot;:&quot;0&quot;,&quot;shutter_speed&quot;:&quot;0&quot;,&quot;title&quot;:&quot;&quot;,&quot;orientation&quot;:&quot;0&quot;}\" data-image-title=\"20251001a_01\" data-image-description=\"\" data-image-caption=\"\" data-large-file=\"https:\/\/www.comuna13online.com.ar\/wp-content\/uploads\/2025\/10\/20251001a_01.jpg\" src=\"https:\/\/www.comuna13online.com.ar\/wp-content\/uploads\/2025\/10\/20251001a_01.jpg\" alt=\"\" class=\"wp-image-20358\"\/><figcaption class=\"wp-element-caption\"><sup><strong>Jorge Macri<\/strong>, Jefe de Gobierno de la Ciudad de Buenos Aires, dando inicio al Per\u00edodo Ordinario de Sesiones en la Legislatura porte\u00f1a.<\/sup><\/figcaption><\/figure>\n\n\n\n<div style=\"height:20px\" aria-hidden=\"true\" class=\"wp-block-spacer\"><\/div>\n\n\n\n<p>El Gobierno de la Ciudad de Buenos Aires present\u00f3 ante la Legislatura porte\u00f1a el proyecto de Presupuesto 2026, el cual sostiene el equilibrio fiscal por quinto a\u00f1o consecutivo. La iniciativa contempla una significativa inversi\u00f3n en obra p\u00fablica y un incremento en el gasto social, con especial \u00e9nfasis en los sectores de educaci\u00f3n, salud y promoci\u00f3n social.<\/p>\n\n\n\n<p><strong>La gesti\u00f3n se guiar\u00e1 por cinco ejes estrat\u00e9gicos y priorizar\u00e1 la simplificaci\u00f3n para mayor eficiencia.<\/strong><\/p>\n\n\n\n<p>\u2022 Equilibrio fiscal por quinto a\u00f1o consecutivo<br>\u2022 Ejes: superficie, cuidado, movilidad, ciudad atractiva y reforma del estado<br>\u2022 61,7% se asigna a salud, educaci\u00f3n y promoci\u00f3n social<br>\u2022 Educaci\u00f3n recibe el mayor presupuesto con el 20%<br>\u2022 Alivio fiscal en Ingresos Brutos para trabajadores no profesionales<\/p>\n\n\n\n<p>El proyecto de Ley de Presupuesto 2026 para la Ciudad de Buenos Aires sigue las pautas macroecon\u00f3micas nacionales, estimando un crecimiento del 5%, inflaci\u00f3n del 10,1% y d\u00f3lar a $1.423 para fin de a\u00f1o. El gasto total se calcula en $17,34 billones y los recursos en $17,35 billones, proyectando super\u00e1vit financiero por quinto a\u00f1o consecutivo, en 2026, de $6 mil millones. El Resultado Econ\u00f3mico Primario ser\u00e1 de $3,69 billones y el Resultado Primario superavitario de $259 mil millones.<\/p>\n\n\n\n<div style=\"height:15px\" aria-hidden=\"true\" class=\"wp-block-spacer\"><\/div>\n\n\n\n<h4 class=\"wp-block-heading\">RECURSOS<\/h4>\n\n\n\n<p>En el texto, la Ciudad estima Recursos Totales por $17 billones 347 mil millones, compuestos casi en su totalidad por Recursos Corrientes. Los Recursos Tributarios se calculan en $14 billones 193 mil millones, de los cuales $12 billones 599 mil millones son recursos propios y $1 bill\u00f3n 594 mil millones corresponden a Coparticipaci\u00f3n Federal de Impuestos.<\/p>\n\n\n\n<p>La Coparticipaci\u00f3n que constituye el coeficiente del 2,95 suma $3 billones 399 mil millones, divididos en $1 bill\u00f3n 594 mil millones (coeficiente 1,40, transferido diariamente) y $1 bill\u00f3n 805 mil millones (coeficiente 1,55, transferido semanalmente tras acuerdo entre GCBA y Naci\u00f3n).<\/p>\n\n\n\n<div style=\"height:15px\" aria-hidden=\"true\" class=\"wp-block-spacer\"><\/div>\n\n\n\n<figure class=\"wp-block-image size-full\"><img loading=\"lazy\" decoding=\"async\" width=\"678\" height=\"382\" data-attachment-id=\"20354\" data-permalink=\"https:\/\/www.comuna13online.com.ar\/?attachment_id=20354\" data-orig-file=\"https:\/\/www.comuna13online.com.ar\/wp-content\/uploads\/2025\/10\/20251001a_02.gif\" data-orig-size=\"678,382\" data-comments-opened=\"0\" data-image-meta=\"{&quot;aperture&quot;:&quot;0&quot;,&quot;credit&quot;:&quot;&quot;,&quot;camera&quot;:&quot;&quot;,&quot;caption&quot;:&quot;&quot;,&quot;created_timestamp&quot;:&quot;0&quot;,&quot;copyright&quot;:&quot;&quot;,&quot;focal_length&quot;:&quot;0&quot;,&quot;iso&quot;:&quot;0&quot;,&quot;shutter_speed&quot;:&quot;0&quot;,&quot;title&quot;:&quot;&quot;,&quot;orientation&quot;:&quot;0&quot;}\" data-image-title=\"20251001a_02\" data-image-description=\"\" data-image-caption=\"\" data-large-file=\"https:\/\/www.comuna13online.com.ar\/wp-content\/uploads\/2025\/10\/20251001a_02.gif\" src=\"https:\/\/www.comuna13online.com.ar\/wp-content\/uploads\/2025\/10\/20251001a_02.gif\" alt=\"\" class=\"wp-image-20354\"\/><\/figure>\n\n\n\n<div style=\"height:15px\" aria-hidden=\"true\" class=\"wp-block-spacer\"><\/div>\n\n\n\n<p>La Ciudad reclama al Estado nacional el pago de USD 6.000 millones adeudados desde septiembre de 2020 y mantiene pedidos ante la Corte Suprema sobre la automaticidad del coeficiente 1,55 y la restituci\u00f3n del coeficiente 3,5.<\/p>\n\n\n\n<div style=\"height:15px\" aria-hidden=\"true\" class=\"wp-block-spacer\"><\/div>\n\n\n\n<h4 class=\"wp-block-heading\">GASTO<\/h4>\n\n\n\n<p>El Gasto estimado para 2026 ser\u00e1 de $17 billones 341 mil millones, con un gasto primario de $17 billones 88 mil millones. Los gastos corrientes (excluyendo intereses) suman $13 billones 654 mil millones y el gasto de capital es de $3 billones 434 mil millones. Dentro de los gastos corrientes, el rubro principal son las remuneraciones del personal (41,3% del total), con una previsi\u00f3n de $7 billones 155 mil millones, considerando la anualizaci\u00f3n y futuras paritarias.<\/p>\n\n\n\n<div style=\"height:15px\" aria-hidden=\"true\" class=\"wp-block-spacer\"><\/div>\n\n\n\n<figure class=\"wp-block-image size-full\"><img loading=\"lazy\" decoding=\"async\" width=\"678\" height=\"381\" data-attachment-id=\"20355\" data-permalink=\"https:\/\/www.comuna13online.com.ar\/?attachment_id=20355\" data-orig-file=\"https:\/\/www.comuna13online.com.ar\/wp-content\/uploads\/2025\/10\/20251001a_03.jpg\" data-orig-size=\"678,381\" data-comments-opened=\"0\" data-image-meta=\"{&quot;aperture&quot;:&quot;0&quot;,&quot;credit&quot;:&quot;&quot;,&quot;camera&quot;:&quot;&quot;,&quot;caption&quot;:&quot;&quot;,&quot;created_timestamp&quot;:&quot;0&quot;,&quot;copyright&quot;:&quot;&quot;,&quot;focal_length&quot;:&quot;0&quot;,&quot;iso&quot;:&quot;0&quot;,&quot;shutter_speed&quot;:&quot;0&quot;,&quot;title&quot;:&quot;&quot;,&quot;orientation&quot;:&quot;0&quot;}\" data-image-title=\"20251001a_03.\" data-image-description=\"\" data-image-caption=\"\" data-large-file=\"https:\/\/www.comuna13online.com.ar\/wp-content\/uploads\/2025\/10\/20251001a_03.jpg\" src=\"https:\/\/www.comuna13online.com.ar\/wp-content\/uploads\/2025\/10\/20251001a_03.jpg\" alt=\"\" class=\"wp-image-20355\"\/><\/figure>\n\n\n\n<div style=\"height:20px\" aria-hidden=\"true\" class=\"wp-block-spacer\"><\/div>\n\n\n\n<h4 class=\"wp-block-heading\">INVERSI\u00d3N<\/h4>\n\n\n\n<p>Educaci\u00f3n recibir\u00e1 el mayor porcentaje del presupuesto 2026 con 20% ($3.47 billones). Salud tendr\u00e1 el 16,5% ($2.86 billones), Promoci\u00f3n y Acci\u00f3n Social el 9,3% ($1.62 billones) y Seguridad el 15% ($2.61 billones). La Deuda P\u00fablica (intereses y gastos) equivale al 1,5% ($253 mil millones) para 2026.<\/p>\n\n\n\n<div style=\"height:15px\" aria-hidden=\"true\" class=\"wp-block-spacer\"><\/div>\n\n\n\n<h4 class=\"wp-block-heading\">Obra P\u00fablica<\/h4>\n\n\n\n<p>Para el a\u00f1o 2026, la Ciudad de Buenos Aires contempla una significativa inversi\u00f3n en obra p\u00fablica, destinando el 20% del presupuesto total a gastos de capital. Este porcentaje representa un incremento notable respecto al promedio hist\u00f3rico de los \u00faltimos a\u00f1os, que se situaba en el 16%.<\/p>\n\n\n\n<p>El \u00e1rea de Transporte se posiciona como la principal beneficiaria de esta inversi\u00f3n, con una asignaci\u00f3n presupuestaria de un bill\u00f3n 25 mil millones de pesos, equivalente al 5,9% del total. Este monto supone cuadruplicar la inversi\u00f3n realizada en el a\u00f1o 2023.<\/p>\n\n\n\n<p>En este contexto, destaca el inicio de las obras de la nueva l\u00ednea F de subterr\u00e1neos, considerada el proyecto m\u00e1s relevante del a\u00f1o. Esta l\u00ednea conectar\u00e1 Barracas con Plaza Italia y sumar\u00e1 doce estaciones a la red, permitiendo la incorporaci\u00f3n de 300.000 nuevos pasajeros diarios y atravesando ocho barrios distribuidos en cinco comunas.<\/p>\n\n\n\n<p>El proyecto prev\u00e9 una partida de 285.164 millones de pesos para el inicio de las obras de ingenier\u00eda, obra civil y equipamiento, con una ejecuci\u00f3n estimada en cinco a\u00f1os y un presupuesto total aproximado de 1.500 millones de d\u00f3lares. La licitaci\u00f3n p\u00fablica nacional e internacional para la construcci\u00f3n se realizar\u00e1 en octubre, tras un llamado a Manifestaci\u00f3n de Inter\u00e9s lanzado en 2025, al que respondieron veintid\u00f3s empresas de todo el mundo.<\/p>\n\n\n\n<div style=\"height:15px\" aria-hidden=\"true\" class=\"wp-block-spacer\"><\/div>\n\n\n\n<p><strong>Continuidad del Plan de Movilidad Urbana<\/strong><\/p>\n\n\n\n<p>Durante 2026, se dar\u00e1 continuidad a las obras incluidas en el Plan de Movilidad Urbana, abarcando tanto proyectos ya iniciados como nuevas intervenciones que comenzar\u00e1n ese a\u00f1o. Entre las principales acciones destacan:<\/p>\n\n\n\n<p>\u25fe Renovaci\u00f3n total de los vagones de la l\u00ednea B<br>\u25fe Renovaci\u00f3n de vagones en las l\u00edneas A y C<br>\u25fe Modernizaci\u00f3n de la l\u00ednea D<br>\u25fe Implementaci\u00f3n de Tramb\u00fas &#8211; etapa 1 (electromovilidad)<br>\u25fe Obras de ampliaci\u00f3n de la autopista Dellepiane (AUSA)<br>\u25fe Construcci\u00f3n de tres pasos bajo nivel: Garc\u00eda Lorca, Irigoyen y \u00c1lvarez Thomas (AUSA)<br>\u25fe Puente Anillo Pampa (AUSA)<br>\u25fe Puente de la Innovaci\u00f3n (AUSA)<\/p>\n\n\n\n<div style=\"height:15px\" aria-hidden=\"true\" class=\"wp-block-spacer\"><\/div>\n\n\n\n<p>El 20% de inversi\u00f3n contemplado para obra p\u00fablica tambi\u00e9n incluye proyectos de relevancia en otros sectores:<\/p>\n\n\n\n<p>\u25fe <strong>Educaci\u00f3n:<\/strong> Plan Sigma, dedicado al mantenimiento de edificios escolares.<br>\u25fe <strong>Salud:<\/strong> Implementaci\u00f3n de la historia cl\u00ednica electr\u00f3nica y adquisici\u00f3n de equipamiento m\u00e9dico de alta complejidad.<br>\u25fe <strong>Deportes:<\/strong> Renovaci\u00f3n total del aut\u00f3dromo G\u00e1lvez, con vistas al evento Moto GP.<br>\u25fe <strong>Seguridad:<\/strong> Obras en el centro penitenciario Marcos Paz.<\/p>\n\n\n\n<div style=\"height:20px\" aria-hidden=\"true\" class=\"wp-block-spacer\"><\/div>\n\n\n\n<h3 class=\"wp-block-heading\">IMPUESTOS<\/h3>\n\n\n\n<div style=\"height:10px\" aria-hidden=\"true\" class=\"wp-block-spacer\"><\/div>\n\n\n\n<h4 class=\"wp-block-heading\">IMPUESTO INMOBILIARIO\/ABL<\/h4>\n\n\n\n<p>En 2025 se recuper\u00f3 la progresividad del tributo mediante un esquema basado en inflaci\u00f3n y zona geogr\u00e1fica. Para 2026, el impuesto inmobiliario se actualizar\u00e1 solo por inflaci\u00f3n, considerando el \u00edndice de agosto 2025 para la primera cuota y ajustando mes a mes.<\/p>\n\n\n\n<p>La tasa de ABL se actualizar\u00e1 \u00fanicamente por inflaci\u00f3n para inmuebles con valuaci\u00f3n fiscal igual o inferior a $32 millones (63% del padr\u00f3n). Para los inmuebles con mayor valor fiscal, la actualizaci\u00f3n ser\u00e1 por inflaci\u00f3n m\u00e1s un 1% mensual adicional (37% del total).<\/p>\n\n\n\n<div style=\"height:10px\" aria-hidden=\"true\" class=\"wp-block-spacer\"><\/div>\n\n\n\n<h4 class=\"wp-block-heading\">PATENTE<\/h4>\n\n\n\n<p>Desde 2025, el impuesto se calcula con escalas y al\u00edcuotas ajustadas para mayor equidad y progresividad entre veh\u00edculos de valor similar. En 2026, se mantiene este esquema; la al\u00edcuota depende del valor del veh\u00edculo en octubre de 2025. El 92% de los 1.115.726 veh\u00edculos tributan en los tres tramos m\u00e1s bajos, con una al\u00edcuota m\u00e1xima del 3,5%.<\/p>\n\n\n\n<p>Adem\u00e1s, se mantiene la exenci\u00f3n del pago del impuesto a los autos el\u00e9ctricos y se mantiene el esquema para los autos h\u00edbridos: exenci\u00f3n del impuesto durante los primeros dos a\u00f1os y una progresiva reducci\u00f3n anual del beneficio, hasta que en el sexto a\u00f1o comienza a abonar el impuesto completo.<\/p>\n\n\n\n<div style=\"height:15px\" aria-hidden=\"true\" class=\"wp-block-spacer\"><\/div>\n\n\n\n<figure class=\"wp-block-image size-full\"><img loading=\"lazy\" decoding=\"async\" width=\"677\" height=\"205\" data-attachment-id=\"20353\" data-permalink=\"https:\/\/www.comuna13online.com.ar\/?attachment_id=20353\" data-orig-file=\"https:\/\/www.comuna13online.com.ar\/wp-content\/uploads\/2025\/10\/20251001a_01.gif\" data-orig-size=\"677,205\" data-comments-opened=\"0\" data-image-meta=\"{&quot;aperture&quot;:&quot;0&quot;,&quot;credit&quot;:&quot;&quot;,&quot;camera&quot;:&quot;&quot;,&quot;caption&quot;:&quot;&quot;,&quot;created_timestamp&quot;:&quot;0&quot;,&quot;copyright&quot;:&quot;&quot;,&quot;focal_length&quot;:&quot;0&quot;,&quot;iso&quot;:&quot;0&quot;,&quot;shutter_speed&quot;:&quot;0&quot;,&quot;title&quot;:&quot;&quot;,&quot;orientation&quot;:&quot;0&quot;}\" data-image-title=\"20251001a_01\" data-image-description=\"\" data-image-caption=\"\" data-large-file=\"https:\/\/www.comuna13online.com.ar\/wp-content\/uploads\/2025\/10\/20251001a_01.gif\" src=\"https:\/\/www.comuna13online.com.ar\/wp-content\/uploads\/2025\/10\/20251001a_01.gif\" alt=\"\" class=\"wp-image-20353\"\/><\/figure>\n\n\n\n<div style=\"height:15px\" aria-hidden=\"true\" class=\"wp-block-spacer\"><\/div>\n\n\n\n<p>Tanto para el Impuesto Inmobiliario\/Abl como Patentes contin\u00faan los beneficios por Pago Anticipado, Buen cumplimiento de pago y D\u00e9bito Autom\u00e1tico. Seguir\u00e1n exentos de abonar estos impuestos Jubilados, Pensionados y Personas con Discapacidad que cumplan determinados requisitos.<\/p>\n\n\n\n<div style=\"height:10px\" aria-hidden=\"true\" class=\"wp-block-spacer\"><\/div>\n\n\n\n<h4 class=\"wp-block-heading\">IMPUESTO A LOS SELLOS<\/h4>\n\n\n\n<p>Con el fin de incentivar el acceso a la vivienda, en el 2026 continuar\u00e1 vigente la exenci\u00f3n del 100% de este impuesto para las operaciones de compraventa de viviendas \u00fanicas, familiares y de ocupaci\u00f3n permanente cuyo valor sea inferior a $226.100.000.<\/p>\n\n\n\n<div style=\"height:10px\" aria-hidden=\"true\" class=\"wp-block-spacer\"><\/div>\n\n\n\n<h4 class=\"wp-block-heading\">INGRESOS BRUTOS<\/h4>\n\n\n\n<p>Este proyecto de ley plantea eximir total o parcialmente del impuesto a los prestadores de servicios no profesionales inscriptos en el R\u00e9gimen Simplificado (142.235 contribuyentes), que incluyen rubros como plomer\u00eda, electricidad, gas, peluquer\u00eda, centros de est\u00e9tica, administraci\u00f3n de consorcios, fotograf\u00eda y limpieza.<\/p>\n\n\n\n<p>Los trabajadores con facturaci\u00f3n anual hasta $8.992.597 (Tramo A) quedar\u00edan exentos del impuesto (79.590 beneficiarios), mientras que quienes facturen entre ese monto y $33.809.379 (Tramo F) recibir\u00edan una reducci\u00f3n del 25% al 75%, seg\u00fan su categor\u00eda.<\/p>\n\n\n\n<div style=\"height:10px\" aria-hidden=\"true\" class=\"wp-block-spacer\"><\/div>\n\n\n\n<h3 class=\"wp-block-heading\">BENEFICIOS PARA CONTRIBUYENTES<\/h3>\n\n\n\n<div style=\"height:10px\" aria-hidden=\"true\" class=\"wp-block-spacer\"><\/div>\n\n\n\n<p><strong>ABL\/INMOBILIARIO<\/strong><\/p>\n\n\n\n<ul class=\"wp-block-list\">\n<li><strong>Pago anticipado<\/strong>: Descuento del 10%.<\/li>\n<\/ul>\n\n\n\n<ul class=\"wp-block-list\">\n<li><strong>Buen cumplimiento de pago<\/strong>: 10% de bonificaci\u00f3n por buen cumplimiento en 2025. Se aplicar\u00e1 sobre cada una de las cuotas mensuales del a\u00f1o 2026, pagando a t\u00e9rmino cada una de ellas. S\u00f3lo para personas humanas, partidas correctamente titularizadas y que no registren deuda vencida.<\/li>\n<\/ul>\n\n\n\n<ul class=\"wp-block-list\">\n<li><strong>D\u00e9bito Autom\u00e1tico<\/strong>: Bonificaci\u00f3n del 10% anual. El descuento se aplicar\u00e1 en la \u00faltima cuota (Cuota 12) a quienes hayan adherido su pago a D\u00e9bito Autom\u00e1tico antes del 30\/06\/2026. S\u00f3lo para personas humanas que hayan recibido la bonificaci\u00f3n por buen cumplimiento de pago y partidas correctamente titularizadas.<\/li>\n<\/ul>\n\n\n\n<div style=\"height:10px\" aria-hidden=\"true\" class=\"wp-block-spacer\"><\/div>\n\n\n\n<p><strong>Exenci\u00f3n de ABL para jubilados, pensionados y personas con discapacidad.<\/strong><\/p>\n\n\n\n<p>Los requisitos para acceder al beneficio ser\u00e1n: que la propiedad tenga una Valuaci\u00f3n Fiscal Homog\u00e9nea igual o menor a $44 millones, que la propiedad en cuesti\u00f3n sea vivienda \u00fanica y permanente, y percibir un haber igual o menor a cuatro (4) veces la jubilaci\u00f3n m\u00ednima. Para las personas con discapacidad, los requisitos ser\u00e1n s\u00f3lo los dos primeros.<\/p>\n\n\n\n<div style=\"height:20px\" aria-hidden=\"true\" class=\"wp-block-spacer\"><\/div>\n\n\n\n<p><strong>PATENTES<\/strong><\/p>\n\n\n\n<ul class=\"wp-block-list\">\n<li><strong>Pago anticipado<\/strong>: Descuento del 10%.<\/li>\n<\/ul>\n\n\n\n<ul class=\"wp-block-list\">\n<li><strong>Buen cumplimiento de pago<\/strong>: 10% de bonificaci\u00f3n por buen cumplimiento en 2025. Se aplicar\u00e1 sobre cada una de las cuotas mensuales del a\u00f1o 2026, pagando a t\u00e9rmino cada una de ellas. S\u00f3lo para personas humanas, partidas correctamente titularizadas y que no registren deuda vencida.<\/li>\n<\/ul>\n\n\n\n<ul class=\"wp-block-list\">\n<li><strong>D\u00e9bito Autom\u00e1tico<\/strong>: Bonificaci\u00f3n del 10% anual. El descuento se aplicar\u00e1 en la \u00faltima cuota bimestral (Cuota 6) a quienes hayan adherido su pago a D\u00e9bito Autom\u00e1tico antes del 30\/04\/2026. S\u00f3lo para personas humanas que hayan recibido la bonificaci\u00f3n por buen cumplimiento de pago y partidas correctamente titularizadas.<\/li>\n<\/ul>\n\n\n\n<div style=\"height:10px\" aria-hidden=\"true\" class=\"wp-block-spacer\"><\/div>\n\n\n\n<p><strong>Exenci\u00f3n de PATENTES para personas con discapacidad.<\/strong><\/p>\n\n\n\n<p>\u25fe El veh\u00edculo debe estar destinado al uso o traslado de la persona con discapacidad.<\/p>\n\n\n\n<p>\u25fe La exenci\u00f3n del pago de la patente alcanza a un s\u00f3lo veh\u00edculo por persona y en tanto el beneficiario conserve la titularidad del dominio.<\/p>\n\n\n\n<p>\u25fe Para los casos en que el beneficiario de la exenci\u00f3n no sea titular del dominio, la valuaci\u00f3n del veh\u00edculo no debe superar el importe que fija la Ley Tarifaria.<\/p>\n\n\n\n<p><\/p>\n","protected":false},"excerpt":{"rendered":"<div class=\"mh-excerpt\">El Proyecto prev\u00e9 equilibrio fiscal, invertir\u00e1 el 20% en educaci\u00f3n y obra p\u00fablica, cuadruplica la inversi\u00f3n en movilidad, incluyendo inicio de obras de la l\u00ednea F. Cambios en el ABL. <a class=\"mh-excerpt-more\" href=\"https:\/\/www.comuna13online.com.ar\/?p=20352\" title=\"Presupuesto 2026: equilibrio fiscal, obra p\u00fablica y movilidad\">[&#8230;]<\/a><\/div>\n","protected":false},"author":1,"featured_media":20357,"comment_status":"closed","ping_status":"closed","sticky":false,"template":"","format":"standard","meta":{"_uag_custom_page_level_css":"","_jetpack_memberships_contains_paid_content":false,"footnotes":"","jetpack_publicize_message":"","jetpack_publicize_feature_enabled":true,"jetpack_social_post_already_shared":true,"jetpack_social_options":{"image_generator_settings":{"template":"highway","default_image_id":0,"font":"","enabled":false},"version":2}},"categories":[256],"tags":[258,250,296,7],"class_list":{"0":"post-20352","1":"post","2":"type-post","3":"status-publish","4":"format-standard","5":"has-post-thumbnail","7":"category-gobierno","8":"tag-gobierno","9":"tag-h2","10":"tag-h3","11":"tag-legislatura"},"jetpack_publicize_connections":[],"jetpack_featured_media_url":"https:\/\/www.comuna13online.com.ar\/wp-content\/uploads\/2025\/10\/20251001a_id.jpg","uagb_featured_image_src":{"full":["https:\/\/www.comuna13online.com.ar\/wp-content\/uploads\/2025\/10\/20251001a_id.jpg",678,381,false],"thumbnail":["https:\/\/www.comuna13online.com.ar\/wp-content\/uploads\/2025\/10\/20251001a_id.jpg",128,72,false],"medium":["https:\/\/www.comuna13online.com.ar\/wp-content\/uploads\/2025\/10\/20251001a_id.jpg",678,381,false],"medium_large":["https:\/\/www.comuna13online.com.ar\/wp-content\/uploads\/2025\/10\/20251001a_id.jpg",678,381,false],"large":["https:\/\/www.comuna13online.com.ar\/wp-content\/uploads\/2025\/10\/20251001a_id.jpg",678,381,false],"1536x1536":["https:\/\/www.comuna13online.com.ar\/wp-content\/uploads\/2025\/10\/20251001a_id.jpg",678,381,false],"2048x2048":["https:\/\/www.comuna13online.com.ar\/wp-content\/uploads\/2025\/10\/20251001a_id.jpg",678,381,false],"mh-magazine-slider":["https:\/\/www.comuna13online.com.ar\/wp-content\/uploads\/2025\/10\/20251001a_id.jpg",678,381,false],"mh-magazine-content":["https:\/\/www.comuna13online.com.ar\/wp-content\/uploads\/2025\/10\/20251001a_id.jpg",678,381,false],"mh-magazine-large":["https:\/\/www.comuna13online.com.ar\/wp-content\/uploads\/2025\/10\/20251001a_id.jpg",678,381,false],"mh-magazine-medium":["https:\/\/www.comuna13online.com.ar\/wp-content\/uploads\/2025\/10\/20251001a_id-326x245.jpg",326,245,true],"mh-magazine-small":["https:\/\/www.comuna13online.com.ar\/wp-content\/uploads\/2025\/10\/20251001a_id-80x60.jpg",80,60,true],"sow-carousel-default":["https:\/\/www.comuna13online.com.ar\/wp-content\/uploads\/2025\/10\/20251001a_id-272x182.jpg",272,182,true]},"uagb_author_info":{"display_name":"Comuna13","author_link":"https:\/\/www.comuna13online.com.ar\/?author=1"},"uagb_comment_info":0,"uagb_excerpt":"El Proyecto prev\u00e9 equilibrio fiscal, invertir\u00e1 el 20% en educaci\u00f3n y obra p\u00fablica, cuadruplica la inversi\u00f3n en movilidad, incluyendo inicio de obras de la l\u00ednea F. Cambios en el ABL. [...]","jetpack_sharing_enabled":true,"_links":{"self":[{"href":"https:\/\/www.comuna13online.com.ar\/index.php?rest_route=\/wp\/v2\/posts\/20352","targetHints":{"allow":["GET"]}}],"collection":[{"href":"https:\/\/www.comuna13online.com.ar\/index.php?rest_route=\/wp\/v2\/posts"}],"about":[{"href":"https:\/\/www.comuna13online.com.ar\/index.php?rest_route=\/wp\/v2\/types\/post"}],"author":[{"embeddable":true,"href":"https:\/\/www.comuna13online.com.ar\/index.php?rest_route=\/wp\/v2\/users\/1"}],"replies":[{"embeddable":true,"href":"https:\/\/www.comuna13online.com.ar\/index.php?rest_route=%2Fwp%2Fv2%2Fcomments&post=20352"}],"version-history":[{"count":0,"href":"https:\/\/www.comuna13online.com.ar\/index.php?rest_route=\/wp\/v2\/posts\/20352\/revisions"}],"wp:featuredmedia":[{"embeddable":true,"href":"https:\/\/www.comuna13online.com.ar\/index.php?rest_route=\/wp\/v2\/media\/20357"}],"wp:attachment":[{"href":"https:\/\/www.comuna13online.com.ar\/index.php?rest_route=%2Fwp%2Fv2%2Fmedia&parent=20352"}],"wp:term":[{"taxonomy":"category","embeddable":true,"href":"https:\/\/www.comuna13online.com.ar\/index.php?rest_route=%2Fwp%2Fv2%2Fcategories&post=20352"},{"taxonomy":"post_tag","embeddable":true,"href":"https:\/\/www.comuna13online.com.ar\/index.php?rest_route=%2Fwp%2Fv2%2Ftags&post=20352"}],"curies":[{"name":"wp","href":"https:\/\/api.w.org\/{rel}","templated":true}]}}