{"id":20334,"date":"2025-09-26T17:03:54","date_gmt":"2025-09-26T20:03:54","guid":{"rendered":"https:\/\/www.comuna13online.com.ar\/?p=20334"},"modified":"2025-09-26T17:04:23","modified_gmt":"2025-09-26T20:04:23","slug":"sabor-patagonico-en-belgrano","status":"publish","type":"post","link":"https:\/\/www.comuna13online.com.ar\/?p=20334","title":{"rendered":"Sabor patag\u00f3nico en Belgrano"},"content":{"rendered":"\n<p><strong>Este domingo se llevar\u00e1 a cabo la Feria de las Regiones con gastronom\u00eda, artesan\u00edas y m\u00fasica del Litoral y la Patagonia, <strong>en Barrancas de Belgrano<\/strong><\/strong> <strong>de 11 a 17 horas.<\/strong><\/p>\n\n\n\n<figure class=\"wp-block-image size-full\"><img loading=\"lazy\" decoding=\"async\" width=\"678\" height=\"381\" data-attachment-id=\"20336\" data-permalink=\"https:\/\/www.comuna13online.com.ar\/?attachment_id=20336\" data-orig-file=\"https:\/\/www.comuna13online.com.ar\/wp-content\/uploads\/2025\/09\/20250926a_02.jpg\" data-orig-size=\"678,381\" data-comments-opened=\"0\" data-image-meta=\"{&quot;aperture&quot;:&quot;0&quot;,&quot;credit&quot;:&quot;&quot;,&quot;camera&quot;:&quot;&quot;,&quot;caption&quot;:&quot;&quot;,&quot;created_timestamp&quot;:&quot;0&quot;,&quot;copyright&quot;:&quot;&quot;,&quot;focal_length&quot;:&quot;0&quot;,&quot;iso&quot;:&quot;0&quot;,&quot;shutter_speed&quot;:&quot;0&quot;,&quot;title&quot;:&quot;&quot;,&quot;orientation&quot;:&quot;0&quot;}\" data-image-title=\"20250926a_02\" data-image-description=\"\" data-image-caption=\"\" data-large-file=\"https:\/\/www.comuna13online.com.ar\/wp-content\/uploads\/2025\/09\/20250926a_02.jpg\" src=\"https:\/\/www.comuna13online.com.ar\/wp-content\/uploads\/2025\/09\/20250926a_02.jpg\" alt=\"\" class=\"wp-image-20336\"\/><\/figure>\n\n\n\n<div style=\"height:20px\" aria-hidden=\"true\" class=\"wp-block-spacer\"><\/div>\n\n\n\n<p>El Parque Barrancas de Belgrano se prepara para recibir una nueva edici\u00f3n de la Feria de las Regiones, un evento que en esta oportunidad rinde homenaje a dos zonas emblem\u00e1ticas de nuestro pa\u00eds: el Litoral y la Patagonia. Participar\u00e1n las provincias de Corrientes, Chaco, Formosa, Entre R\u00edos, Misiones, La Pampa, Chubut, Santa Cruz, Neuqu\u00e9n, R\u00edo Negro y Tierra del Fuego, reuniendo en un solo lugar la diversidad y riqueza de sus culturas y tradiciones.<\/p>\n\n\n\n<p>M\u00e1s de cuarenta productores y emprendedores estar\u00e1n presentes, ofreciendo una amplia gama de productos aut\u00f3ctonos. Entre las opciones disponibles se encuentran tejidos artesanales, piezas de joyer\u00eda, la tradicional yerba mate, productos ahumados, chocolates y otras delicias gastron\u00f3micas t\u00edpicas de ambas regiones. Esta propuesta permite a los visitantes recorrer los sabores y talentos que caracterizan al Litoral y la Patagonia.<\/p>\n\n\n\n<p>La feria contar\u00e1 con un variado cronograma de shows en vivo, donde m\u00fasicos y bailarines desplegar\u00e1n la riqueza cultural de ambas zonas. El p\u00fablico tendr\u00e1 la oportunidad de disfrutar de bailes tradicionales, actividades pensadas para toda la familia y un recorrido por las costumbres que unen a los argentinos<\/p>\n\n\n\n<p>Durante la jornada, el Parque Barrancas de Belgrano se transformar\u00e1 en un espacio de encuentro y celebraci\u00f3n de la identidad y el patrimonio cultural nacional, invitando a todos a ser parte de esta experiencia \u00fanica que pone en valor las ra\u00edces y tradiciones de nuestro pa\u00eds.<\/p>\n\n\n\n<div style=\"height:20px\" aria-hidden=\"true\" class=\"wp-block-spacer\"><\/div>\n<div align=\"center\">\n<blockquote class=\"twitter-tweet\"><p lang=\"es\" dir=\"ltr\">Feria de las Regiones: el arte y la gastronom\u00eda del Litoral y la Patagonia llegan a la Ciudad.<br>M\u00e1s de 40 productores y emprendedores ofrecer\u00e1n gran variedad de productos regionales.<br>Habr\u00e1 m\u00fasica y shows en vivo.<br>\ud83d\udccd S\u00e1bado 27\/9 11 a 17H &#8211; Av. Juramento 1792<a href=\"https:\/\/t.co\/xI5XwLESrY\">https:\/\/t.co\/xI5XwLESrY<\/a> <a href=\"https:\/\/t.co\/L1QXglQItX\">pic.twitter.com\/L1QXglQItX<\/a><\/p>&mdash; DescubrirBA (@Descubrir_BA) <a href=\"https:\/\/twitter.com\/Descubrir_BA\/status\/1971231719559671897?ref_src=twsrc%5Etfw\">September 25, 2025<\/a><\/blockquote> <script async src=\"https:\/\/platform.twitter.com\/widgets.js\" charset=\"utf-8\"><\/script>\n<\/div>\n<div style=\"height:20px\" aria-hidden=\"true\" class=\"wp-block-spacer\"><\/div>\n\n\n\n<p><strong>La Patagonia<\/strong> estar\u00e1 representada con propuestas que combinan calidad, sustentabilidad e innovaci\u00f3n. Rustika Sur, por ejemplo, presentar\u00e1 su cer\u00e1mica utilitaria y art\u00edstica inspirada en la fauna y biodiversidad del sur argentino. Tambi\u00e9n estar\u00e1n Serajuana, con sus conservas de mariscos, pescados y carnes como el tradicional cordero patag\u00f3nico en escabeche, y Abalauquen Dulces, que desde Lago Puelo deleitar\u00e1 con preparaciones veganas y artesanales, por mencionar algunos de los participantes.<\/p>\n\n\n\n<p>Mientras, que <strong>el Litoral<\/strong> desplegar\u00e1 todo su sabor y color: desde Entre R\u00edos llegan alfajores y jugos elaborados con naranjas frescas, mientras que Corrientes suma productos aut\u00f3ctonos que resaltan la riqueza de su tierra. No faltar\u00e1n los ponchos y tejidos litorale\u00f1os, piezas que condensan tradici\u00f3n, identidad y saberes transmitidos de generaci\u00f3n en generaci\u00f3n, y a la feria gastron\u00f3mica y artesanal se sumar\u00e1 tambi\u00e9n un completo cronograma art\u00edstico en vivo: m\u00fasicos y bailarines pondr\u00e1n en escena las tradiciones culturales de ambas regiones, en lo que ser\u00e1, finalmente, un recorrido festivo. Bailes t\u00edpicos, espect\u00e1culos para toda la familia y un ambiente de encuentro dar\u00e1n forma a esta celebraci\u00f3n de la diversidad<\/p>\n\n\n\n<div style=\"height:15px\" aria-hidden=\"true\" class=\"wp-block-spacer\"><\/div>\n\n\n\n<figure class=\"wp-block-image size-full\"><img loading=\"lazy\" decoding=\"async\" width=\"747\" height=\"427\" data-attachment-id=\"20337\" data-permalink=\"https:\/\/www.comuna13online.com.ar\/?attachment_id=20337\" data-orig-file=\"https:\/\/www.comuna13online.com.ar\/wp-content\/uploads\/2025\/09\/20250926a_01.jpg\" data-orig-size=\"747,427\" data-comments-opened=\"0\" data-image-meta=\"{&quot;aperture&quot;:&quot;0&quot;,&quot;credit&quot;:&quot;&quot;,&quot;camera&quot;:&quot;&quot;,&quot;caption&quot;:&quot;&quot;,&quot;created_timestamp&quot;:&quot;0&quot;,&quot;copyright&quot;:&quot;&quot;,&quot;focal_length&quot;:&quot;0&quot;,&quot;iso&quot;:&quot;0&quot;,&quot;shutter_speed&quot;:&quot;0&quot;,&quot;title&quot;:&quot;&quot;,&quot;orientation&quot;:&quot;0&quot;}\" data-image-title=\"20250926a_01\" data-image-description=\"\" data-image-caption=\"\" data-large-file=\"https:\/\/www.comuna13online.com.ar\/wp-content\/uploads\/2025\/09\/20250926a_01.jpg\" src=\"https:\/\/www.comuna13online.com.ar\/wp-content\/uploads\/2025\/09\/20250926a_01.jpg\" alt=\"\" class=\"wp-image-20337\"\/><\/figure>\n\n\n\n<div style=\"height:15px\" aria-hidden=\"true\" class=\"wp-block-spacer\"><\/div>\n\n\n\n<h4 class=\"wp-block-heading\">Informaci\u00f3n<\/h4>\n\n\n\n<p>Cu\u00e1ndo: Domingo 28 de septiembre<br>Lugar: Parque Barrancas de Belgrano <a href=\"https:\/\/www.google.com\/maps\/place\/Av.+Juramento+1792,+C1428+Cdad.+Aut%C3%B3noma+de+Buenos+Aires\/@-34.5591622,-58.4503956,18.28z\/data=!4m6!3m5!1s0x95bcb5cc3715847b:0x2ba41bd51bf5a3a!8m2!3d-34.560884!4d-58.448371!16s%2Fg%2F11b8v8215w?entry=ttu&amp;g_ep=EgoyMDI1MDkyMy4wIKXMDSoASAFQAw%3D%3D\" target=\"_blank\" rel=\"noreferrer noopener\"><em>(Av. Juramento 1792)<\/em><\/a>. Belgrano<br>Horario: 11 a 17 horas.<\/p>\n\n\n\n<p><strong>Transporte cercano:<br><\/strong>Colectivos: 15, 29, 42, 44, 55, 60, 63, 64, 65, 80, 107, 113, 114, 118, 130<br>Tren: Estaci\u00f3n Belgrano C (Ramal Mitre)<br>Subte: Estaci\u00f3n Juramento (L\u00ednea D)<\/p>\n\n\n\n<div style=\"height:15px\" aria-hidden=\"true\" class=\"wp-block-spacer\"><\/div>\n\n\n\n<iframe src=\"https:\/\/www.google.com\/maps\/embed?pb=!1m18!1m12!1m3!1d2414.5910563488187!2d-58.4500016451551!3d-34.55984826097893!2m3!1f0!2f0!3f0!3m2!1i1024!2i768!4f13.1!3m3!1m2!1s0x95bcb5cc3715847b%3A0x2ba41bd51bf5a3a!2sAv.%20Juramento%201792%2C%20C1428%20Cdad.%20Aut%C3%B3noma%20de%20Buenos%20Aires!5e0!3m2!1ses-419!2sar!4v1758915085025!5m2!1ses-419!2sar\" width=\"678\" height=\"452\" style=\"border:0;\" allowfullscreen=\"\" loading=\"lazy\" referrerpolicy=\"no-referrer-when-downgrade\"><\/iframe>\n\n\n\n<p><\/p>\n","protected":false},"excerpt":{"rendered":"<div class=\"mh-excerpt\">Este domingo se llevar\u00e1 a cabo la Feria de las Regiones con gastronom\u00eda, artesan\u00edas y m\u00fasica del Litoral y la Patagonia, en Barrancas de Belgrano de 11 a 17 horas. <a class=\"mh-excerpt-more\" href=\"https:\/\/www.comuna13online.com.ar\/?p=20334\" title=\"Sabor patag\u00f3nico en Belgrano\">[&#8230;]<\/a><\/div>\n","protected":false},"author":1,"featured_media":20335,"comment_status":"closed","ping_status":"closed","sticky":false,"template":"","format":"standard","meta":{"_uag_custom_page_level_css":"","_jetpack_memberships_contains_paid_content":false,"footnotes":"","jetpack_publicize_message":"","jetpack_publicize_feature_enabled":true,"jetpack_social_post_already_shared":true,"jetpack_social_options":{"image_generator_settings":{"template":"highway","default_image_id":0,"font":"","enabled":false},"version":2}},"categories":[138],"tags":[19,82,250,296,71],"class_list":{"0":"post-20334","1":"post","2":"type-post","3":"status-publish","4":"format-standard","5":"has-post-thumbnail","7":"category-servicios","8":"tag-comuna-13","9":"tag-gastronomia","10":"tag-h2","11":"tag-h3","12":"tag-tiempo-libre"},"jetpack_publicize_connections":[],"jetpack_featured_media_url":"https:\/\/www.comuna13online.com.ar\/wp-content\/uploads\/2025\/09\/20250926a_id.jpg","uagb_featured_image_src":{"full":["https:\/\/www.comuna13online.com.ar\/wp-content\/uploads\/2025\/09\/20250926a_id.jpg",678,381,false],"thumbnail":["https:\/\/www.comuna13online.com.ar\/wp-content\/uploads\/2025\/09\/20250926a_id.jpg",128,72,false],"medium":["https:\/\/www.comuna13online.com.ar\/wp-content\/uploads\/2025\/09\/20250926a_id.jpg",678,381,false],"medium_large":["https:\/\/www.comuna13online.com.ar\/wp-content\/uploads\/2025\/09\/20250926a_id.jpg",678,381,false],"large":["https:\/\/www.comuna13online.com.ar\/wp-content\/uploads\/2025\/09\/20250926a_id.jpg",678,381,false],"1536x1536":["https:\/\/www.comuna13online.com.ar\/wp-content\/uploads\/2025\/09\/20250926a_id.jpg",678,381,false],"2048x2048":["https:\/\/www.comuna13online.com.ar\/wp-content\/uploads\/2025\/09\/20250926a_id.jpg",678,381,false],"mh-magazine-slider":["https:\/\/www.comuna13online.com.ar\/wp-content\/uploads\/2025\/09\/20250926a_id.jpg",678,381,false],"mh-magazine-content":["https:\/\/www.comuna13online.com.ar\/wp-content\/uploads\/2025\/09\/20250926a_id.jpg",678,381,false],"mh-magazine-large":["https:\/\/www.comuna13online.com.ar\/wp-content\/uploads\/2025\/09\/20250926a_id.jpg",678,381,false],"mh-magazine-medium":["https:\/\/www.comuna13online.com.ar\/wp-content\/uploads\/2025\/09\/20250926a_id-326x245.jpg",326,245,true],"mh-magazine-small":["https:\/\/www.comuna13online.com.ar\/wp-content\/uploads\/2025\/09\/20250926a_id-80x60.jpg",80,60,true],"sow-carousel-default":["https:\/\/www.comuna13online.com.ar\/wp-content\/uploads\/2025\/09\/20250926a_id-272x182.jpg",272,182,true]},"uagb_author_info":{"display_name":"Comuna13","author_link":"https:\/\/www.comuna13online.com.ar\/?author=1"},"uagb_comment_info":0,"uagb_excerpt":"Este domingo se llevar\u00e1 a cabo la Feria de las Regiones con gastronom\u00eda, artesan\u00edas y m\u00fasica del Litoral y la Patagonia, en Barrancas de Belgrano de 11 a 17 horas. [...]","jetpack_sharing_enabled":true,"_links":{"self":[{"href":"https:\/\/www.comuna13online.com.ar\/index.php?rest_route=\/wp\/v2\/posts\/20334","targetHints":{"allow":["GET"]}}],"collection":[{"href":"https:\/\/www.comuna13online.com.ar\/index.php?rest_route=\/wp\/v2\/posts"}],"about":[{"href":"https:\/\/www.comuna13online.com.ar\/index.php?rest_route=\/wp\/v2\/types\/post"}],"author":[{"embeddable":true,"href":"https:\/\/www.comuna13online.com.ar\/index.php?rest_route=\/wp\/v2\/users\/1"}],"replies":[{"embeddable":true,"href":"https:\/\/www.comuna13online.com.ar\/index.php?rest_route=%2Fwp%2Fv2%2Fcomments&post=20334"}],"version-history":[{"count":0,"href":"https:\/\/www.comuna13online.com.ar\/index.php?rest_route=\/wp\/v2\/posts\/20334\/revisions"}],"wp:featuredmedia":[{"embeddable":true,"href":"https:\/\/www.comuna13online.com.ar\/index.php?rest_route=\/wp\/v2\/media\/20335"}],"wp:attachment":[{"href":"https:\/\/www.comuna13online.com.ar\/index.php?rest_route=%2Fwp%2Fv2%2Fmedia&parent=20334"}],"wp:term":[{"taxonomy":"category","embeddable":true,"href":"https:\/\/www.comuna13online.com.ar\/index.php?rest_route=%2Fwp%2Fv2%2Fcategories&post=20334"},{"taxonomy":"post_tag","embeddable":true,"href":"https:\/\/www.comuna13online.com.ar\/index.php?rest_route=%2Fwp%2Fv2%2Ftags&post=20334"}],"curies":[{"name":"wp","href":"https:\/\/api.w.org\/{rel}","templated":true}]}}