{"id":20319,"date":"2025-09-22T17:55:59","date_gmt":"2025-09-22T20:55:59","guid":{"rendered":"https:\/\/www.comuna13online.com.ar\/?p=20319"},"modified":"2025-09-22T17:56:14","modified_gmt":"2025-09-22T20:56:14","slug":"descubre-el-significado-y-la-historia-detras-de-las-representaciones-de-santos-en-la-coleccion-del-museo-larreta","status":"publish","type":"post","link":"https:\/\/www.comuna13online.com.ar\/?p=20319","title":{"rendered":"Descubre el significado y la historia detr\u00e1s de las representaciones de santos en la colecci\u00f3n del Museo Larreta"},"content":{"rendered":"\n<p><strong>Visita especial Conociendo los santos en la Colecci\u00f3n del Museo Larreta. Una visita guiada dedicada a Santa Ana y San Joaqu\u00edn. Una experiencia \u00fanica para comprender su significado y legado.<\/strong><\/p>\n\n\n\n<figure class=\"wp-block-image size-full\"><img loading=\"lazy\" decoding=\"async\" width=\"678\" height=\"452\" data-attachment-id=\"20321\" data-permalink=\"https:\/\/www.comuna13online.com.ar\/?attachment_id=20321\" data-orig-file=\"https:\/\/www.comuna13online.com.ar\/wp-content\/uploads\/2025\/09\/20250922c_01.jpg\" data-orig-size=\"678,452\" data-comments-opened=\"0\" data-image-meta=\"{&quot;aperture&quot;:&quot;0&quot;,&quot;credit&quot;:&quot;&quot;,&quot;camera&quot;:&quot;&quot;,&quot;caption&quot;:&quot;&quot;,&quot;created_timestamp&quot;:&quot;0&quot;,&quot;copyright&quot;:&quot;&quot;,&quot;focal_length&quot;:&quot;0&quot;,&quot;iso&quot;:&quot;0&quot;,&quot;shutter_speed&quot;:&quot;0&quot;,&quot;title&quot;:&quot;&quot;,&quot;orientation&quot;:&quot;0&quot;}\" data-image-title=\"20250922c_01\" data-image-description=\"\" data-image-caption=\"\" data-large-file=\"https:\/\/www.comuna13online.com.ar\/wp-content\/uploads\/2025\/09\/20250922c_01.jpg\" src=\"https:\/\/www.comuna13online.com.ar\/wp-content\/uploads\/2025\/09\/20250922c_01.jpg\" alt=\"\" class=\"wp-image-20321\" srcset=\"https:\/\/www.comuna13online.com.ar\/wp-content\/uploads\/2025\/09\/20250922c_01.jpg 678w, https:\/\/www.comuna13online.com.ar\/wp-content\/uploads\/2025\/09\/20250922c_01-272x182.jpg 272w\" sizes=\"auto, (max-width: 678px) 100vw, 678px\" \/><\/figure>\n\n\n\n<div style=\"height:20px\" aria-hidden=\"true\" class=\"wp-block-spacer\"><\/div>\n\n\n\n<p>El Museo Larreta invita a descubrir su patrimonio desde una perspectiva diferente, a trav\u00e9s de una visita especial centrada en las figuras de Santa Ana y San Joaqu\u00edn. Esta actividad, que se realizar\u00e1 el viernes 26 de septiembre a las 15 horas, forma parte del programa \u201cConociendo los santos\u201d, y propone un acercamiento guiado a las obras m\u00e1s emblem\u00e1ticas relacionadas con estos santos.<\/p>\n\n\n\n<p>El recorrido estar\u00e1 a cargo del Prof. El\u00edas Figueira P\u00e9rez, quien abordar\u00e1 los relatos de los evangelios ap\u00f3crifos y su representaci\u00f3n art\u00edstica en el museo. Es una oportunidad ideal para quienes desean profundizar en la iconograf\u00eda religiosa y comprender el contexto hist\u00f3rico que rodea a estas figuras fundamentales para la tradici\u00f3n cristiana.<\/p>\n\n\n\n<p>Uno de los momentos m\u00e1s destacados ser\u00e1 la exploraci\u00f3n del Retablo en Honor a Santa Ana (1503), una joya de la colecci\u00f3n reunida por Enrique Larreta y pieza central del oratorio de la residencia. A trav\u00e9s de este retablo y otras obras, los visitantes podr\u00e1n apreciar no solo el valor art\u00edstico, sino tambi\u00e9n el significado espiritual y cultural de Santa Ana y San Joaqu\u00edn.<\/p>\n\n\n\n<p>Si sos amante del arte religioso o simplemente te interesa conocer m\u00e1s sobre la historia y el patrimonio de Buenos Aires, esta visita es una excelente oportunidad para conectarte con la riqueza simb\u00f3lica del museo y sus colecciones.<\/p>\n\n\n\n<div style=\"height:20px\" aria-hidden=\"true\" class=\"wp-block-spacer\"><\/div>\n<div align=\"center\">\n<blockquote class=\"twitter-tweet\"><p lang=\"es\" dir=\"ltr\">Visitas especiales: Conociendo los santos de la colecci\u00f3n \ud83d\udce3\u2728<br><br>En el marco del ciclo de visitas especiales, desarrollaremos las figuras de Santa Ana y San Joaqu\u00edn.<br><br>A cargo del Prof. El\u00edas Figueira P\u00e9rez<br>\ud83d\udc49\ud83c\udffe Viernes 26\/09 | 15 h<br><br>\ud83d\udccc Actividad incluida con la entrada al museo. <a href=\"https:\/\/t.co\/CiqieRikRz\">pic.twitter.com\/CiqieRikRz<\/a><\/p>&mdash; Museo de Arte Espa\u00f1ol Enrique Larreta (@MuseoLarreta) <a href=\"https:\/\/twitter.com\/MuseoLarreta\/status\/1969068872864039281?ref_src=twsrc%5Etfw\">September 19, 2025<\/a><\/blockquote> <script async src=\"https:\/\/platform.twitter.com\/widgets.js\" charset=\"utf-8\"><\/script>\n<\/div>\n<div style=\"height:20px\" aria-hidden=\"true\" class=\"wp-block-spacer\"><\/div>\n\n\n\n<div style=\"height:20px\" aria-hidden=\"true\" class=\"wp-block-spacer\"><\/div>\n\n\n\n<p><strong>M\u00e1s informaci\u00f3n:<\/strong><\/p>\n\n\n\n<p>\u2022 Actividad gratuita incluida con la entrada al museo. Sin reserva previa.<br>\u2022 Ingreso por orden de llegada. Cupos limitados<\/p>\n\n\n\n<div style=\"height:20px\" aria-hidden=\"true\" class=\"wp-block-spacer\"><\/div>\n\n\n\n<hr class=\"wp-block-separator has-css-opacity\"\/>\n\n\n\n<figure class=\"wp-block-image size-full\"><img loading=\"lazy\" decoding=\"async\" width=\"678\" height=\"201\" data-attachment-id=\"14149\" data-permalink=\"https:\/\/www.comuna13online.com.ar\/?attachment_id=14149\" data-orig-file=\"https:\/\/www.comuna13online.com.ar\/wp-content\/uploads\/2021\/09\/210921b-02.jpg\" data-orig-size=\"678,201\" data-comments-opened=\"0\" data-image-meta=\"{&quot;aperture&quot;:&quot;0&quot;,&quot;credit&quot;:&quot;&quot;,&quot;camera&quot;:&quot;&quot;,&quot;caption&quot;:&quot;&quot;,&quot;created_timestamp&quot;:&quot;0&quot;,&quot;copyright&quot;:&quot;&quot;,&quot;focal_length&quot;:&quot;0&quot;,&quot;iso&quot;:&quot;0&quot;,&quot;shutter_speed&quot;:&quot;0&quot;,&quot;title&quot;:&quot;&quot;,&quot;orientation&quot;:&quot;0&quot;}\" data-image-title=\"210921b-02\" data-image-description=\"&lt;p&gt;Museo Larreta&lt;\/p&gt;\n\" data-image-caption=\"&lt;p&gt;Museo Larreta&lt;\/p&gt;\n\" data-large-file=\"https:\/\/www.comuna13online.com.ar\/wp-content\/uploads\/2021\/09\/210921b-02.jpg\" src=\"http:\/\/www.comuna13online.com.ar\/wp-content\/uploads\/2021\/09\/210921b-02.jpg\" alt=\"Museo Larreta\" class=\"wp-image-14149\"\/><\/figure>\n\n\n\n<p><strong>\u00bfD\u00f3nde?<br><\/strong>Museo de Arte Espa\u00f1ol Enrique Larreta<br>Juramento 2291 | Belgrano.<\/p>\n\n\n\n<p><strong>\u00bfCu\u00e1ndo?<\/strong><br>Horarios: Viernes 26 de septiembre, 15 hs.<\/p>\n\n\n\n<p><strong>Entrada<br><\/strong>P\u00fablico General: $10.000<br>Residentes Argentinos y\/o Extranjeros (con DNI): $2.000<br>Mi\u00e9rcoles gratis<\/p>\n\n\n\n<p>Jubilados, estudiantes universitarios presentando acreditaci\u00f3n, personas con discapacidad m\u00e1s un acompa\u00f1ante, menores de 12 a\u00f1os y grupos de estudiantes de colegios p\u00fablicos,&nbsp;<strong>sin cargo.<\/strong><\/p>\n\n\n\n<p> Adquir\u00ed tu entrada en el museo <a href=\"https:\/\/entradasba.buenosaires.gob.ar\/landing\/museo-larreta?idEspectaculoCartel=241&amp;cHashValidacion=cc088ed99240c7c337332e501f5974bdd0490ad3\" target=\"_blank\" rel=\"noreferrer noopener\">aqu\u00ed<\/a><\/p>\n\n\n\n<div style=\"height:20px\" aria-hidden=\"true\" class=\"wp-block-spacer\"><\/div>\n\n\n\n<p><iframe loading=\"lazy\" style=\"border: 0;\" src=\"https:\/\/www.google.com\/maps\/embed?pb=!1m18!1m12!1m3!1d3285.692963597937!2d-58.4578286850968!3d-34.56132856276278!2m3!1f0!2f0!3f0!3m2!1i1024!2i768!4f13.1!3m3!1m2!1s0x95bcb5d3a0a211b3%3A0xedd3483149685e17!2sMuseo+de+Arte+Espa%C3%B1ol+Enrique+Larreta!5e0!3m2!1ses!2sar!4v1515582783930\" width=\"678\" height=\"452\" frameborder=\"0\" allowfullscreen=\"allowfullscreen\"><span data-mce-type=\"bookmark\" style=\"display: inline-block; width: 0px; overflow: hidden; line-height: 0;\" class=\"mce_SELRES_start\">\ufeff<\/span><\/iframe><\/p>\n\n\n\n<p><strong>Transportes Cercanos:<\/strong><br>Colectivos:&nbsp;15, 29, 41, 42, 44, 57, 59, 60, 63, 65, 67, 68, 80, 107, 113, 114, 133, 152, 161, 168, 184 y 194.<br>Subte: Estaci\u00f3n Juramento de la L\u00ednea D<\/p>\n","protected":false},"excerpt":{"rendered":"<div class=\"mh-excerpt\">Visita especial Conociendo los santos en la Colecci\u00f3n del Museo Larreta. Una visita guiada dedicada a Santa Ana y San Joaqu\u00edn. Una experiencia \u00fanica para comprender su significado y legado. <a class=\"mh-excerpt-more\" href=\"https:\/\/www.comuna13online.com.ar\/?p=20319\" title=\"Descubre el significado y la historia detr\u00e1s de las representaciones de santos en la colecci\u00f3n del Museo Larreta\">[&#8230;]<\/a><\/div>\n","protected":false},"author":1,"featured_media":20320,"comment_status":"closed","ping_status":"closed","sticky":false,"template":"","format":"standard","meta":{"_uag_custom_page_level_css":"","_jetpack_memberships_contains_paid_content":false,"footnotes":"","jetpack_publicize_message":"","jetpack_publicize_feature_enabled":true,"jetpack_social_post_already_shared":true,"jetpack_social_options":{"image_generator_settings":{"template":"highway","default_image_id":0,"font":"","enabled":false},"version":2}},"categories":[57],"tags":[19,60,250,296,77,71],"class_list":{"0":"post-20319","1":"post","2":"type-post","3":"status-publish","4":"format-standard","5":"has-post-thumbnail","7":"category-cultura","8":"tag-comuna-13","9":"tag-cultura","10":"tag-h2","11":"tag-h3","12":"tag-museo-larreta","13":"tag-tiempo-libre"},"jetpack_publicize_connections":[],"jetpack_featured_media_url":"https:\/\/www.comuna13online.com.ar\/wp-content\/uploads\/2025\/09\/20250922c_id.jpg","uagb_featured_image_src":{"full":["https:\/\/www.comuna13online.com.ar\/wp-content\/uploads\/2025\/09\/20250922c_id.jpg",678,381,false],"thumbnail":["https:\/\/www.comuna13online.com.ar\/wp-content\/uploads\/2025\/09\/20250922c_id.jpg",128,72,false],"medium":["https:\/\/www.comuna13online.com.ar\/wp-content\/uploads\/2025\/09\/20250922c_id.jpg",678,381,false],"medium_large":["https:\/\/www.comuna13online.com.ar\/wp-content\/uploads\/2025\/09\/20250922c_id.jpg",678,381,false],"large":["https:\/\/www.comuna13online.com.ar\/wp-content\/uploads\/2025\/09\/20250922c_id.jpg",678,381,false],"1536x1536":["https:\/\/www.comuna13online.com.ar\/wp-content\/uploads\/2025\/09\/20250922c_id.jpg",678,381,false],"2048x2048":["https:\/\/www.comuna13online.com.ar\/wp-content\/uploads\/2025\/09\/20250922c_id.jpg",678,381,false],"mh-magazine-slider":["https:\/\/www.comuna13online.com.ar\/wp-content\/uploads\/2025\/09\/20250922c_id.jpg",678,381,false],"mh-magazine-content":["https:\/\/www.comuna13online.com.ar\/wp-content\/uploads\/2025\/09\/20250922c_id.jpg",678,381,false],"mh-magazine-large":["https:\/\/www.comuna13online.com.ar\/wp-content\/uploads\/2025\/09\/20250922c_id.jpg",678,381,false],"mh-magazine-medium":["https:\/\/www.comuna13online.com.ar\/wp-content\/uploads\/2025\/09\/20250922c_id-326x245.jpg",326,245,true],"mh-magazine-small":["https:\/\/www.comuna13online.com.ar\/wp-content\/uploads\/2025\/09\/20250922c_id-80x60.jpg",80,60,true],"sow-carousel-default":["https:\/\/www.comuna13online.com.ar\/wp-content\/uploads\/2025\/09\/20250922c_id-272x182.jpg",272,182,true]},"uagb_author_info":{"display_name":"Comuna13","author_link":"https:\/\/www.comuna13online.com.ar\/?author=1"},"uagb_comment_info":0,"uagb_excerpt":"Visita especial Conociendo los santos en la Colecci\u00f3n del Museo Larreta. Una visita guiada dedicada a Santa Ana y San Joaqu\u00edn. Una experiencia \u00fanica para comprender su significado y legado. [...]","jetpack_sharing_enabled":true,"_links":{"self":[{"href":"https:\/\/www.comuna13online.com.ar\/index.php?rest_route=\/wp\/v2\/posts\/20319","targetHints":{"allow":["GET"]}}],"collection":[{"href":"https:\/\/www.comuna13online.com.ar\/index.php?rest_route=\/wp\/v2\/posts"}],"about":[{"href":"https:\/\/www.comuna13online.com.ar\/index.php?rest_route=\/wp\/v2\/types\/post"}],"author":[{"embeddable":true,"href":"https:\/\/www.comuna13online.com.ar\/index.php?rest_route=\/wp\/v2\/users\/1"}],"replies":[{"embeddable":true,"href":"https:\/\/www.comuna13online.com.ar\/index.php?rest_route=%2Fwp%2Fv2%2Fcomments&post=20319"}],"version-history":[{"count":0,"href":"https:\/\/www.comuna13online.com.ar\/index.php?rest_route=\/wp\/v2\/posts\/20319\/revisions"}],"wp:featuredmedia":[{"embeddable":true,"href":"https:\/\/www.comuna13online.com.ar\/index.php?rest_route=\/wp\/v2\/media\/20320"}],"wp:attachment":[{"href":"https:\/\/www.comuna13online.com.ar\/index.php?rest_route=%2Fwp%2Fv2%2Fmedia&parent=20319"}],"wp:term":[{"taxonomy":"category","embeddable":true,"href":"https:\/\/www.comuna13online.com.ar\/index.php?rest_route=%2Fwp%2Fv2%2Fcategories&post=20319"},{"taxonomy":"post_tag","embeddable":true,"href":"https:\/\/www.comuna13online.com.ar\/index.php?rest_route=%2Fwp%2Fv2%2Ftags&post=20319"}],"curies":[{"name":"wp","href":"https:\/\/api.w.org\/{rel}","templated":true}]}}