{"id":20315,"date":"2025-09-22T15:13:49","date_gmt":"2025-09-22T18:13:49","guid":{"rendered":"https:\/\/www.comuna13online.com.ar\/?p=20315"},"modified":"2025-09-24T20:24:35","modified_gmt":"2025-09-24T23:24:35","slug":"el-gobierno-de-la-ciudad-inicio-la-campana-de-prevencion-contra-el-dengue-2","status":"publish","type":"post","link":"https:\/\/www.comuna13online.com.ar\/?p=20315","title":{"rendered":"El Gobierno de la Ciudad inici\u00f3 la campa\u00f1a de prevenci\u00f3n contra el dengue."},"content":{"rendered":"\n<p><strong>El Ministerio de Salud porte\u00f1o inici\u00f3 la campa\u00f1a de prevenci\u00f3n contra el dengue, busca  promover la participaci\u00f3n de los vecinos en la eliminaci\u00f3n de los posibles criaderos del mosquito Aedes aegypti, <\/strong><\/p>\n\n\n\n<figure class=\"wp-block-image size-full\"><img loading=\"lazy\" decoding=\"async\" width=\"678\" height=\"381\" data-attachment-id=\"18481\" data-permalink=\"https:\/\/www.comuna13online.com.ar\/?attachment_id=18481\" data-orig-file=\"https:\/\/www.comuna13online.com.ar\/wp-content\/uploads\/2024\/02\/20240222a_id.jpg\" data-orig-size=\"678,381\" data-comments-opened=\"0\" data-image-meta=\"{&quot;aperture&quot;:&quot;0&quot;,&quot;credit&quot;:&quot;&quot;,&quot;camera&quot;:&quot;&quot;,&quot;caption&quot;:&quot;&quot;,&quot;created_timestamp&quot;:&quot;0&quot;,&quot;copyright&quot;:&quot;&quot;,&quot;focal_length&quot;:&quot;0&quot;,&quot;iso&quot;:&quot;0&quot;,&quot;shutter_speed&quot;:&quot;0&quot;,&quot;title&quot;:&quot;&quot;,&quot;orientation&quot;:&quot;0&quot;}\" data-image-title=\"20240222a_id\" data-image-description=\"\" data-image-caption=\"\" data-large-file=\"https:\/\/www.comuna13online.com.ar\/wp-content\/uploads\/2024\/02\/20240222a_id.jpg\" src=\"https:\/\/www.comuna13online.com.ar\/wp-content\/uploads\/2024\/02\/20240222a_id.jpg\" alt=\"\" class=\"wp-image-18481\"\/><\/figure>\n\n\n\n<div style=\"height:20px\" aria-hidden=\"true\" class=\"wp-block-spacer\"><\/div>\n\n\n\n<p>Epidemiol\u00f3gicamente, entre los meses de julio y septiembre se considera el mejor momento para eliminar los potenciales criaderos, en ese sentido, el Gobierno de la Ciudad lanz\u00f3 el Plan Anual e Integral para la Prevenci\u00f3n y el cuidado sobre el mosquito y sobre la enfermedad Dengue, que incluye actividades de prevenci\u00f3n, capacitaciones, operativos interministeriales en barrios populares y promoci\u00f3n en la notificaci\u00f3n de criaderos<\/p>\n\n\n\n<p>Por otro lado, comenz\u00f3 la vacunaci\u00f3n contra el dengue, los turnos est\u00e1n disponibles en <a href=\"https:\/\/buenosaires.gob.ar\/salud\" target=\"_blank\" rel=\"noreferrer noopener\">buenosaires.gob.ar\/salud<\/a>,\u00a0 los vacunatorios funcionan en hospitales, Centros de Salud y puntos designados. Cabe recordar que la vacuna no reemplaza otras acciones de prevenci\u00f3n. Por eso se debe continuar con las acciones necesarias para reducir los lugares en los que podr\u00edan crecer las larvas del Aedes Aegypti.<\/p>\n\n\n\n<p><strong>Est\u00e1n habilitados para residentes de la Ciudad de entre 15 y 59 a\u00f1os. El esquema consta de dos dosis con un intervalo de 90 d\u00edas entre cada una.<\/strong><\/p>\n\n\n\n<div style=\"height:20px\" aria-hidden=\"true\" class=\"wp-block-spacer\"><\/div>\n\n\n\n<figure class=\"wp-block-image size-full\"><img loading=\"lazy\" decoding=\"async\" width=\"678\" height=\"452\" data-attachment-id=\"20316\" data-permalink=\"https:\/\/www.comuna13online.com.ar\/?attachment_id=20316\" data-orig-file=\"https:\/\/www.comuna13online.com.ar\/wp-content\/uploads\/2025\/09\/20250922b_02.jpg\" data-orig-size=\"678,452\" data-comments-opened=\"0\" data-image-meta=\"{&quot;aperture&quot;:&quot;0&quot;,&quot;credit&quot;:&quot;&quot;,&quot;camera&quot;:&quot;&quot;,&quot;caption&quot;:&quot;&quot;,&quot;created_timestamp&quot;:&quot;0&quot;,&quot;copyright&quot;:&quot;&quot;,&quot;focal_length&quot;:&quot;0&quot;,&quot;iso&quot;:&quot;0&quot;,&quot;shutter_speed&quot;:&quot;0&quot;,&quot;title&quot;:&quot;&quot;,&quot;orientation&quot;:&quot;0&quot;}\" data-image-title=\"20250922b_02\" data-image-description=\"\" data-image-caption=\"\" data-large-file=\"https:\/\/www.comuna13online.com.ar\/wp-content\/uploads\/2025\/09\/20250922b_02.jpg\" src=\"https:\/\/www.comuna13online.com.ar\/wp-content\/uploads\/2025\/09\/20250922b_02.jpg\" alt=\"\" class=\"wp-image-20316\" srcset=\"https:\/\/www.comuna13online.com.ar\/wp-content\/uploads\/2025\/09\/20250922b_02.jpg 678w, https:\/\/www.comuna13online.com.ar\/wp-content\/uploads\/2025\/09\/20250922b_02-272x182.jpg 272w\" sizes=\"auto, (max-width: 678px) 100vw, 678px\" \/><\/figure>\n\n\n\n<div style=\"height:20px\" aria-hidden=\"true\" class=\"wp-block-spacer\"><\/div>\n\n\n\n<p>En total, habr\u00e1 9 vacunatorios, distribuidos en los distintos barrios de la Ciudad, incluyendo Hospitales, CeSACS, y postas extrahospitalarias.<\/p>\n\n\n\n<ul class=\"wp-block-list\">\n<li>Hospital Rivadavia \u2013 Comuna 2 \u2013 Arenales 2733.<\/li>\n\n\n\n<li>CeSAC N.\u00b0 11 \u2013 Comuna 3 \u2013 Ag\u00fcero 940.<\/li>\n\n\n\n<li>CeSAC N.\u00b0 1 \u2013 Comuna 4 \u2013 Av. V\u00e9lez Sarsfield 1271.<\/li>\n\n\n\n<li>Hospital Durand \u2013 Comuna 6 \u2013 Av. D\u00edaz V\u00e9lez 5044.<\/li>\n\n\n\n<li>CeSAC N.\u00b0 3 \u2013 Comuna 8 \u2013 Av. Soldado de la Frontera 5144.<\/li>\n\n\n\n<li>CeSAC N.\u00b0 37 \u2013 Comuna 9 \u2013 Av. de los Corrales 6999.<\/li>\n\n\n\n<li>Corral\u00f3n Floresta (Posta extrahospitalaria) \u2013 Comuna 10 \u2013 Av. Gaona 4660.<\/li>\n\n\n\n<li>Hospital Pirovano \u2013 Comuna 12 \u2013 Monroe 3555.<\/li>\n\n\n\n<li>Centro Isl\u00e1mico (Posta extrahospitalaria) \u2013 Comuna 14 \u2013 Av. Int. Bullrich 55.<\/li>\n<\/ul>\n\n\n\n<div style=\"height:20px\" aria-hidden=\"true\" class=\"wp-block-spacer\"><\/div>\n\n\n\n<p><strong>Para m\u00e1s informaci\u00f3n o para denunciar criaderos\u00a0<\/strong>en espacios p\u00fablicos, los vecinos pueden ingresar a\u00a0<a href=\"https:\/\/buenosaires.gob.ar\/salud\/plan-dengue-y-otras-enfermedades-transmitidas-por-mosquitos-aedes-aegypti\" target=\"_blank\" rel=\"noreferrer noopener\">buenosaires.gob.ar\/dengue<\/a>, comunicarse con Boti (11-5050-0147) o llamar al 147.<\/p>\n\n\n\n<div style=\"height:20px\" aria-hidden=\"true\" class=\"wp-block-spacer\"><\/div>\n\n\n\n<iframe loading=\"lazy\" src=\"https:\/\/www.facebook.com\/plugins\/post.php?href=https%3A%2F%2Fwww.facebook.com%2FBASalud%2Fposts%2Fpfbid0fCXV6HYgPxL5ynub6U9QaKcUzBn9SuEA5rD3xjhDJcngbU8eK4E5AQ8ahoC3ddmEl&#038;width=678&#038;show_text=false&#038;appId=351136908677491&#038;height=887\" width=\"678\" height=\"887\" style=\"border:none;overflow:hidden\" scrolling=\"no\" frameborder=\"0\" allowfullscreen=\"true\" allow=\"autoplay; clipboard-write; encrypted-media; picture-in-picture; web-share\"><\/iframe>\n\n\n\n<div style=\"height:20px\" aria-hidden=\"true\" class=\"wp-block-spacer\"><\/div>\n\n\n\n<h3 class=\"wp-block-heading\">Prevenci\u00f3n<\/h3>\n\n\n\n<p>La mejor forma de prevenir el dengue es aprender que&nbsp;\u00abSin criaderos no hay mosquitos. Sin mosquitos no hay enfermedades\u00bb. El lema es tan simple como contundente, evitando la&nbsp; proliferaci\u00f3n de la larva de mosquito disminuye considerablemente las chances de contagio de&nbsp; dengue y otras enfermedades transmitidas por el mosquito&nbsp;Aedes Aegypti, como la fiebre Chinkungunya, la enfermedad por virus Zika y la Fiebre Amarilla.<\/p>\n\n\n\n<p>El mosquito se cr\u00eda en recipientes con agua estancada que muchas veces no son de utilidad, como puede ser latas, botellas, neum\u00e1ticos, trozos de pl\u00e1stico y lona, bidones cortados, por eso la principal medida para evitar su propagaci\u00f3n es eliminarlos, sin mosquito no hay dengue&#8230; ni zika&nbsp;o chikungunya.<\/p>\n\n\n\n<p>Los elementos de uso diario como baldes, o palanganas se aconseja mantenerlos dados vuelta as\u00ed no acumulan agua y los de uso constante como los bebederos para mascotas hay lavarlos y cambiar el agua diariamente.<\/p>\n\n\n\n<p>Es imprescindible entender que la prevenci\u00f3n de estas enfermedades depende de nosotros, hay que concientizar a la sociedad que lo m\u00e1s importante es evitar la reproducci\u00f3n del mosquito y somos nosotros quienes tenemos que evitar que los huevos eclosionen&nbsp;para&nbsp;frenar su propagaci\u00f3n con \u00e9xito.<\/p>\n\n\n\n<div style=\"height:15px\" aria-hidden=\"true\" class=\"wp-block-spacer\"><\/div>\n\n\n\n<p><iframe loading=\"lazy\" src=\"https:\/\/www.youtube.com\/embed\/Knnj6gir1h8\" width=\"678\" height=\"381\" frameborder=\"0\" allowfullscreen=\"allowfullscreen\"><span data-mce-type=\"bookmark\" style=\"display: inline-block; width: 0px; overflow: hidden; line-height: 0;\" class=\"mce_SELRES_start\">\ufeff<\/span><\/iframe><\/p>\n\n\n\n<div style=\"height:15px\" aria-hidden=\"true\" class=\"wp-block-spacer\"><\/div>\n\n\n\n<p><strong>Como prevenir la cr\u00eda del mosquito:<\/strong><\/p>\n\n\n\n<ul class=\"wp-block-list\">\n<li>Eliminando todos los recipientes en desuso que puedan acumular agua (como latas, botellas, neum\u00e1ticos).<\/li>\n\n\n\n<li>Dando vuelta los objetos que se encuentran en el exterior y pueden acumular agua cuando llueve (baldes, palanganas, tambores).<\/li>\n\n\n\n<li>Cambiando el agua de bebederos de animales, colectores de desag\u00fces de aire acondicionado o lluvia, dentro y fuera de la casa, cada 3 d\u00edas. Record\u00e1 frotar las paredes de los recipientes con una esponja a fin de desprender los huevos de mosquito que puedan estar adheridos.<\/li>\n\n\n\n<li>Rellenando los floreros y portamacetas con arena h\u00fameda.<\/li>\n\n\n\n<li>Manteniendo los patios limpios y ordenados y los jardines desmalezados.<\/li>\n\n\n\n<li>Limpiando canaletas y desag\u00fces de lluvia de los techos.<\/li>\n\n\n\n<li>Tapando los tanques y recipientes que se usan para recolectar agua.<\/li>\n<\/ul>\n\n\n\n<p><strong>Para prevenir la picadura del mosquito:<\/strong><\/p>\n\n\n\n<ul class=\"wp-block-list\">\n<li>Usando siempre repelentes siguiendo cuidadosamente las recomendaciones del envase.<\/li>\n\n\n\n<li>Utilizando ropa clara que cubra los brazos y las piernas, especialmente durante las actividades al aire libre.<\/li>\n\n\n\n<li>Colocando mosquiteros en puertas y ventanas, y cuando sea posible usar ventiladores o aire acondicionado en la habitaciones.<\/li>\n\n\n\n<li>Protegiendo cunas y cochecitos de beb\u00e9s con telas mosquiteras.<\/li>\n\n\n\n<li>Utilizando repelentes ambientales como tabletas y espirales.<\/li>\n<\/ul>\n\n\n\n<p><\/p>\n\n\n\n<p><\/p>\n\n\n\n<p><\/p>\n\n\n\n<p><\/p>\n\n\n\n<p><\/p>\n\n\n\n<p><\/p>\n\n\n\n<p><\/p>\n","protected":false},"excerpt":{"rendered":"<div class=\"mh-excerpt\">El Ministerio de Salud porte\u00f1o inici\u00f3 la campa\u00f1a de prevenci\u00f3n contra el dengue, busca promover la participaci\u00f3n de los vecinos en la eliminaci\u00f3n de los posibles criaderos del mosquito Aedes <a class=\"mh-excerpt-more\" href=\"https:\/\/www.comuna13online.com.ar\/?p=20315\" title=\"El Gobierno de la Ciudad inici\u00f3 la campa\u00f1a de prevenci\u00f3n contra el dengue.\">[&#8230;]<\/a><\/div>\n","protected":false},"author":1,"featured_media":19307,"comment_status":"closed","ping_status":"closed","sticky":false,"template":"","format":"standard","meta":{"_uag_custom_page_level_css":"","_jetpack_memberships_contains_paid_content":false,"footnotes":"","jetpack_publicize_message":"","jetpack_publicize_feature_enabled":true,"jetpack_social_post_already_shared":true,"jetpack_social_options":{"image_generator_settings":{"template":"highway","default_image_id":0,"font":"","enabled":false},"version":2}},"categories":[44],"tags":[250,296,45,118],"class_list":{"0":"post-20315","1":"post","2":"type-post","3":"status-publish","4":"format-standard","5":"has-post-thumbnail","7":"category-salud","8":"tag-h2","9":"tag-h3","10":"tag-salud","11":"tag-vacunacion"},"jetpack_publicize_connections":[],"jetpack_featured_media_url":"https:\/\/www.comuna13online.com.ar\/wp-content\/uploads\/2024\/09\/20240911a_id.jpg","uagb_featured_image_src":{"full":["https:\/\/www.comuna13online.com.ar\/wp-content\/uploads\/2024\/09\/20240911a_id.jpg",678,381,false],"thumbnail":["https:\/\/www.comuna13online.com.ar\/wp-content\/uploads\/2024\/09\/20240911a_id.jpg",128,72,false],"medium":["https:\/\/www.comuna13online.com.ar\/wp-content\/uploads\/2024\/09\/20240911a_id.jpg",678,381,false],"medium_large":["https:\/\/www.comuna13online.com.ar\/wp-content\/uploads\/2024\/09\/20240911a_id.jpg",678,381,false],"large":["https:\/\/www.comuna13online.com.ar\/wp-content\/uploads\/2024\/09\/20240911a_id.jpg",678,381,false],"1536x1536":["https:\/\/www.comuna13online.com.ar\/wp-content\/uploads\/2024\/09\/20240911a_id.jpg",678,381,false],"2048x2048":["https:\/\/www.comuna13online.com.ar\/wp-content\/uploads\/2024\/09\/20240911a_id.jpg",678,381,false],"mh-magazine-slider":["https:\/\/www.comuna13online.com.ar\/wp-content\/uploads\/2024\/09\/20240911a_id.jpg",678,381,false],"mh-magazine-content":["https:\/\/www.comuna13online.com.ar\/wp-content\/uploads\/2024\/09\/20240911a_id.jpg",678,381,false],"mh-magazine-large":["https:\/\/www.comuna13online.com.ar\/wp-content\/uploads\/2024\/09\/20240911a_id.jpg",678,381,false],"mh-magazine-medium":["https:\/\/www.comuna13online.com.ar\/wp-content\/uploads\/2024\/09\/20240911a_id-326x245.jpg",326,245,true],"mh-magazine-small":["https:\/\/www.comuna13online.com.ar\/wp-content\/uploads\/2024\/09\/20240911a_id-80x60.jpg",80,60,true],"sow-carousel-default":["https:\/\/www.comuna13online.com.ar\/wp-content\/uploads\/2024\/09\/20240911a_id-272x182.jpg",272,182,true]},"uagb_author_info":{"display_name":"Comuna13","author_link":"https:\/\/www.comuna13online.com.ar\/?author=1"},"uagb_comment_info":0,"uagb_excerpt":"El Ministerio de Salud porte\u00f1o inici\u00f3 la campa\u00f1a de prevenci\u00f3n contra el dengue, busca promover la participaci\u00f3n de los vecinos en la eliminaci\u00f3n de los posibles criaderos del mosquito Aedes [...]","jetpack_sharing_enabled":true,"_links":{"self":[{"href":"https:\/\/www.comuna13online.com.ar\/index.php?rest_route=\/wp\/v2\/posts\/20315","targetHints":{"allow":["GET"]}}],"collection":[{"href":"https:\/\/www.comuna13online.com.ar\/index.php?rest_route=\/wp\/v2\/posts"}],"about":[{"href":"https:\/\/www.comuna13online.com.ar\/index.php?rest_route=\/wp\/v2\/types\/post"}],"author":[{"embeddable":true,"href":"https:\/\/www.comuna13online.com.ar\/index.php?rest_route=\/wp\/v2\/users\/1"}],"replies":[{"embeddable":true,"href":"https:\/\/www.comuna13online.com.ar\/index.php?rest_route=%2Fwp%2Fv2%2Fcomments&post=20315"}],"version-history":[{"count":0,"href":"https:\/\/www.comuna13online.com.ar\/index.php?rest_route=\/wp\/v2\/posts\/20315\/revisions"}],"wp:featuredmedia":[{"embeddable":true,"href":"https:\/\/www.comuna13online.com.ar\/index.php?rest_route=\/wp\/v2\/media\/19307"}],"wp:attachment":[{"href":"https:\/\/www.comuna13online.com.ar\/index.php?rest_route=%2Fwp%2Fv2%2Fmedia&parent=20315"}],"wp:term":[{"taxonomy":"category","embeddable":true,"href":"https:\/\/www.comuna13online.com.ar\/index.php?rest_route=%2Fwp%2Fv2%2Fcategories&post=20315"},{"taxonomy":"post_tag","embeddable":true,"href":"https:\/\/www.comuna13online.com.ar\/index.php?rest_route=%2Fwp%2Fv2%2Ftags&post=20315"}],"curies":[{"name":"wp","href":"https:\/\/api.w.org\/{rel}","templated":true}]}}