{"id":20305,"date":"2025-09-17T04:56:00","date_gmt":"2025-09-17T07:56:00","guid":{"rendered":"https:\/\/www.comuna13online.com.ar\/?p=20305"},"modified":"2025-09-16T17:12:53","modified_gmt":"2025-09-16T20:12:53","slug":"la-linea-d-extiende-su-horario-para-facilitar-el-regreso-los-hinchas-riverplatenses","status":"publish","type":"post","link":"https:\/\/www.comuna13online.com.ar\/?p=20305","title":{"rendered":"La L\u00ednea D extiende su horario para facilitar el regreso los hinchas riverplatenses"},"content":{"rendered":"\n<figure class=\"wp-block-image size-full\"><img loading=\"lazy\" decoding=\"async\" width=\"678\" height=\"381\" data-attachment-id=\"19955\" data-permalink=\"https:\/\/www.comuna13online.com.ar\/?attachment_id=19955\" data-orig-file=\"https:\/\/www.comuna13online.com.ar\/wp-content\/uploads\/2025\/05\/20250515a_02.jpg\" data-orig-size=\"678,381\" data-comments-opened=\"0\" data-image-meta=\"{&quot;aperture&quot;:&quot;0&quot;,&quot;credit&quot;:&quot;&quot;,&quot;camera&quot;:&quot;&quot;,&quot;caption&quot;:&quot;&quot;,&quot;created_timestamp&quot;:&quot;0&quot;,&quot;copyright&quot;:&quot;&quot;,&quot;focal_length&quot;:&quot;0&quot;,&quot;iso&quot;:&quot;0&quot;,&quot;shutter_speed&quot;:&quot;0&quot;,&quot;title&quot;:&quot;&quot;,&quot;orientation&quot;:&quot;0&quot;}\" data-image-title=\"20250515a_02\" data-image-description=\"\" data-image-caption=\"\" data-large-file=\"https:\/\/www.comuna13online.com.ar\/wp-content\/uploads\/2025\/05\/20250515a_02.jpg\" src=\"https:\/\/www.comuna13online.com.ar\/wp-content\/uploads\/2025\/05\/20250515a_02.jpg\" alt=\"\" class=\"wp-image-19955\"\/><\/figure>\n\n\n\n<div style=\"height:20px\" aria-hidden=\"true\" class=\"wp-block-spacer\"><\/div>\n\n\n\n<p><strong>Esta noche se juega la ida por los cuartos de final de la Copa Libertadores entre River y Palmeiras, el \u00faltimo tren sale desde Congreso de Tucum\u00e1n a la 1am. <\/strong><\/p>\n\n\n\n<p>Con el objetivo de facilitar el regreso a casa de los simpatizantes millonarios que concurran al Estadio M\u00e1s Monumental para presenciar el partido entre el Millonario y el Verd\u0101o de San Pablo, este mi\u00e9rcoles, la l\u00ednea D del subterr\u00e1neo prestar\u00e1 un servicio especial.<\/p>\n\n\n\n<p>El encuentro, correspondiente a la Ida de los Cuartos de Final de la Copa CONMEBOL Libertadores, comenzar\u00e1 a  las 21:30 horas, por lo que los hinchas tendr\u00e1n sobrado tempo para movilizarse hasta la estaci\u00f3n Congreso de Tucum\u00e1n, d\u00f3nde la \u00faltima formaci\u00f3n saldr\u00e1 a la 1 am del jueves, permitiendo que los asistentes al partido puedan regresar a sus hogares de manera c\u00f3moda y segura.<\/p>\n\n\n\n<p>Las estaciones habilitadas para el descenso de usuarios durante este servicio especial ser\u00e1n: Olleros, Palermo, Pueyrred\u00f3n y 9 de julio. La selecci\u00f3n responde a criterios de conectividad y volumen estimado de pasajeros.<\/p>\n\n\n\n<p>El Gobierno de la Ciudad lleva adelante este tipo de acciones que apuntan a reducir el uso del auto particular y a su vez  mejorar la circulaci\u00f3n en zonas de alta demanda y promover un transporte m\u00e1s sustentable en la Ciudad.<\/p>\n\n\n\n<div style=\"height:20px\" aria-hidden=\"true\" class=\"wp-block-spacer\"><\/div>\n<div align=\"center\">\n<blockquote class=\"twitter-tweet\"><p lang=\"es\" dir=\"ltr\">Ma\u00f1ana la L\u00ednea D extiende su horario hasta la 1 a.m. para que puedas volver a casa en Subte.<br><br>Ten\u00e9 en cuenta que: <br><br>\u26a0\ufe0fLos trenes saldr\u00e1n \u00fanicamente desde Congreso de Tucum\u00e1n.<br>\u26a0\ufe0fVas a poder bajarte s\u00f3lo por Olleros, Palermo, Pueyrred\u00f3n y 9 de Julio.<a href=\"https:\/\/twitter.com\/hashtag\/subte?src=hash&amp;ref_src=twsrc%5Etfw\">#subte<\/a> <a href=\"https:\/\/twitter.com\/hashtag\/linead?src=hash&amp;ref_src=twsrc%5Etfw\">#linead<\/a> <a href=\"https:\/\/twitter.com\/hashtag\/libertadores?src=hash&amp;ref_src=twsrc%5Etfw\">#libertadores<\/a> <a href=\"https:\/\/t.co\/Rf1KaShIHf\">pic.twitter.com\/Rf1KaShIHf<\/a><\/p>&mdash; BA Subte (@basubte) <a href=\"https:\/\/twitter.com\/basubte\/status\/1967955460423815210?ref_src=twsrc%5Etfw\">September 16, 2025<\/a><\/blockquote> <script async src=\"https:\/\/platform.twitter.com\/widgets.js\" charset=\"utf-8\"><\/script>\n<\/div>\n<div style=\"height:20px\" aria-hidden=\"true\" class=\"wp-block-spacer\"><\/div>\n\n\n\n<h3 class=\"wp-block-heading\">Accesos al estadio<\/h3>\n\n\n\n<p>Las puertas del M\u00e1s Monumental se abrir\u00e1n a las 18.30. Desde ese momento, todo el p\u00fablico podr\u00e1 ingresar por los accesos habilitados.<\/p>\n\n\n\n<p>A varias cuadras de las puertas del Estadio se instalar\u00e1n molinetes perimetrales, en donde se har\u00e1 una primera validaci\u00f3n electr\u00f3nica del Carnet \u00danico, la entrada o el DNI (para aquellos que eligieron esta opci\u00f3n en RiverID) para constatar que su portador cumple con los requisitos para ingresar. Estos molinetes se encontrar\u00e1n en los accesos de Quinteros, Figueroa Alcorta, estacionamiento de Figueroa Alcorta, Puente Labruna, Udaondo y Alcorta. Quienes no tengan entrada o un carnet que les permita el acceso no podr\u00e1n avanzar m\u00e1s all\u00e1 de estos controles.<\/p>\n\n\n\n<div style=\"height:15px\" aria-hidden=\"true\" class=\"wp-block-spacer\"><\/div>\n\n\n\n<h3 class=\"wp-block-heading\">Accesos:<\/h3>\n\n\n\n<h4 class=\"wp-block-heading\">BELGRANO<br>Alta\/Media\/Baja<\/h4>\n\n\n\n<p>\u25fe Ingreso por Av. Libertador y Udaondo \/ Puente Labruna.<\/p>\n\n\n\n<div style=\"height:15px\" aria-hidden=\"true\" class=\"wp-block-spacer\"><\/div>\n\n\n\n<h4 class=\"wp-block-heading\">CENTENARIO<br>Alta\/Baja<\/h4>\n\n\n\n<p>\u25fe Ingreso por la calle Quinteros.<\/p>\n\n\n\n<div style=\"height:15px\" aria-hidden=\"true\" class=\"wp-block-spacer\"><\/div>\n\n\n\n<h4 class=\"wp-block-heading\">CENTENARIO<br>Media<\/h4>\n\n\n\n<p>\u25fe Ingreso por Av. Figueroa Alcorta y Monroe.<\/p>\n\n\n\n<div style=\"height:15px\" aria-hidden=\"true\" class=\"wp-block-spacer\"><\/div>\n\n\n\n<h4 class=\"wp-block-heading\">SAN MART\u00cdN<br>Alta\/Media\/Baja<\/h4>\n\n\n\n<p>\u25fe Ingreso por Av. Figueroa Alcorta y Monroe \/ Puente Labruna (ingreso Play\u00f3n S\u00edvori)<\/p>\n\n\n\n<div style=\"height:15px\" aria-hidden=\"true\" class=\"wp-block-spacer\"><\/div>\n\n\n\n<h4 class=\"wp-block-heading\">S\u00cdVORI<br>Alta\/Media\/Baja<\/h4>\n\n\n\n<p>\u25fe Ingreso por Puente Labruna \/ Para Media y Baja tambi\u00e9n se podr\u00e1 ingresar por Udaondo y Libertador.<\/p>\n\n\n\n<div style=\"height:15px\" aria-hidden=\"true\" class=\"wp-block-spacer\"><\/div>\n\n\n\n<p class=\"has-small-font-size\">\u25fe <strong>NI\u00d1OS, MAYORES DE 70 A\u00d1OS Y PERSONAS CON DISCAPACIDAD PUEDEN INGRESAR POR EL CANAL FAMILIAR EXCLUSIVO.<\/strong><\/p>\n\n\n\n<div style=\"height:20px\" aria-hidden=\"true\" class=\"wp-block-spacer\"><\/div>\n\n\n\n<h4 class=\"wp-block-heading\">Informaci\u00f3n muy importante<\/h4>\n\n\n\n<ul class=\"wp-block-list\">\n<li>Todos los asistentes deber\u00e1n contar con ubicaci\u00f3n asignada e ingresar por la puerta que corresponda a su tribuna.<\/li>\n\n\n\n<li>Las \u00fanicas entradas v\u00e1lidas para el partido son las que se adquirieron a trav\u00e9s de RiverID y fueron retiradas en las boleter\u00edas del Club. Todas las localidades adquiridas por cualquier otro medio no podr\u00e1n ingresar al Estadio.<\/li>\n\n\n\n<li>Con el comprobante de compra online de una entrada no se podr\u00e1 ingresar al Estadio, es necesario haber retirado la entrada f\u00edsica con antelaci\u00f3n o bien haber seleccionado el ingreso con DNI en RiverID.<\/li>\n\n\n\n<li>Por cuestiones de seguridad, el ingreso al Estadio ser\u00e1 hasta antes de que finalice el primer tiempo; quien salga del Estadio no podr\u00e1 volver a ingresar.<br>-Los socios con Tu Lugar en el Monumental deber\u00e1n tener la cuota al d\u00eda.<\/li>\n<\/ul>\n\n\n\n<h4 class=\"wp-block-heading\">Elementos prohibidos para ingresar al Estadio<\/h4>\n\n\n\n<ul class=\"wp-block-list\">\n<li>Pirotecnia.<\/li>\n\n\n\n<li>Bebidas alcoh\u00f3licas.<\/li>\n\n\n\n<li>Estupefacientes o sustancias t\u00f3xicas.<\/li>\n\n\n\n<li>Armas y elementos cortopunzantes.<\/li>\n\n\n\n<li>Elementos contundentes que puedan ser utilizados como proyectiles.<\/li>\n\n\n\n<li>Banderas o carteles con mensajes ofensivos o discriminativos.<\/li>\n\n\n\n<li>C\u00e1maras profesionales y equipos de grabaci\u00f3n no autorizados.<\/li>\n\n\n\n<li>Drones y dispositivos a\u00e9reos.&nbsp;<\/li>\n<\/ul>\n","protected":false},"excerpt":{"rendered":"<div class=\"mh-excerpt\">Esta noche se juega la ida por los cuartos de final de la Copa Libertadores entre River y Palmeiras, el \u00faltimo tren sale desde Congreso de Tucum\u00e1n a la 1am. <a class=\"mh-excerpt-more\" href=\"https:\/\/www.comuna13online.com.ar\/?p=20305\" title=\"La L\u00ednea D extiende su horario para facilitar el regreso los hinchas riverplatenses\">[&#8230;]<\/a><\/div>\n","protected":false},"author":1,"featured_media":19954,"comment_status":"closed","ping_status":"closed","sticky":false,"template":"","format":"standard","meta":{"_uag_custom_page_level_css":"","_jetpack_memberships_contains_paid_content":false,"footnotes":"","jetpack_publicize_message":"","jetpack_publicize_feature_enabled":true,"jetpack_social_post_already_shared":true,"jetpack_social_options":{"image_generator_settings":{"template":"highway","default_image_id":0,"font":"","enabled":false},"version":2}},"categories":[14],"tags":[250,296,16,15],"class_list":{"0":"post-20305","1":"post","2":"type-post","3":"status-publish","4":"format-standard","5":"has-post-thumbnail","7":"category-subte","8":"tag-h2","9":"tag-h3","10":"tag-subte","11":"tag-transporte"},"jetpack_publicize_connections":[],"jetpack_featured_media_url":"https:\/\/www.comuna13online.com.ar\/wp-content\/uploads\/2025\/05\/20250515a_id.jpg","uagb_featured_image_src":{"full":["https:\/\/www.comuna13online.com.ar\/wp-content\/uploads\/2025\/05\/20250515a_id.jpg",678,381,false],"thumbnail":["https:\/\/www.comuna13online.com.ar\/wp-content\/uploads\/2025\/05\/20250515a_id.jpg",128,72,false],"medium":["https:\/\/www.comuna13online.com.ar\/wp-content\/uploads\/2025\/05\/20250515a_id.jpg",678,381,false],"medium_large":["https:\/\/www.comuna13online.com.ar\/wp-content\/uploads\/2025\/05\/20250515a_id.jpg",678,381,false],"large":["https:\/\/www.comuna13online.com.ar\/wp-content\/uploads\/2025\/05\/20250515a_id.jpg",678,381,false],"1536x1536":["https:\/\/www.comuna13online.com.ar\/wp-content\/uploads\/2025\/05\/20250515a_id.jpg",678,381,false],"2048x2048":["https:\/\/www.comuna13online.com.ar\/wp-content\/uploads\/2025\/05\/20250515a_id.jpg",678,381,false],"mh-magazine-slider":["https:\/\/www.comuna13online.com.ar\/wp-content\/uploads\/2025\/05\/20250515a_id.jpg",678,381,false],"mh-magazine-content":["https:\/\/www.comuna13online.com.ar\/wp-content\/uploads\/2025\/05\/20250515a_id.jpg",678,381,false],"mh-magazine-large":["https:\/\/www.comuna13online.com.ar\/wp-content\/uploads\/2025\/05\/20250515a_id.jpg",678,381,false],"mh-magazine-medium":["https:\/\/www.comuna13online.com.ar\/wp-content\/uploads\/2025\/05\/20250515a_id-326x245.jpg",326,245,true],"mh-magazine-small":["https:\/\/www.comuna13online.com.ar\/wp-content\/uploads\/2025\/05\/20250515a_id-80x60.jpg",80,60,true],"sow-carousel-default":["https:\/\/www.comuna13online.com.ar\/wp-content\/uploads\/2025\/05\/20250515a_id-272x182.jpg",272,182,true]},"uagb_author_info":{"display_name":"Comuna13","author_link":"https:\/\/www.comuna13online.com.ar\/?author=1"},"uagb_comment_info":0,"uagb_excerpt":"Esta noche se juega la ida por los cuartos de final de la Copa Libertadores entre River y Palmeiras, el \u00faltimo tren sale desde Congreso de Tucum\u00e1n a la 1am. [...]","jetpack_sharing_enabled":true,"_links":{"self":[{"href":"https:\/\/www.comuna13online.com.ar\/index.php?rest_route=\/wp\/v2\/posts\/20305","targetHints":{"allow":["GET"]}}],"collection":[{"href":"https:\/\/www.comuna13online.com.ar\/index.php?rest_route=\/wp\/v2\/posts"}],"about":[{"href":"https:\/\/www.comuna13online.com.ar\/index.php?rest_route=\/wp\/v2\/types\/post"}],"author":[{"embeddable":true,"href":"https:\/\/www.comuna13online.com.ar\/index.php?rest_route=\/wp\/v2\/users\/1"}],"replies":[{"embeddable":true,"href":"https:\/\/www.comuna13online.com.ar\/index.php?rest_route=%2Fwp%2Fv2%2Fcomments&post=20305"}],"version-history":[{"count":0,"href":"https:\/\/www.comuna13online.com.ar\/index.php?rest_route=\/wp\/v2\/posts\/20305\/revisions"}],"wp:featuredmedia":[{"embeddable":true,"href":"https:\/\/www.comuna13online.com.ar\/index.php?rest_route=\/wp\/v2\/media\/19954"}],"wp:attachment":[{"href":"https:\/\/www.comuna13online.com.ar\/index.php?rest_route=%2Fwp%2Fv2%2Fmedia&parent=20305"}],"wp:term":[{"taxonomy":"category","embeddable":true,"href":"https:\/\/www.comuna13online.com.ar\/index.php?rest_route=%2Fwp%2Fv2%2Fcategories&post=20305"},{"taxonomy":"post_tag","embeddable":true,"href":"https:\/\/www.comuna13online.com.ar\/index.php?rest_route=%2Fwp%2Fv2%2Ftags&post=20305"}],"curies":[{"name":"wp","href":"https:\/\/api.w.org\/{rel}","templated":true}]}}