{"id":20273,"date":"2025-09-04T23:44:00","date_gmt":"2025-09-05T02:44:00","guid":{"rendered":"https:\/\/www.comuna13online.com.ar\/?p=20273"},"modified":"2025-09-05T14:38:01","modified_gmt":"2025-09-05T17:38:01","slug":"acto-en-la-legislatura-por-el-dia-de-la-persona-donante-de-organos","status":"publish","type":"post","link":"https:\/\/www.comuna13online.com.ar\/?p=20273","title":{"rendered":"Acto en la Legislatura por el D\u00eda de la Persona Donante de \u00d3rganos"},"content":{"rendered":"\n<p><strong>El gobierno porte\u00f1o encabez\u00f3 un acto de conmemoraci\u00f3n al D\u00eda de la Persona Donante de \u00d3rganos. Asistieron familiares de personas trasplantadas y profesionales m\u00e9dicos. Los Taxis porte\u00f1os adhirieron con ploteados para generar conciencia sobre la importancia de donar \u00f3rganos.<\/strong><\/p>\n\n\n\n<figure class=\"wp-block-image size-full\"><img loading=\"lazy\" decoding=\"async\" width=\"678\" height=\"381\" data-attachment-id=\"20275\" data-permalink=\"https:\/\/www.comuna13online.com.ar\/?attachment_id=20275\" data-orig-file=\"https:\/\/www.comuna13online.com.ar\/wp-content\/uploads\/2025\/09\/20250904b_01.jpg\" data-orig-size=\"678,381\" data-comments-opened=\"0\" data-image-meta=\"{&quot;aperture&quot;:&quot;0&quot;,&quot;credit&quot;:&quot;&quot;,&quot;camera&quot;:&quot;&quot;,&quot;caption&quot;:&quot;&quot;,&quot;created_timestamp&quot;:&quot;0&quot;,&quot;copyright&quot;:&quot;&quot;,&quot;focal_length&quot;:&quot;0&quot;,&quot;iso&quot;:&quot;0&quot;,&quot;shutter_speed&quot;:&quot;0&quot;,&quot;title&quot;:&quot;&quot;,&quot;orientation&quot;:&quot;0&quot;}\" data-image-title=\"20250904b_01\" data-image-description=\"\" data-image-caption=\"\" data-large-file=\"https:\/\/www.comuna13online.com.ar\/wp-content\/uploads\/2025\/09\/20250904b_01.jpg\" src=\"https:\/\/www.comuna13online.com.ar\/wp-content\/uploads\/2025\/09\/20250904b_01.jpg\" alt=\"\" class=\"wp-image-20275\"\/><figcaption class=\"wp-element-caption\"><sup>Felicitas de Lasa, Directora general de Asistencia a la V\u00edctima del Ministerio de Justicia porte\u00f1o, \u201cTenemos este d\u00eda en la Ciudad para mostrar y celebrar a todos esos \u00e1ngeles que dieron vida a otras personas\u201d.<\/sup><\/figcaption><\/figure>\n\n\n\n<div style=\"height:20px\" aria-hidden=\"true\" class=\"wp-block-spacer\"><\/div>\n\n\n\n<p>Funcionarios del Gobierno de la Ciudad encabezaron este mi\u00e9rcoles 3 de septiembre en el Sal\u00f3n Dorado del Palacio Legislativo porte\u00f1o un acto conmemorativo por el D\u00eda de la Persona Donante de \u00d3rganos.<\/p>\n\n\n\n<p>Tambi\u00e9n asistieron familiares de personas trasplantadas y donantes, profesionales m\u00e9dicos, entre ellos, el Director del Instituto de Trasplante de la Ciudad, Fernando Cichero. Una de las oradoras fue la directora General de Asistencia a la V\u00edctima del Ministerio de Justicia, Felicitas de Lasa.<\/p>\n\n\n\n<p>Adem\u00e1s participaron Silvia y Alejandro Trivisonno, padres de Antonella Trivisonno, una peque\u00f1a de 6 a\u00f1os que falleci\u00f3 en un siniestro vial en Rosario el 29 de agosto de 1999 y en cuya conmemoraci\u00f3n se promulg\u00f3 la Ley Nacional N\u00b0 27.575, que declara al 29 de agosto de cada a\u00f1o como el D\u00eda de la Persona Donante de \u00d3rganos.<\/p>\n\n\n\n<p>Antonella se convirti\u00f3 en donante por decisi\u00f3n de su familia. El a\u00f1o pasado, por iniciativa de la Direcci\u00f3n General de Asistencia a la V\u00edctima, la Ciudad de Buenos Aires adhiri\u00f3 a esa ley nacional, que propone incorporar a los calendarios escolares el d\u00eda 29 de agosto como jornada de reflexi\u00f3n sobre la importancia de ser donante de \u00f3rganos.<\/p>\n\n\n\n<p>La Ciudad se sum\u00f3 a los postulados de la Ley N\u00b0 27.575 por intermedio de la Ley N\u00b0 6.752, sancionada en agosto de 2024 por la Legislatura porte\u00f1a. Ese proyecto de adhesi\u00f3n fue impulsado por la legisladora Patricia Glize (PRO), quien tambi\u00e9n asisti\u00f3 al acto conmemorativo de este mi\u00e9rcoles y brind\u00f3 el discurso de apertura.<\/p>\n\n\n\n<p>En este contexto, se anunci\u00f3 que comenzar\u00e1n a circular por las calles porte\u00f1as taxis ploteados, intervenidos por el artista pl\u00e1stico Leandro S\u00edvori -quien tambi\u00e9n particip\u00f3 del acto-, como parte de las actividades que realiza la Ciudad para generar conciencia sobre la importancia de donar \u00f3rganos.<\/p>\n\n\n\n<div style=\"height:20px\" aria-hidden=\"true\" class=\"wp-block-spacer\"><\/div>\n<div align=\"center\">\n<blockquote class=\"twitter-tweet\"><p lang=\"es\" dir=\"ltr\">[TAXIS INTERVENIDOS] En conmemoraci\u00f3n al D\u00eda Nacional de la Persona Donante de \u00d3rganos, transformamos un \u00edcono porte\u00f1o en veh\u00edculo de conciencia y vida.<br><br>Los taxis son parte de la vida diaria de la Ciudad. A partir de ahora, llevan un mensaje clave: \u201cDONAR, SALVA VIDAS\u201d. <a href=\"https:\/\/t.co\/FxEcRKIVUX\">pic.twitter.com\/FxEcRKIVUX<\/a><\/p>&mdash; BA Infraestructura (@BAInfraest) <a href=\"https:\/\/twitter.com\/BAInfraest\/status\/1963596596974616649?ref_src=twsrc%5Etfw\">September 4, 2025<\/a><\/blockquote> <script async src=\"https:\/\/platform.twitter.com\/widgets.js\" charset=\"utf-8\"><\/script>\n<\/div>\n<div style=\"height:20px\" aria-hidden=\"true\" class=\"wp-block-spacer\"><\/div>\n\n\n\n<p>Diez taxis ya est\u00e1n terminados y est\u00e1 previsto que otros 20 sean intervenidos. En la actualidad, unos 140 taxis ploteados con distintos motivos recorren la Ciudad, en el marco de campa\u00f1as de concientizaci\u00f3n -especialmente sobre seguridad vial- y homenajes. Se trata de una iniciativa del Ministerio de Movilidad e Infraestructura, cuyo director general de Gesti\u00f3n de Servicios de Movilidad, \u00c1lvaro Quiroga, brind\u00f3 detalles sobre esta acci\u00f3n en el acto de este mi\u00e9rcoles.<\/p>\n\n\n\n<p> \u201cEste es un d\u00eda de reivindicaci\u00f3n para todos los donantes del pa\u00eds, en especial para aquellas personas que finalizando su vida le dan vida a otros. Y en este acto tambi\u00e9n presentamos una acci\u00f3n comunitaria muy importante, porque los taxis de la Ciudad van a llevar la leyenda, \u2018Donar salva vidas\u2019\u201d expres\u00f3 Fernando Cichero, Director del Instituto de Trasplante de la Ciudad.<\/p>\n\n\n\n<p>\u201cDesde el punto de vista t\u00e9cnico, hoy el trasplante est\u00e1 resuelto, lo que nos falta son donantes. Por eso, es tan importante la difusi\u00f3n y la educaci\u00f3n. Tenemos que seguir incentivando a la comunidad para que done \u00f3rganos. El acto de la donaci\u00f3n es un acto de altruismo extraordinario y de amor por otras personas\u201d, agreg\u00f3.<\/p>\n\n\n\n<p>El pasado viernes, 29 de agosto, en el marco del D\u00eda de la Persona Donante de \u00d3rganos y por iniciativa del Ministerio de Justicia que encabeza Gabino Tapia, la Ciudad ilumin\u00f3 monumentos de color naranja, como el Puente de la Mujer en Puerto Madero, la Torre Monumental -conocida como Torre de los Ingleses- en Retiro y el Monumento a los Espa\u00f1oles en Palermo. El naranja se utiliza para homenajear a los donantes; simboliza vida, energ\u00eda, esperanza y solidaridad.<\/p>\n","protected":false},"excerpt":{"rendered":"<div class=\"mh-excerpt\">El gobierno porte\u00f1o encabez\u00f3 un acto de conmemoraci\u00f3n al D\u00eda de la Persona Donante de \u00d3rganos. Asistieron familiares de personas trasplantadas y profesionales m\u00e9dicos. Los Taxis porte\u00f1os adhirieron con ploteados <a class=\"mh-excerpt-more\" href=\"https:\/\/www.comuna13online.com.ar\/?p=20273\" title=\"Acto en la Legislatura por el D\u00eda de la Persona Donante de \u00d3rganos\">[&#8230;]<\/a><\/div>\n","protected":false},"author":1,"featured_media":20274,"comment_status":"closed","ping_status":"closed","sticky":false,"template":"","format":"standard","meta":{"_uag_custom_page_level_css":"","_jetpack_memberships_contains_paid_content":false,"footnotes":"","jetpack_publicize_message":"","jetpack_publicize_feature_enabled":true,"jetpack_social_post_already_shared":true,"jetpack_social_options":{"image_generator_settings":{"template":"highway","default_image_id":0,"font":"","enabled":false},"version":2}},"categories":[32],"tags":[250,296,7,164],"class_list":{"0":"post-20273","1":"post","2":"type-post","3":"status-publish","4":"format-standard","5":"has-post-thumbnail","7":"category-sociedad","8":"tag-h2","9":"tag-h3","10":"tag-legislatura","11":"tag-trasplante"},"jetpack_publicize_connections":[],"jetpack_featured_media_url":"https:\/\/www.comuna13online.com.ar\/wp-content\/uploads\/2025\/09\/20250904b_id.jpg","uagb_featured_image_src":{"full":["https:\/\/www.comuna13online.com.ar\/wp-content\/uploads\/2025\/09\/20250904b_id.jpg",678,381,false],"thumbnail":["https:\/\/www.comuna13online.com.ar\/wp-content\/uploads\/2025\/09\/20250904b_id.jpg",128,72,false],"medium":["https:\/\/www.comuna13online.com.ar\/wp-content\/uploads\/2025\/09\/20250904b_id.jpg",678,381,false],"medium_large":["https:\/\/www.comuna13online.com.ar\/wp-content\/uploads\/2025\/09\/20250904b_id.jpg",678,381,false],"large":["https:\/\/www.comuna13online.com.ar\/wp-content\/uploads\/2025\/09\/20250904b_id.jpg",678,381,false],"1536x1536":["https:\/\/www.comuna13online.com.ar\/wp-content\/uploads\/2025\/09\/20250904b_id.jpg",678,381,false],"2048x2048":["https:\/\/www.comuna13online.com.ar\/wp-content\/uploads\/2025\/09\/20250904b_id.jpg",678,381,false],"mh-magazine-slider":["https:\/\/www.comuna13online.com.ar\/wp-content\/uploads\/2025\/09\/20250904b_id.jpg",678,381,false],"mh-magazine-content":["https:\/\/www.comuna13online.com.ar\/wp-content\/uploads\/2025\/09\/20250904b_id.jpg",678,381,false],"mh-magazine-large":["https:\/\/www.comuna13online.com.ar\/wp-content\/uploads\/2025\/09\/20250904b_id.jpg",678,381,false],"mh-magazine-medium":["https:\/\/www.comuna13online.com.ar\/wp-content\/uploads\/2025\/09\/20250904b_id-326x245.jpg",326,245,true],"mh-magazine-small":["https:\/\/www.comuna13online.com.ar\/wp-content\/uploads\/2025\/09\/20250904b_id-80x60.jpg",80,60,true],"sow-carousel-default":["https:\/\/www.comuna13online.com.ar\/wp-content\/uploads\/2025\/09\/20250904b_id-272x182.jpg",272,182,true]},"uagb_author_info":{"display_name":"Comuna13","author_link":"https:\/\/www.comuna13online.com.ar\/?author=1"},"uagb_comment_info":0,"uagb_excerpt":"El gobierno porte\u00f1o encabez\u00f3 un acto de conmemoraci\u00f3n al D\u00eda de la Persona Donante de \u00d3rganos. Asistieron familiares de personas trasplantadas y profesionales m\u00e9dicos. Los Taxis porte\u00f1os adhirieron con ploteados [...]","jetpack_sharing_enabled":true,"_links":{"self":[{"href":"https:\/\/www.comuna13online.com.ar\/index.php?rest_route=\/wp\/v2\/posts\/20273","targetHints":{"allow":["GET"]}}],"collection":[{"href":"https:\/\/www.comuna13online.com.ar\/index.php?rest_route=\/wp\/v2\/posts"}],"about":[{"href":"https:\/\/www.comuna13online.com.ar\/index.php?rest_route=\/wp\/v2\/types\/post"}],"author":[{"embeddable":true,"href":"https:\/\/www.comuna13online.com.ar\/index.php?rest_route=\/wp\/v2\/users\/1"}],"replies":[{"embeddable":true,"href":"https:\/\/www.comuna13online.com.ar\/index.php?rest_route=%2Fwp%2Fv2%2Fcomments&post=20273"}],"version-history":[{"count":0,"href":"https:\/\/www.comuna13online.com.ar\/index.php?rest_route=\/wp\/v2\/posts\/20273\/revisions"}],"wp:featuredmedia":[{"embeddable":true,"href":"https:\/\/www.comuna13online.com.ar\/index.php?rest_route=\/wp\/v2\/media\/20274"}],"wp:attachment":[{"href":"https:\/\/www.comuna13online.com.ar\/index.php?rest_route=%2Fwp%2Fv2%2Fmedia&parent=20273"}],"wp:term":[{"taxonomy":"category","embeddable":true,"href":"https:\/\/www.comuna13online.com.ar\/index.php?rest_route=%2Fwp%2Fv2%2Fcategories&post=20273"},{"taxonomy":"post_tag","embeddable":true,"href":"https:\/\/www.comuna13online.com.ar\/index.php?rest_route=%2Fwp%2Fv2%2Ftags&post=20273"}],"curies":[{"name":"wp","href":"https:\/\/api.w.org\/{rel}","templated":true}]}}