{"id":20177,"date":"2025-07-21T13:28:06","date_gmt":"2025-07-21T16:28:06","guid":{"rendered":"https:\/\/www.comuna13online.com.ar\/?p=20177"},"modified":"2025-11-05T21:01:08","modified_gmt":"2025-11-06T00:01:08","slug":"vamos-las-plazas-en-vacaciones-de-invierno-4","status":"publish","type":"post","link":"https:\/\/www.comuna13online.com.ar\/?p=20177","title":{"rendered":"Vamos las Plazas en Vacaciones de Invierno"},"content":{"rendered":"\n<p><strong>El ciclo de entretenimiento para los m\u00e1s peque\u00f1os volvi\u00f3 para las vacaciones de invierno, de lunes a jueves de 11 a 15 horas en plazas de las 15 Comunas porte\u00f1as.<\/strong><\/p>\n\n\n\n<figure class=\"wp-block-image size-full\"><img loading=\"lazy\" decoding=\"async\" width=\"678\" height=\"381\" data-attachment-id=\"19099\" data-permalink=\"https:\/\/www.comuna13online.com.ar\/?attachment_id=19099\" data-orig-file=\"https:\/\/www.comuna13online.com.ar\/wp-content\/uploads\/2024\/07\/20240715a_01.jpg\" data-orig-size=\"678,381\" data-comments-opened=\"0\" data-image-meta=\"{&quot;aperture&quot;:&quot;0&quot;,&quot;credit&quot;:&quot;&quot;,&quot;camera&quot;:&quot;&quot;,&quot;caption&quot;:&quot;&quot;,&quot;created_timestamp&quot;:&quot;0&quot;,&quot;copyright&quot;:&quot;&quot;,&quot;focal_length&quot;:&quot;0&quot;,&quot;iso&quot;:&quot;0&quot;,&quot;shutter_speed&quot;:&quot;0&quot;,&quot;title&quot;:&quot;&quot;,&quot;orientation&quot;:&quot;0&quot;}\" data-image-title=\"20240715a_01\" data-image-description=\"\" data-image-caption=\"\" data-large-file=\"https:\/\/www.comuna13online.com.ar\/wp-content\/uploads\/2024\/07\/20240715a_01.jpg\" src=\"https:\/\/www.comuna13online.com.ar\/wp-content\/uploads\/2024\/07\/20240715a_01.jpg\" alt=\"\" class=\"wp-image-19099\"\/><\/figure>\n\n\n\n<div style=\"height:20px\" aria-hidden=\"true\" class=\"wp-block-spacer\"><\/div>\n\n\n\n<p>Desde el 22 al 31 de julio vuelve \u201cVamos las Plazas\u201d en su edici\u00f3n invernal, el ciclo de entretenimiento infantil regresa con una nueva programaci\u00f3n completamente gratuita, con teatro, m\u00fasica, animaci\u00f3n, shows de magia, clown y acrobacia para disfrutar al aire libre en las plazas y parques de las 15 Comunas de la Ciudad. <\/p>\n\n\n\n<p><\/p>\n\n\n\n<p>Cada d\u00eda habr\u00e1 dos espacios distintos en cada Comuna en dos horarios distintos. De lunes a jueves, a las 11 y a las 15 horas desde el 17\/7 al 28\/7. Una oferta de juegos y entretenimiento pensada para los m\u00e1s peques en cada rinc\u00f3n de Buenos Aires. <strong>Se suspende por lluvia.<\/strong><\/p>\n\n\n\n<p>El \u00e9xito de Vamos las Plazas se consolida a\u00f1o tras a\u00f1o, tanto en su edici\u00f3n de verano como de invierno. Como es habitual, se espera una alta convocatoria de familias de todas las Comunas para que disfruten de esta propuesta \u00fanica de entretenimiento gratuito en los espacios verdes de la Ciudad.<\/p>\n\n\n\n<h3 class=\"wp-block-heading\">Vamos las Plazas en la Comuna 13<\/h3>\n\n\n\n<p>Funciones:<\/p>\n\n\n\n<p>\u25fb  11.00 horas &#8211; <strong><a href=\"https:\/\/www.google.com\/search?q=Plaza+Alberti&amp;rlz=1C1ONGR_esAR1130AR1130&amp;sourceid=chrome&amp;ie=UTF-8\" target=\"_blank\" rel=\"noreferrer noopener\">Plaza Alberti<\/a><\/strong> <br>\u25fb  14.00 horas &#8211; <strong><a href=\"https:\/\/www.google.com\/search?q=Plaza+Mafalda&amp;rlz=1C1ONGR_esAR1130AR1130&amp;sourceid=chrome&amp;ie=UTF-8\" target=\"_blank\" rel=\"noreferrer noopener\">Plaza Mafalda<\/a><\/strong><\/p>\n\n\n\n<p><strong>Programaci\u00f3n<\/strong><\/p>\n\n\n\n<ul class=\"wp-block-list\">\n<li>Martes 22:\u00a0Capit\u00e1n Zanahoria<\/li>\n\n\n\n<li>Mi\u00e9rcoles 23:\u00a0\u00a0Alex \u00a1Ser payaso!<\/li>\n\n\n\n<li>Jueves 24:\u00a0El Percha Show \/ Chango: El sue\u00f1o de ser<\/li>\n<\/ul>\n\n\n\n<ul class=\"wp-block-list\">\n<li>Jueves 31:\u00a0COSO y el Drag\u00f3n de la Suerte<\/li>\n\n\n\n<li>Martes 29:\u00a0Chukrum \/ Titirifeos<\/li>\n\n\n\n<li>Mi\u00e9rcoles 30:\u00a0Sincerito clown<\/li>\n<\/ul>\n\n\n\n<div style=\"height:20px\" aria-hidden=\"true\" class=\"wp-block-spacer\"><\/div>\n\n\n\n<div style=\"height:12px\" aria-hidden=\"true\" class=\"wp-block-spacer\"><\/div>\n\n\n\n<h3 class=\"wp-block-heading\">Vamos Las Plazas en las Comunas<\/h3>\n\n\n\n<h4 class=\"wp-block-heading\">Comuna 1<\/h4>\n\n\n\n<p>\u25fb  11.00 horas &#8211; <strong><a href=\"https:\/\/www.google.com\/search?q=Plaza+Lavalle&amp;rlz=1C1ONGR_esAR1130AR1130&amp;sourceid=chrome&amp;ie=UTF-8\" target=\"_blank\" rel=\"noreferrer noopener\">Plaza Lavalle<\/a><\/strong><br>\u25fb  14.00 horas &#8211; <strong><a href=\"https:\/\/www.google.com\/search?q=Plaza+Haroldo+Conti&amp;rlz=1C1ONGR_esAR1130AR1130&amp;sourceid=chrome&amp;ie=UTF-8\" target=\"_blank\" rel=\"noreferrer noopener\">Plaza Haroldo Conti<\/a><\/strong><\/p>\n\n\n\n<p><strong>Programaci\u00f3n<\/strong><\/p>\n\n\n\n<ul class=\"wp-block-list\">\n<li>Martes 22: El circo de Campanita\u00a0\u00a0\u00a0\u00a0\u00a0\u00a0\u00a0\u00a0\u00a0\u00a0\u00a0\u00a0<\/li>\n\n\n\n<li>Mi\u00e9rcoles 23: Martinuke T\u00edteres y Magia<\/li>\n\n\n\n<li>Jueves 24: Grupo Electr\u00f3geno<\/li>\n<\/ul>\n\n\n\n<ul class=\"wp-block-list\">\n<li>Jueves 31: Sincerito clown<\/li>\n\n\n\n<li>Martes 29: Chapashow<\/li>\n\n\n\n<li>Mi\u00e9rcoles 30: Eureka, confusi\u00f3n en la biblioteca<\/li>\n<\/ul>\n\n\n\n<div style=\"height:20px\" aria-hidden=\"true\" class=\"wp-block-spacer\"><\/div>\n\n\n\n<h4 class=\"wp-block-heading\">Comuna 2<\/h4>\n\n\n\n<p>\u25fb  11.00 horas &#8211; <strong><a href=\"https:\/\/www.google.com\/search?q=Plaza+Vicente+L%C3%B3pez&amp;rlz=1C1ONGR_esAR1130AR1130&amp;sourceid=chrome&amp;ie=UTF-8\" target=\"_blank\" rel=\"noreferrer noopener\">Plaza Vicente L\u00f3pez<\/a><\/strong><br>\u25fb  14.00 horas &#8211; <strong><a href=\"https:\/\/www.google.com\/search?q=Plaza+Rodr%C3%ADguez+Pe%C3%B1a&amp;rlz=1C1ONGR_esAR1130AR1130&amp;sourceid=chrome&amp;ie=UTF-8\" target=\"_blank\" rel=\"noreferrer noopener\">Plaza Rodr\u00edguez Pe\u00f1a<\/a><\/strong><\/p>\n\n\n\n<p><strong>Programaci\u00f3n<\/strong><\/p>\n\n\n\n<ul class=\"wp-block-list\">\n<li>Martes 22: Maga Morgana\u00a0\u00a0\u00a0\u00a0\u00a0\u00a0\u00a0\u00a0\u00a0\u00a0\u00a0\u00a0<\/li>\n\n\n\n<li>Mi\u00e9rcoles 23: El circo de Campanita<\/li>\n\n\n\n<li>Jueves 24: Martinuke T\u00edteres y Magia<\/li>\n<\/ul>\n\n\n\n<ul class=\"wp-block-list\">\n<li>Jueves 31:\u00a0Estaci\u00f3n Utopiae las 15 h.<\/li>\n\n\n\n<li>Martes 29:\u00a0Roberto Adverso<\/li>\n\n\n\n<li>Mi\u00e9rcoles 30:\u00a0Chapashow<\/li>\n<\/ul>\n\n\n\n<div style=\"height:20px\" aria-hidden=\"true\" class=\"wp-block-spacer\"><\/div>\n\n\n\n<h4 class=\"wp-block-heading\">Comuna 3<\/h4>\n\n\n\n<p>\u25fb  11.00 horas &#8211; <strong><a href=\"https:\/\/www.google.com\/search?q=Plaza+Velasco+Ibarra&amp;rlz=1C1ONGR_esAR1130AR1130&amp;sourceid=chrome&amp;ie=UTF-8\" target=\"_blank\" rel=\"noreferrer noopener\">Plaza Velasco Ibarra<\/a><\/strong><br>\u25fb  14.00 horas &#8211; <strong><a href=\"https:\/\/www.google.com\/search?q=Plaza+Francisco+Canaro&amp;rlz=1C1ONGR_esAR1130AR1130&amp;sourceid=chrome&amp;ie=UTF-8\" target=\"_blank\" rel=\"noreferrer noopener\">Plaza Francisco Canaro<\/a><\/strong><\/p>\n\n\n\n<p><strong>Programaci\u00f3n<\/strong><\/p>\n\n\n\n<ul class=\"wp-block-list\">\n<li>Martes 22: Ruedanclowns\u00a0\u00a0\u00a0\u00a0\u00a0\u00a0\u00a0\u00a0\u00a0\u00a0\u00a0\u00a0<\/li>\n\n\n\n<li>Mi\u00e9rcoles 23: Maga Morgana<\/li>\n\n\n\n<li>Jueves 24: Libroyasos \/ Arlequinas<\/li>\n<\/ul>\n\n\n\n<ul class=\"wp-block-list\">\n<li>Martes 29:\u00a0Loyola La Leyenda<\/li>\n\n\n\n<li>Mi\u00e9rcoles 30:\u00a0Risoteca<\/li>\n\n\n\n<li>Jueves 31:\u00a0Chapashow \/\u00a0Chango: El sue\u00f1o de ser<\/li>\n<\/ul>\n\n\n\n<div style=\"height:20px\" aria-hidden=\"true\" class=\"wp-block-spacer\"><\/div>\n\n\n\n<h4 class=\"wp-block-heading\">Comuna 4<\/h4>\n\n\n\n<p>\u25fb  11.00 horas &#8211; <strong><a href=\"https:\/\/www.google.com\/search?q=Parque+Ameghino&amp;rlz=1C1ONGR_esAR1130AR1130&amp;sourceid=chrome&amp;ie=UTF-8\" target=\"_blank\" rel=\"noreferrer noopener\">Parque Ameghino<\/a><\/strong><br>\u25fb  14.00 horas &#8211; <strong><a href=\"https:\/\/www.google.com\/search?q=Plaza+Matheu&amp;rlz=1C1ONGR_esAR1130AR1130&amp;sourceid=chrome&amp;ie=UTF-8\" target=\"_blank\" rel=\"noreferrer noopener\">Plaza Matheu<\/a><\/strong><\/p>\n\n\n\n<p><strong>Programaci\u00f3n<\/strong><\/p>\n\n\n\n<ul class=\"wp-block-list\">\n<li>Martes 22: Martinuke T\u00edteres y Magia<\/li>\n\n\n\n<li>Mi\u00e9rcoles 23: Libroyasos<\/li>\n\n\n\n<li>Jueves 24: El circo de Campanita<\/li>\n<\/ul>\n\n\n\n<ul class=\"wp-block-list\">\n<li>Martes 29:\u00a0Osky Mago Payaso<\/li>\n\n\n\n<li>Mi\u00e9rcoles 30:\u00a0Loyola La Leyenda\u00a0<\/li>\n\n\n\n<li>Jueves 31:\u00a0Risoteca<\/li>\n<\/ul>\n\n\n\n<div style=\"height:20px\" aria-hidden=\"true\" class=\"wp-block-spacer\"><\/div>\n\n\n\n<h4 class=\"wp-block-heading\">Comuna 5<\/h4>\n\n\n\n<p>\u25fb  11.00 horas &#8211; <strong><a href=\"https:\/\/www.google.com\/search?q=Plaza+Almagro&amp;rlz=1C1ONGR_esAR1130AR1130&amp;sourceid=chrome&amp;ie=UTF-8\" target=\"_blank\" rel=\"noreferrer noopener\">Plaza Almagro<\/a><\/strong><br>\u25fb  14.00 horas &#8211; <strong><a href=\"https:\/\/www.google.com\/search?q=Plaza+Boedo&amp;rlz=1C1ONGR_esAR1130AR1130&amp;sourceid=chrome&amp;ie=UTF-8\" target=\"_blank\" rel=\"noreferrer noopener\">Plaza Boedo<\/a><\/strong><\/p>\n\n\n\n<p><strong>Programaci\u00f3n<\/strong><\/p>\n\n\n\n<ul class=\"wp-block-list\">\n<li>Martes 22:\u00a0Von Rueda Show<\/li>\n\n\n\n<li>Mi\u00e9rcoles 23:\u00a0Ruedanclowns<\/li>\n\n\n\n<li>Jueves 24:\u00a0Maga Morgana<\/li>\n<\/ul>\n\n\n\n<ul class=\"wp-block-list\">\n<li>Martes 29:\u00a0El circo de Campanita<\/li>\n\n\n\n<li>Mi\u00e9rcoles 30: Kuyuy<\/li>\n\n\n\n<li>Jueves 31:\u00a0Loyola La Leyenda<\/li>\n<\/ul>\n\n\n\n<div style=\"height:20px\" aria-hidden=\"true\" class=\"wp-block-spacer\"><\/div>\n\n\n\n<h4 class=\"wp-block-heading\">Comuna 6<\/h4>\n\n\n\n<p>\u25fb  11.00 horas &#8211;\u00a0<strong><a href=\"https:\/\/www.google.com\/search?q=Plaza+Irlanda&amp;rlz=1C1ONGR_esAR1130AR1130&amp;sourceid=chrome&amp;ie=UTF-8\" target=\"_blank\" rel=\"noreferrer noopener\">Plaza Irlanda<\/a><\/strong><br>\u25fb  14.00 horas &#8211; <strong><a href=\"https:\/\/www.google.com\/search?q=Parque+Centenario&amp;rlz=1C1ONGR_esAR1130AR1130&amp;sourceid=chrome&amp;ie=UTF-8\" target=\"_blank\" rel=\"noreferrer noopener\">Parque Centenario<\/a><\/strong><\/p>\n\n\n\n<p><strong>Programaci\u00f3n<\/strong><\/p>\n\n\n\n<ul class=\"wp-block-list\">\n<li>Martes 22:\u00a0Grupo Electr\u00f3geno<\/li>\n\n\n\n<li>Mi\u00e9rcoles 23:\u00a0Von Rueda Show<\/li>\n\n\n\n<li>Jueves 24:\u00a0Ruedanclowns \/ Calambre<\/li>\n<\/ul>\n\n\n\n<ul class=\"wp-block-list\">\n<li>Martes 29:\u00a0Maga Morgana<\/li>\n\n\n\n<li>Mi\u00e9rcoles 30: El circo de Campanita<\/li>\n\n\n\n<li>Jueves 31:\u00a0Kuyuy<\/li>\n<\/ul>\n\n\n\n<div style=\"height:20px\" aria-hidden=\"true\" class=\"wp-block-spacer\"><\/div>\n\n\n\n<h4 class=\"wp-block-heading\">Comuna 7<\/h4>\n\n\n\n<p>\u25fb  11.00 horas &#8211;\u00a0<strong><a href=\"https:\/\/www.google.com\/search?q=Parque+Chacabuco&amp;rlz=1C1ONGR_esAR1130AR1130&amp;sourceid=chrome&amp;ie=UTF-8\" target=\"_blank\" rel=\"noreferrer noopener\">Parque Chacabuco<\/a><\/strong><br>\u25fb  14.00 horas &#8211; <strong><a href=\"https:\/\/www.google.com\/search?q=Plaza+Misericordia&amp;rlz=1C1ONGR_esAR1130AR1130&amp;sourceid=chrome&amp;ie=UTF-8\" target=\"_blank\" rel=\"noreferrer noopener\">Plaza Misericordia<\/a><\/strong><\/p>\n\n\n\n<p><strong>Programaci\u00f3n<\/strong><\/p>\n\n\n\n<ul class=\"wp-block-list\">\n<li>Martes 22:\u00a0M\u00fasica Jugando<\/li>\n\n\n\n<li>Mi\u00e9rcoles 23:\u00a0Grupo Electr\u00f3geno<\/li>\n\n\n\n<li>Jueves 24:\u00a0Eventos Telesc\u00f3picos<\/li>\n<\/ul>\n\n\n\n<ul class=\"wp-block-list\">\n<li>Martes 29:\u00a0Kuyuy<\/li>\n\n\n\n<li>Mi\u00e9rcoles 30: Maga Morgana<\/li>\n\n\n\n<li>Jueves 31:\u00a0El circo de Campanita<\/li>\n<\/ul>\n\n\n\n<div style=\"height:20px\" aria-hidden=\"true\" class=\"wp-block-spacer\"><\/div>\n\n\n\n<h4 class=\"wp-block-heading\">Comuna 8<\/h4>\n\n\n\n<p>\u25fb  11.00 horas &#8211;\u00a0<strong><a href=\"https:\/\/www.google.com\/search?q=Plaza+Jos%C3%A9+Mart%C3%AD&amp;rlz=1C1ONGR_esAR1130AR1130&amp;sourceid=chrome&amp;ie=UTF-8\" target=\"_blank\" rel=\"noreferrer noopener\">Plaza Jos\u00e9 Mart\u00ed<\/a><\/strong><br>\u25fb  14.00 horas &#8211; <strong><a href=\"https:\/\/www.google.com\/search?q=Parque+Lineal+Rabanal&amp;rlz=1C1ONGR_esAR1130AR1130&amp;sourceid=chrome&amp;ie=UTF-8\" target=\"_blank\" rel=\"noreferrer noopener\">Parque Lineal Rabanal<\/a><\/strong><\/p>\n\n\n\n<p><strong>Programaci\u00f3n<\/strong><\/p>\n\n\n\n<ul class=\"wp-block-list\">\n<li>Martes 22:\u00a0Libroyasos \/\u00a0Chango: El sue\u00f1o de ser\u00a0<\/li>\n\n\n\n<li>Mi\u00e9rcoles 23:\u00a0Marlon de Las Vegas<\/li>\n\n\n\n<li>Jueves 24:\u00a0La Animatera<\/li>\n<\/ul>\n\n\n\n<ul class=\"wp-block-list\">\n<li>Martes 29:\u00a0COSO y el Drag\u00f3n de la Suerte<\/li>\n\n\n\n<li>Mi\u00e9rcoles 30: Roberto Adverso<\/li>\n\n\n\n<li>Jueves 31:\u00a0Maga Morgana<\/li>\n<\/ul>\n\n\n\n<div style=\"height:20px\" aria-hidden=\"true\" class=\"wp-block-spacer\"><\/div>\n\n\n\n<h4 class=\"wp-block-heading\">Comuna 9<\/h4>\n\n\n\n<p>\u25fb  11.00 horas &#8211;\u00a0<strong><a href=\"https:\/\/www.google.com\/search?q=Plaza+On%C3%A9simo+Leguizam%C3%B3n&amp;rlz=1C1ONGR_esAR1130AR1130&amp;sourceid=chrome&amp;ie=UTF-8\" target=\"_blank\" rel=\"noreferrer noopener\">Plaza On\u00e9simo Leguizam\u00f3n<\/a><\/strong><br>\u25fb  14.00 horas &#8211; <strong><a href=\"https:\/\/www.google.com\/search?q=Parque+Avellaneda&amp;rlz=1C1ONGR_esAR1130AR1130&amp;sourceid=chrome&amp;ie=UTF-8\" target=\"_blank\" rel=\"noreferrer noopener\">Parque Avellaneda<\/a><\/strong><\/p>\n\n\n\n<p><strong>Programaci\u00f3n<\/strong><\/p>\n\n\n\n<ul class=\"wp-block-list\">\n<li>Martes 22:\u00a0La Animatera\u00a0<\/li>\n\n\n\n<li>Mi\u00e9rcoles 23:\u00a0Eventos Telesc\u00f3picos<\/li>\n\n\n\n<li>Jueves 24:\u00a0Von Rueda Show<\/li>\n<\/ul>\n\n\n\n<ul class=\"wp-block-list\">\n<li>Martes 29:\u00a0Eureka, confusi\u00f3n en la biblioteca<\/li>\n\n\n\n<li>Mi\u00e9rcoles 30: COSO y el Drag\u00f3n de la Suerte<\/li>\n\n\n\n<li>Jueves 31:\u00a0Arlequinas<\/li>\n<\/ul>\n\n\n\n<div style=\"height:20px\" aria-hidden=\"true\" class=\"wp-block-spacer\"><\/div>\n\n\n\n<h4 class=\"wp-block-heading\">Comuna 10<\/h4>\n\n\n\n<p>\u25fb  11.00 horas &#8211; <strong><a href=\"https:\/\/www.google.com\/search?q=Plaza+Ej%C3%A9rcito+de+los+Andes&amp;rlz=1C1ONGR_esAR1130AR1130&amp;sourceid=chrome&amp;ie=UTF-8\" target=\"_blank\" rel=\"noreferrer noopener\">Plaza Ej\u00e9rcito de los Andes<\/a><\/strong><br>\u25fb  14.00 horas &#8211; <strong><a href=\"https:\/\/www.google.com\/search?q=Plaza+Ciudad+de+Udine&amp;rlz=1C1ONGR_esAR1130AR1130&amp;sourceid=chrome&amp;ie=UTF-8\" target=\"_blank\" rel=\"noreferrer noopener\">Plaza Ciudad de Udine<\/a><\/strong><\/p>\n\n\n\n<p><strong>Programaci\u00f3n<\/strong><\/p>\n\n\n\n<ul class=\"wp-block-list\">\n<li>Martes 22:\u00a0Percha Clown \/ Arlequinas\u00a0<\/li>\n\n\n\n<li>Mi\u00e9rcoles 23:\u00a0La Animatera \/ Chango: El sue\u00f1o de ser<\/li>\n\n\n\n<li>Jueves 24:\u00a0Capit\u00e1n Zanahoria<\/li>\n<\/ul>\n\n\n\n<ul class=\"wp-block-list\">\n<li>Martes 29:\u00a0Ramiro Siede Mago<\/li>\n\n\n\n<li>Mi\u00e9rcoles 30:\u00a0Estaci\u00f3n Utop\u00eda<\/li>\n\n\n\n<li>Jueves 31:\u00a0Roberto Adverso<\/li>\n<\/ul>\n\n\n\n<div style=\"height:20px\" aria-hidden=\"true\" class=\"wp-block-spacer\"><\/div>\n\n\n\n<h4 class=\"wp-block-heading\">Comuna 11<\/h4>\n\n\n\n<p>\u25fb  11.00 horas &#8211; <strong><a href=\"https:\/\/www.google.com\/search?q=Plaza+de+Villa+Santa+Rita&amp;rlz=1C1ONGR_esAR1130AR1130&amp;sourceid=chrome&amp;ie=UTF-8&amp;lqi=ChlQbGF6YSBkZSBWaWxsYSBTYW50YSBSaXRhSKGWg5KhvICACFopEAAQARgAGAEYAhgDGAQiGXBsYXphIGRlIHZpbGxhIHNhbnRhIHJpdGGSAQRwYXJrmgEkQ2hkRFNVaE5NRzluUzBWS01sOXdPWHBwYVY5VWVqZEJSUkFCqgFNEAEqCSIFcGxhemEoDjIfEAEiGyjegWJFsTJIbTwAijyaTxuxeo8Tr25U-JsSzTIdEAIiGXBsYXphIGRlIHZpbGxhIHNhbnRhIHJpdGH6AQUIpAEQMA#rlimm=5738725334735260698\" target=\"_blank\" rel=\"noreferrer noopener\">Plaza Santa Rita<\/a><\/strong><br>\u25fb  14.00 horas &#8211; <strong><a href=\"https:\/\/www.google.com\/search?q=Plaza+Arist%C3%B3bulo+del+Valle&amp;rlz=1C1ONGR_esAR1130AR1130&amp;sourceid=chrome&amp;ie=UTF-8\" target=\"_blank\" rel=\"noreferrer noopener\">Plaza Arist\u00f3bulo del Valle<\/a><\/strong><\/p>\n\n\n\n<p><strong>Programaci\u00f3n<\/strong><\/p>\n\n\n\n<ul class=\"wp-block-list\">\n<li>Martes 22:\u00a0Marlon de Las Vegas<\/li>\n\n\n\n<li>Mi\u00e9rcoles 23:\u00a0 Percha Clown \/ Estaci\u00f3n Utop\u00eda<\/li>\n\n\n\n<li>Jueves 24:\u00a0Sincerito Clown<\/li>\n<\/ul>\n\n\n\n<ul class=\"wp-block-list\">\n<li>Martes 29:\u00a0Gandalf Show<\/li>\n\n\n\n<li>Mi\u00e9rcoles 30:\u00a0Osky Mago Payaso<\/li>\n\n\n\n<li>Jueves 31:\u00a0Chukrum \/ Mucho m\u00e1s que magia<\/li>\n<\/ul>\n\n\n\n<div style=\"height:20px\" aria-hidden=\"true\" class=\"wp-block-spacer\"><\/div>\n\n\n\n<h4 class=\"wp-block-heading\">Comuna 12<\/h4>\n\n\n\n<p>\u25fb  11.00 horas &#8211; <strong><a href=\"https:\/\/www.google.com\/search?q=Plaza+Leandro+Alem&amp;rlz=1C1ONGR_esAR1130AR1130&amp;sourceid=chrome&amp;ie=UTF-8\" target=\"_blank\" rel=\"noreferrer noopener\">Plaza Leandro Alem<\/a><\/strong><br>\u25fb  14.00 horas &#8211; <strong><a href=\"https:\/\/www.google.com\/search?q=Plaza+Zapiola&amp;rlz=1C1ONGR_esAR1130AR1130&amp;sourceid=chrome&amp;ie=UTF-8\" target=\"_blank\" rel=\"noreferrer noopener\">Plaza Zapiola<\/a><\/strong><\/p>\n\n\n\n<p><strong>Programaci\u00f3n<\/strong><\/p>\n\n\n\n<ul class=\"wp-block-list\">\n<li>Martes 22:\u00a0Eventos Telesc\u00f3picos<\/li>\n\n\n\n<li>Mi\u00e9rcoles 23:\u00a0 Ramiro Siede Mago<\/li>\n\n\n\n<li>Jueves 24:\u00a0M\u00fasica Jugando<\/li>\n<\/ul>\n\n\n\n<ul class=\"wp-block-list\">\n<li>Martes 29:\u00a0Sincerito Clown<\/li>\n\n\n\n<li>Mi\u00e9rcoles 30:\u00a0Gandalf Show<\/li>\n\n\n\n<li>Jueves 31:\u00a0Osky Mago Payaso<\/li>\n<\/ul>\n\n\n\n<div style=\"height:20px\" aria-hidden=\"true\" class=\"wp-block-spacer\"><\/div>\n\n\n\n<h4 class=\"wp-block-heading\">Comuna 14<\/h4>\n\n\n\n<p>\u25fb  11.00 horas &#8211;\u00a0<a href=\"https:\/\/www.google.com\/search?q=Parque+Las+Heras&amp;rlz=1C1ONGR_esAR1130AR1130&amp;sourceid=chrome&amp;ie=UTF-8\" target=\"_blank\" rel=\"noreferrer noopener\"><strong>Parque Las Heras<\/strong><\/a>\u00a0<br>\u25fb  14.00 horas &#8211; <a href=\"https:\/\/www.google.com\/search?q=Plaza+G%C3%BCemes&amp;rlz=1C1ONGR_esAR1130AR1130&amp;sourceid=chrome&amp;ie=UTF-8\" target=\"_blank\" rel=\"noreferrer noopener\"><strong>Plaza G\u00fcemes<\/strong><\/a><\/p>\n\n\n\n<p><strong>Programaci\u00f3n<\/strong><\/p>\n\n\n\n<ul class=\"wp-block-list\">\n<li>Martes 22:\u00a0Alex \u00a1Ser payaso!<\/li>\n\n\n\n<li>Mi\u00e9rcoles 23:\u00a0\u00a0M\u00fasica Jugando<\/li>\n\n\n\n<li>Jueves 24:\u00a0Ramiro Siede Mago<\/li>\n<\/ul>\n\n\n\n<ul class=\"wp-block-list\">\n<li>Martes 29:\u00a0Estaci\u00f3n Utop\u00eda<\/li>\n\n\n\n<li>Mi\u00e9rcoles 30:\u00a0Chukrum \/ Arlequinas<\/li>\n\n\n\n<li>Jueves 31:\u00a0Eureka, confusi\u00f3n en la biblioteca<\/li>\n<\/ul>\n\n\n\n<div style=\"height:20px\" aria-hidden=\"true\" class=\"wp-block-spacer\"><\/div>\n\n\n\n<h4 class=\"wp-block-heading\">Comuna 15<\/h4>\n\n\n\n<p>\u25fb  11.00 horas   &#8211; <a href=\"https:\/\/www.google.com\/search?q=Plaza+24+de+Septiembre&amp;rlz=1C1ONGR_esAR1130AR1130&amp;sourceid=chrome&amp;ie=UTF-8\" target=\"_blank\" rel=\"noreferrer noopener\"><strong>Plaza 24 de Septiembre<\/strong><\/a><br>\u25fb  14.00 horas   &#8211; <a href=\"https:\/\/www.google.com\/search?q=Parque+Los+Andes&amp;rlz=1C1ONGR_esAR1130AR1130&amp;sourceid=chrome&amp;ie=UTF-8\" target=\"_blank\" rel=\"noreferrer noopener\"><strong>Parque Los Andes I<\/strong><\/a><br><\/p>\n\n\n\n<p><strong>Programaci\u00f3n<\/strong><\/p>\n\n\n\n<ul class=\"wp-block-list\">\n<li>Martes 22: Ramiro Siede Mago<\/li>\n\n\n\n<li>Mi\u00e9rcoles 23: Capit\u00e1n Zanahoria<\/li>\n\n\n\n<li>Jueves 24: Marlon de Las Vegas<\/li>\n<\/ul>\n\n\n\n<ul class=\"wp-block-list\">\n<li>Martes 29: Casi Perfect@s<\/li>\n\n\n\n<li>Mi\u00e9rcoles 30: Alex \u00a1Ser payaso!<\/li>\n\n\n\n<li>Jueves 31: Gandalf Show<\/li>\n<\/ul>\n\n\n\n<div style=\"height:15px\" aria-hidden=\"true\" class=\"wp-block-spacer\"><\/div>\n\n\n\n<div style=\"height:10px\" aria-hidden=\"true\" class=\"wp-block-spacer\"><\/div>\n\n\n\n<figure class=\"wp-block-image size-full\"><img loading=\"lazy\" decoding=\"async\" width=\"678\" height=\"381\" data-attachment-id=\"20178\" data-permalink=\"https:\/\/www.comuna13online.com.ar\/?attachment_id=20178\" data-orig-file=\"https:\/\/www.comuna13online.com.ar\/wp-content\/uploads\/2025\/07\/20250721a_01.jpg\" data-orig-size=\"678,381\" data-comments-opened=\"0\" data-image-meta=\"{&quot;aperture&quot;:&quot;0&quot;,&quot;credit&quot;:&quot;&quot;,&quot;camera&quot;:&quot;&quot;,&quot;caption&quot;:&quot;&quot;,&quot;created_timestamp&quot;:&quot;0&quot;,&quot;copyright&quot;:&quot;&quot;,&quot;focal_length&quot;:&quot;0&quot;,&quot;iso&quot;:&quot;0&quot;,&quot;shutter_speed&quot;:&quot;0&quot;,&quot;title&quot;:&quot;&quot;,&quot;orientation&quot;:&quot;0&quot;}\" data-image-title=\"20250721a_01\" data-image-description=\"\" data-image-caption=\"\" data-large-file=\"https:\/\/www.comuna13online.com.ar\/wp-content\/uploads\/2025\/07\/20250721a_01.jpg\" src=\"https:\/\/www.comuna13online.com.ar\/wp-content\/uploads\/2025\/07\/20250721a_01.jpg\" alt=\"\" class=\"wp-image-20178\"\/><\/figure>\n\n\n\n<p class=\"has-text-align-center has-vivid-red-color has-text-color has-small-font-size\"><strong><a href=\"https:\/\/buenosaires.gob.ar\/sites\/default\/files\/2025-07\/mapa_redes_2025%20INVIERNO.pdf\" target=\"_blank\" rel=\"noreferrer noopener\">Descargar programaci\u00f3n completa en PDF<\/a><\/strong><\/p>\n\n\n\n<p><\/p>\n","protected":false},"excerpt":{"rendered":"<div class=\"mh-excerpt\">El ciclo de entretenimiento para los m\u00e1s peque\u00f1os volvi\u00f3 para las vacaciones de invierno, de lunes a jueves de 11 a 15 horas en plazas de las 15 Comunas porte\u00f1as. <a class=\"mh-excerpt-more\" href=\"https:\/\/www.comuna13online.com.ar\/?p=20177\" title=\"Vamos las Plazas en Vacaciones de Invierno\">[&#8230;]<\/a><\/div>\n","protected":false},"author":1,"featured_media":20188,"comment_status":"closed","ping_status":"closed","sticky":false,"template":"","format":"standard","meta":{"_uag_custom_page_level_css":"","_jetpack_memberships_contains_paid_content":false,"footnotes":"","jetpack_publicize_message":"","jetpack_publicize_feature_enabled":true,"jetpack_social_post_already_shared":true,"jetpack_social_options":{"image_generator_settings":{"template":"highway","default_image_id":0,"font":"","enabled":false},"version":2}},"categories":[42],"tags":[19,250,296,231,71,43],"class_list":{"0":"post-20177","1":"post","2":"type-post","3":"status-publish","4":"format-standard","5":"has-post-thumbnail","7":"category-vacaciones","8":"tag-comuna-13","9":"tag-h2","10":"tag-h3","11":"tag-lomasvisto","12":"tag-tiempo-libre","13":"tag-vacaciones"},"jetpack_publicize_connections":[],"jetpack_featured_media_url":"https:\/\/www.comuna13online.com.ar\/wp-content\/uploads\/2025\/07\/20250721a_id.jpg","uagb_featured_image_src":{"full":["https:\/\/www.comuna13online.com.ar\/wp-content\/uploads\/2025\/07\/20250721a_id.jpg",678,381,false],"thumbnail":["https:\/\/www.comuna13online.com.ar\/wp-content\/uploads\/2025\/07\/20250721a_id.jpg",128,72,false],"medium":["https:\/\/www.comuna13online.com.ar\/wp-content\/uploads\/2025\/07\/20250721a_id.jpg",678,381,false],"medium_large":["https:\/\/www.comuna13online.com.ar\/wp-content\/uploads\/2025\/07\/20250721a_id.jpg",678,381,false],"large":["https:\/\/www.comuna13online.com.ar\/wp-content\/uploads\/2025\/07\/20250721a_id.jpg",678,381,false],"1536x1536":["https:\/\/www.comuna13online.com.ar\/wp-content\/uploads\/2025\/07\/20250721a_id.jpg",678,381,false],"2048x2048":["https:\/\/www.comuna13online.com.ar\/wp-content\/uploads\/2025\/07\/20250721a_id.jpg",678,381,false],"mh-magazine-slider":["https:\/\/www.comuna13online.com.ar\/wp-content\/uploads\/2025\/07\/20250721a_id.jpg",678,381,false],"mh-magazine-content":["https:\/\/www.comuna13online.com.ar\/wp-content\/uploads\/2025\/07\/20250721a_id.jpg",678,381,false],"mh-magazine-large":["https:\/\/www.comuna13online.com.ar\/wp-content\/uploads\/2025\/07\/20250721a_id.jpg",678,381,false],"mh-magazine-medium":["https:\/\/www.comuna13online.com.ar\/wp-content\/uploads\/2025\/07\/20250721a_id-326x245.jpg",326,245,true],"mh-magazine-small":["https:\/\/www.comuna13online.com.ar\/wp-content\/uploads\/2025\/07\/20250721a_id-80x60.jpg",80,60,true],"sow-carousel-default":["https:\/\/www.comuna13online.com.ar\/wp-content\/uploads\/2025\/07\/20250721a_id-272x182.jpg",272,182,true]},"uagb_author_info":{"display_name":"Comuna13","author_link":"https:\/\/www.comuna13online.com.ar\/?author=1"},"uagb_comment_info":0,"uagb_excerpt":"El ciclo de entretenimiento para los m\u00e1s peque\u00f1os volvi\u00f3 para las vacaciones de invierno, de lunes a jueves de 11 a 15 horas en plazas de las 15 Comunas porte\u00f1as. [...]","jetpack_sharing_enabled":true,"_links":{"self":[{"href":"https:\/\/www.comuna13online.com.ar\/index.php?rest_route=\/wp\/v2\/posts\/20177","targetHints":{"allow":["GET"]}}],"collection":[{"href":"https:\/\/www.comuna13online.com.ar\/index.php?rest_route=\/wp\/v2\/posts"}],"about":[{"href":"https:\/\/www.comuna13online.com.ar\/index.php?rest_route=\/wp\/v2\/types\/post"}],"author":[{"embeddable":true,"href":"https:\/\/www.comuna13online.com.ar\/index.php?rest_route=\/wp\/v2\/users\/1"}],"replies":[{"embeddable":true,"href":"https:\/\/www.comuna13online.com.ar\/index.php?rest_route=%2Fwp%2Fv2%2Fcomments&post=20177"}],"version-history":[{"count":0,"href":"https:\/\/www.comuna13online.com.ar\/index.php?rest_route=\/wp\/v2\/posts\/20177\/revisions"}],"wp:featuredmedia":[{"embeddable":true,"href":"https:\/\/www.comuna13online.com.ar\/index.php?rest_route=\/wp\/v2\/media\/20188"}],"wp:attachment":[{"href":"https:\/\/www.comuna13online.com.ar\/index.php?rest_route=%2Fwp%2Fv2%2Fmedia&parent=20177"}],"wp:term":[{"taxonomy":"category","embeddable":true,"href":"https:\/\/www.comuna13online.com.ar\/index.php?rest_route=%2Fwp%2Fv2%2Fcategories&post=20177"},{"taxonomy":"post_tag","embeddable":true,"href":"https:\/\/www.comuna13online.com.ar\/index.php?rest_route=%2Fwp%2Fv2%2Ftags&post=20177"}],"curies":[{"name":"wp","href":"https:\/\/api.w.org\/{rel}","templated":true}]}}