{"id":20144,"date":"2025-07-09T12:02:36","date_gmt":"2025-07-09T15:02:36","guid":{"rendered":"https:\/\/www.comuna13online.com.ar\/?p=20144"},"modified":"2025-07-09T12:09:16","modified_gmt":"2025-07-09T15:09:16","slug":"9-de-julio-cortes-y-desvios-de-transito-este-por-la-carrera-9k-independencia","status":"publish","type":"post","link":"https:\/\/www.comuna13online.com.ar\/?p=20144","title":{"rendered":"9 de Julio: Cortes y desv\u00edos de tr\u00e1nsito este por la carrera 9K Independencia"},"content":{"rendered":"\n<p><strong>Este mi\u00e9rcoles 9 de julio se realizar\u00e1 la carrera 9KM Independencia. El evento atravesar\u00e1 los barrios de Palermo, Belgrano y N\u00fa\u00f1ez, entre las 6 y las 10:30 horas. <\/strong><\/p>\n\n\n\n<figure class=\"wp-block-image size-full\"><img loading=\"lazy\" decoding=\"async\" width=\"678\" height=\"381\" data-attachment-id=\"20147\" data-permalink=\"https:\/\/www.comuna13online.com.ar\/?attachment_id=20147\" data-orig-file=\"https:\/\/www.comuna13online.com.ar\/wp-content\/uploads\/2025\/07\/20250708a_01.jpg\" data-orig-size=\"678,381\" data-comments-opened=\"0\" data-image-meta=\"{&quot;aperture&quot;:&quot;0&quot;,&quot;credit&quot;:&quot;&quot;,&quot;camera&quot;:&quot;&quot;,&quot;caption&quot;:&quot;&quot;,&quot;created_timestamp&quot;:&quot;0&quot;,&quot;copyright&quot;:&quot;&quot;,&quot;focal_length&quot;:&quot;0&quot;,&quot;iso&quot;:&quot;0&quot;,&quot;shutter_speed&quot;:&quot;0&quot;,&quot;title&quot;:&quot;&quot;,&quot;orientation&quot;:&quot;0&quot;}\" data-image-title=\"20250708a_01\" data-image-description=\"\" data-image-caption=\"\" data-large-file=\"https:\/\/www.comuna13online.com.ar\/wp-content\/uploads\/2025\/07\/20250708a_01.jpg\" src=\"https:\/\/www.comuna13online.com.ar\/wp-content\/uploads\/2025\/07\/20250708a_01.jpg\" alt=\"\" class=\"wp-image-20147\"\/><\/figure>\n\n\n\n<div style=\"height:20px\" aria-hidden=\"true\" class=\"wp-block-spacer\"><\/div>\n\n\n\n<p>La competencia se desarrollar\u00e1 entre las 6 y las 10:30 horas, pasar\u00e1 por los barrios de Palermo, Belgrano y N\u00fa\u00f1ez, por lo que las siguientes calles y avenidas se ver\u00e1n afectadas durante el cruce de los participantes:<\/p>\n\n\n\n<ul class=\"wp-block-list\">\n<li>Cortes totales, moment\u00e1neos y sucesivos en Avenida Figueroa Alcorta entre Av. Dorrego y Av. Sarmiento hasta Avenida Udaondo, Av. Tornquist, calle Andr\u00e9s Bello entre Tornquist y Agust\u00edn M\u00e9ndez al momento del paso de los participantes entre las 06hs y las 10.30hs.<\/li>\n<\/ul>\n\n\n\n<ul class=\"wp-block-list\">\n<li>Corte total en Av. Figueroa Alcorta, rama norte, entre Noble y Av. Dorrego, desde las 23.59hs del martes 8 hasta las 12hs del mi\u00e9rcoles.<\/li>\n<\/ul>\n\n\n\n<div style=\"height:20px\" aria-hidden=\"true\" class=\"wp-block-spacer\"><\/div>\n\n\n\n<figure class=\"wp-block-image size-full\"><img loading=\"lazy\" decoding=\"async\" width=\"678\" height=\"859\" data-attachment-id=\"20145\" data-permalink=\"https:\/\/www.comuna13online.com.ar\/?attachment_id=20145\" data-orig-file=\"https:\/\/www.comuna13online.com.ar\/wp-content\/uploads\/2025\/07\/20250708a_02.jpg\" data-orig-size=\"678,859\" data-comments-opened=\"0\" data-image-meta=\"{&quot;aperture&quot;:&quot;0&quot;,&quot;credit&quot;:&quot;&quot;,&quot;camera&quot;:&quot;&quot;,&quot;caption&quot;:&quot;&quot;,&quot;created_timestamp&quot;:&quot;0&quot;,&quot;copyright&quot;:&quot;&quot;,&quot;focal_length&quot;:&quot;0&quot;,&quot;iso&quot;:&quot;0&quot;,&quot;shutter_speed&quot;:&quot;0&quot;,&quot;title&quot;:&quot;&quot;,&quot;orientation&quot;:&quot;0&quot;}\" data-image-title=\"20250708a_02\" data-image-description=\"\" data-image-caption=\"\" data-large-file=\"https:\/\/www.comuna13online.com.ar\/wp-content\/uploads\/2025\/07\/20250708a_02.jpg\" src=\"https:\/\/www.comuna13online.com.ar\/wp-content\/uploads\/2025\/07\/20250708a_02.jpg\" alt=\"\" class=\"wp-image-20145\"\/><\/figure>\n","protected":false},"excerpt":{"rendered":"<div class=\"mh-excerpt\">Este mi\u00e9rcoles 9 de julio se realizar\u00e1 la carrera 9KM Independencia. El evento atravesar\u00e1 los barrios de Palermo, Belgrano y N\u00fa\u00f1ez, entre las 6 y las 10:30 horas. La competencia <a class=\"mh-excerpt-more\" href=\"https:\/\/www.comuna13online.com.ar\/?p=20144\" title=\"9 de Julio: Cortes y desv\u00edos de tr\u00e1nsito este por la carrera 9K Independencia\">[&#8230;]<\/a><\/div>\n","protected":false},"author":1,"featured_media":20146,"comment_status":"closed","ping_status":"closed","sticky":false,"template":"","format":"standard","meta":{"_uag_custom_page_level_css":"","_jetpack_memberships_contains_paid_content":false,"footnotes":"","jetpack_publicize_message":"","jetpack_publicize_feature_enabled":true,"jetpack_social_post_already_shared":true,"jetpack_social_options":{"image_generator_settings":{"template":"highway","default_image_id":0,"font":"","enabled":false},"version":2}},"categories":[53],"tags":[19,250,296,54],"class_list":{"0":"post-20144","1":"post","2":"type-post","3":"status-publish","4":"format-standard","5":"has-post-thumbnail","7":"category-transito","8":"tag-comuna-13","9":"tag-h2","10":"tag-h3","11":"tag-transito"},"jetpack_publicize_connections":[],"jetpack_featured_media_url":"https:\/\/www.comuna13online.com.ar\/wp-content\/uploads\/2025\/07\/20250708a_id.jpg","uagb_featured_image_src":{"full":["https:\/\/www.comuna13online.com.ar\/wp-content\/uploads\/2025\/07\/20250708a_id.jpg",678,381,false],"thumbnail":["https:\/\/www.comuna13online.com.ar\/wp-content\/uploads\/2025\/07\/20250708a_id.jpg",128,72,false],"medium":["https:\/\/www.comuna13online.com.ar\/wp-content\/uploads\/2025\/07\/20250708a_id.jpg",678,381,false],"medium_large":["https:\/\/www.comuna13online.com.ar\/wp-content\/uploads\/2025\/07\/20250708a_id.jpg",678,381,false],"large":["https:\/\/www.comuna13online.com.ar\/wp-content\/uploads\/2025\/07\/20250708a_id.jpg",678,381,false],"1536x1536":["https:\/\/www.comuna13online.com.ar\/wp-content\/uploads\/2025\/07\/20250708a_id.jpg",678,381,false],"2048x2048":["https:\/\/www.comuna13online.com.ar\/wp-content\/uploads\/2025\/07\/20250708a_id.jpg",678,381,false],"mh-magazine-slider":["https:\/\/www.comuna13online.com.ar\/wp-content\/uploads\/2025\/07\/20250708a_id.jpg",678,381,false],"mh-magazine-content":["https:\/\/www.comuna13online.com.ar\/wp-content\/uploads\/2025\/07\/20250708a_id.jpg",678,381,false],"mh-magazine-large":["https:\/\/www.comuna13online.com.ar\/wp-content\/uploads\/2025\/07\/20250708a_id.jpg",678,381,false],"mh-magazine-medium":["https:\/\/www.comuna13online.com.ar\/wp-content\/uploads\/2025\/07\/20250708a_id-326x245.jpg",326,245,true],"mh-magazine-small":["https:\/\/www.comuna13online.com.ar\/wp-content\/uploads\/2025\/07\/20250708a_id-80x60.jpg",80,60,true],"sow-carousel-default":["https:\/\/www.comuna13online.com.ar\/wp-content\/uploads\/2025\/07\/20250708a_id-272x182.jpg",272,182,true]},"uagb_author_info":{"display_name":"Comuna13","author_link":"https:\/\/www.comuna13online.com.ar\/?author=1"},"uagb_comment_info":0,"uagb_excerpt":"Este mi\u00e9rcoles 9 de julio se realizar\u00e1 la carrera 9KM Independencia. El evento atravesar\u00e1 los barrios de Palermo, Belgrano y N\u00fa\u00f1ez, entre las 6 y las 10:30 horas. La competencia [...]","jetpack_sharing_enabled":true,"_links":{"self":[{"href":"https:\/\/www.comuna13online.com.ar\/index.php?rest_route=\/wp\/v2\/posts\/20144","targetHints":{"allow":["GET"]}}],"collection":[{"href":"https:\/\/www.comuna13online.com.ar\/index.php?rest_route=\/wp\/v2\/posts"}],"about":[{"href":"https:\/\/www.comuna13online.com.ar\/index.php?rest_route=\/wp\/v2\/types\/post"}],"author":[{"embeddable":true,"href":"https:\/\/www.comuna13online.com.ar\/index.php?rest_route=\/wp\/v2\/users\/1"}],"replies":[{"embeddable":true,"href":"https:\/\/www.comuna13online.com.ar\/index.php?rest_route=%2Fwp%2Fv2%2Fcomments&post=20144"}],"version-history":[{"count":0,"href":"https:\/\/www.comuna13online.com.ar\/index.php?rest_route=\/wp\/v2\/posts\/20144\/revisions"}],"wp:featuredmedia":[{"embeddable":true,"href":"https:\/\/www.comuna13online.com.ar\/index.php?rest_route=\/wp\/v2\/media\/20146"}],"wp:attachment":[{"href":"https:\/\/www.comuna13online.com.ar\/index.php?rest_route=%2Fwp%2Fv2%2Fmedia&parent=20144"}],"wp:term":[{"taxonomy":"category","embeddable":true,"href":"https:\/\/www.comuna13online.com.ar\/index.php?rest_route=%2Fwp%2Fv2%2Fcategories&post=20144"},{"taxonomy":"post_tag","embeddable":true,"href":"https:\/\/www.comuna13online.com.ar\/index.php?rest_route=%2Fwp%2Fv2%2Ftags&post=20144"}],"curies":[{"name":"wp","href":"https:\/\/api.w.org\/{rel}","templated":true}]}}