{"id":19997,"date":"2025-05-27T12:44:53","date_gmt":"2025-05-27T15:44:53","guid":{"rendered":"https:\/\/www.comuna13online.com.ar\/?p=19997"},"modified":"2025-05-29T19:06:19","modified_gmt":"2025-05-29T22:06:19","slug":"guia-practica-de-actuacion-ante-siniestros-viales","status":"publish","type":"post","link":"https:\/\/www.comuna13online.com.ar\/?p=19997","title":{"rendered":"Gu\u00eda Pr\u00e1ctica de Actuaci\u00f3n ante Siniestros Viales"},"content":{"rendered":"\n<p><strong>El material elaborado por el Gobierno de la Ciudad brinda informaci\u00f3n clara y precisa sobre c\u00f3mo actuar frente a un accidente de tr\u00e1nsito y concientizar sobre  esta problem\u00e1tica y su impacto en la vida de las personas.<\/strong><\/p>\n\n\n\n<figure class=\"wp-block-image size-full\"><img loading=\"lazy\" decoding=\"async\" width=\"678\" height=\"452\" data-attachment-id=\"19999\" data-permalink=\"https:\/\/www.comuna13online.com.ar\/?attachment_id=19999\" data-orig-file=\"https:\/\/www.comuna13online.com.ar\/wp-content\/uploads\/2025\/05\/20250527a_02.jpg\" data-orig-size=\"678,452\" data-comments-opened=\"0\" data-image-meta=\"{&quot;aperture&quot;:&quot;0&quot;,&quot;credit&quot;:&quot;&quot;,&quot;camera&quot;:&quot;&quot;,&quot;caption&quot;:&quot;&quot;,&quot;created_timestamp&quot;:&quot;0&quot;,&quot;copyright&quot;:&quot;&quot;,&quot;focal_length&quot;:&quot;0&quot;,&quot;iso&quot;:&quot;0&quot;,&quot;shutter_speed&quot;:&quot;0&quot;,&quot;title&quot;:&quot;&quot;,&quot;orientation&quot;:&quot;0&quot;}\" data-image-title=\"20250527a_02\" data-image-description=\"\" data-image-caption=\"\" data-large-file=\"https:\/\/www.comuna13online.com.ar\/wp-content\/uploads\/2025\/05\/20250527a_02.jpg\" src=\"https:\/\/www.comuna13online.com.ar\/wp-content\/uploads\/2025\/05\/20250527a_02.jpg\" alt=\"\" class=\"wp-image-19999\" srcset=\"https:\/\/www.comuna13online.com.ar\/wp-content\/uploads\/2025\/05\/20250527a_02.jpg 678w, https:\/\/www.comuna13online.com.ar\/wp-content\/uploads\/2025\/05\/20250527a_02-272x182.jpg 272w\" sizes=\"auto, (max-width: 678px) 100vw, 678px\" \/><\/figure>\n\n\n\n<div style=\"height:20px\" aria-hidden=\"true\" class=\"wp-block-spacer\"><\/div>\n\n\n\n<p>El Ministerio de Justicia de la Ciudad, junto con el Ministerio de Movilidad e Infraestructura, presentaron el relanzamiento de la \u201cGu\u00eda Pr\u00e1ctica de Actuaci\u00f3n ante Siniestros Viales\u201d, en el marco de la iniciativa internacional \u201cMayo Mes Amarillo\u201d, que busca generar conciencia en materia de educaci\u00f3n vial.<\/p>\n\n\n\n<p>Se trata de una herramienta que procura brindar informaci\u00f3n clara y precisa sobre c\u00f3mo actuar frente a un accidente de tr\u00e1nsito, los pasos posteriores al siniestro y el abordaje interdisciplinario a v\u00edctimas y familiares. Tambi\u00e9n concientizar acerca de la magnitud de esta problem\u00e1tica y su impacto en la vida de las personas.<\/p>\n\n\n\n<p><a href=\"https:\/\/drive.google.com\/file\/d\/1qkZZ9XGxznud4IgxYyLqtx5FQSy3KCAJ\/view\"><em><strong>Descargar la Guia<\/strong><\/em><\/a><\/p>\n\n\n\n<p>La iniciativa fue desarrollada por dos \u00e1reas del Gobierno porte\u00f1o: la Direcci\u00f3n General de Asistencia a la V\u00edctima y la Direcci\u00f3n General de Seguridad Vial. Funcionarios de ambas dependencias asistieron al encuentro de relanzamiento de la gu\u00eda, que tambi\u00e9n cont\u00f3 con la presencia de referentes de ONG relacionadas con la materia, como Viviam Perrone y Silvia Fredes, de la Asociaci\u00f3n Civil Madres del Dolor; Enrique y Cristina Schott, de Grupo JEN; Patricia S\u00e1nchez, de Red de Familiares y Vecinos de V\u00edctimas de Tr\u00e1nsito; y Ema Cibotti, de la Asociaci\u00f3n Civil Trabajar contra la Inseguridad y la Violencia con Acciones Sustentables (ACTIVVAS). Todos ellos destacaron la importancia de la comunicaci\u00f3n, la concientizaci\u00f3n en materia de educaci\u00f3n vial y la elaboraci\u00f3n de protocolos de actuaci\u00f3n que garanticen una respuesta r\u00e1pida, emp\u00e1tica y eficiente frente a incidentes de tr\u00e1nsito.<\/p>\n\n\n\n<p><em>\u201cEs una herramienta que vamos a poder brindar en hospitales, colegios, comisar\u00edas y especialmente para los familiares de v\u00edctimas\u201d<\/em>, destac\u00f3 Viviam Perrone, de la Asociaci\u00f3n Civil Madres del Dolor. <\/p>\n\n\n\n<div style=\"height:15px\" aria-hidden=\"true\" class=\"wp-block-spacer\"><\/div>\n\n\n\n<figure class=\"wp-block-image size-full\"><img loading=\"lazy\" decoding=\"async\" width=\"678\" height=\"452\" data-attachment-id=\"20000\" data-permalink=\"https:\/\/www.comuna13online.com.ar\/?attachment_id=20000\" data-orig-file=\"https:\/\/www.comuna13online.com.ar\/wp-content\/uploads\/2025\/05\/20250527a_01.jpg\" data-orig-size=\"678,452\" data-comments-opened=\"0\" data-image-meta=\"{&quot;aperture&quot;:&quot;0&quot;,&quot;credit&quot;:&quot;&quot;,&quot;camera&quot;:&quot;&quot;,&quot;caption&quot;:&quot;&quot;,&quot;created_timestamp&quot;:&quot;0&quot;,&quot;copyright&quot;:&quot;&quot;,&quot;focal_length&quot;:&quot;0&quot;,&quot;iso&quot;:&quot;0&quot;,&quot;shutter_speed&quot;:&quot;0&quot;,&quot;title&quot;:&quot;&quot;,&quot;orientation&quot;:&quot;0&quot;}\" data-image-title=\"20250527a_01\" data-image-description=\"\" data-image-caption=\"\" data-large-file=\"https:\/\/www.comuna13online.com.ar\/wp-content\/uploads\/2025\/05\/20250527a_01.jpg\" src=\"https:\/\/www.comuna13online.com.ar\/wp-content\/uploads\/2025\/05\/20250527a_01.jpg\" alt=\"\" class=\"wp-image-20000\" srcset=\"https:\/\/www.comuna13online.com.ar\/wp-content\/uploads\/2025\/05\/20250527a_01.jpg 678w, https:\/\/www.comuna13online.com.ar\/wp-content\/uploads\/2025\/05\/20250527a_01-272x182.jpg 272w\" sizes=\"auto, (max-width: 678px) 100vw, 678px\" \/><\/figure>\n\n\n\n<div style=\"height:15px\" aria-hidden=\"true\" class=\"wp-block-spacer\"><\/div>\n\n\n\n<p>La gu\u00eda detalla el Protocolo PAS (Proteger, Avisar, Socorrer), que establece los primeros pasos que deben seguirse frente a un siniestro vial, tanto en el caso de v\u00edctimas como de testigos. Tambi\u00e9n ofrece recomendaciones espec\u00edficas para actuar con seguridad, c\u00f3mo comunicarse con los servicios de emergencia y qu\u00e9 informaci\u00f3n es fundamental recabar en el lugar del accidente.<\/p>\n\n\n\n<p>Adem\u00e1s, el documento explica cu\u00e1les son los pasos administrativos y judiciales posteriores para reclamar un resarcimiento e informa acerca de los derechos que asisten a las v\u00edctimas y familiares de siniestros viales. Se incluye tambi\u00e9n un apartado especial sobre el rol de los testigos en el hecho, los datos que deben recopilar y c\u00f3mo colaborar con la Justicia y fuerzas policiales.<\/p>\n\n\n\n<p>La gu\u00eda tambi\u00e9n resalta la importancia de brindar asistencia psicol\u00f3gica temprana a las v\u00edctimas y a sus familiares, dado que los efectos emocionales y post traum\u00e1ticos de un siniestro vial se prolongan en el tiempo. Adem\u00e1s, el documento se\u00f1ala d\u00f3nde y c\u00f3mo realizar una denuncia, detalla los distintos tipos de procesos judiciales que pueden iniciarse -como acciones civiles o penales- y brinda un listado de organismos p\u00fablicos y organizaciones de la sociedad civil que ofrecen contenci\u00f3n y asesoramiento. <\/p>\n\n\n\n<p>En el texto relanzado por el Gobierno porte\u00f1o se detallan, a su vez, los canales disponibles en la Ciudad de Buenos Aires para solicitar ayuda: llamar al 911 en caso de emergencia, para asistencia a v\u00edctimas de siniestros viales al 149 (opci\u00f3n 2), comunicarse con el SAME al 107, o bien contactar al Ministerio P\u00fablico Fiscal mediante la l\u00ednea gratuita 0800-33-FISCAL (347225). Tambi\u00e9n se puede ingresar a\u00a0<a href=\"https:\/\/denuncias.fiscalias.gob.ar\/\">https:\/\/denuncias.fiscalias.gob.ar<\/a>\u00a0para m\u00e1s informaci\u00f3n o en caso de asesoramiento legal, a\u00a0<em>patrocinio.victimas@buenosaires.gob.ar<\/em>.<\/p>\n\n\n\n<p>Del encuentro con referentes de ONG participaron Roberto Domecq (director general de Seguridad Vial), Gonzalo Paj\u00f3n (jefe de Gabinete de la Secretar\u00eda de Justicia) y Agostina Sanguedolce Villafa\u00f1e, jefa de Gabinete de la Direcci\u00f3n General de Asistencia a la V\u00edctima que encabeza Felicitas de Lasa. Con esta iniciativa, el Gobierno de la Ciudad reafirma su compromiso con la seguridad vial y con la protecci\u00f3n de los derechos de las v\u00edctimas y familiares de accidentes de tr\u00e1nsito.<\/p>\n\n\n\n<p><\/p>\n\n\n\n<h3 class=\"wp-block-heading\">\u00bfDe qu\u00e9 se trata el Protocolo PAS?<\/h3>\n\n\n\n<p>Es una gu\u00eda de actuaci\u00f3n inmediata frente a un siniestro vial, que busca reducir los riesgos para las personas involucradas y prevenir nuevos accidentes. Consiste en tres pasos clave: Proteger el lugar del hecho para evitar m\u00e1s da\u00f1os, Avisar r\u00e1pidamente a los servicios de emergencia proporcionando la ubicaci\u00f3n exacta y detalles del incidente, y Socorrer a las v\u00edctimas sin moverlas, brindando contenci\u00f3n y primeros auxilios si se tienen los conocimientos adecuados.<\/p>\n\n\n\n<p>En la Ciudad de Buenos Aires este protocolo forma parte de las recomendaciones de seguridad vial promovidas por organismos como la Agencia de Seguridad Vial y la Direcci\u00f3n General de Tr\u00e1nsito y Transporte. Adem\u00e1s, la l\u00ednea telef\u00f3nica 103 (Emergencias del Gobierno porte\u00f1o) y el SAME (107) est\u00e1n disponibles las 24 horas para responder ante este tipo de acontecimientos. La implementaci\u00f3n efectiva del PAS es clave en el contexto urbano porte\u00f1o, donde el tr\u00e1nsito denso y la alta circulaci\u00f3n de peatones y veh\u00edculos demandan respuestas r\u00e1pidas y organizadas para salvar vidas en caso de producirse un accidente.<\/p>\n\n\n\n<p><a href=\"https:\/\/drive.google.com\/file\/d\/1qkZZ9XGxznud4IgxYyLqtx5FQSy3KCAJ\/view\">Descargar la Guia<\/a><\/p>\n\n\n\n<p><\/p>\n","protected":false},"excerpt":{"rendered":"<div class=\"mh-excerpt\">El material elaborado por el Gobierno de la Ciudad brinda informaci\u00f3n clara y precisa sobre c\u00f3mo actuar frente a un accidente de tr\u00e1nsito y concientizar sobre esta problem\u00e1tica y su <a class=\"mh-excerpt-more\" href=\"https:\/\/www.comuna13online.com.ar\/?p=19997\" title=\"Gu\u00eda Pr\u00e1ctica de Actuaci\u00f3n ante Siniestros Viales\">[&#8230;]<\/a><\/div>\n","protected":false},"author":1,"featured_media":19998,"comment_status":"closed","ping_status":"closed","sticky":false,"template":"","format":"standard","meta":{"_uag_custom_page_level_css":"","_jetpack_memberships_contains_paid_content":false,"footnotes":"","jetpack_publicize_message":"","jetpack_publicize_feature_enabled":true,"jetpack_social_post_already_shared":true,"jetpack_social_options":{"image_generator_settings":{"template":"highway","default_image_id":0,"font":"","enabled":false},"version":2}},"categories":[73],"tags":[250,296,75],"class_list":{"0":"post-19997","1":"post","2":"type-post","3":"status-publish","4":"format-standard","5":"has-post-thumbnail","7":"category-seguridad-vial","8":"tag-h2","9":"tag-h3","10":"tag-seguridad-vial"},"jetpack_publicize_connections":[],"jetpack_featured_media_url":"https:\/\/www.comuna13online.com.ar\/wp-content\/uploads\/2025\/05\/20250527a_id.jpg","uagb_featured_image_src":{"full":["https:\/\/www.comuna13online.com.ar\/wp-content\/uploads\/2025\/05\/20250527a_id.jpg",678,381,false],"thumbnail":["https:\/\/www.comuna13online.com.ar\/wp-content\/uploads\/2025\/05\/20250527a_id.jpg",128,72,false],"medium":["https:\/\/www.comuna13online.com.ar\/wp-content\/uploads\/2025\/05\/20250527a_id.jpg",678,381,false],"medium_large":["https:\/\/www.comuna13online.com.ar\/wp-content\/uploads\/2025\/05\/20250527a_id.jpg",678,381,false],"large":["https:\/\/www.comuna13online.com.ar\/wp-content\/uploads\/2025\/05\/20250527a_id.jpg",678,381,false],"1536x1536":["https:\/\/www.comuna13online.com.ar\/wp-content\/uploads\/2025\/05\/20250527a_id.jpg",678,381,false],"2048x2048":["https:\/\/www.comuna13online.com.ar\/wp-content\/uploads\/2025\/05\/20250527a_id.jpg",678,381,false],"mh-magazine-slider":["https:\/\/www.comuna13online.com.ar\/wp-content\/uploads\/2025\/05\/20250527a_id.jpg",678,381,false],"mh-magazine-content":["https:\/\/www.comuna13online.com.ar\/wp-content\/uploads\/2025\/05\/20250527a_id.jpg",678,381,false],"mh-magazine-large":["https:\/\/www.comuna13online.com.ar\/wp-content\/uploads\/2025\/05\/20250527a_id.jpg",678,381,false],"mh-magazine-medium":["https:\/\/www.comuna13online.com.ar\/wp-content\/uploads\/2025\/05\/20250527a_id-326x245.jpg",326,245,true],"mh-magazine-small":["https:\/\/www.comuna13online.com.ar\/wp-content\/uploads\/2025\/05\/20250527a_id-80x60.jpg",80,60,true],"sow-carousel-default":["https:\/\/www.comuna13online.com.ar\/wp-content\/uploads\/2025\/05\/20250527a_id-272x182.jpg",272,182,true]},"uagb_author_info":{"display_name":"Comuna13","author_link":"https:\/\/www.comuna13online.com.ar\/?author=1"},"uagb_comment_info":0,"uagb_excerpt":"El material elaborado por el Gobierno de la Ciudad brinda informaci\u00f3n clara y precisa sobre c\u00f3mo actuar frente a un accidente de tr\u00e1nsito y concientizar sobre esta problem\u00e1tica y su [...]","jetpack_sharing_enabled":true,"_links":{"self":[{"href":"https:\/\/www.comuna13online.com.ar\/index.php?rest_route=\/wp\/v2\/posts\/19997","targetHints":{"allow":["GET"]}}],"collection":[{"href":"https:\/\/www.comuna13online.com.ar\/index.php?rest_route=\/wp\/v2\/posts"}],"about":[{"href":"https:\/\/www.comuna13online.com.ar\/index.php?rest_route=\/wp\/v2\/types\/post"}],"author":[{"embeddable":true,"href":"https:\/\/www.comuna13online.com.ar\/index.php?rest_route=\/wp\/v2\/users\/1"}],"replies":[{"embeddable":true,"href":"https:\/\/www.comuna13online.com.ar\/index.php?rest_route=%2Fwp%2Fv2%2Fcomments&post=19997"}],"version-history":[{"count":0,"href":"https:\/\/www.comuna13online.com.ar\/index.php?rest_route=\/wp\/v2\/posts\/19997\/revisions"}],"wp:featuredmedia":[{"embeddable":true,"href":"https:\/\/www.comuna13online.com.ar\/index.php?rest_route=\/wp\/v2\/media\/19998"}],"wp:attachment":[{"href":"https:\/\/www.comuna13online.com.ar\/index.php?rest_route=%2Fwp%2Fv2%2Fmedia&parent=19997"}],"wp:term":[{"taxonomy":"category","embeddable":true,"href":"https:\/\/www.comuna13online.com.ar\/index.php?rest_route=%2Fwp%2Fv2%2Fcategories&post=19997"},{"taxonomy":"post_tag","embeddable":true,"href":"https:\/\/www.comuna13online.com.ar\/index.php?rest_route=%2Fwp%2Fv2%2Ftags&post=19997"}],"curies":[{"name":"wp","href":"https:\/\/api.w.org\/{rel}","templated":true}]}}