{"id":19962,"date":"2025-05-15T09:24:00","date_gmt":"2025-05-15T12:24:00","guid":{"rendered":"https:\/\/www.comuna13online.com.ar\/?p=19962"},"modified":"2025-05-15T16:44:27","modified_gmt":"2025-05-15T19:44:27","slug":"los-museos-portenos-se-suman-a-la-celebracion-del-dia-internacional-de-los-museos-2025","status":"publish","type":"post","link":"https:\/\/www.comuna13online.com.ar\/?p=19962","title":{"rendered":"Los museos porte\u00f1os se suman a la celebraci\u00f3n del D\u00eda Internacional de los Museos 2025"},"content":{"rendered":"\n<p><strong>El Ministerio de Cultura de la Ciudad acompa\u00f1a la iniciativa del Consejo Internacional de Museos (ICOM), con una gran agenda de actividades el s\u00e1bado 17 de mayo.<\/strong><\/p>\n\n\n\n<figure class=\"wp-block-image size-full\"><img loading=\"lazy\" decoding=\"async\" width=\"678\" height=\"452\" data-attachment-id=\"16535\" data-permalink=\"https:\/\/www.comuna13online.com.ar\/?attachment_id=16535\" data-orig-file=\"https:\/\/www.comuna13online.com.ar\/wp-content\/uploads\/2023\/01\/mlarreta002.jpg\" data-orig-size=\"678,452\" data-comments-opened=\"0\" data-image-meta=\"{&quot;aperture&quot;:&quot;0&quot;,&quot;credit&quot;:&quot;&quot;,&quot;camera&quot;:&quot;&quot;,&quot;caption&quot;:&quot;&quot;,&quot;created_timestamp&quot;:&quot;0&quot;,&quot;copyright&quot;:&quot;&quot;,&quot;focal_length&quot;:&quot;0&quot;,&quot;iso&quot;:&quot;0&quot;,&quot;shutter_speed&quot;:&quot;0&quot;,&quot;title&quot;:&quot;&quot;,&quot;orientation&quot;:&quot;0&quot;}\" data-image-title=\"mlarreta002\" data-image-description=\"\" data-image-caption=\"\" data-large-file=\"https:\/\/www.comuna13online.com.ar\/wp-content\/uploads\/2023\/01\/mlarreta002.jpg\" src=\"https:\/\/www.comuna13online.com.ar\/wp-content\/uploads\/2023\/01\/mlarreta002.jpg\" alt=\"\" class=\"wp-image-16535\" srcset=\"https:\/\/www.comuna13online.com.ar\/wp-content\/uploads\/2023\/01\/mlarreta002.jpg 678w, https:\/\/www.comuna13online.com.ar\/wp-content\/uploads\/2023\/01\/mlarreta002-272x182.jpg 272w\" sizes=\"auto, (max-width: 678px) 100vw, 678px\" \/><\/figure>\n\n\n\n<div style=\"height:20px\" aria-hidden=\"true\" class=\"wp-block-spacer\"><\/div>\n\n\n\n<p>Los museos porte\u00f1os ser\u00e1n parte de la<strong>&nbsp;celebraci\u00f3n del D\u00eda Internacional de los Museos (18 de mayo)<\/strong>, con&nbsp;<strong>actividades que se realizar\u00e1n el pr\u00f3ximo s\u00e1bado 17 de mayo<\/strong>. Acompa\u00f1ando la conmemoraci\u00f3n del Consejo Internacional de Museos (ICOM), el Ministerio de Cultura de la Ciudad invita a disfrutar de talleres, visitas guiadas y exposiciones para todos los p\u00fablicos.<\/p>\n\n\n\n<p>Cada 18 de mayo, el ICOM propone una jornada para reflexionar sobre el presente y el futuro del quehacer muse\u00edstico.\u00a0<strong>En 2025, el tema elegido es \u00abEl futuro de los museos en comunidades en constante cambio\u00bb.<\/strong>\u00a0En este marco, la Red de Museos de la Ciudad ofrecer\u00e1 actividades como visitas a las exposiciones permanentes y temporales que, a trav\u00e9s de enfoques diversos y participativos, buscar\u00e1n fortalecer el v\u00ednculo entre los museos y sus p\u00fablicos. Estas propuestas promover\u00e1n el di\u00e1logo y la adaptaci\u00f3n a los desaf\u00edos de un entorno social en permanente transformaci\u00f3n.<\/p>\n\n\n\n<h3 class=\"wp-block-heading\">Programaci\u00f3n<\/h3>\n\n\n\n<h4 class=\"wp-block-heading\">Recorridos guiados para p\u00fablico general<\/h4>\n\n\n\n<p><strong>Museo Larreta<\/strong>, Av. Juramento 2291<\/p>\n\n\n\n<ul class=\"wp-block-list\">\n<li>A las 15 h y a las 17 hs.<\/li>\n<\/ul>\n\n\n\n<p><strong>Museo S\u00edvori<\/strong>, Av. Infanta Isabel 555 \u2013 Parque Tres de Febrero<\/p>\n\n\n\n<ul class=\"wp-block-list\">\n<li>A las 14 hs. S\u00e1bados creativos. Recorrido guiado + taller, con inscripci\u00f3n previa<\/li>\n\n\n\n<li>A las 17 hs. Visita guiada para todo p\u00fablico<\/li>\n<\/ul>\n\n\n\n<p><strong>Museo Saavedra<\/strong>, Cris\u00f3logo Larralde 6309. <\/p>\n\n\n\n<ul class=\"wp-block-list\">\n<li>A las 12 hs. y a las 17 hs.<\/li>\n<\/ul>\n\n\n\n<p><strong>Casa Fern\u00e1ndez Blanco<\/strong>, Av. Hip\u00f3lito Yrigoyen 1420<\/p>\n\n\n\n<ul class=\"wp-block-list\">\n<li>A las 14 hs. y a las 17 hs.<\/li>\n<\/ul>\n\n\n\n<p><strong>Museo del Cine<\/strong>, Agust\u00edn R. Caffarena 51<\/p>\n\n\n\n<ul class=\"wp-block-list\">\n<li>A las 16 hs.<\/li>\n<\/ul>\n\n\n\n<p><strong>Museo Fern\u00e1ndez Blanco<\/strong>. Sede Palacio Noel, Suipacha 1422<\/p>\n\n\n\n<ul class=\"wp-block-list\">\n<li>A las 16 hs.<\/li>\n<\/ul>\n\n\n\n<p><strong>Museo Perlott<\/strong>i, Pujol 644<\/p>\n\n\n\n<ul class=\"wp-block-list\">\n<li>A las 17 hs.<\/li>\n<\/ul>\n\n\n\n<div style=\"height:15px\" aria-hidden=\"true\" class=\"wp-block-spacer\"><\/div>\n\n\n\n<h3 class=\"wp-block-heading\">Exposiciones actuales para visitar<\/h3>\n\n\n\n<h4 class=\"wp-block-heading\">Museo de Arte Espa\u00f1ol Enrique Larreta<\/h4>\n\n\n\n<p><a href=\"https:\/\/www.google.com\/maps\/place\/Av.+Juramento+2291,+C1428+Cdad.+Aut%C3%B3noma+de+Buenos+Aires\/data=!4m2!3m1!1s0x95bcb5d30b9fbcc3:0x8accfe1803fdcda5?sa=X&amp;ved=1t:242&amp;ictx=111\" target=\"_blank\" rel=\"noreferrer noopener\">Av. Juramento 2291<\/a>, Belgrano. Comuna 13<\/p>\n\n\n\n<ul class=\"wp-block-list\">\n<li><strong><em>\u201cNicol\u00e1s Rodr\u00edguez y la colecci\u00f3n de azulejos del Museo Larreta\u201d<\/em><\/strong><\/li>\n<\/ul>\n\n\n\n<p>Exposici\u00f3n de azulejos realizados a mano, sobre las paredes de las salas del museo. Estas piezas de Rodr\u00edguez se ponen en di\u00e1logo con el acervo de azulejos del Larreta, un patrimonio \u00fanico en la Ciudad de Buenos Aires.&nbsp;<\/p>\n\n\n\n<ul class=\"wp-block-list\">\n<li><em><strong>\u201cIntervenciones m\u00ednimas IV\u201d<\/strong><\/em><\/li>\n<\/ul>\n\n\n\n<p>Nueva edici\u00f3n del ciclo en el que obras de artistas contempor\u00e1neos \u2015en este caso, Laura Echenique, Florencia Echevarr\u00eda y Mar\u00eda del Rosario Far\u00edas\u2015, se entrelazan sutilmente con las salas del museo y las piezas de la colecci\u00f3n permanente.<\/p>\n\n\n\n<div style=\"height:15px\" aria-hidden=\"true\" class=\"wp-block-spacer\"><\/div>\n\n\n\n<figure class=\"wp-block-image size-full\"><img loading=\"lazy\" decoding=\"async\" width=\"678\" height=\"381\" data-attachment-id=\"19913\" data-permalink=\"https:\/\/www.comuna13online.com.ar\/?attachment_id=19913\" data-orig-file=\"https:\/\/www.comuna13online.com.ar\/wp-content\/uploads\/2025\/05\/20250422a_01.jpg\" data-orig-size=\"678,381\" data-comments-opened=\"0\" data-image-meta=\"{&quot;aperture&quot;:&quot;0&quot;,&quot;credit&quot;:&quot;&quot;,&quot;camera&quot;:&quot;&quot;,&quot;caption&quot;:&quot;&quot;,&quot;created_timestamp&quot;:&quot;0&quot;,&quot;copyright&quot;:&quot;&quot;,&quot;focal_length&quot;:&quot;0&quot;,&quot;iso&quot;:&quot;0&quot;,&quot;shutter_speed&quot;:&quot;0&quot;,&quot;title&quot;:&quot;&quot;,&quot;orientation&quot;:&quot;0&quot;}\" data-image-title=\"20250422a_01\" data-image-description=\"\" data-image-caption=\"\" data-large-file=\"https:\/\/www.comuna13online.com.ar\/wp-content\/uploads\/2025\/05\/20250422a_01.jpg\" src=\"https:\/\/www.comuna13online.com.ar\/wp-content\/uploads\/2025\/05\/20250422a_01.jpg\" alt=\"\" class=\"wp-image-19913\"\/><\/figure>\n\n\n\n<div style=\"height:15px\" aria-hidden=\"true\" class=\"wp-block-spacer\"><\/div>\n\n\n\n<h4 class=\"wp-block-heading\">Museo de Arte Popular, Av. del Libertador 2373<\/h4>\n\n\n\n<ul class=\"wp-block-list\">\n<li><em><strong>\u201cPlater\u00eda argentina, una pasi\u00f3n. Un siglo de coleccionismo\u201d<\/strong><\/em><\/li>\n<\/ul>\n\n\n\n<p>La exposici\u00f3n re\u00fane las colecciones de dos amantes del arte de la plater\u00eda argentina: Carlos Daws y Oscar Collazo. A trav\u00e9s de una cuidada selecci\u00f3n de piezas, se recorre la evoluci\u00f3n de este oficio desde el virreinato hasta la actualidad.<\/p>\n\n\n\n<div style=\"height:15px\" aria-hidden=\"true\" class=\"wp-block-spacer\"><\/div>\n\n\n\n<h4 class=\"wp-block-heading\">Museo S\u00edvori, Av. Infanta Isabel 555<\/h4>\n\n\n\n<ul class=\"wp-block-list\">\n<li><strong>\u201cLa lucidez geom\u00e9trica. Alicia Orlandi. Grabados, pinturas y monocopias\u201d<\/strong><\/li>\n<\/ul>\n\n\n\n<p>Recorrido por los trabajos de Alicia Orlandi, realizados en las dos primeras d\u00e9cadas de su producci\u00f3n. En ellos se aprecia que sus personales b\u00fasquedas pl\u00e1sticas se encuentran atravesadas por los lenguajes del informalismo y, m\u00e1s tarde, del arte cin\u00e9tico, que la artista tradujo de forma ingeniosa en pintura y en grabado.<\/p>\n\n\n\n<ul class=\"wp-block-list\">\n<li><strong>\u201cEl aire vacilaba a su alrededor\u201d<\/strong><\/li>\n<\/ul>\n\n\n\n<p>La muestra re\u00fane a once artistas invitadas de Am\u00e9rica Latina, cuyas pr\u00e1cticas elaboran formas de percibir e imaginar el mundo como una totalidad interrelacionada. Incluye obras especialmente comisionadas de Carla Grunauer (Argentina) y Nacha Canvas (Argentina), y obras existentes de Gala Berger (Argentina-Per\u00fa), Seba Calfuqueo (Chile), Annabel Castro (M\u00e9xico), Elena Damiani (Per\u00fa), M\u00f3nica Gir\u00f3n (Argentina), Mariette Lydis (Austria-Argentina), Elena Tejada-Herrera (Per\u00fa), Ana Vaz (Brasil) y Carla Zaccagnini (Argentina-Brasil), la mayor\u00eda de ellas exhibidas por primera vez en Buenos Aires.<\/p>\n\n\n\n<div style=\"height:15px\" aria-hidden=\"true\" class=\"wp-block-spacer\"><\/div>\n\n\n\n<h4 class=\"wp-block-heading\">Museo de Esculturas Luis Perlotti, Pujol 644<\/h4>\n\n\n\n<ul class=\"wp-block-list\">\n<li><em><strong>\u201cLuba Lisenberg. Encuentro entre dos dimensiones. La escultura como anfitriona de lo pict\u00f3rico\u201d<\/strong><\/em><\/li>\n<\/ul>\n\n\n\n<p>Figura destacada en la escena art\u00edstica contempor\u00e1nea, Luba Lisenberg presenta una selecci\u00f3n de obras que evidencian la sofisticaci\u00f3n de su proceso creativo, el cual abarca diversas disciplinas y se enriquece con su formaci\u00f3n inicial en psicolog\u00eda. Tras a\u00f1os de desarrollo en el \u00e1mbito de la escultura utilizando diferentes materiales, la artista regresa a la pintura, el dibujo y el collage.&nbsp;<\/p>\n","protected":false},"excerpt":{"rendered":"<div class=\"mh-excerpt\">El Ministerio de Cultura de la Ciudad acompa\u00f1a la iniciativa del Consejo Internacional de Museos (ICOM), con una gran agenda de actividades el s\u00e1bado 17 de mayo. Los museos porte\u00f1os <a class=\"mh-excerpt-more\" href=\"https:\/\/www.comuna13online.com.ar\/?p=19962\" title=\"Los museos porte\u00f1os se suman a la celebraci\u00f3n del D\u00eda Internacional de los Museos 2025\">[&#8230;]<\/a><\/div>\n","protected":false},"author":1,"featured_media":16535,"comment_status":"closed","ping_status":"closed","sticky":false,"template":"","format":"standard","meta":{"_uag_custom_page_level_css":"","_jetpack_memberships_contains_paid_content":false,"footnotes":"","jetpack_publicize_message":"","jetpack_publicize_feature_enabled":true,"jetpack_social_post_already_shared":true,"jetpack_social_options":{"image_generator_settings":{"template":"highway","default_image_id":0,"font":"","enabled":false},"version":2}},"categories":[76],"tags":[60,250,296,127,71],"class_list":{"0":"post-19962","1":"post","2":"type-post","3":"status-publish","4":"format-standard","5":"has-post-thumbnail","7":"category-museos","8":"tag-cultura","9":"tag-h2","10":"tag-h3","11":"tag-museos","12":"tag-tiempo-libre"},"jetpack_publicize_connections":[],"jetpack_featured_media_url":"https:\/\/www.comuna13online.com.ar\/wp-content\/uploads\/2023\/01\/mlarreta002.jpg","uagb_featured_image_src":{"full":["https:\/\/www.comuna13online.com.ar\/wp-content\/uploads\/2023\/01\/mlarreta002.jpg",678,452,false],"thumbnail":["https:\/\/www.comuna13online.com.ar\/wp-content\/uploads\/2023\/01\/mlarreta002.jpg",128,85,false],"medium":["https:\/\/www.comuna13online.com.ar\/wp-content\/uploads\/2023\/01\/mlarreta002.jpg",678,452,false],"medium_large":["https:\/\/www.comuna13online.com.ar\/wp-content\/uploads\/2023\/01\/mlarreta002.jpg",678,452,false],"large":["https:\/\/www.comuna13online.com.ar\/wp-content\/uploads\/2023\/01\/mlarreta002.jpg",678,452,false],"1536x1536":["https:\/\/www.comuna13online.com.ar\/wp-content\/uploads\/2023\/01\/mlarreta002.jpg",678,452,false],"2048x2048":["https:\/\/www.comuna13online.com.ar\/wp-content\/uploads\/2023\/01\/mlarreta002.jpg",678,452,false],"mh-magazine-slider":["https:\/\/www.comuna13online.com.ar\/wp-content\/uploads\/2023\/01\/mlarreta002-678x438.jpg",678,438,true],"mh-magazine-content":["https:\/\/www.comuna13online.com.ar\/wp-content\/uploads\/2023\/01\/mlarreta002-678x381.jpg",678,381,true],"mh-magazine-large":["https:\/\/www.comuna13online.com.ar\/wp-content\/uploads\/2023\/01\/mlarreta002.jpg",678,452,false],"mh-magazine-medium":["https:\/\/www.comuna13online.com.ar\/wp-content\/uploads\/2023\/01\/mlarreta002-326x245.jpg",326,245,true],"mh-magazine-small":["https:\/\/www.comuna13online.com.ar\/wp-content\/uploads\/2023\/01\/mlarreta002-80x60.jpg",80,60,true],"sow-carousel-default":["https:\/\/www.comuna13online.com.ar\/wp-content\/uploads\/2023\/01\/mlarreta002-272x182.jpg",272,182,true]},"uagb_author_info":{"display_name":"Comuna13","author_link":"https:\/\/www.comuna13online.com.ar\/?author=1"},"uagb_comment_info":0,"uagb_excerpt":"El Ministerio de Cultura de la Ciudad acompa\u00f1a la iniciativa del Consejo Internacional de Museos (ICOM), con una gran agenda de actividades el s\u00e1bado 17 de mayo. Los museos porte\u00f1os [...]","jetpack_sharing_enabled":true,"_links":{"self":[{"href":"https:\/\/www.comuna13online.com.ar\/index.php?rest_route=\/wp\/v2\/posts\/19962","targetHints":{"allow":["GET"]}}],"collection":[{"href":"https:\/\/www.comuna13online.com.ar\/index.php?rest_route=\/wp\/v2\/posts"}],"about":[{"href":"https:\/\/www.comuna13online.com.ar\/index.php?rest_route=\/wp\/v2\/types\/post"}],"author":[{"embeddable":true,"href":"https:\/\/www.comuna13online.com.ar\/index.php?rest_route=\/wp\/v2\/users\/1"}],"replies":[{"embeddable":true,"href":"https:\/\/www.comuna13online.com.ar\/index.php?rest_route=%2Fwp%2Fv2%2Fcomments&post=19962"}],"version-history":[{"count":0,"href":"https:\/\/www.comuna13online.com.ar\/index.php?rest_route=\/wp\/v2\/posts\/19962\/revisions"}],"wp:featuredmedia":[{"embeddable":true,"href":"https:\/\/www.comuna13online.com.ar\/index.php?rest_route=\/wp\/v2\/media\/16535"}],"wp:attachment":[{"href":"https:\/\/www.comuna13online.com.ar\/index.php?rest_route=%2Fwp%2Fv2%2Fmedia&parent=19962"}],"wp:term":[{"taxonomy":"category","embeddable":true,"href":"https:\/\/www.comuna13online.com.ar\/index.php?rest_route=%2Fwp%2Fv2%2Fcategories&post=19962"},{"taxonomy":"post_tag","embeddable":true,"href":"https:\/\/www.comuna13online.com.ar\/index.php?rest_route=%2Fwp%2Fv2%2Ftags&post=19962"}],"curies":[{"name":"wp","href":"https:\/\/api.w.org\/{rel}","templated":true}]}}