{"id":19811,"date":"2026-03-20T15:27:49","date_gmt":"2026-03-20T18:27:49","guid":{"rendered":"https:\/\/www.comuna13online.com.ar\/?p=19811"},"modified":"2026-03-26T16:46:19","modified_gmt":"2026-03-26T19:46:19","slug":"cronograma-de-servicios-publicos-para-este-jueves-24-de-marzo-2","status":"publish","type":"post","link":"https:\/\/www.comuna13online.com.ar\/?p=19811","title":{"rendered":"Cronograma de Servicios P\u00fablicos para el 23 y 24  de marzo"},"content":{"rendered":"\n<p><strong>El Gobierno porte\u00f1o inform\u00f3 el cronograma de servicios p\u00fablicos para el 23 y 24 de marzo, feriado por el D\u00eda Nacional de la Memoria por la Verdad y la Justicia.<\/strong><\/p>\n\n\n\n<figure class=\"wp-block-image size-full\"><img loading=\"lazy\" decoding=\"async\" width=\"678\" height=\"381\" data-attachment-id=\"19812\" data-permalink=\"https:\/\/www.comuna13online.com.ar\/?attachment_id=19812\" data-orig-file=\"https:\/\/www.comuna13online.com.ar\/wp-content\/uploads\/2025\/03\/20250321a_id.jpg\" data-orig-size=\"678,381\" data-comments-opened=\"0\" data-image-meta=\"{&quot;aperture&quot;:&quot;0&quot;,&quot;credit&quot;:&quot;&quot;,&quot;camera&quot;:&quot;&quot;,&quot;caption&quot;:&quot;&quot;,&quot;created_timestamp&quot;:&quot;0&quot;,&quot;copyright&quot;:&quot;&quot;,&quot;focal_length&quot;:&quot;0&quot;,&quot;iso&quot;:&quot;0&quot;,&quot;shutter_speed&quot;:&quot;0&quot;,&quot;title&quot;:&quot;&quot;,&quot;orientation&quot;:&quot;0&quot;}\" data-image-title=\"20250321a_id\" data-image-description=\"\" data-image-caption=\"\" data-large-file=\"https:\/\/www.comuna13online.com.ar\/wp-content\/uploads\/2025\/03\/20250321a_id.jpg\" src=\"https:\/\/www.comuna13online.com.ar\/wp-content\/uploads\/2025\/03\/20250321a_id.jpg\" alt=\"\" class=\"wp-image-19812\"\/><figcaption class=\"wp-element-caption\"><mark style=\"background-color:rgba(0, 0, 0, 0);color:#ffffff\" class=\"has-inline-color\">.<\/mark><\/figcaption><\/figure>\n\n\n\n<div style=\"height:15px\" aria-hidden=\"true\" class=\"wp-block-spacer\"><\/div>\n\n\n\n<p>El Gobierno de la Ciudad Aut\u00f3noma de Buenos Aires dio a conocer el cronograma de servicios p\u00fablicos para el lunes 23 y martes 24 de marzo, feriado por el D\u00eda Nacional de la Memoria por la Verdad y la Justicia.<\/p>\n\n\n\n<p><strong>Hospitales:<\/strong>\u00a0las guardias y \u00e1reas cr\u00edticas de todos los hospitales permanecer\u00e1n activas las 24 horas. Los consultorios externos y los vacunatorios estar\u00e1n cerrados, al igual que los CeSACs y los Centros de Diagn\u00f3stico Porte\u00f1o.<\/p>\n\n\n\n<p><strong>Escuelas:<\/strong>&nbsp;cerradas.<\/p>\n\n\n\n<p><strong>Cementerios:<\/strong>&nbsp;las inhumaciones en los Cementerios de Chacarita, Flores, Recoleta y el ingreso de los fallecidos al Crematorio de la Ciudad Aut\u00f3noma de Buenos Aires se realizar\u00e1n de 7.30 a 14 a destino, recepcion\u00e1ndose el \u00faltimo tr\u00e1mite a las 13 e iniciando la \u00faltima inhumaci\u00f3n a las 13.30.<\/p>\n\n\n\n<p><strong>Administraci\u00f3n Gubernamental de Ingresos P\u00fablicos y Direcci\u00f3n General de Rentas:<\/strong>&nbsp;cerradas.<\/p>\n\n\n\n<p><strong>Sedes Comunales:<\/strong>&nbsp;cerradas.<\/p>\n\n\n\n<p><strong>Registro Civil:<\/strong>&nbsp;permanecer\u00e1 cerrado. Funcionar\u00e1 s\u00f3lo la guardia de defunciones de 8 a 12.<\/p>\n\n\n\n<p><strong>Recolecci\u00f3n de residuos:<\/strong>&nbsp;el servicio funcionar\u00e1 de manera habitual.<\/p>\n\n\n\n<p><strong>Estacionamiento:<\/strong>&nbsp;estar\u00e1 permitido estacionar sobre las avenidas y calles donde est\u00e1 prohibido estacionar los d\u00edas h\u00e1biles de 7 a 21. El estacionamiento medido no tendr\u00e1 vigencia. Todas las excepciones est\u00e1n se\u00f1alizadas con carteler\u00eda, ya sea porque se puede estacionar donde la norma dice que est\u00e1 prohibido o viceversa. En pasajes, arterias que cuenten con Metrob\u00fas, calles de convivencia y en el espacio paralelo a las ciclov\u00edas est\u00e1 prohibido las 24 horas.<br>M\u00e1s informaci\u00f3n:&nbsp;<a href=\"https:\/\/lt.mydplr.com\/75794b3eb562ef3a2ff57e2fed9d58d2-e6dbc0a7ccc48cbd4a7cc037b5135cc5\" target=\"_blank\" rel=\"noreferrer noopener\"><u>http:\/\/estacionamiento.gob.ar\/<\/u><\/a><\/p>\n\n\n\n<p><strong>Subtes y premetro:<\/strong>&nbsp;el lunes el servicio funcionar\u00e1 desde las 6 hasta el cierre, mientras que el martes lo har\u00e1 desde las 8. El detalle de cada l\u00ednea puede ser consultado en&nbsp;<a href=\"https:\/\/lt.mydplr.com\/de1059dd361b63518d5195fce6e23e53-e6dbc0a7ccc48cbd4a7cc037b5135cc5\" target=\"_blank\" rel=\"noreferrer noopener\"><u>https:\/\/emova.com.ar\/index.<wbr>php\/horarios-del-servicio\/<\/u><\/a>.<\/p>\n\n\n\n<p><strong>Ecobici:<\/strong>&nbsp;el lunes el servicio funcionar\u00e1 como d\u00eda h\u00e1bil, mientras que el martes lo har\u00e1 con los siguientes pases: intensivos (mensual), recreativos (viaje \u00fanico y diario) y tur\u00edsticos (viaje \u00fanico y diario).<\/p>\n\n\n\n<p><strong>Peajes:<\/strong>&nbsp;funcionar\u00e1n con normalidad, tomando como hora pico el horario de fin de semana, es decir, de 11 a 15 sentido Provincia, y de 17 a 21 sentido Centro.<\/p>\n\n\n\n<p><strong>Registro de licencias para conducir, sede Roca:<\/strong>&nbsp;cerrado.<\/p>\n\n\n\n<p><strong>Pista de aprendizaje:<\/strong>&nbsp;estar\u00e1 abierta de 8 a 18.<\/p>\n\n\n\n<p><strong>Verificaci\u00f3n T\u00e9cnica Vehicular:<\/strong>&nbsp;las siete plantas permanecer\u00e1n abiertas el lunes y cerradas el martes.<\/p>\n\n\n\n<p><strong>Direcci\u00f3n General de Infracciones:<\/strong>&nbsp;cerrada.<\/p>\n\n\n\n<p><strong>Polic\u00eda y Bomberos de la Ciudad + Emergencias L\u00ednea 911; Log\u00edstica, Defensa Civil, Guardia de Auxilio y Emergencias + L\u00ednea 103:<\/strong>&nbsp;guardias activas las 24 horas.<\/p>\n\n\n\n<p><strong>Parques:<\/strong><\/p>\n\n\n\n<ul class=\"wp-block-list\">\n<li>Jard\u00edn Bot\u00e1nico Carlos Thays: cerrado el lunes y abierto el martes.<\/li>\n\n\n\n<li>Ecoparque: abierto.<\/li>\n\n\n\n<li>Reserva Ecol\u00f3gica Costanera Sur: cerrada el lunes y abierta el martes.<\/li>\n\n\n\n<li>Reserva Ecol\u00f3gica Costanera Norte: cerrada el lunes y abierta el martes.<\/li>\n\n\n\n<li>Reserva Ecol\u00f3gica Lago Lugano: cerrada el lunes y abierta el martes.<\/li>\n<\/ul>\n\n\n\n<p><strong>Museos:<\/strong>&nbsp;estar\u00e1n abiertos de 12 a 20. Para m\u00e1s informaci\u00f3n:&nbsp;<a href=\"https:\/\/lt.mydplr.com\/dadc41d4315be506052fa8e9cba24208-e6dbc0a7ccc48cbd4a7cc037b5135cc5\" target=\"_blank\" rel=\"noreferrer noopener\"><u>http:\/\/www.buenosaires.gob.ar\/<wbr>museos<\/u><\/a>.<\/p>\n\n\n\n<p><strong>Torre Monumental:<\/strong>&nbsp;abierta de 10 a 18.<\/p>\n\n\n\n<p><strong>Planetario:<\/strong>&nbsp;abierto el lunes y cerrado el martes.<\/p>\n\n\n\n<p><strong>Bibliotecas p\u00fablicas:<\/strong>&nbsp;cerradas, a excepci\u00f3n de Reina Batata, Parque de la Estaci\u00f3n, Ricardo G\u00fciraldes y Casa de la Lectura y Escritura, que estar\u00e1n abiertas de 10 a 20.<\/p>\n\n\n\n<p><strong>Teatros dependientes del GCBA:<\/strong><\/p>\n\n\n\n<ul class=\"wp-block-list\">\n<li>Complejo Teatral de Buenos Aires: cerrado.<\/li>\n\n\n\n<li>Casa de la Cultura: abierta el lunes y cerrada el martes.<\/li>\n\n\n\n<li>Centro Cultural San Mart\u00edn: cerrado.<\/li>\n\n\n\n<li>Centro Cultural 25 de Mayo: cerrado el lunes y abierto el martes.<\/li>\n\n\n\n<li>Centro Cultural Recoleta: cerrado el lunes y abierto el martes.<\/li>\n\n\n\n<li>Usina del Arte: abierta.<\/li>\n\n\n\n<li>Teatro Col\u00f3n: abierto.<\/li>\n\n\n\n<li>Circuito de Espacios Culturales: abierto el lunes y cerrado el martes.<\/li>\n<\/ul>\n","protected":false},"excerpt":{"rendered":"<div class=\"mh-excerpt\">El Gobierno porte\u00f1o inform\u00f3 el cronograma de servicios p\u00fablicos para el 23 y 24 de marzo, feriado por el D\u00eda Nacional de la Memoria por la Verdad y la Justicia. <a class=\"mh-excerpt-more\" href=\"https:\/\/www.comuna13online.com.ar\/?p=19811\" title=\"Cronograma de Servicios P\u00fablicos para el 23 y 24  de marzo\">[&#8230;]<\/a><\/div>\n","protected":false},"author":1,"featured_media":19812,"comment_status":"closed","ping_status":"closed","sticky":false,"template":"","format":"standard","meta":{"_uag_custom_page_level_css":"","_jetpack_memberships_contains_paid_content":false,"footnotes":"","jetpack_publicize_message":"","jetpack_publicize_feature_enabled":true,"jetpack_social_post_already_shared":true,"jetpack_social_options":{"image_generator_settings":{"template":"highway","default_image_id":0,"font":"","enabled":false},"version":2}},"categories":[138],"tags":[250,296,150,15],"class_list":{"0":"post-19811","1":"post","2":"type-post","3":"status-publish","4":"format-standard","5":"has-post-thumbnail","7":"category-servicios","8":"tag-h2","9":"tag-h3","10":"tag-servicios-publicos","11":"tag-transporte"},"jetpack_publicize_connections":[],"jetpack_featured_media_url":"https:\/\/www.comuna13online.com.ar\/wp-content\/uploads\/2025\/03\/20250321a_id.jpg","uagb_featured_image_src":{"full":["https:\/\/www.comuna13online.com.ar\/wp-content\/uploads\/2025\/03\/20250321a_id.jpg",678,381,false],"thumbnail":["https:\/\/www.comuna13online.com.ar\/wp-content\/uploads\/2025\/03\/20250321a_id.jpg",128,72,false],"medium":["https:\/\/www.comuna13online.com.ar\/wp-content\/uploads\/2025\/03\/20250321a_id.jpg",678,381,false],"medium_large":["https:\/\/www.comuna13online.com.ar\/wp-content\/uploads\/2025\/03\/20250321a_id.jpg",678,381,false],"large":["https:\/\/www.comuna13online.com.ar\/wp-content\/uploads\/2025\/03\/20250321a_id.jpg",678,381,false],"1536x1536":["https:\/\/www.comuna13online.com.ar\/wp-content\/uploads\/2025\/03\/20250321a_id.jpg",678,381,false],"2048x2048":["https:\/\/www.comuna13online.com.ar\/wp-content\/uploads\/2025\/03\/20250321a_id.jpg",678,381,false],"mh-magazine-slider":["https:\/\/www.comuna13online.com.ar\/wp-content\/uploads\/2025\/03\/20250321a_id.jpg",678,381,false],"mh-magazine-content":["https:\/\/www.comuna13online.com.ar\/wp-content\/uploads\/2025\/03\/20250321a_id.jpg",678,381,false],"mh-magazine-large":["https:\/\/www.comuna13online.com.ar\/wp-content\/uploads\/2025\/03\/20250321a_id.jpg",678,381,false],"mh-magazine-medium":["https:\/\/www.comuna13online.com.ar\/wp-content\/uploads\/2025\/03\/20250321a_id-326x245.jpg",326,245,true],"mh-magazine-small":["https:\/\/www.comuna13online.com.ar\/wp-content\/uploads\/2025\/03\/20250321a_id-80x60.jpg",80,60,true],"sow-carousel-default":["https:\/\/www.comuna13online.com.ar\/wp-content\/uploads\/2025\/03\/20250321a_id-272x182.jpg",272,182,true]},"uagb_author_info":{"display_name":"Comuna13","author_link":"https:\/\/www.comuna13online.com.ar\/?author=1"},"uagb_comment_info":0,"uagb_excerpt":"El Gobierno porte\u00f1o inform\u00f3 el cronograma de servicios p\u00fablicos para el 23 y 24 de marzo, feriado por el D\u00eda Nacional de la Memoria por la Verdad y la Justicia. [...]","jetpack_sharing_enabled":true,"_links":{"self":[{"href":"https:\/\/www.comuna13online.com.ar\/index.php?rest_route=\/wp\/v2\/posts\/19811","targetHints":{"allow":["GET"]}}],"collection":[{"href":"https:\/\/www.comuna13online.com.ar\/index.php?rest_route=\/wp\/v2\/posts"}],"about":[{"href":"https:\/\/www.comuna13online.com.ar\/index.php?rest_route=\/wp\/v2\/types\/post"}],"author":[{"embeddable":true,"href":"https:\/\/www.comuna13online.com.ar\/index.php?rest_route=\/wp\/v2\/users\/1"}],"replies":[{"embeddable":true,"href":"https:\/\/www.comuna13online.com.ar\/index.php?rest_route=%2Fwp%2Fv2%2Fcomments&post=19811"}],"version-history":[{"count":0,"href":"https:\/\/www.comuna13online.com.ar\/index.php?rest_route=\/wp\/v2\/posts\/19811\/revisions"}],"wp:featuredmedia":[{"embeddable":true,"href":"https:\/\/www.comuna13online.com.ar\/index.php?rest_route=\/wp\/v2\/media\/19812"}],"wp:attachment":[{"href":"https:\/\/www.comuna13online.com.ar\/index.php?rest_route=%2Fwp%2Fv2%2Fmedia&parent=19811"}],"wp:term":[{"taxonomy":"category","embeddable":true,"href":"https:\/\/www.comuna13online.com.ar\/index.php?rest_route=%2Fwp%2Fv2%2Fcategories&post=19811"},{"taxonomy":"post_tag","embeddable":true,"href":"https:\/\/www.comuna13online.com.ar\/index.php?rest_route=%2Fwp%2Fv2%2Ftags&post=19811"}],"curies":[{"name":"wp","href":"https:\/\/api.w.org\/{rel}","templated":true}]}}