{"id":19801,"date":"2025-03-19T10:46:36","date_gmt":"2025-03-19T13:46:36","guid":{"rendered":"https:\/\/www.comuna13online.com.ar\/?p=19801"},"modified":"2025-03-20T10:57:51","modified_gmt":"2025-03-20T13:57:51","slug":"distinguieron-yo-tendria-que-estar-muerta-el-libro-de-julieta-prandi","status":"publish","type":"post","link":"https:\/\/www.comuna13online.com.ar\/?p=19801","title":{"rendered":"Distinguieron \u201cYo tendr\u00eda que estar muerta\u201d, el libro de Julieta Prandi"},"content":{"rendered":"\n<p><strong>El Cuerpo Legislativo declar\u00f3 de inter\u00e9s para la Promoci\u00f3n y Defensa de los Derechos de las Mujeres al libro de Julieta Prandi, una novela basada en su historia de vida, donde visibiliza la violencia de g\u00e9nero que sufri\u00f3 durante m\u00e1s de diez a\u00f1os.<\/strong><\/p>\n\n\n\n<figure class=\"wp-block-image size-full\"><img loading=\"lazy\" decoding=\"async\" width=\"678\" height=\"452\" data-attachment-id=\"19803\" data-permalink=\"https:\/\/www.comuna13online.com.ar\/?attachment_id=19803\" data-orig-file=\"https:\/\/www.comuna13online.com.ar\/wp-content\/uploads\/2025\/03\/20250320b_01.jpg\" data-orig-size=\"678,452\" data-comments-opened=\"0\" data-image-meta=\"{&quot;aperture&quot;:&quot;0&quot;,&quot;credit&quot;:&quot;&quot;,&quot;camera&quot;:&quot;&quot;,&quot;caption&quot;:&quot;&quot;,&quot;created_timestamp&quot;:&quot;0&quot;,&quot;copyright&quot;:&quot;&quot;,&quot;focal_length&quot;:&quot;0&quot;,&quot;iso&quot;:&quot;0&quot;,&quot;shutter_speed&quot;:&quot;0&quot;,&quot;title&quot;:&quot;&quot;,&quot;orientation&quot;:&quot;0&quot;}\" data-image-title=\"20250320b_01\" data-image-description=\"\" data-image-caption=\"\" data-large-file=\"https:\/\/www.comuna13online.com.ar\/wp-content\/uploads\/2025\/03\/20250320b_01.jpg\" src=\"https:\/\/www.comuna13online.com.ar\/wp-content\/uploads\/2025\/03\/20250320b_01.jpg\" alt=\"\" class=\"wp-image-19803\" srcset=\"https:\/\/www.comuna13online.com.ar\/wp-content\/uploads\/2025\/03\/20250320b_01.jpg 678w, https:\/\/www.comuna13online.com.ar\/wp-content\/uploads\/2025\/03\/20250320b_01-272x182.jpg 272w\" sizes=\"auto, (max-width: 678px) 100vw, 678px\" \/><\/figure>\n\n\n\n<div style=\"height:15px\" aria-hidden=\"true\" class=\"wp-block-spacer\"><\/div>\n\n\n\n<p>La Legislatura de la Ciudad declar\u00f3 de inter\u00e9s para la Promoci\u00f3n y Defensa de los Derechos de las Mujeres al libro \u201cYo tendr\u00eda que estar muerta\u201d de Julieta Prandi. El acto se llev\u00f3 a cabo en la Biblioteca del Palacio Legislativo y cont\u00f3 con la presencia de la diputada y autora del proyecto, Aldana Crucitta; las escritoras y referentes de la Editorial The Orlando Books, Marcela Citterio y Carolina Parmo; y la homenajeada.<\/p>\n\n\n\n<p>En su novela, Prandi narra la historia de Luc\u00eda, una conductora de televisi\u00f3n que inicia una relaci\u00f3n con un hombre que le promete una vida de ensue\u00f1o, pero que pronto se convierte en su peor pesadilla. A trav\u00e9s de este personaje, la autora expone la crudeza de la violencia de g\u00e9nero y sus consecuencias emocionales, reflejando la realidad que viven miles de mujeres a diario.<\/p>\n\n\n\n<p>Aldana Crucitta destac\u00f3 la importancia y el orgullo que implica este reconocimiento. Adem\u00e1s, subray\u00f3 que, <em>\u201ca trav\u00e9s de este libro, encontr\u00e9 a una persona que logr\u00f3 darle voz a todas aquellas mujeres que sufren violencia de g\u00e9nero y lo que vivencian las mujeres en el d\u00eda a d\u00eda\u201d<\/em>.<\/p>\n\n\n\n<p>Por \u00faltimo, enfatiz\u00f3 en la necesidad de mantener el compromiso, acompa\u00f1ar la lucha m\u00e1s de los partidos pol\u00edticos, para lograr un Estado presente que atienda y ponga en agenda este tipo de problem\u00e1ticas.<\/p>\n\n\n\n<p>El libro no s\u00f3lo es un testimonio de su propia supervivencia, sino tambi\u00e9n una herramienta de sensibilizaci\u00f3n y prevenci\u00f3n que busca ayudar a otras mujeres a identificar situaciones de violencia psicol\u00f3gica, f\u00edsica, econ\u00f3mica y emocional, y alentarlas a buscar ayuda antes de que sea demasiado tarde.<\/p>\n\n\n\n<p>Julieta Prandi agradeci\u00f3 el reconocimiento a todos los diputados presentes, as\u00ed como a su familia, sus hijos y a la editorial por haber hecho esto posible. Relat\u00f3 los a\u00f1os de sanaci\u00f3n que le llev\u00f3 afrontar este proyecto y la necesidad de plasmarlo en palabras, con la esperanza de que su novela de un poco de luz las m\u00faltiples situaciones que afrontan las mujeres.<\/p>\n\n\n\n<p><em>\u201cEsta historia no es s\u00f3lo de Lucia, sino tambi\u00e9n, de todas las mujeres v\u00edctimas de violencia que no encuentran donde contar su historia, ni d\u00f3nde pedir ayuda. Son muchas las que se han acercado y me han dicho esta es mi historia\u201d<\/em>.<\/p>\n\n\n\n<p>Adem\u00e1s, remarc\u00f3 la importancia y el sentimiento con el que carga el t\u00edtulo de esta obra, y afirm\u00f3 que <em>\u201ces lo que sent\u00eda. A m\u00ed me salv\u00f3 estar en los medios y que la gente me conociera.\u201d<\/em><\/p>\n\n\n\n<p>Finaliz\u00f3 su declaraci\u00f3n con un pedido de esperanza y justicia, para que luego de la sentencia a realizarse en agosto, esto genere un movimiento en la sociedad <em>\u201cporque una mujer no puede ser golpeada, abusada, privada de su libertad y que su agresor salga impune. Quiero que sepan que no est\u00e1n solas y tenemos que seguir\u201d<\/em>.<\/p>\n\n\n\n<div style=\"height:15px\" aria-hidden=\"true\" class=\"wp-block-spacer\"><\/div>\n\n\n\n<figure class=\"wp-block-image size-full\"><img loading=\"lazy\" decoding=\"async\" width=\"678\" height=\"452\" data-attachment-id=\"19804\" data-permalink=\"https:\/\/www.comuna13online.com.ar\/?attachment_id=19804\" data-orig-file=\"https:\/\/www.comuna13online.com.ar\/wp-content\/uploads\/2025\/03\/20250320b_02.jpg\" data-orig-size=\"678,452\" data-comments-opened=\"0\" data-image-meta=\"{&quot;aperture&quot;:&quot;0&quot;,&quot;credit&quot;:&quot;&quot;,&quot;camera&quot;:&quot;&quot;,&quot;caption&quot;:&quot;&quot;,&quot;created_timestamp&quot;:&quot;0&quot;,&quot;copyright&quot;:&quot;&quot;,&quot;focal_length&quot;:&quot;0&quot;,&quot;iso&quot;:&quot;0&quot;,&quot;shutter_speed&quot;:&quot;0&quot;,&quot;title&quot;:&quot;&quot;,&quot;orientation&quot;:&quot;0&quot;}\" data-image-title=\"20250320b_02\" data-image-description=\"\" data-image-caption=\"\" data-large-file=\"https:\/\/www.comuna13online.com.ar\/wp-content\/uploads\/2025\/03\/20250320b_02.jpg\" src=\"https:\/\/www.comuna13online.com.ar\/wp-content\/uploads\/2025\/03\/20250320b_02.jpg\" alt=\"\" class=\"wp-image-19804\" srcset=\"https:\/\/www.comuna13online.com.ar\/wp-content\/uploads\/2025\/03\/20250320b_02.jpg 678w, https:\/\/www.comuna13online.com.ar\/wp-content\/uploads\/2025\/03\/20250320b_02-272x182.jpg 272w\" sizes=\"auto, (max-width: 678px) 100vw, 678px\" \/><\/figure>\n\n\n\n<div style=\"height:15px\" aria-hidden=\"true\" class=\"wp-block-spacer\"><\/div>\n\n\n\n<p>Julieta Prandi naci\u00f3 el 20 de abril de 1981, es una actriz, conductora, modelo y escritora argentina. Inici\u00f3 su carrera en el mundo del modelaje y la televisi\u00f3n a finales de los a\u00f1os 90, alcanzando gran popularidad como co-conductora del exitoso programa humor\u00edstico \u00abPon\u00e9 a Francella\u00bb. En 2023 public\u00f3 \u201cYo tendr\u00eda que estar muerta\u201d, una novela basada en su historia de vida, donde visibiliza la violencia de g\u00e9nero. Su testimonio la convirti\u00f3 en una voz activa en la lucha por los derechos de las mujeres.<\/p>\n\n\n\n<p><\/p>\n","protected":false},"excerpt":{"rendered":"<div class=\"mh-excerpt\">El Cuerpo Legislativo declar\u00f3 de inter\u00e9s para la Promoci\u00f3n y Defensa de los Derechos de las Mujeres al libro de Julieta Prandi, una novela basada en su historia de vida, <a class=\"mh-excerpt-more\" href=\"https:\/\/www.comuna13online.com.ar\/?p=19801\" title=\"Distinguieron \u201cYo tendr\u00eda que estar muerta\u201d, el libro de Julieta Prandi\">[&#8230;]<\/a><\/div>\n","protected":false},"author":1,"featured_media":19802,"comment_status":"closed","ping_status":"closed","sticky":false,"template":"","format":"standard","meta":{"_uag_custom_page_level_css":"","_jetpack_memberships_contains_paid_content":false,"footnotes":"","jetpack_publicize_message":"","jetpack_publicize_feature_enabled":true,"jetpack_social_post_already_shared":true,"jetpack_social_options":{"image_generator_settings":{"template":"highway","default_image_id":0,"font":"","enabled":false},"version":2}},"categories":[195],"tags":[317,250,296,7,146,321,239],"class_list":{"0":"post-19801","1":"post","2":"type-post","3":"status-publish","4":"format-standard","5":"has-post-thumbnail","7":"category-distincion","8":"tag-distincion","9":"tag-h2","10":"tag-h3","11":"tag-legislatura","12":"tag-reconocimiento","13":"tag-vio","14":"tag-violencia-de-genero"},"jetpack_publicize_connections":[],"jetpack_featured_media_url":"https:\/\/www.comuna13online.com.ar\/wp-content\/uploads\/2025\/03\/20250320b_id.jpg","uagb_featured_image_src":{"full":["https:\/\/www.comuna13online.com.ar\/wp-content\/uploads\/2025\/03\/20250320b_id.jpg",678,381,false],"thumbnail":["https:\/\/www.comuna13online.com.ar\/wp-content\/uploads\/2025\/03\/20250320b_id.jpg",128,72,false],"medium":["https:\/\/www.comuna13online.com.ar\/wp-content\/uploads\/2025\/03\/20250320b_id.jpg",678,381,false],"medium_large":["https:\/\/www.comuna13online.com.ar\/wp-content\/uploads\/2025\/03\/20250320b_id.jpg",678,381,false],"large":["https:\/\/www.comuna13online.com.ar\/wp-content\/uploads\/2025\/03\/20250320b_id.jpg",678,381,false],"1536x1536":["https:\/\/www.comuna13online.com.ar\/wp-content\/uploads\/2025\/03\/20250320b_id.jpg",678,381,false],"2048x2048":["https:\/\/www.comuna13online.com.ar\/wp-content\/uploads\/2025\/03\/20250320b_id.jpg",678,381,false],"mh-magazine-slider":["https:\/\/www.comuna13online.com.ar\/wp-content\/uploads\/2025\/03\/20250320b_id.jpg",678,381,false],"mh-magazine-content":["https:\/\/www.comuna13online.com.ar\/wp-content\/uploads\/2025\/03\/20250320b_id.jpg",678,381,false],"mh-magazine-large":["https:\/\/www.comuna13online.com.ar\/wp-content\/uploads\/2025\/03\/20250320b_id.jpg",678,381,false],"mh-magazine-medium":["https:\/\/www.comuna13online.com.ar\/wp-content\/uploads\/2025\/03\/20250320b_id-326x245.jpg",326,245,true],"mh-magazine-small":["https:\/\/www.comuna13online.com.ar\/wp-content\/uploads\/2025\/03\/20250320b_id-80x60.jpg",80,60,true],"sow-carousel-default":["https:\/\/www.comuna13online.com.ar\/wp-content\/uploads\/2025\/03\/20250320b_id-272x182.jpg",272,182,true]},"uagb_author_info":{"display_name":"Comuna13","author_link":"https:\/\/www.comuna13online.com.ar\/?author=1"},"uagb_comment_info":0,"uagb_excerpt":"El Cuerpo Legislativo declar\u00f3 de inter\u00e9s para la Promoci\u00f3n y Defensa de los Derechos de las Mujeres al libro de Julieta Prandi, una novela basada en su historia de vida, [...]","jetpack_sharing_enabled":true,"_links":{"self":[{"href":"https:\/\/www.comuna13online.com.ar\/index.php?rest_route=\/wp\/v2\/posts\/19801","targetHints":{"allow":["GET"]}}],"collection":[{"href":"https:\/\/www.comuna13online.com.ar\/index.php?rest_route=\/wp\/v2\/posts"}],"about":[{"href":"https:\/\/www.comuna13online.com.ar\/index.php?rest_route=\/wp\/v2\/types\/post"}],"author":[{"embeddable":true,"href":"https:\/\/www.comuna13online.com.ar\/index.php?rest_route=\/wp\/v2\/users\/1"}],"replies":[{"embeddable":true,"href":"https:\/\/www.comuna13online.com.ar\/index.php?rest_route=%2Fwp%2Fv2%2Fcomments&post=19801"}],"version-history":[{"count":0,"href":"https:\/\/www.comuna13online.com.ar\/index.php?rest_route=\/wp\/v2\/posts\/19801\/revisions"}],"wp:featuredmedia":[{"embeddable":true,"href":"https:\/\/www.comuna13online.com.ar\/index.php?rest_route=\/wp\/v2\/media\/19802"}],"wp:attachment":[{"href":"https:\/\/www.comuna13online.com.ar\/index.php?rest_route=%2Fwp%2Fv2%2Fmedia&parent=19801"}],"wp:term":[{"taxonomy":"category","embeddable":true,"href":"https:\/\/www.comuna13online.com.ar\/index.php?rest_route=%2Fwp%2Fv2%2Fcategories&post=19801"},{"taxonomy":"post_tag","embeddable":true,"href":"https:\/\/www.comuna13online.com.ar\/index.php?rest_route=%2Fwp%2Fv2%2Ftags&post=19801"}],"curies":[{"name":"wp","href":"https:\/\/api.w.org\/{rel}","templated":true}]}}