{"id":19798,"date":"2025-03-20T10:45:23","date_gmt":"2025-03-20T13:45:23","guid":{"rendered":"https:\/\/www.comuna13online.com.ar\/?p=19798"},"modified":"2025-03-20T10:45:30","modified_gmt":"2025-03-20T13:45:30","slug":"jorge-macri-busca-aumentar-las-penas-para-los-trapitos","status":"publish","type":"post","link":"https:\/\/www.comuna13online.com.ar\/?p=19798","title":{"rendered":"Jorge Macri busca aumentar las penas para los trapitos"},"content":{"rendered":"\n<p><strong>Envi\u00f3 un proyecto de ley a la Legislatura para endurecer las penas a los trapitos y cuidacoches. La iniciativa establece hasta 45 d\u00edas de arresto para quienes cometan la contravenci\u00f3n.<\/strong><\/p>\n\n\n\n<figure class=\"wp-block-image size-full\"><img loading=\"lazy\" decoding=\"async\" width=\"678\" height=\"381\" data-attachment-id=\"19799\" data-permalink=\"https:\/\/www.comuna13online.com.ar\/?attachment_id=19799\" data-orig-file=\"https:\/\/www.comuna13online.com.ar\/wp-content\/uploads\/2025\/03\/20250320a_id.jpg\" data-orig-size=\"678,381\" data-comments-opened=\"0\" data-image-meta=\"{&quot;aperture&quot;:&quot;0&quot;,&quot;credit&quot;:&quot;&quot;,&quot;camera&quot;:&quot;&quot;,&quot;caption&quot;:&quot;&quot;,&quot;created_timestamp&quot;:&quot;0&quot;,&quot;copyright&quot;:&quot;&quot;,&quot;focal_length&quot;:&quot;0&quot;,&quot;iso&quot;:&quot;0&quot;,&quot;shutter_speed&quot;:&quot;0&quot;,&quot;title&quot;:&quot;&quot;,&quot;orientation&quot;:&quot;0&quot;}\" data-image-title=\"20250320a_id\" data-image-description=\"\" data-image-caption=\"\" data-large-file=\"https:\/\/www.comuna13online.com.ar\/wp-content\/uploads\/2025\/03\/20250320a_id.jpg\" src=\"https:\/\/www.comuna13online.com.ar\/wp-content\/uploads\/2025\/03\/20250320a_id.jpg\" alt=\"\" class=\"wp-image-19799\"\/><\/figure>\n\n\n\n<p>El Jefe de Gobierno, Jorge Macri, envi\u00f3 a la Legislatura porte\u00f1a un proyecto de ley para endurecer las penas y las sanciones a los trapitos y cuidacoches, en el marco de la modificaci\u00f3n del C\u00f3digo Contravencional de la Ciudad.<\/p>\n\n\n\n<p><strong><em>\u201cVamos a terminar con la mafia de los trapitos. Se creen due\u00f1os de la calle: extorsionan, aprietan y roban. No va m\u00e1s, ac\u00e1 se les acab\u00f3 el negocio\u201d<\/em><\/strong>, afirm\u00f3 <strong>Jorge Macri<\/strong>.<\/p>\n\n\n\n<p>El proyecto establece que aquella persona que sin autorizaci\u00f3n legal ofrezca o preste en la v\u00eda p\u00fablica servicios de estacionamiento, cuidado de coches o limpieza de vidrios, ser\u00e1 sancionada con 5 a 30 d\u00edas de arresto, 10 a 45 d\u00edas de trabajos de utilidad p\u00fablica o multa de 800 a 4.000 unidades fijas.<\/p>\n\n\n\n<p>Adem\u00e1s se le aplicar\u00e1n las sanciones de prohibici\u00f3n de concurrencia y\/o de interdicci\u00f3n de cercan\u00eda al lugar donde haya cometido la contravenci\u00f3n.<\/p>\n\n\n\n<p>En el caso de que las contravenciones ocurran en los alrededores de los grandes parques o dentro de un radio de hasta 30 cuadras del lugar donde est\u00e9 programado un evento masivo de car\u00e1cter deportivo o art\u00edstico, desde las 3 horas antes de su inicio y hasta 2 horas despu\u00e9s de su finalizaci\u00f3n, la sanci\u00f3n ser\u00e1 de 10 a 45 d\u00edas de arresto y el m\u00e1ximo se elevar\u00e1 a 60 d\u00edas para los jefes, coordinadores, organizadores y\/o promotores.<\/p>\n\n\n\n<p>En tanto, de probarse la participaci\u00f3n directa o indirecta de personas vinculadas a un club, instituci\u00f3n u organizador, se sancionar\u00e1 a la entidad con multa de 5.000 a 20.000 unidades fijas y clausura de sus instalaciones de 15 a 60 d\u00edas, sin perjuicio de la responsabilidad de los autores\/as materiales.<\/p>\n\n\n\n<div style=\"height:20px\" aria-hidden=\"true\" class=\"wp-block-spacer\"><\/div>\n<div align=\"center\">\n<blockquote class=\"twitter-tweet\"><p lang=\"es\" dir=\"ltr\">SE ACAB\u00d3 LA MAFIA DE LOS TRAPITOS<br><br>No vamos a permitir que ninguna persona sea reh\u00e9n de estos delincuentes que se creen due\u00f1os de la calle.<br><br>Present\u00e9 un proyecto en la Legislatura para endurecer las penas: hasta 60 d\u00edas de arresto para trapitos.<br><br>Amenazar y extorsionar no es un\u2026 <a href=\"https:\/\/t.co\/ROqOE6ZYZC\">pic.twitter.com\/ROqOE6ZYZC<\/a><\/p>&mdash; Jorge Macri (@jorgemacri) <a href=\"https:\/\/twitter.com\/jorgemacri\/status\/1900672740941852945?ref_src=twsrc%5Etfw\">March 14, 2025<\/a><\/blockquote> <script async src=\"https:\/\/platform.twitter.com\/widgets.js\" charset=\"utf-8\"><\/script>\n<\/div>\n<div style=\"height:20px\" aria-hidden=\"true\" class=\"wp-block-spacer\"><\/div>\n\n\n\n<p>El proyecto busca reforzar la protecci\u00f3n en el espacio p\u00fablico, endureciendo las sanciones previstas para los tipos contravencionales establecidos en los art\u00edculos 91 y 92 del Cap\u00edtulo II \u201cUso del espacio p\u00fablico y privado\u201d.<\/p>\n\n\n\n<p>El objetivo es prevenir y castigar la conducta de los llamados trapitos, cuya actividad perjudica a los vecinos y afecta los espacios p\u00fablicos en los que operan. Estas situaciones se agravan cuando se realizan en el marco de eventos deportivos o art\u00edsticos de gran concurrencia o en lugares p\u00fablicos de disfrute y uso generalizado.<\/p>\n\n\n\n<p>A su vez, y con el mismo objetivo de reforzar la protecci\u00f3n de los espacios donde se desarrollan las conductas il\u00edcitas, tambi\u00e9n se a\u00f1aden las sanciones de \u201cprohibici\u00f3n de concurrencia\u201d y de \u201cinterdicci\u00f3n de cercan\u00eda\u201d al lugar donde se haya cometido la contravenci\u00f3n.<\/p>\n","protected":false},"excerpt":{"rendered":"<div class=\"mh-excerpt\">Envi\u00f3 un proyecto de ley a la Legislatura para endurecer las penas a los trapitos y cuidacoches. La iniciativa establece hasta 45 d\u00edas de arresto para quienes cometan la contravenci\u00f3n. <a class=\"mh-excerpt-more\" href=\"https:\/\/www.comuna13online.com.ar\/?p=19798\" title=\"Jorge Macri busca aumentar las penas para los trapitos\">[&#8230;]<\/a><\/div>\n","protected":false},"author":1,"featured_media":19799,"comment_status":"closed","ping_status":"closed","sticky":false,"template":"","format":"standard","meta":{"_uag_custom_page_level_css":"","_jetpack_memberships_contains_paid_content":false,"footnotes":"","jetpack_publicize_message":"","jetpack_publicize_feature_enabled":true,"jetpack_social_post_already_shared":true,"jetpack_social_options":{"image_generator_settings":{"template":"highway","default_image_id":0,"font":"","enabled":false},"version":2}},"categories":[29],"tags":[250,296,188,17],"class_list":{"0":"post-19798","1":"post","2":"type-post","3":"status-publish","4":"format-standard","5":"has-post-thumbnail","7":"category-seguridad","8":"tag-h2","9":"tag-h3","10":"tag-policiales","11":"tag-seguridad"},"jetpack_publicize_connections":[],"jetpack_featured_media_url":"https:\/\/www.comuna13online.com.ar\/wp-content\/uploads\/2025\/03\/20250320a_id.jpg","uagb_featured_image_src":{"full":["https:\/\/www.comuna13online.com.ar\/wp-content\/uploads\/2025\/03\/20250320a_id.jpg",678,381,false],"thumbnail":["https:\/\/www.comuna13online.com.ar\/wp-content\/uploads\/2025\/03\/20250320a_id.jpg",128,72,false],"medium":["https:\/\/www.comuna13online.com.ar\/wp-content\/uploads\/2025\/03\/20250320a_id.jpg",678,381,false],"medium_large":["https:\/\/www.comuna13online.com.ar\/wp-content\/uploads\/2025\/03\/20250320a_id.jpg",678,381,false],"large":["https:\/\/www.comuna13online.com.ar\/wp-content\/uploads\/2025\/03\/20250320a_id.jpg",678,381,false],"1536x1536":["https:\/\/www.comuna13online.com.ar\/wp-content\/uploads\/2025\/03\/20250320a_id.jpg",678,381,false],"2048x2048":["https:\/\/www.comuna13online.com.ar\/wp-content\/uploads\/2025\/03\/20250320a_id.jpg",678,381,false],"mh-magazine-slider":["https:\/\/www.comuna13online.com.ar\/wp-content\/uploads\/2025\/03\/20250320a_id.jpg",678,381,false],"mh-magazine-content":["https:\/\/www.comuna13online.com.ar\/wp-content\/uploads\/2025\/03\/20250320a_id.jpg",678,381,false],"mh-magazine-large":["https:\/\/www.comuna13online.com.ar\/wp-content\/uploads\/2025\/03\/20250320a_id.jpg",678,381,false],"mh-magazine-medium":["https:\/\/www.comuna13online.com.ar\/wp-content\/uploads\/2025\/03\/20250320a_id-326x245.jpg",326,245,true],"mh-magazine-small":["https:\/\/www.comuna13online.com.ar\/wp-content\/uploads\/2025\/03\/20250320a_id-80x60.jpg",80,60,true],"sow-carousel-default":["https:\/\/www.comuna13online.com.ar\/wp-content\/uploads\/2025\/03\/20250320a_id-272x182.jpg",272,182,true]},"uagb_author_info":{"display_name":"Comuna13","author_link":"https:\/\/www.comuna13online.com.ar\/?author=1"},"uagb_comment_info":0,"uagb_excerpt":"Envi\u00f3 un proyecto de ley a la Legislatura para endurecer las penas a los trapitos y cuidacoches. La iniciativa establece hasta 45 d\u00edas de arresto para quienes cometan la contravenci\u00f3n. [...]","jetpack_sharing_enabled":true,"_links":{"self":[{"href":"https:\/\/www.comuna13online.com.ar\/index.php?rest_route=\/wp\/v2\/posts\/19798","targetHints":{"allow":["GET"]}}],"collection":[{"href":"https:\/\/www.comuna13online.com.ar\/index.php?rest_route=\/wp\/v2\/posts"}],"about":[{"href":"https:\/\/www.comuna13online.com.ar\/index.php?rest_route=\/wp\/v2\/types\/post"}],"author":[{"embeddable":true,"href":"https:\/\/www.comuna13online.com.ar\/index.php?rest_route=\/wp\/v2\/users\/1"}],"replies":[{"embeddable":true,"href":"https:\/\/www.comuna13online.com.ar\/index.php?rest_route=%2Fwp%2Fv2%2Fcomments&post=19798"}],"version-history":[{"count":0,"href":"https:\/\/www.comuna13online.com.ar\/index.php?rest_route=\/wp\/v2\/posts\/19798\/revisions"}],"wp:featuredmedia":[{"embeddable":true,"href":"https:\/\/www.comuna13online.com.ar\/index.php?rest_route=\/wp\/v2\/media\/19799"}],"wp:attachment":[{"href":"https:\/\/www.comuna13online.com.ar\/index.php?rest_route=%2Fwp%2Fv2%2Fmedia&parent=19798"}],"wp:term":[{"taxonomy":"category","embeddable":true,"href":"https:\/\/www.comuna13online.com.ar\/index.php?rest_route=%2Fwp%2Fv2%2Fcategories&post=19798"},{"taxonomy":"post_tag","embeddable":true,"href":"https:\/\/www.comuna13online.com.ar\/index.php?rest_route=%2Fwp%2Fv2%2Ftags&post=19798"}],"curies":[{"name":"wp","href":"https:\/\/api.w.org\/{rel}","templated":true}]}}