{"id":19789,"date":"2025-03-14T15:15:35","date_gmt":"2025-03-14T18:15:35","guid":{"rendered":"https:\/\/www.comuna13online.com.ar\/?p=19789"},"modified":"2025-03-31T12:50:16","modified_gmt":"2025-03-31T15:50:16","slug":"fuerte-baja-de-la-inflacion-en-la-ciudad","status":"publish","type":"post","link":"https:\/\/www.comuna13online.com.ar\/?p=19789","title":{"rendered":"Fuerte baja de la inflaci\u00f3n en la Ciudad"},"content":{"rendered":"\n<p><strong>La Direcci\u00f3n General de Estad\u00edsticas y Censos porte\u00f1a inform\u00f3 un incremento del 2,1% promedio de los precios en la Ciudad durante febrero y en los \u00faltimos 12 meses acumula 79,4%.<\/strong><\/p>\n\n\n\n<figure class=\"wp-block-image size-full\"><img loading=\"lazy\" decoding=\"async\" width=\"678\" height=\"284\" data-attachment-id=\"19791\" data-permalink=\"https:\/\/www.comuna13online.com.ar\/?attachment_id=19791\" data-orig-file=\"https:\/\/www.comuna13online.com.ar\/wp-content\/uploads\/2025\/03\/inflacion01.gif\" data-orig-size=\"678,284\" data-comments-opened=\"0\" data-image-meta=\"{&quot;aperture&quot;:&quot;0&quot;,&quot;credit&quot;:&quot;&quot;,&quot;camera&quot;:&quot;&quot;,&quot;caption&quot;:&quot;&quot;,&quot;created_timestamp&quot;:&quot;0&quot;,&quot;copyright&quot;:&quot;&quot;,&quot;focal_length&quot;:&quot;0&quot;,&quot;iso&quot;:&quot;0&quot;,&quot;shutter_speed&quot;:&quot;0&quot;,&quot;title&quot;:&quot;&quot;,&quot;orientation&quot;:&quot;0&quot;}\" data-image-title=\"_inflacion01\" data-image-description=\"\" data-image-caption=\"\" data-large-file=\"https:\/\/www.comuna13online.com.ar\/wp-content\/uploads\/2025\/03\/inflacion01.gif\" src=\"https:\/\/www.comuna13online.com.ar\/wp-content\/uploads\/2025\/03\/inflacion01.gif\" alt=\"\" class=\"wp-image-19791\"\/><\/figure>\n\n\n\n<p>La inflaci\u00f3n en la Ciudad de Buenos Aires registr\u00f3 en febrero un aumento de precios promedio de 2,1%, 1 punto menos que el mes anterior, en tanto que, en los dos primeros meses del 2025 lleva acumulando una suba de 5,3%. La trayectoria interanual de este indicador se ubic\u00f3 en 79,4%, en febrero de 2024 este indicador fue de 264,5%.<\/p>\n\n\n\n<p>la variaci\u00f3n del IPCBA respondi\u00f3 fundamentalmente a las subas en las siguientes divisiones: Vivienda, agua, electricidad, gas y otros combustibles, Alimentos y bebidas no alcoh\u00f3licas, Restaurantes y hoteles y Salud.<\/p>\n\n\n\n<div style=\"height:15px\" aria-hidden=\"true\" class=\"wp-block-spacer\"><\/div>\n\n\n\n<h3 class=\"wp-block-heading\">Divisiones<\/h3>\n\n\n\n<p><strong>Vivienda, agua, electricidad, gas y otros combustibles <\/strong>registr\u00f3 un alza de 3,1%, al impactar principalmente las subas en los precios de los alquileres y de los gastos comunes por la vivienda. En menor medida, se destacaron las alzas en los valores de los servicios de reparaci\u00f3n.<\/p>\n\n\n\n<p><strong>Alimentos y bebidas no alcoh\u00f3licas<\/strong> aument\u00f3 2,5%, al interior de la divisi\u00f3n, los principales impulsos provino de Carnes y derivados (7,7%). Le siguieron en importancia, los incrementos en Leche, productos l\u00e1cteos y huevos (1,4%) y Pan y cereales (1,0%).<\/p>\n\n\n\n<p><strong>Restaurantes y hoteles<\/strong> aument\u00f3 2,7% por las subas en los precios de los alimentos preparados en restaurantes, bares y casas de comidas. En sentido contrario, las ca\u00eddas en las tarifas del servicio de<br>alojamiento en hoteles por motivos tur\u00edsticos, contribuyeron a quitar presi\u00f3n a esta divisi\u00f3n.<\/p>\n\n\n\n<p><strong>Salud<\/strong> se elev\u00f3 3%, por el aumento en las cuotas de la medicina prepagas.<\/p>\n\n\n\n<figure class=\"wp-block-image size-full\"><img loading=\"lazy\" decoding=\"async\" width=\"678\" height=\"452\" data-attachment-id=\"19792\" data-permalink=\"https:\/\/www.comuna13online.com.ar\/?attachment_id=19792\" data-orig-file=\"https:\/\/www.comuna13online.com.ar\/wp-content\/uploads\/2025\/03\/inflacion-03.jpg\" data-orig-size=\"678,452\" data-comments-opened=\"0\" data-image-meta=\"{&quot;aperture&quot;:&quot;0&quot;,&quot;credit&quot;:&quot;&quot;,&quot;camera&quot;:&quot;&quot;,&quot;caption&quot;:&quot;&quot;,&quot;created_timestamp&quot;:&quot;0&quot;,&quot;copyright&quot;:&quot;&quot;,&quot;focal_length&quot;:&quot;0&quot;,&quot;iso&quot;:&quot;0&quot;,&quot;shutter_speed&quot;:&quot;0&quot;,&quot;title&quot;:&quot;&quot;,&quot;orientation&quot;:&quot;0&quot;}\" data-image-title=\"_inflacion-03\" data-image-description=\"\" data-image-caption=\"\" data-large-file=\"https:\/\/www.comuna13online.com.ar\/wp-content\/uploads\/2025\/03\/inflacion-03.jpg\" src=\"https:\/\/www.comuna13online.com.ar\/wp-content\/uploads\/2025\/03\/inflacion-03.jpg\" alt=\"\" class=\"wp-image-19792\" srcset=\"https:\/\/www.comuna13online.com.ar\/wp-content\/uploads\/2025\/03\/inflacion-03.jpg 678w, https:\/\/www.comuna13online.com.ar\/wp-content\/uploads\/2025\/03\/inflacion-03-272x182.jpg 272w\" sizes=\"auto, (max-width: 678px) 100vw, 678px\" \/><\/figure>\n\n\n\n<p>El resto de las divisiones tuvo una incidencia positiva, aunque menor, en el Nivel General, con excepci\u00f3n de <strong>Transporte <\/strong>que registr\u00f3 una <strong>variaci\u00f3n negativa de 1,5%.<\/strong><\/p>\n\n\n\n<div style=\"height:25px\" aria-hidden=\"true\" class=\"wp-block-spacer\"><\/div>\n\n\n\n<h3 class=\"wp-block-heading\">Bienes y Servicios<\/h3>\n\n\n\n<p>Durante el mes de febrero los <strong>Bienes <\/strong>registraron una suba de <strong>1,9%<\/strong>, por debajo de los <strong>Servicios<\/strong> que aumentaron <strong>2,1%<\/strong>.<\/p>\n\n\n\n<p><strong>La din\u00e1mica mensual de los Bienes<\/strong> respondi\u00f3 fundamentalmente a los incrementos en los precios de los<br>alimentos (principalmente carnes), valores de los autom\u00f3viles y de los combustibles y lubricantes para<br>veh\u00edculos de uso del hogar.<\/p>\n\n\n\n<p><strong>En tanto, el comportamiento de los Servicios<\/strong> re\ufb02ej\u00f3 principalmente los aumentos en los precios de los restaurantes, bares y casas de comida y de los alquileres de la vivienda. Le siguieron en importancia, las suba en los valores de los gastos comunes por la vivienda y en las cuotas de la medicina prepaga.<\/p>\n\n\n\n<p>En sentido contrario, las ca\u00eddas en los precios de los pasajes a\u00e9reos, los alojamientos en hoteles y los paquetes tur\u00edsticos, contribuyeron a quitar presi\u00f3n sobre esta agrupaci\u00f3n.<\/p>\n\n\n\n<p>As\u00ed, en los <strong>primeros dos meses del a\u00f1o<\/strong> los <strong>Bienes<\/strong> acumularon una suba de <strong>3,3%<\/strong> y los <strong>Servicios<\/strong> de <strong>6,5%.<\/strong><\/p>\n\n\n\n<figure class=\"wp-block-image size-full\"><img loading=\"lazy\" decoding=\"async\" width=\"678\" height=\"542\" data-attachment-id=\"18562\" data-permalink=\"https:\/\/www.comuna13online.com.ar\/?attachment_id=18562\" data-orig-file=\"https:\/\/www.comuna13online.com.ar\/wp-content\/uploads\/2024\/03\/20240312a_03.gif\" data-orig-size=\"678,542\" data-comments-opened=\"0\" data-image-meta=\"{&quot;aperture&quot;:&quot;0&quot;,&quot;credit&quot;:&quot;&quot;,&quot;camera&quot;:&quot;&quot;,&quot;caption&quot;:&quot;&quot;,&quot;created_timestamp&quot;:&quot;0&quot;,&quot;copyright&quot;:&quot;&quot;,&quot;focal_length&quot;:&quot;0&quot;,&quot;iso&quot;:&quot;0&quot;,&quot;shutter_speed&quot;:&quot;0&quot;,&quot;title&quot;:&quot;&quot;,&quot;orientation&quot;:&quot;0&quot;}\" data-image-title=\"20240312a_03\" data-image-description=\"\" data-image-caption=\"\" data-large-file=\"https:\/\/www.comuna13online.com.ar\/wp-content\/uploads\/2024\/03\/20240312a_03.gif\" src=\"https:\/\/www.comuna13online.com.ar\/wp-content\/uploads\/2024\/03\/20240312a_03.gif\" alt=\"\" class=\"wp-image-18562\"\/><\/figure>\n\n\n\n<p><strong>En t\u00e9rminos interanuales<\/strong>, ambas agrupaciones se desaceleraron hasta: <strong>47,5%<\/strong> en el caso de los <strong>Bienes<\/strong> (-16,6% respecto del mes previo) y <strong>1070,2%<\/strong> en el caso de los Servicios (-25,7%).<\/p>\n\n\n\n<div style=\"height:25px\" aria-hidden=\"true\" class=\"wp-block-spacer\"><\/div>\n\n\n\n<p class=\"has-text-align-right\"><sub><em>Fuente: <span><b>Direcci\u00f3n General de <\/b><\/span><strong>Estad\u00edsticas y Censos de la Ciudad de Buenos Aires<\/strong><\/em><\/sub><\/p>\n","protected":false},"excerpt":{"rendered":"<div class=\"mh-excerpt\">La Direcci\u00f3n General de Estad\u00edsticas y Censos porte\u00f1a inform\u00f3 un incremento del 2,1% promedio de los precios en la Ciudad durante febrero y en los \u00faltimos 12 meses acumula 79,4%. <a class=\"mh-excerpt-more\" href=\"https:\/\/www.comuna13online.com.ar\/?p=19789\" title=\"Fuerte baja de la inflaci\u00f3n en la Ciudad\">[&#8230;]<\/a><\/div>\n","protected":false},"author":1,"featured_media":19790,"comment_status":"closed","ping_status":"closed","sticky":false,"template":"","format":"standard","meta":{"_uag_custom_page_level_css":"","_jetpack_memberships_contains_paid_content":false,"footnotes":"","jetpack_publicize_message":"","jetpack_publicize_feature_enabled":true,"jetpack_social_post_already_shared":true,"jetpack_social_options":{"image_generator_settings":{"template":"highway","default_image_id":0,"font":"","enabled":false},"version":2}},"categories":[24],"tags":[250,296,25],"class_list":{"0":"post-19789","1":"post","2":"type-post","3":"status-publish","4":"format-standard","5":"has-post-thumbnail","7":"category-inflacion","8":"tag-h2","9":"tag-h3","10":"tag-inflacion"},"jetpack_publicize_connections":[],"jetpack_featured_media_url":"https:\/\/www.comuna13online.com.ar\/wp-content\/uploads\/2025\/03\/20250314a_id.jpg","uagb_featured_image_src":{"full":["https:\/\/www.comuna13online.com.ar\/wp-content\/uploads\/2025\/03\/20250314a_id.jpg",678,381,false],"thumbnail":["https:\/\/www.comuna13online.com.ar\/wp-content\/uploads\/2025\/03\/20250314a_id.jpg",128,72,false],"medium":["https:\/\/www.comuna13online.com.ar\/wp-content\/uploads\/2025\/03\/20250314a_id.jpg",678,381,false],"medium_large":["https:\/\/www.comuna13online.com.ar\/wp-content\/uploads\/2025\/03\/20250314a_id.jpg",678,381,false],"large":["https:\/\/www.comuna13online.com.ar\/wp-content\/uploads\/2025\/03\/20250314a_id.jpg",678,381,false],"1536x1536":["https:\/\/www.comuna13online.com.ar\/wp-content\/uploads\/2025\/03\/20250314a_id.jpg",678,381,false],"2048x2048":["https:\/\/www.comuna13online.com.ar\/wp-content\/uploads\/2025\/03\/20250314a_id.jpg",678,381,false],"mh-magazine-slider":["https:\/\/www.comuna13online.com.ar\/wp-content\/uploads\/2025\/03\/20250314a_id.jpg",678,381,false],"mh-magazine-content":["https:\/\/www.comuna13online.com.ar\/wp-content\/uploads\/2025\/03\/20250314a_id.jpg",678,381,false],"mh-magazine-large":["https:\/\/www.comuna13online.com.ar\/wp-content\/uploads\/2025\/03\/20250314a_id.jpg",678,381,false],"mh-magazine-medium":["https:\/\/www.comuna13online.com.ar\/wp-content\/uploads\/2025\/03\/20250314a_id-326x245.jpg",326,245,true],"mh-magazine-small":["https:\/\/www.comuna13online.com.ar\/wp-content\/uploads\/2025\/03\/20250314a_id-80x60.jpg",80,60,true],"sow-carousel-default":["https:\/\/www.comuna13online.com.ar\/wp-content\/uploads\/2025\/03\/20250314a_id-272x182.jpg",272,182,true]},"uagb_author_info":{"display_name":"Comuna13","author_link":"https:\/\/www.comuna13online.com.ar\/?author=1"},"uagb_comment_info":0,"uagb_excerpt":"La Direcci\u00f3n General de Estad\u00edsticas y Censos porte\u00f1a inform\u00f3 un incremento del 2,1% promedio de los precios en la Ciudad durante febrero y en los \u00faltimos 12 meses acumula 79,4%. [...]","jetpack_sharing_enabled":true,"_links":{"self":[{"href":"https:\/\/www.comuna13online.com.ar\/index.php?rest_route=\/wp\/v2\/posts\/19789","targetHints":{"allow":["GET"]}}],"collection":[{"href":"https:\/\/www.comuna13online.com.ar\/index.php?rest_route=\/wp\/v2\/posts"}],"about":[{"href":"https:\/\/www.comuna13online.com.ar\/index.php?rest_route=\/wp\/v2\/types\/post"}],"author":[{"embeddable":true,"href":"https:\/\/www.comuna13online.com.ar\/index.php?rest_route=\/wp\/v2\/users\/1"}],"replies":[{"embeddable":true,"href":"https:\/\/www.comuna13online.com.ar\/index.php?rest_route=%2Fwp%2Fv2%2Fcomments&post=19789"}],"version-history":[{"count":0,"href":"https:\/\/www.comuna13online.com.ar\/index.php?rest_route=\/wp\/v2\/posts\/19789\/revisions"}],"wp:featuredmedia":[{"embeddable":true,"href":"https:\/\/www.comuna13online.com.ar\/index.php?rest_route=\/wp\/v2\/media\/19790"}],"wp:attachment":[{"href":"https:\/\/www.comuna13online.com.ar\/index.php?rest_route=%2Fwp%2Fv2%2Fmedia&parent=19789"}],"wp:term":[{"taxonomy":"category","embeddable":true,"href":"https:\/\/www.comuna13online.com.ar\/index.php?rest_route=%2Fwp%2Fv2%2Fcategories&post=19789"},{"taxonomy":"post_tag","embeddable":true,"href":"https:\/\/www.comuna13online.com.ar\/index.php?rest_route=%2Fwp%2Fv2%2Ftags&post=19789"}],"curies":[{"name":"wp","href":"https:\/\/api.w.org\/{rel}","templated":true}]}}