{"id":19729,"date":"2025-02-10T15:42:18","date_gmt":"2025-02-10T18:42:18","guid":{"rendered":"https:\/\/www.comuna13online.com.ar\/?p=19729"},"modified":"2025-02-27T20:42:01","modified_gmt":"2025-02-27T23:42:01","slug":"la-inflacion-de-enero-en-caba-fue-de-31","status":"publish","type":"post","link":"https:\/\/www.comuna13online.com.ar\/?p=19729","title":{"rendered":"La inflaci\u00f3n de enero en CABA fue de 3,1%"},"content":{"rendered":"\n<p><strong>Durante enero, el \u00cdndice de Precios al Consumidor de la Ciudad de Buenos Aires registr\u00f3 un incremento de 3,1%, en tanto que a lo largo del 2024 acumul\u00f3 un 136,7%.<\/strong><\/p>\n\n\n\n<figure class=\"wp-block-image size-full is-resized\"><img loading=\"lazy\" decoding=\"async\" width=\"678\" height=\"284\" data-attachment-id=\"19730\" data-permalink=\"https:\/\/www.comuna13online.com.ar\/?attachment_id=19730\" data-orig-file=\"https:\/\/www.comuna13online.com.ar\/wp-content\/uploads\/2025\/02\/inflacion01.gif\" data-orig-size=\"678,284\" data-comments-opened=\"0\" data-image-meta=\"{&quot;aperture&quot;:&quot;0&quot;,&quot;credit&quot;:&quot;&quot;,&quot;camera&quot;:&quot;&quot;,&quot;caption&quot;:&quot;&quot;,&quot;created_timestamp&quot;:&quot;0&quot;,&quot;copyright&quot;:&quot;&quot;,&quot;focal_length&quot;:&quot;0&quot;,&quot;iso&quot;:&quot;0&quot;,&quot;shutter_speed&quot;:&quot;0&quot;,&quot;title&quot;:&quot;&quot;,&quot;orientation&quot;:&quot;0&quot;}\" data-image-title=\"_inflacion01\" data-image-description=\"\" data-image-caption=\"\" data-large-file=\"https:\/\/www.comuna13online.com.ar\/wp-content\/uploads\/2025\/02\/inflacion01.gif\" src=\"https:\/\/www.comuna13online.com.ar\/wp-content\/uploads\/2025\/02\/inflacion01.gif\" alt=\"\" class=\"wp-image-19730\" style=\"width:840px;height:auto\"\/><\/figure>\n\n\n\n<div style=\"height:15px\" aria-hidden=\"true\" class=\"wp-block-spacer\"><\/div>\n\n\n\n<p>Durante el mes de <strong>enero <\/strong>el \u00cdndice de Precios al Consumidor porte\u00f1o registr\u00f3 un incremento de<strong> 3,1%<\/strong> que respondi\u00f3 fundamentalmente a las subas en las siguientes divisiones: <strong>Vivienda, agua, electricidad, gas y otros combustibles<\/strong>; <strong>Restaurantes <\/strong>y <strong>hoteles<\/strong>, <strong>Alimentos y bebidas no alcoh\u00f3licas<\/strong>; <strong>Transporte<\/strong>; <strong>Salud e Informaci\u00f3n y comunicaci\u00f3n<\/strong>.<\/p>\n\n\n\n<div style=\"height:15px\" aria-hidden=\"true\" class=\"wp-block-spacer\"><\/div>\n\n\n\n<h3 class=\"wp-block-heading\">Divisiones<\/h3>\n\n\n\n<p><strong>Restaurantes y hoteles<\/strong> registr\u00f3 un alza de <strong>6%<\/strong>, por las subas en las tarifas del servicio de alojamiento en hoteles por motivos tur\u00edsticos. Le siguieron en importancia, las alzas en los precios de los alimentos preparados en restaurantes, bares y casas decomidas.<\/p>\n\n\n\n<p><strong>Vivienda, agua, electricidad, gas y otros combustibles<\/strong> aumentaron<strong> 3.1%<\/strong> al impactar principalmente las actualizaciones en los precios de los alquileres. En menor medida, se destacaron los ajustes en los valores de los gastos comunes por la vivienda y los servicios de reparaci\u00f3n.<\/p>\n\n\n\n<p><strong>Transporte <\/strong>promedi\u00f3 una suba de <strong>3,9%<\/strong>, al impactar principalmente los incrementos en los precios de los pasajes a\u00e9reos.<\/p>\n\n\n\n<p><strong>Recreaci\u00f3n y cultura<\/strong> registr\u00f3 una suba de 7,7% por las alzas en los valores de los paquetes tur\u00edsticos.<\/p>\n\n\n\n<p><strong>Alimentos y bebidas no alcoh\u00f3licas<\/strong> promedi\u00f3 un incremento de 1,9%. Al interior de la divisi\u00f3n, los principales impulsos  provinieron de Carnes y derivados, Frutas, Leche, productos l\u00e1cteos y huevos y Pan y cereales.<\/p>\n\n\n\n<p>El resto de las divisiones tuvo una incidencia positiva, aunque menor, en el Nivel General, con excepci\u00f3n de <strong>Prendas de vestir y calzado, que registr\u00f3 un descenso de 1,0%.<\/strong><\/p>\n\n\n\n<div style=\"height:15px\" aria-hidden=\"true\" class=\"wp-block-spacer\"><\/div>\n\n\n\n<figure class=\"wp-block-image size-full\"><img loading=\"lazy\" decoding=\"async\" width=\"678\" height=\"452\" data-attachment-id=\"19731\" data-permalink=\"https:\/\/www.comuna13online.com.ar\/?attachment_id=19731\" data-orig-file=\"https:\/\/www.comuna13online.com.ar\/wp-content\/uploads\/2025\/02\/inflacion-03.jpg\" data-orig-size=\"678,452\" data-comments-opened=\"0\" data-image-meta=\"{&quot;aperture&quot;:&quot;0&quot;,&quot;credit&quot;:&quot;&quot;,&quot;camera&quot;:&quot;&quot;,&quot;caption&quot;:&quot;&quot;,&quot;created_timestamp&quot;:&quot;0&quot;,&quot;copyright&quot;:&quot;&quot;,&quot;focal_length&quot;:&quot;0&quot;,&quot;iso&quot;:&quot;0&quot;,&quot;shutter_speed&quot;:&quot;0&quot;,&quot;title&quot;:&quot;&quot;,&quot;orientation&quot;:&quot;0&quot;}\" data-image-title=\"_inflacion-03\" data-image-description=\"\" data-image-caption=\"\" data-large-file=\"https:\/\/www.comuna13online.com.ar\/wp-content\/uploads\/2025\/02\/inflacion-03.jpg\" src=\"https:\/\/www.comuna13online.com.ar\/wp-content\/uploads\/2025\/02\/inflacion-03.jpg\" alt=\"\" class=\"wp-image-19731\" srcset=\"https:\/\/www.comuna13online.com.ar\/wp-content\/uploads\/2025\/02\/inflacion-03.jpg 678w, https:\/\/www.comuna13online.com.ar\/wp-content\/uploads\/2025\/02\/inflacion-03-272x182.jpg 272w\" sizes=\"auto, (max-width: 678px) 100vw, 678px\" \/><\/figure>\n\n\n\n<div style=\"height:15px\" aria-hidden=\"true\" class=\"wp-block-spacer\"><\/div>\n\n\n\n<div style=\"height:25px\" aria-hidden=\"true\" class=\"wp-block-spacer\"><\/div>\n\n\n\n<h3 class=\"wp-block-heading\">Bienes y Servicios<\/h3>\n\n\n\n<p>Durante <strong>diciembre <\/strong>los <strong>Bienes<\/strong> registraron una <strong>suba de 1,4%<\/strong>, por debajo de los <strong>Servicios<\/strong> que <strong>aumentaron 4,3%.<\/strong><\/p>\n\n\n\n<p><strong>La din\u00e1mica mensual de los Bienes<\/strong> respondi\u00f3 fundamentalmente a los incrementos alimentos (Iprincipalmente carnes, frutas, l\u00e1cteos y panificados), junto con las actualizaciones en los valores de los combustibles y lubricantes para veh\u00edculos de uso del hogar.<\/p>\n\n\n\n<p><\/p>\n\n\n\n<p>En sentido contrario, el <strong>comportamiento de los Bienes<\/strong> reflej\u00f3 principalmente los aumentos en los precios de los restaurantes, bares y casas de comida y en los gastos comunes de la vivienda. Le siguen aumentos en alquiler de vivienda, las cuotas de la medicina prepaga y en las tarifas del servicio de alojamiento. En sentido contrario, las ca\u00eddas en los precios de las prendas de vestir y de los autom\u00f3viles contribuyeron a quitar presi\u00f3n sobre esta agrupaci\u00f3n. En sentido contrario, las ca\u00eddas en los precios de las prendas de vestir y de los autom\u00f3viles contribuyeron a quitar presi\u00f3n sobre esta agrupaci\u00f3n<\/p>\n\n\n\n<p>En tanto,<strong> el comportamiento de los Servicios<\/strong> reflej\u00f3 principalmente los aumentos en las tarifas del alojamiento en hoteles y en los valores de los pasajes a\u00e9reos. Le siguieron en importancia, las suba en los precios de los restaurantes, bares y casas de comida, de los alquileres de la vivienda y de los paquetes tur\u00edsticos.<\/p>\n\n\n\n<div style=\"height:10px\" aria-hidden=\"true\" class=\"wp-block-spacer\"><\/div>\n\n\n\n<figure class=\"wp-block-image size-full\"><img loading=\"lazy\" decoding=\"async\" width=\"678\" height=\"452\" data-attachment-id=\"19732\" data-permalink=\"https:\/\/www.comuna13online.com.ar\/?attachment_id=19732\" data-orig-file=\"https:\/\/www.comuna13online.com.ar\/wp-content\/uploads\/2025\/02\/inflacion02.gif\" data-orig-size=\"678,452\" data-comments-opened=\"0\" data-image-meta=\"{&quot;aperture&quot;:&quot;0&quot;,&quot;credit&quot;:&quot;&quot;,&quot;camera&quot;:&quot;&quot;,&quot;caption&quot;:&quot;&quot;,&quot;created_timestamp&quot;:&quot;0&quot;,&quot;copyright&quot;:&quot;&quot;,&quot;focal_length&quot;:&quot;0&quot;,&quot;iso&quot;:&quot;0&quot;,&quot;shutter_speed&quot;:&quot;0&quot;,&quot;title&quot;:&quot;&quot;,&quot;orientation&quot;:&quot;0&quot;}\" data-image-title=\"_inflacion02\" data-image-description=\"\" data-image-caption=\"\" data-large-file=\"https:\/\/www.comuna13online.com.ar\/wp-content\/uploads\/2025\/02\/inflacion02.gif\" src=\"https:\/\/www.comuna13online.com.ar\/wp-content\/uploads\/2025\/02\/inflacion02.gif\" alt=\"\" class=\"wp-image-19732\" srcset=\"https:\/\/www.comuna13online.com.ar\/wp-content\/uploads\/2025\/02\/inflacion02.gif 678w, https:\/\/www.comuna13online.com.ar\/wp-content\/uploads\/2025\/02\/inflacion02-272x182.gif 272w\" sizes=\"auto, (max-width: 678px) 100vw, 678px\" \/><\/figure>\n\n\n\n<div style=\"height:10px\" aria-hidden=\"true\" class=\"wp-block-spacer\"><\/div>\n\n\n\n<p>En t\u00e9rminos interanuales, ambas agrupaciones se desaceleraron hasta: <strong>64,1%<\/strong> en el caso de los<br><strong>Bienes<\/strong> y <strong>132,9%<\/strong> en el caso de los <strong>Servicios<\/strong>.<\/p>\n\n\n\n<div style=\"height:25px\" aria-hidden=\"true\" class=\"wp-block-spacer\"><\/div>\n\n\n\n<p class=\"has-text-align-right\"><sub><em>Fuente: <span><b>Direcci\u00f3n General de <\/b><\/span><strong>Estad\u00edsticas y Censos de la Ciudad de Buenos Aires<\/strong><\/em><\/sub><\/p>\n","protected":false},"excerpt":{"rendered":"<div class=\"mh-excerpt\">Durante enero, el \u00cdndice de Precios al Consumidor de la Ciudad de Buenos Aires registr\u00f3 un incremento de 3,1%, en tanto que a lo largo del 2024 acumul\u00f3 un 136,7%. <a class=\"mh-excerpt-more\" href=\"https:\/\/www.comuna13online.com.ar\/?p=19729\" title=\"La inflaci\u00f3n de enero en CABA fue de 3,1%\">[&#8230;]<\/a><\/div>\n","protected":false},"author":1,"featured_media":19734,"comment_status":"closed","ping_status":"closed","sticky":false,"template":"","format":"standard","meta":{"_uag_custom_page_level_css":"","_jetpack_memberships_contains_paid_content":false,"footnotes":"","jetpack_publicize_message":"","jetpack_publicize_feature_enabled":true,"jetpack_social_post_already_shared":true,"jetpack_social_options":{"image_generator_settings":{"template":"highway","default_image_id":0,"font":"","enabled":false},"version":2}},"categories":[24],"tags":[250,296,25],"class_list":{"0":"post-19729","1":"post","2":"type-post","3":"status-publish","4":"format-standard","5":"has-post-thumbnail","7":"category-inflacion","8":"tag-h2","9":"tag-h3","10":"tag-inflacion"},"jetpack_publicize_connections":[],"jetpack_featured_media_url":"https:\/\/www.comuna13online.com.ar\/wp-content\/uploads\/2025\/02\/20250209a_id.jpg","uagb_featured_image_src":{"full":["https:\/\/www.comuna13online.com.ar\/wp-content\/uploads\/2025\/02\/20250209a_id.jpg",678,381,false],"thumbnail":["https:\/\/www.comuna13online.com.ar\/wp-content\/uploads\/2025\/02\/20250209a_id.jpg",128,72,false],"medium":["https:\/\/www.comuna13online.com.ar\/wp-content\/uploads\/2025\/02\/20250209a_id.jpg",678,381,false],"medium_large":["https:\/\/www.comuna13online.com.ar\/wp-content\/uploads\/2025\/02\/20250209a_id.jpg",678,381,false],"large":["https:\/\/www.comuna13online.com.ar\/wp-content\/uploads\/2025\/02\/20250209a_id.jpg",678,381,false],"1536x1536":["https:\/\/www.comuna13online.com.ar\/wp-content\/uploads\/2025\/02\/20250209a_id.jpg",678,381,false],"2048x2048":["https:\/\/www.comuna13online.com.ar\/wp-content\/uploads\/2025\/02\/20250209a_id.jpg",678,381,false],"mh-magazine-slider":["https:\/\/www.comuna13online.com.ar\/wp-content\/uploads\/2025\/02\/20250209a_id.jpg",678,381,false],"mh-magazine-content":["https:\/\/www.comuna13online.com.ar\/wp-content\/uploads\/2025\/02\/20250209a_id.jpg",678,381,false],"mh-magazine-large":["https:\/\/www.comuna13online.com.ar\/wp-content\/uploads\/2025\/02\/20250209a_id.jpg",678,381,false],"mh-magazine-medium":["https:\/\/www.comuna13online.com.ar\/wp-content\/uploads\/2025\/02\/20250209a_id-326x245.jpg",326,245,true],"mh-magazine-small":["https:\/\/www.comuna13online.com.ar\/wp-content\/uploads\/2025\/02\/20250209a_id-80x60.jpg",80,60,true],"sow-carousel-default":["https:\/\/www.comuna13online.com.ar\/wp-content\/uploads\/2025\/02\/20250209a_id-272x182.jpg",272,182,true]},"uagb_author_info":{"display_name":"Comuna13","author_link":"https:\/\/www.comuna13online.com.ar\/?author=1"},"uagb_comment_info":0,"uagb_excerpt":"Durante enero, el \u00cdndice de Precios al Consumidor de la Ciudad de Buenos Aires registr\u00f3 un incremento de 3,1%, en tanto que a lo largo del 2024 acumul\u00f3 un 136,7%. [...]","jetpack_sharing_enabled":true,"_links":{"self":[{"href":"https:\/\/www.comuna13online.com.ar\/index.php?rest_route=\/wp\/v2\/posts\/19729","targetHints":{"allow":["GET"]}}],"collection":[{"href":"https:\/\/www.comuna13online.com.ar\/index.php?rest_route=\/wp\/v2\/posts"}],"about":[{"href":"https:\/\/www.comuna13online.com.ar\/index.php?rest_route=\/wp\/v2\/types\/post"}],"author":[{"embeddable":true,"href":"https:\/\/www.comuna13online.com.ar\/index.php?rest_route=\/wp\/v2\/users\/1"}],"replies":[{"embeddable":true,"href":"https:\/\/www.comuna13online.com.ar\/index.php?rest_route=%2Fwp%2Fv2%2Fcomments&post=19729"}],"version-history":[{"count":0,"href":"https:\/\/www.comuna13online.com.ar\/index.php?rest_route=\/wp\/v2\/posts\/19729\/revisions"}],"wp:featuredmedia":[{"embeddable":true,"href":"https:\/\/www.comuna13online.com.ar\/index.php?rest_route=\/wp\/v2\/media\/19734"}],"wp:attachment":[{"href":"https:\/\/www.comuna13online.com.ar\/index.php?rest_route=%2Fwp%2Fv2%2Fmedia&parent=19729"}],"wp:term":[{"taxonomy":"category","embeddable":true,"href":"https:\/\/www.comuna13online.com.ar\/index.php?rest_route=%2Fwp%2Fv2%2Fcategories&post=19729"},{"taxonomy":"post_tag","embeddable":true,"href":"https:\/\/www.comuna13online.com.ar\/index.php?rest_route=%2Fwp%2Fv2%2Ftags&post=19729"}],"curies":[{"name":"wp","href":"https:\/\/api.w.org\/{rel}","templated":true}]}}