{"id":19713,"date":"2025-01-31T17:02:00","date_gmt":"2025-01-31T20:02:00","guid":{"rendered":"https:\/\/www.comuna13online.com.ar\/?p=19713"},"modified":"2025-02-11T16:59:49","modified_gmt":"2025-02-11T19:59:49","slug":"vamos-las-plazas-conoce-la-agenda-y-los-espacios-en-la-comuna-13","status":"publish","type":"post","link":"https:\/\/www.comuna13online.com.ar\/?p=19713","title":{"rendered":"Vamos las Plazas, conoc\u00e9 la agenda y los espacios  en la Comuna 13"},"content":{"rendered":"\n<p><strong>Como parte de las actividades de Verano en la Ciudad, Vamos las Plazas vuelve con espect\u00e1culos y actividades recreativas gratuitas para toda la familia en plazas y parques de las 15 comunas.  <\/strong><\/p>\n\n\n\n<figure class=\"wp-block-image size-full\"><img loading=\"lazy\" decoding=\"async\" width=\"678\" height=\"381\" data-attachment-id=\"18320\" data-permalink=\"https:\/\/www.comuna13online.com.ar\/?attachment_id=18320\" data-orig-file=\"https:\/\/www.comuna13online.com.ar\/wp-content\/uploads\/2024\/01\/20240129a_01.jpg\" data-orig-size=\"678,381\" data-comments-opened=\"0\" data-image-meta=\"{&quot;aperture&quot;:&quot;0&quot;,&quot;credit&quot;:&quot;&quot;,&quot;camera&quot;:&quot;&quot;,&quot;caption&quot;:&quot;&quot;,&quot;created_timestamp&quot;:&quot;0&quot;,&quot;copyright&quot;:&quot;&quot;,&quot;focal_length&quot;:&quot;0&quot;,&quot;iso&quot;:&quot;0&quot;,&quot;shutter_speed&quot;:&quot;0&quot;,&quot;title&quot;:&quot;&quot;,&quot;orientation&quot;:&quot;0&quot;}\" data-image-title=\"20240129a_01\" data-image-description=\"\" data-image-caption=\"\" data-large-file=\"https:\/\/www.comuna13online.com.ar\/wp-content\/uploads\/2024\/01\/20240129a_01.jpg\" src=\"https:\/\/www.comuna13online.com.ar\/wp-content\/uploads\/2024\/01\/20240129a_01.jpg\" alt=\"\" class=\"wp-image-18320\"\/><\/figure>\n\n\n\n<p>La propuesta recreativa favorita de las familias porte\u00f1as regresa este verano 2025 <strong>entre el&nbsp;4 de febrero y el 6 de marzo<\/strong>, con&nbsp;una nueva programaci\u00f3n para disfrutar al aire libre&nbsp;durante las vacaciones.&nbsp;Teatro, m\u00fasica, animaci\u00f3n, shows de magia, clown y acrobacia conforman la oferta de juegos y entretenimientos al aire libre en cada uno de los barrios porte\u00f1os. <em><strong>Las actividades se suspenden por lluvia<\/strong><\/em>.<\/p>\n\n\n\n<p>450 shows infantiles tendr\u00e1n lugar en 30 plazas y parques de las 15 Comunas de la Ciudad, ofreciendo dos funciones diarias: una a las 17 y otra a las 19 horas, los d\u00edas martes, mi\u00e9rcoles y jueves de febrero y marzo.<\/p>\n\n\n\n<h3 class=\"wp-block-heading\">Agenda Vamos las Plazas verano 2025 en la Comuna 13<\/h3>\n\n\n\n<figure class=\"wp-block-image size-full\"><img loading=\"lazy\" decoding=\"async\" width=\"678\" height=\"860\" data-attachment-id=\"19716\" data-permalink=\"https:\/\/www.comuna13online.com.ar\/?attachment_id=19716\" data-orig-file=\"https:\/\/www.comuna13online.com.ar\/wp-content\/uploads\/2025\/01\/20250131b_01.gif\" data-orig-size=\"678,860\" data-comments-opened=\"0\" data-image-meta=\"{&quot;aperture&quot;:&quot;0&quot;,&quot;credit&quot;:&quot;&quot;,&quot;camera&quot;:&quot;&quot;,&quot;caption&quot;:&quot;&quot;,&quot;created_timestamp&quot;:&quot;0&quot;,&quot;copyright&quot;:&quot;&quot;,&quot;focal_length&quot;:&quot;0&quot;,&quot;iso&quot;:&quot;0&quot;,&quot;shutter_speed&quot;:&quot;0&quot;,&quot;title&quot;:&quot;&quot;,&quot;orientation&quot;:&quot;0&quot;}\" data-image-title=\"20250131b_01\" data-image-description=\"\" data-image-caption=\"\" data-large-file=\"https:\/\/www.comuna13online.com.ar\/wp-content\/uploads\/2025\/01\/20250131b_01.gif\" src=\"https:\/\/www.comuna13online.com.ar\/wp-content\/uploads\/2025\/01\/20250131b_01.gif\" alt=\"\" class=\"wp-image-19716\"\/><\/figure>\n\n\n\n<p>El \u00e9xito de Vamos las Plazas se consolida a\u00f1o tras a\u00f1o con espect\u00e1culos en los barrios. En cada edici\u00f3n de esta iniciativa miles de familias de todas las Comunas disfrutaron de m\u00faltiples alternativas gratuitas de entretenimiento, de manera segura y en los espacios verdes.<\/p>\n\n\n\n<p><strong>\u00bfD\u00f3nde ser\u00e1n los shows y actividades de Vamos Las Plazas durante febrero y marzo.<\/strong><\/p>\n\n\n\n<h4 class=\"wp-block-heading\">Comuna 1<\/h4>\n\n\n\n<p>\ud83d\udccd&nbsp;<a href=\"https:\/\/mapa.buenosaires.gob.ar\/informacion\/?lat=-34.626714&amp;lng=-58.369578&amp;zl=15&amp;modo=transporte&amp;dir=Parque+Lezama&amp;ilat=-34.626714&amp;ilng=-58.369578&amp;fid=espacios_verdes_publicos%7C880\">Parque Lezama<\/a>&nbsp;(Paseo Col\u00f3n y Brasil).<br>\ud83d\udd52 Martes, mi\u00e9rcoles y jueves desde las 17 h.<\/p>\n\n\n\n<p>\ud83d\udccd&nbsp;<a href=\"https:\/\/mapa.buenosaires.gob.ar\/informacion\/?lat=-34.615109&amp;lng=-58.357894&amp;zl=15&amp;modo=transporte&amp;dir=Plazoleta+Haroldo+Conti&amp;ilat=-34.615082&amp;ilng=-58.357892&amp;fid=espacios_verdes_publicos%7C929\">Plazoleta Haroldo Conti<\/a>&nbsp;(Calabria y Padre Migone).<br>\ud83d\udd52 Martes, mi\u00e9rcoles y jueves desde las 19 h.<\/p>\n\n\n\n<h4 class=\"wp-block-heading\">Comuna 2<\/h4>\n\n\n\n<p>\ud83d\udccd&nbsp;<a href=\"https:\/\/mapa.buenosaires.gob.ar\/informacion\/?lat=-34.593774&amp;lng=-58.389308&amp;zl=15&amp;modo=transporte&amp;dir=Plaza+V.+L%C3%B3pez+y+Planes&amp;ilat=-34.593782&amp;ilng=-58.389321&amp;fid=espacios_verdes_publicos%7C481\">Plaza Vicente L\u00f3pez y Planes<\/a>&nbsp;(Paran\u00e1 y Montevideo).<br>\ud83d\udd5a Martes, mi\u00e9rcoles y jueves desde las 17 h.<\/p>\n\n\n\n<p>\ud83d\udccd&nbsp;<a href=\"https:\/\/mapa.buenosaires.gob.ar\/informacion\/?lat=-34.597448&amp;lng=-58.407118&amp;zl=15&amp;modo=transporte&amp;dir=Plaza+Mons.+Miguel+de+Andrea&amp;ilat=-34.597466&amp;ilng=-58.407148&amp;fid=espacios_verdes_publicos%7C297\">Plaza Monse\u00f1or Miguel de Andrea<\/a>&nbsp;(Jean Jaures y Paraguay).<br>\ud83d\udd52 Martes, mi\u00e9rcoles y jueves desde las 19 h.<\/p>\n\n\n\n<h4 class=\"wp-block-heading\">Comuna 3<\/h4>\n\n\n\n<p>\ud83d\udccd&nbsp;<a href=\"https:\/\/mapa.buenosaires.gob.ar\/informacion\/?lat=-34.617299&amp;lng=-58.403471&amp;zl=15&amp;modo=transporte&amp;dir=Plaza+Dr.+J.+M.+Velasco+Ibarra&amp;ilat=-34.617315&amp;ilng=-58.403430&amp;fid=espacios_verdes_publicos%7C907\">Plaza Velasco Ibarra<\/a>&nbsp;(Jujuy y M\u00e9xico).<br>\ud83d\udd5a Martes, mi\u00e9rcoles y jueves desde las 17 h.<\/p>\n\n\n\n<p>\ud83d\udccd&nbsp;<a href=\"https:\/\/mapa.buenosaires.gob.ar\/informacion\/?lat=-34.626057&amp;lng=-58.407805&amp;zl=15&amp;modo=transporte&amp;dir=Plaza+Mart%C3%ADn+Fierro&amp;ilat=-34.626070&amp;ilng=-58.407822&amp;fid=espacios_verdes_publicos%7C434\">Plaza Mart\u00edn Fierro<\/a>&nbsp;(La Rioja y Barcala).<br>\ud83d\udd52 Martes, mi\u00e9rcoles y jueves desde las 19 h.<\/p>\n\n\n\n<h4 class=\"wp-block-heading\">Comuna 4<\/h4>\n\n\n\n<p>\ud83d\udccd&nbsp;<a href=\"https:\/\/mapa.buenosaires.gob.ar\/informacion\/?lat=-34.650138&amp;lng=-58.388236&amp;zl=15&amp;modo=transporte&amp;dir=Leonardo+Pereyra&amp;ilat=-34.650163&amp;ilng=-58.388194&amp;fid=espacios_verdes_publicos%7C520\">Parque Leonardo Pereyra<\/a>&nbsp;(V\u00e9lez S\u00e1rsfield y Tom\u00e1s de Iriarte).&nbsp;<strong>(A confirmar).<\/strong><br>\ud83d\udd5a Martes, mi\u00e9rcoles y jueves desde las 17 h.<\/p>\n\n\n\n<p>\ud83d\udccd&nbsp;<a href=\"https:\/\/mapa.buenosaires.gob.ar\/informacion\/?lat=-34.638840&amp;lng=-58.408191&amp;zl=15&amp;modo=transporte&amp;dir=Parque+Patricios&amp;ilat=-34.638864&amp;ilng=-58.408207&amp;fid=espacios_verdes_publicos%7C873\">Parque Patricios<\/a>&nbsp;(Av. Caseros y Monteagudo).<br>\ud83d\udd5a Martes, mi\u00e9rcoles y jueves desde las 19 h.<\/p>\n\n\n\n<h4 class=\"wp-block-heading\">Comuna 5<\/h4>\n\n\n\n<p>\ud83d\udccd <a href=\"https:\/\/mapa.buenosaires.gob.ar\/informacion\/?lat=-34.622526&amp;lng=-58.412740&amp;zl=15&amp;modo=transporte&amp;dir=Plaza+Boedo&amp;ilat=-34.622491&amp;ilng=-58.412749&amp;fid=espacios_verdes_publicos%7C1328\">Plaza Mariano Boedo<\/a>&nbsp;(Carlos Calvo y S\u00e1nchez de Loria).<br>\ud83d\udd52 Martes, mi\u00e9rcoles y jueves desde las 17 h.<\/p>\n\n\n\n<p>\ud83d\udccd&nbsp;<a href=\"https:\/\/mapa.buenosaires.gob.ar\/informacion\/?lat=-34.605820&amp;lng=-58.419092&amp;zl=15&amp;modo=transporte&amp;dir=Plaza+Almagro&amp;ilat=-34.605789&amp;ilng=-58.419118&amp;fid=espacios_verdes_publicos%7C1126\">Plaza Almagro<\/a>&nbsp;(Jer\u00f3nimo Salguero y Tte. Gral. J. D. Per\u00f3n).<br>\ud83d\udd52 Martes, mi\u00e9rcoles y jueves desde las 19 h.<\/p>\n\n\n\n<h4 class=\"wp-block-heading\">Comuna 6<\/h4>\n\n\n\n<p>\ud83d\udccd&nbsp;<a href=\"https:\/\/mapa.buenosaires.gob.ar\/informacion\/?lat=-34.617298&amp;lng=-58.441097&amp;zl=15&amp;modo=transporte&amp;dir=Plaza+Bruno+Giordano&amp;ilat=-34.617298&amp;ilng=-58.441097&amp;fid=espacios_verdes_publicos%7C1276\">Plaza Giordano Bruno<\/a>&nbsp;(Neuqu\u00e9n y Giordano Bruno).<br>\ud83d\udd5a Martes, mi\u00e9rcoles y jueves desde las 17 h.<\/p>\n\n\n\n<p>\ud83d\udccd&nbsp;<a href=\"https:\/\/mapa.buenosaires.gob.ar\/informacion\/?lat=-34.614615&amp;lng=-58.457801&amp;zl=15&amp;modo=transporte&amp;dir=Plaza+Irlanda&amp;ilat=-34.617298&amp;ilng=-58.441097&amp;fid=espacios_verdes_publicos%7C1276\">Plaza Irlanda<\/a>&nbsp;&#8211; anfiteatro &#8211; (Segu\u00ed y Neuqu\u00e9n).<br>\ud83d\udd52 Martes, mi\u00e9rcoles y jueves desde las 19 h.<\/p>\n\n\n\n<h4 class=\"wp-block-heading\">Comuna 7<\/h4>\n\n\n\n<p>\ud83d\udccd&nbsp;<a href=\"https:\/\/mapa.buenosaires.gob.ar\/informacion\/?lat=-34.622031&amp;lng=-58.456557&amp;zl=15&amp;modo=transporte&amp;dir=Plaza+del+%C3%81ngel+Gris&amp;ilat=-34.622065&amp;ilng=-58.456579&amp;fid=espacios_verdes_publicos%7C1314\">Plaza del \u00c1ngel Gris<\/a>&nbsp;(Avellaneda y Donato \u00c1lvarez).<br>\ud83d\udd5a Martes, mi\u00e9rcoles y jueves desde las 17 h.<\/p>\n\n\n\n<p>\ud83d\udccd<a href=\"https:\/\/mapa.buenosaires.gob.ar\/informacion\/?lat=-34.634815&amp;lng=-58.463509&amp;zl=15&amp;modo=transporte&amp;dir=Plazoleta+11+de+Noviembre+de+1859&amp;ilat=-34.634826&amp;ilng=-58.463536&amp;fid=espacios_verdes_publicos%7C1606\">Plazoleta 11 de noviembre de 1859<\/a>&nbsp;(Directorio y Varela).<br>\ud83d\udd52 Martes, mi\u00e9rcoles y jueves desde las 19 h.<\/p>\n\n\n\n<h4 class=\"wp-block-heading\">Comuna 8<\/h4>\n\n\n\n<p>\ud83d\udccd&nbsp;<a href=\"https:\/\/mapa.buenosaires.gob.ar\/informacion\/?lat=-34.649728&amp;lng=-58.463551&amp;zl=15&amp;modo=transporte&amp;dir=Plaza+Jos%C3%A9+Mart%C3%AD&amp;ilat=-34.649728&amp;ilng=-58.463551&amp;fid=espacios_verdes_publicos%7C676\">Plaza Jos\u00e9 Mart\u00ed<\/a>&nbsp;(Av. Soldado de la Frontera y Ana D\u00edaz).<br>\ud83d\udd52 Martes, mi\u00e9rcoles y jueves desde las 17 h.<\/p>\n\n\n\n<p>\ud83d\udccd&nbsp;<a href=\"https:\/\/mapa.buenosaires.gob.ar\/informacion\/?lat=-34.662336&amp;lng=-58.434870&amp;zl=15&amp;modo=transporte&amp;dir=Rabanal%2C+Francisco%2C+Intendente+Av.+y+Casta%C3%B1on&amp;ilat=-34.662336&amp;ilng=-58.434870\">Parque Lineal Rabanal<\/a>&nbsp;(Bv. Rabanal y Varela).<br>\ud83d\udd5a Martes, mi\u00e9rcoles y jueves desde las 19 h.<\/p>\n\n\n\n<h4 class=\"wp-block-heading\">Comuna 9<\/h4>\n\n\n\n<p>\ud83d\udccd&nbsp;<a href=\"https:\/\/mapa.buenosaires.gob.ar\/informacion\/?lat=-34.645689&amp;lng=-58.478830&amp;zl=15&amp;modo=transporte&amp;dir=Parque+Avellaneda&amp;ilat=-34.645668&amp;ilng=-58.478839&amp;fid=espacios_verdes_publicos%7C874\">Parque Avellaneda<\/a>&nbsp;(Av. Directorio y Av. Lacarra).<br>\ud83d\udd5a Martes, mi\u00e9rcoles y jueves desde las 17 h.<\/p>\n\n\n\n<p>\ud83d\udccd&nbsp;<a href=\"https:\/\/mapa.buenosaires.gob.ar\/informacion\/?lat=-34.656669&amp;lng=-58.522003&amp;zl=15&amp;modo=transporte&amp;dir=Alfredo+L.+Palacios&amp;ilat=-34.656691&amp;ilng=-58.522005&amp;fid=espacios_verdes_publicos%7C1202\">Plazoleta Alfredo Palacios<\/a>&nbsp;(Acassuso y Saladillo).<br>\ud83d\udd5a Martes, mi\u00e9rcoles y jueves desde las 19 h.<\/p>\n\n\n\n<h4 class=\"wp-block-heading\">Comuna 10<\/h4>\n\n\n\n<p>\ud83d\udccd&nbsp;<a href=\"https:\/\/mapa.buenosaires.gob.ar\/informacion\/?lat=-34.620708&amp;lng=-58.492282&amp;zl=15&amp;modo=transporte&amp;dir=Plaza+Ciudad+de+Udine&amp;ilat=-34.620708&amp;ilng=-58.492282&amp;fid=espacios_verdes_publicos%7C352\">Plaza Ciudad de Udine<\/a>&nbsp;(Mercedes y Margari\u00f1os Cervantes).<br>\ud83d\udd52 Martes, mi\u00e9rcoles y jueves desde las 17 h.<\/p>\n\n\n\n<p>\ud83d\udccd&nbsp;<a href=\"https:\/\/mapa.buenosaires.gob.ar\/informacion\/?lat=-34.616522&amp;lng=-58.525307&amp;zl=15&amp;modo=transporte&amp;dir=Plaza+Las+Toscaneras+de+Villa+Real&amp;ilat=-34.616497&amp;ilng=-58.525334&amp;fid=espacios_verdes_publicos%7C1454\">Plaza de las Toscaneras<\/a>&nbsp;(Moliere y Jos\u00e9 Pedro Varela).<br>\ud83d\udd5a Martes, mi\u00e9rcoles y jueves desde las 19 h.<\/p>\n\n\n\n<h4 class=\"wp-block-heading\">Comuna 11<\/h4>\n\n\n\n<p>\ud83d\udccd&nbsp;<a href=\"https:\/\/mapa.buenosaires.gob.ar\/informacion\/?lat=-34.616027&amp;lng=-58.466470&amp;zl=15&amp;modo=transporte&amp;dir=Plaza+Nuestra+Se%C3%B1ora+de+la+Asunci%C3%B3n&amp;ilat=-34.615993&amp;ilng=-58.466440&amp;fid=espacios_verdes_publicos%7C202\">Plaza Nuestra Se\u00f1ora de la Asunci\u00f3n<\/a>&nbsp;(Av. Gaona y Gavil\u00e1n).<br>\ud83d\udd5a Martes, mi\u00e9rcoles y jueves desde las 17 h.<\/p>\n\n\n\n<p>\ud83d\udccd&nbsp;<a href=\"https:\/\/mapa.buenosaires.gob.ar\/informacion\/?lat=-34.616027&amp;lng=-58.466470&amp;zl=15&amp;modo=transporte&amp;dir=Plaza+Nuestra+Se%C3%B1ora+de+la+Asunci%C3%B3n&amp;ilat=-34.615993&amp;ilng=-58.466440&amp;fid=espacios_verdes_publicos%7C202\">Plaza Pablo Ricchieri<\/a>&nbsp;(Av. Francisco Beir\u00f3 y&nbsp; Quevedo).<br>\ud83d\udd52 Martes, mi\u00e9rcoles y jueves desde las 19 h.<\/p>\n\n\n\n<h4 class=\"wp-block-heading\">Comuna 12<\/h4>\n\n\n\n<p>\ud83d\udccd&nbsp;<a href=\"https:\/\/mapa.buenosaires.gob.ar\/informacion\/?lat=-34.573610&amp;lng=-58.475169&amp;zl=15&amp;modo=transporte&amp;dir=Plaza+Brig.+Gral.+J.+M.+Zapiola&amp;ilat=-34.573610&amp;ilng=-58.475169&amp;fid=espacios_verdes_publicos%7C117\">Plaza Zapiola<\/a>&nbsp;(Mariano Acha y Echeverr\u00eda).<br>\ud83d\udd5a Martes, mi\u00e9rcoles y jueves desde las 17 h.<\/p>\n\n\n\n<p>\ud83d\udccd&nbsp;<a href=\"https:\/\/mapa.buenosaires.gob.ar\/informacion\/?lat=-34.559923&amp;lng=-58.487155&amp;zl=15&amp;modo=transporte&amp;dir=Plaza+Alberdi&amp;ilat=-34.559935&amp;ilng=-58.487194&amp;fid=espacios_verdes_publicos%7C1012\">Plaza Alberdi<\/a>&nbsp;(Macha\u00edn y N\u00fa\u00f1ez).<br>\ud83d\udd52 Martes, mi\u00e9rcoles y jueves desde las 19 h.<\/p>\n\n\n\n<h4 class=\"wp-block-heading\">Comuna 13<\/h4>\n\n\n\n<p>\ud83d\udccd&nbsp;<a href=\"https:\/\/mapa.buenosaires.gob.ar\/informacion\/?lat=-34.580701&amp;lng=-58.445570&amp;zl=15&amp;modo=transporte&amp;dir=Plaza+Mafalda&amp;ilat=-34.580736&amp;ilng=-58.445531&amp;fid=espacios_verdes_publicos%7C1160\">Plaza Mafalda<\/a>&nbsp;(Conde y Santos Dumont).<br>\ud83d\udd5a Martes, mi\u00e9rcoles y jueves desde las 17 h.<\/p>\n\n\n\n<p>\ud83d\udccd&nbsp;<a href=\"https:\/\/mapa.buenosaires.gob.ar\/informacion\/?lat=-34.555010&amp;lng=-58.457801&amp;zl=15&amp;modo=transporte&amp;dir=Plaza+Alberti&amp;ilat=-34.555010&amp;ilng=-58.457820&amp;fid=espacios_verdes_publicos%7C889\">Plaza Alberti<\/a>&nbsp;(Arcos y Ugarte).<br>\ud83d\udd52 Martes, mi\u00e9rcoles y jueves desde las 19 h.<\/p>\n\n\n\n<h4 class=\"wp-block-heading\">Comuna 14<\/h4>\n\n\n\n<p>\ud83d\udccd&nbsp;<a href=\"https:\/\/mapa.buenosaires.gob.ar\/informacion\/?lat=-34.592120&amp;lng=-58.419863&amp;zl=15&amp;modo=transporte&amp;dir=Plaza+Unidad+Latinoamericana&amp;ilat=-34.592120&amp;ilng=-58.419863&amp;fid=espacios_verdes_publicos%7C1125\">Plaza Unidad Latinoamericana<\/a>&nbsp;(Costa Rica y Medrano).<br>\ud83d\udd5a Martes, mi\u00e9rcoles y jueves desde las 17 h.<\/p>\n\n\n\n<p>\ud83d\udccd&nbsp;<a href=\"https:\/\/mapa.buenosaires.gob.ar\/informacion\/?lat=-34.576779&amp;lng=-58.408277&amp;zl=15&amp;modo=transporte&amp;dir=Plaza+Alemania&amp;ilat=-34.576762&amp;ilng=-58.408269&amp;fid=espacios_verdes_publicos%7C107\">Plaza Alemania<\/a>&nbsp;(Av. del Libertador y Castex).<br>\ud83d\udd52 Martes, mi\u00e9rcoles y jueves desde las 19 h.<\/p>\n\n\n\n<h4 class=\"wp-block-heading\">Comuna 15<\/h4>\n\n\n\n<p>\ud83d\udccd&nbsp;<a href=\"https:\/\/mapa.buenosaires.gob.ar\/informacion\/?lat=-34.589994&amp;lng=-58.450892&amp;zl=15&amp;modo=transporte&amp;dir=Parque+Los+Andes&amp;ilat=-34.589999&amp;ilng=-58.450902&amp;fid=espacios_verdes_publicos%7C875\">Parque Los Andes<\/a>&nbsp;(Concepci\u00f3n Arenal y Guzm\u00e1n).<br>\ud83d\udd5a Martes, mi\u00e9rcoles y jueves desde las 17 h.<\/p>\n\n\n\n<p>\ud83d\udccd&nbsp;<a href=\"https:\/\/mapa.buenosaires.gob.ar\/informacion\/?lat=-34.604831&amp;lng=-58.445528&amp;zl=15&amp;modo=transporte&amp;dir=Plaza+Gral.+Benito+Nazar&amp;ilat=-34.604857&amp;ilng=-58.445496&amp;fid=espacios_verdes_publicos%7C900\">Plaza Benito Nazar<\/a>&nbsp;(Olaya y Antezana).<br>\ud83d\udd52 Martes, mi\u00e9rcoles y jueves desde las 19 h.<\/p>\n\n\n\n<div style=\"height:20px\" aria-hidden=\"true\" class=\"wp-block-spacer\"><\/div>\n\n\n\n<figure class=\"wp-block-image size-full\"><a href=\"https:\/\/www.comuna13online.com.ar\/wp-content\/uploads\/2025\/02\/20250131b_02-scaled.jpg\" target=\"_blank\" rel=\"noreferrer noopener\"><img loading=\"lazy\" decoding=\"async\" width=\"678\" height=\"381\" data-attachment-id=\"19721\" data-permalink=\"https:\/\/www.comuna13online.com.ar\/?attachment_id=19721\" data-orig-file=\"https:\/\/www.comuna13online.com.ar\/wp-content\/uploads\/2025\/02\/20250131b_03.jpg\" data-orig-size=\"678,381\" data-comments-opened=\"0\" data-image-meta=\"{&quot;aperture&quot;:&quot;0&quot;,&quot;credit&quot;:&quot;&quot;,&quot;camera&quot;:&quot;&quot;,&quot;caption&quot;:&quot;&quot;,&quot;created_timestamp&quot;:&quot;0&quot;,&quot;copyright&quot;:&quot;&quot;,&quot;focal_length&quot;:&quot;0&quot;,&quot;iso&quot;:&quot;0&quot;,&quot;shutter_speed&quot;:&quot;0&quot;,&quot;title&quot;:&quot;&quot;,&quot;orientation&quot;:&quot;0&quot;}\" data-image-title=\"20250131b_03\" data-image-description=\"\" data-image-caption=\"\" data-large-file=\"https:\/\/www.comuna13online.com.ar\/wp-content\/uploads\/2025\/02\/20250131b_03.jpg\" src=\"https:\/\/www.comuna13online.com.ar\/wp-content\/uploads\/2025\/02\/20250131b_03.jpg\" alt=\"\" class=\"wp-image-19721\"\/><\/a><\/figure>\n\n\n\n<div style=\"height:15px\" aria-hidden=\"true\" class=\"wp-block-spacer\"><\/div>\n\n\n\n<h3 class=\"wp-block-heading\">Agenda Vamos Las Plazas verano 2025<\/h3>\n\n\n\n<p>Descargar:<\/p>\n\n\n\n<h4 class=\"wp-block-heading\">  \u25fe   <strong><a href=\"https:\/\/buenosaires.gob.ar\/sites\/default\/files\/2025-01\/b%20Agenda%20VLP%20verano%202025%20%28PRIMERA_SEMANA%29.pdf\" target=\"_blank\" rel=\"noreferrer noopener\">PRIMERA SEMANA<\/a><\/strong><\/h4>\n\n\n\n<h4 class=\"wp-block-heading\">  \u25fe   <strong><a href=\"https:\/\/buenosaires.gob.ar\/sites\/default\/files\/2025-01\/b%20Agenda%20VLP%20verano%202025%20%28SEGUNDA_SEMANA%29.pdf\" target=\"_blank\" rel=\"noreferrer noopener\">SEGUNDA SEMANA<\/a><\/strong><\/h4>\n\n\n\n<h4 class=\"wp-block-heading\">  \u25fe   <strong><a href=\"https:\/\/buenosaires.gob.ar\/sites\/default\/files\/2025-01\/b%20Agenda%20VLP%20verano%202025%20%28TERCERA_SEMANA%29.pdf\" target=\"_blank\" rel=\"noreferrer noopener\">TERCERA SEMANA<\/a><\/strong><\/h4>\n\n\n\n<h4 class=\"wp-block-heading\">  \u25fe   <strong><a href=\"https:\/\/buenosaires.gob.ar\/sites\/default\/files\/2025-01\/b%20Agenda%20VLP%20verano%202025%20%28CUARTA_SEMANA%29.pdf\" target=\"_blank\" rel=\"noreferrer noopener\">CUARTA SEMANA<\/a><\/strong><\/h4>\n\n\n\n<h4 class=\"wp-block-heading\">  \u25fe   <strong><a href=\"https:\/\/buenosaires.gob.ar\/sites\/default\/files\/2025-01\/b%20Agenda%20VLP%20verano%202025%20%28QUINTA_SEMANA%29_0.pdf\" target=\"_blank\" rel=\"noreferrer noopener\">QUINTA SEMANA<\/a><\/strong><\/h4>\n\n\n\n<p><\/p>\n","protected":false},"excerpt":{"rendered":"<div class=\"mh-excerpt\">Como parte de las actividades de Verano en la Ciudad, Vamos las Plazas vuelve con espect\u00e1culos y actividades recreativas gratuitas para toda la familia en plazas y parques de las <a class=\"mh-excerpt-more\" href=\"https:\/\/www.comuna13online.com.ar\/?p=19713\" title=\"Vamos las Plazas, conoc\u00e9 la agenda y los espacios  en la Comuna 13\">[&#8230;]<\/a><\/div>\n","protected":false},"author":1,"featured_media":19723,"comment_status":"closed","ping_status":"closed","sticky":false,"template":"","format":"standard","meta":{"_uag_custom_page_level_css":"","_jetpack_memberships_contains_paid_content":false,"footnotes":"","jetpack_publicize_message":"","jetpack_publicize_feature_enabled":true,"jetpack_social_post_already_shared":true,"jetpack_social_options":{"image_generator_settings":{"template":"highway","default_image_id":0,"font":"","enabled":false},"version":2}},"categories":[42],"tags":[250,296,71],"class_list":{"0":"post-19713","1":"post","2":"type-post","3":"status-publish","4":"format-standard","5":"has-post-thumbnail","7":"category-vacaciones","8":"tag-h2","9":"tag-h3","10":"tag-tiempo-libre"},"jetpack_publicize_connections":[],"jetpack_featured_media_url":"https:\/\/www.comuna13online.com.ar\/wp-content\/uploads\/2025\/02\/20250131b_id.jpg","uagb_featured_image_src":{"full":["https:\/\/www.comuna13online.com.ar\/wp-content\/uploads\/2025\/02\/20250131b_id.jpg",678,381,false],"thumbnail":["https:\/\/www.comuna13online.com.ar\/wp-content\/uploads\/2025\/02\/20250131b_id.jpg",128,72,false],"medium":["https:\/\/www.comuna13online.com.ar\/wp-content\/uploads\/2025\/02\/20250131b_id.jpg",678,381,false],"medium_large":["https:\/\/www.comuna13online.com.ar\/wp-content\/uploads\/2025\/02\/20250131b_id.jpg",678,381,false],"large":["https:\/\/www.comuna13online.com.ar\/wp-content\/uploads\/2025\/02\/20250131b_id.jpg",678,381,false],"1536x1536":["https:\/\/www.comuna13online.com.ar\/wp-content\/uploads\/2025\/02\/20250131b_id.jpg",678,381,false],"2048x2048":["https:\/\/www.comuna13online.com.ar\/wp-content\/uploads\/2025\/02\/20250131b_id.jpg",678,381,false],"mh-magazine-slider":["https:\/\/www.comuna13online.com.ar\/wp-content\/uploads\/2025\/02\/20250131b_id.jpg",678,381,false],"mh-magazine-content":["https:\/\/www.comuna13online.com.ar\/wp-content\/uploads\/2025\/02\/20250131b_id.jpg",678,381,false],"mh-magazine-large":["https:\/\/www.comuna13online.com.ar\/wp-content\/uploads\/2025\/02\/20250131b_id.jpg",678,381,false],"mh-magazine-medium":["https:\/\/www.comuna13online.com.ar\/wp-content\/uploads\/2025\/02\/20250131b_id-326x245.jpg",326,245,true],"mh-magazine-small":["https:\/\/www.comuna13online.com.ar\/wp-content\/uploads\/2025\/02\/20250131b_id-80x60.jpg",80,60,true],"sow-carousel-default":["https:\/\/www.comuna13online.com.ar\/wp-content\/uploads\/2025\/02\/20250131b_id-272x182.jpg",272,182,true]},"uagb_author_info":{"display_name":"Comuna13","author_link":"https:\/\/www.comuna13online.com.ar\/?author=1"},"uagb_comment_info":0,"uagb_excerpt":"Como parte de las actividades de Verano en la Ciudad, Vamos las Plazas vuelve con espect\u00e1culos y actividades recreativas gratuitas para toda la familia en plazas y parques de las [...]","jetpack_sharing_enabled":true,"_links":{"self":[{"href":"https:\/\/www.comuna13online.com.ar\/index.php?rest_route=\/wp\/v2\/posts\/19713","targetHints":{"allow":["GET"]}}],"collection":[{"href":"https:\/\/www.comuna13online.com.ar\/index.php?rest_route=\/wp\/v2\/posts"}],"about":[{"href":"https:\/\/www.comuna13online.com.ar\/index.php?rest_route=\/wp\/v2\/types\/post"}],"author":[{"embeddable":true,"href":"https:\/\/www.comuna13online.com.ar\/index.php?rest_route=\/wp\/v2\/users\/1"}],"replies":[{"embeddable":true,"href":"https:\/\/www.comuna13online.com.ar\/index.php?rest_route=%2Fwp%2Fv2%2Fcomments&post=19713"}],"version-history":[{"count":0,"href":"https:\/\/www.comuna13online.com.ar\/index.php?rest_route=\/wp\/v2\/posts\/19713\/revisions"}],"wp:featuredmedia":[{"embeddable":true,"href":"https:\/\/www.comuna13online.com.ar\/index.php?rest_route=\/wp\/v2\/media\/19723"}],"wp:attachment":[{"href":"https:\/\/www.comuna13online.com.ar\/index.php?rest_route=%2Fwp%2Fv2%2Fmedia&parent=19713"}],"wp:term":[{"taxonomy":"category","embeddable":true,"href":"https:\/\/www.comuna13online.com.ar\/index.php?rest_route=%2Fwp%2Fv2%2Fcategories&post=19713"},{"taxonomy":"post_tag","embeddable":true,"href":"https:\/\/www.comuna13online.com.ar\/index.php?rest_route=%2Fwp%2Fv2%2Ftags&post=19713"}],"curies":[{"name":"wp","href":"https:\/\/api.w.org\/{rel}","templated":true}]}}