{"id":19694,"date":"2025-01-22T18:36:53","date_gmt":"2025-01-22T21:36:53","guid":{"rendered":"https:\/\/www.comuna13online.com.ar\/?p=19694"},"modified":"2025-01-22T18:41:45","modified_gmt":"2025-01-22T21:41:45","slug":"el-jefe-de-gobierno-convoco-a-sesiones-extraordinarias-para-suspender-las-paso-blanqueo-y-rigi","status":"publish","type":"post","link":"https:\/\/www.comuna13online.com.ar\/?p=19694","title":{"rendered":"El Jefe de Gobierno convoc\u00f3 a sesiones extraordinarias para suspender las PASO, blanqueo y RIGI"},"content":{"rendered":"\n<p><strong>A partir del 28 de enero el oficialismo porte\u00f1o buscar\u00e1 en la Legislatura suspender las PASO y la adhesi\u00f3n al RIGI y blanqueo de capitales, dos proyectos de origen libertario que Macri incluy\u00f3 en un gesto de cara las negociaciones.<\/strong><\/p>\n\n\n\n<div class=\"wp-block-uagb-image uagb-block-d9bc7c1d wp-block-uagb-image--layout-default wp-block-uagb-image--effect-static wp-block-uagb-image--align-none\"><figure class=\"wp-block-uagb-image__figure\"><img decoding=\"async\" srcset=\"https:\/\/www.comuna13online.com.ar\/wp-content\/uploads\/2025\/01\/20250121a_id.jpg ,https:\/\/www.comuna13online.com.ar\/wp-content\/uploads\/2025\/01\/20250121a_id.jpg 780w, https:\/\/www.comuna13online.com.ar\/wp-content\/uploads\/2025\/01\/20250121a_id.jpg 360w\" sizes=\"auto, (max-width: 480px) 150px\" src=\"https:\/\/www.comuna13online.com.ar\/wp-content\/uploads\/2025\/01\/20250121a_id.jpg\" alt=\"\" class=\"uag-image-19695\" width=\"678\" height=\"381\" title=\"20250121a_id\" loading=\"lazy\" role=\"img\"\/><\/figure><\/div>\n\n\n\n<div style=\"height:20px\" aria-hidden=\"true\" class=\"wp-block-spacer\"><\/div>\n\n\n\n<p>El Jefe de Gobierno de la Ciudad, Jorge Macri, convoc\u00f3 a sesiones extraordinarias en la Legislatura porte\u00f1a, que se llevar\u00e1n a cabo del 28 de enero al 28 de febrero de 2025, donde se discutir\u00e1n diversos proyectos de alto impacto sobre la gesti\u00f3n local.<\/p>\n\n\n\n<p>El principal anhelo de Macri es la suspensi\u00f3n de las elecciones Primarias Abiertas, Simult\u00e1neas y Obligatorias (PASO) para los comicios locales, la adhesi\u00f3n al R\u00e9gimen de Incentivo para Grandes Inversiones (RIGI) y un r\u00e9gimen de regularizaci\u00f3n de activos y deudas tributarias.<\/p>\n\n\n\n<p><em><strong>\u201cLas Elecciones Primarias representan un costo importante para nuestra Ciudad. En efecto, se calcula que el costo de la celebraci\u00f3n de las pr\u00f3ximas elecciones del a\u00f1o 2025 ascender\u00e1 a una suma aproximada de $20 mil millone.\u201d,<\/strong><\/em> argument\u00f3 Macri sobre las PASO y agreg\u00f3 <em>\u201cA trav\u00e9s de los a\u00f1os, muestra que su principal incidencia ha tenido lugar en las elecciones en las cuales se dirimen cargos ejecutivos\u201d.<\/em><\/p>\n\n\n\n<p>Al mismo tiempo se incluy\u00f3 en el temario el proyecto de ley para la <strong>\u201cBonificaci\u00f3n a peque\u00f1os contribuyentes del R\u00e9gimen Simplificado\u201d<\/strong>, que incluye una serie de medidas de beneficios fiscales y reducci\u00f3n de impuestos. Una es la eximici\u00f3n del 100% y del 75% de Ingresos Brutos a las personas cuya actividad econ\u00f3mica principal sea la prestaci\u00f3n de servicios no profesionales, como plomer\u00eda, electricidad y gas, peluquer\u00eda, centros de est\u00e9tica, administraci\u00f3n de consorcios, fotograf\u00eda y limpieza, entre otros.<\/p>\n\n\n\n<p><em>\u201cMenos impuestos y menos burocracia significa m\u00e1s tiempo, m\u00e1s plata y m\u00e1s oportunidades para los vecinos que generan empleo. Es liberar las energ\u00edas del desarrollo local y acompa\u00f1ar el esfuerzo de los que invierten, generan empleo y hacen crecer nuestra Ciudad. Por eso, tomamos la decisi\u00f3n de reducir la carga tributaria en 305 mil millones de pesos\u201d<\/em>, afirm\u00f3 Jorge Macri.<\/p>\n\n\n\n<div style=\"height:20px\" aria-hidden=\"true\" class=\"wp-block-spacer\"><\/div>\n<div align=\"center\">\n<blockquote class=\"twitter-tweet\"><p lang=\"es\" dir=\"ltr\">ELIMINAMOS Y REDUCIMOS IMPUESTOS <br><br>En Buenos Aires seguimos bajando impuestos para aliviar el bolsillo de los vecinos, fomentar la inversi\u00f3n e impulsar el desarrollo en nuestra Ciudad. Gracias a un presupuesto equilibrado y sin d\u00e9ficit, logramos reducir la carga tributaria sin\u2026 <a href=\"https:\/\/t.co\/GwFTqrRVND\">pic.twitter.com\/GwFTqrRVND<\/a><\/p>&mdash; Jorge Macri (@jorgemacri) <a href=\"https:\/\/twitter.com\/jorgemacri\/status\/1876609898315722968?ref_src=twsrc%5Etfw\">January 7, 2025<\/a><\/blockquote> <script async src=\"https:\/\/platform.twitter.com\/widgets.js\" charset=\"utf-8\"><\/script>\n<\/div>\n<div style=\"height:20px\" aria-hidden=\"true\" class=\"wp-block-spacer\"><\/div>\n\n\n\n<p><strong>En cuanto al Impuesto de Sellos, el proyecto de ley fija una al\u00edcuota del cero por ciento (0%) para los contratos de locaci\u00f3n destinados a fines comerciales o los contratos de locaci\u00f3n de vivienda con fines tur\u00edsticos.<\/strong> Tambi\u00e9n alcanzar\u00e1 a las operaciones de leasing de veh\u00edculos, beneficiando indirectamente a la industria automotriz. Y se aplicar\u00e1 a los fideicomisos con fines inmobiliarios, que potenciar\u00e1 y facilitar\u00e1 el acceso a la vivienda. La compraventa de vivienda familiar por debajo de los $205 millones tambi\u00e9n queda exenta del impuesto de sellos.<\/p>\n\n\n\n<p><strong>Este proyecto incluye adem\u00e1s la adhesi\u00f3n de la Ciudad de Buenos Aires al R\u00e9gimen de Incentivo para Grandes Inversiones (RIGI)<\/strong> que busca <strong>incentivar las inversiones nacionales y extranjeras<\/strong>, establecido por el Gobierno Nacional en la ley Bases (27.742), e <strong>incluye tambi\u00e9n la adhesi\u00f3n al R\u00e9gimen de Regularizaci\u00f3n de Activos<\/strong> que busca eximir del pago del Impuesto sobre los Ingresos Brutos a los ingresos exteriorizados por los bienes declarados en el marco de dicho r\u00e9gimen.<\/p>\n\n\n\n<p>Adem\u00e1s, los contribuyentes de la Ciudad podr\u00e1n regularizar las obligaciones vencidas al 31 de diciembre de 2024, o las infracciones cometidas a dicha fecha. El plazo para adherirse al r\u00e9gimen de regularizaci\u00f3n podr\u00e1 efectuarse dentro del plazo noventa (90) d\u00edas contados a partir de la entrada en vigencia de la Ley.<\/p>\n\n\n\n<p><strong>El temario para tratar en la Legislatura incluye:<\/strong><\/p>\n\n\n\n<p>\u25aa Suspensi\u00f3n de las elecciones PASO para cargos legislativos locales en 2025.<br>\u25aa Bonificaci\u00f3n progresiva a peque\u00f1os contribuyentes del R\u00e9gimen Simplificado del impuesto a los Ingresos Brutos.\u00a0<br>\u25aa Al\u00edcuota 0% de impuestos a los Sellos.\u00a0<br>\u25aa Adhesi\u00f3n al R\u00e9gimen de Incentivos a las Grandes Inversiones (RIGI).\u00a0<br>\u25aa Adhesi\u00f3n al R\u00e9gimen de Regularizaci\u00f3n de Activos.<br>\u25aa Regularizaci\u00f3n de Deudas Tributarias al 31 de diciembre de 2024.<\/p>\n","protected":false},"excerpt":{"rendered":"<div class=\"mh-excerpt\">A partir del 28 de enero el oficialismo porte\u00f1o buscar\u00e1 en la Legislatura suspender las PASO y la adhesi\u00f3n al RIGI y blanqueo de capitales, dos proyectos de origen libertario <a class=\"mh-excerpt-more\" href=\"https:\/\/www.comuna13online.com.ar\/?p=19694\" title=\"El Jefe de Gobierno convoc\u00f3 a sesiones extraordinarias para suspender las PASO, blanqueo y RIGI\">[&#8230;]<\/a><\/div>\n","protected":false},"author":1,"featured_media":19698,"comment_status":"closed","ping_status":"closed","sticky":false,"template":"","format":"standard","meta":{"_uag_custom_page_level_css":"","_jetpack_memberships_contains_paid_content":false,"footnotes":"","jetpack_publicize_message":"","jetpack_publicize_feature_enabled":true,"jetpack_social_post_already_shared":true,"jetpack_social_options":{"image_generator_settings":{"template":"highway","default_image_id":0,"font":"","enabled":false},"version":2}},"categories":[21],"tags":[50,190,250,296,49,7,119],"class_list":{"0":"post-19694","1":"post","2":"type-post","3":"status-publish","4":"format-standard","5":"has-post-thumbnail","7":"category-legislatura","8":"tag-economia","9":"tag-elecciones","10":"tag-h2","11":"tag-h3","12":"tag-impuestos","13":"tag-legislatura","14":"tag-politica"},"jetpack_publicize_connections":[],"jetpack_featured_media_url":"https:\/\/www.comuna13online.com.ar\/wp-content\/uploads\/2025\/01\/20250121a_01.jpg","uagb_featured_image_src":{"full":["https:\/\/www.comuna13online.com.ar\/wp-content\/uploads\/2025\/01\/20250121a_01.jpg",678,381,false],"thumbnail":["https:\/\/www.comuna13online.com.ar\/wp-content\/uploads\/2025\/01\/20250121a_01.jpg",128,72,false],"medium":["https:\/\/www.comuna13online.com.ar\/wp-content\/uploads\/2025\/01\/20250121a_01.jpg",678,381,false],"medium_large":["https:\/\/www.comuna13online.com.ar\/wp-content\/uploads\/2025\/01\/20250121a_01.jpg",678,381,false],"large":["https:\/\/www.comuna13online.com.ar\/wp-content\/uploads\/2025\/01\/20250121a_01.jpg",678,381,false],"1536x1536":["https:\/\/www.comuna13online.com.ar\/wp-content\/uploads\/2025\/01\/20250121a_01.jpg",678,381,false],"2048x2048":["https:\/\/www.comuna13online.com.ar\/wp-content\/uploads\/2025\/01\/20250121a_01.jpg",678,381,false],"mh-magazine-slider":["https:\/\/www.comuna13online.com.ar\/wp-content\/uploads\/2025\/01\/20250121a_01.jpg",678,381,false],"mh-magazine-content":["https:\/\/www.comuna13online.com.ar\/wp-content\/uploads\/2025\/01\/20250121a_01.jpg",678,381,false],"mh-magazine-large":["https:\/\/www.comuna13online.com.ar\/wp-content\/uploads\/2025\/01\/20250121a_01.jpg",678,381,false],"mh-magazine-medium":["https:\/\/www.comuna13online.com.ar\/wp-content\/uploads\/2025\/01\/20250121a_01-326x245.jpg",326,245,true],"mh-magazine-small":["https:\/\/www.comuna13online.com.ar\/wp-content\/uploads\/2025\/01\/20250121a_01-80x60.jpg",80,60,true],"sow-carousel-default":["https:\/\/www.comuna13online.com.ar\/wp-content\/uploads\/2025\/01\/20250121a_01-272x182.jpg",272,182,true]},"uagb_author_info":{"display_name":"Comuna13","author_link":"https:\/\/www.comuna13online.com.ar\/?author=1"},"uagb_comment_info":0,"uagb_excerpt":"A partir del 28 de enero el oficialismo porte\u00f1o buscar\u00e1 en la Legislatura suspender las PASO y la adhesi\u00f3n al RIGI y blanqueo de capitales, dos proyectos de origen libertario [...]","jetpack_sharing_enabled":true,"_links":{"self":[{"href":"https:\/\/www.comuna13online.com.ar\/index.php?rest_route=\/wp\/v2\/posts\/19694","targetHints":{"allow":["GET"]}}],"collection":[{"href":"https:\/\/www.comuna13online.com.ar\/index.php?rest_route=\/wp\/v2\/posts"}],"about":[{"href":"https:\/\/www.comuna13online.com.ar\/index.php?rest_route=\/wp\/v2\/types\/post"}],"author":[{"embeddable":true,"href":"https:\/\/www.comuna13online.com.ar\/index.php?rest_route=\/wp\/v2\/users\/1"}],"replies":[{"embeddable":true,"href":"https:\/\/www.comuna13online.com.ar\/index.php?rest_route=%2Fwp%2Fv2%2Fcomments&post=19694"}],"version-history":[{"count":0,"href":"https:\/\/www.comuna13online.com.ar\/index.php?rest_route=\/wp\/v2\/posts\/19694\/revisions"}],"wp:featuredmedia":[{"embeddable":true,"href":"https:\/\/www.comuna13online.com.ar\/index.php?rest_route=\/wp\/v2\/media\/19698"}],"wp:attachment":[{"href":"https:\/\/www.comuna13online.com.ar\/index.php?rest_route=%2Fwp%2Fv2%2Fmedia&parent=19694"}],"wp:term":[{"taxonomy":"category","embeddable":true,"href":"https:\/\/www.comuna13online.com.ar\/index.php?rest_route=%2Fwp%2Fv2%2Fcategories&post=19694"},{"taxonomy":"post_tag","embeddable":true,"href":"https:\/\/www.comuna13online.com.ar\/index.php?rest_route=%2Fwp%2Fv2%2Ftags&post=19694"}],"curies":[{"name":"wp","href":"https:\/\/api.w.org\/{rel}","templated":true}]}}