{"id":19665,"date":"2025-01-06T17:16:37","date_gmt":"2025-01-06T20:16:37","guid":{"rendered":"https:\/\/www.comuna13online.com.ar\/?p=19665"},"modified":"2025-01-06T17:16:41","modified_gmt":"2025-01-06T20:16:41","slug":"inician-las-obras-para-la-modernizacion-del-puente-labruna","status":"publish","type":"post","link":"https:\/\/www.comuna13online.com.ar\/?p=19665","title":{"rendered":"Inician las obras para la modernizaci\u00f3n del Puente Labruna"},"content":{"rendered":"\n<p><strong>Empieza la renovaci\u00f3n del Puente Labruna con nuevos carriles y pasos peatonales para mejorar la movilidad y crear cruces seguros entre el centro de la Ciudad y la Costanera porte\u00f1a.<\/strong><\/p>\n\n\n\n<p>Por las obras, desde el 6 de enero estar\u00e1 cerrada la bajada del puente hacia Av. Lugones. Habr\u00e1 desv\u00edos por Av. Udaondo, Av. Pres. Figueroa Alcorta, Juramento, Casta\u00f1eda y La Pampa, con acceso a la AU Illia. De esta manera, se beneficiar\u00e1 a m\u00e1s de 350 mil personas que transitan la zona diariamente.<\/p>\n\n\n\n<p>Las l\u00edneas de colectivo mantendr\u00e1n sus paradas, aunque cambiar\u00e1n temporalmente algunos de sus recorridos.<\/p>\n\n\n\n<figure class=\"wp-block-image size-full\"><img loading=\"lazy\" decoding=\"async\" width=\"678\" height=\"686\" data-attachment-id=\"19667\" data-permalink=\"https:\/\/www.comuna13online.com.ar\/?attachment_id=19667\" data-orig-file=\"https:\/\/www.comuna13online.com.ar\/wp-content\/uploads\/2025\/01\/20250106a_01.jpg\" data-orig-size=\"678,686\" data-comments-opened=\"0\" data-image-meta=\"{&quot;aperture&quot;:&quot;0&quot;,&quot;credit&quot;:&quot;&quot;,&quot;camera&quot;:&quot;&quot;,&quot;caption&quot;:&quot;&quot;,&quot;created_timestamp&quot;:&quot;0&quot;,&quot;copyright&quot;:&quot;&quot;,&quot;focal_length&quot;:&quot;0&quot;,&quot;iso&quot;:&quot;0&quot;,&quot;shutter_speed&quot;:&quot;0&quot;,&quot;title&quot;:&quot;&quot;,&quot;orientation&quot;:&quot;0&quot;}\" data-image-title=\"20250106a_01\" data-image-description=\"\" data-image-caption=\"\" data-large-file=\"https:\/\/www.comuna13online.com.ar\/wp-content\/uploads\/2025\/01\/20250106a_01.jpg\" src=\"https:\/\/www.comuna13online.com.ar\/wp-content\/uploads\/2025\/01\/20250106a_01.jpg\" alt=\"\" class=\"wp-image-19667\"\/><\/figure>\n\n\n\n<p>El proyecto estar\u00e1 a cargo de la empresa AUSA (Autopistas Urbanas S.A) que cuenta con un presupuesto de u$s 18.000.000 para la completa renovaci\u00f3n del puente incorporando nuevas entradas y salidas de las v\u00edas de Lugones y Cantillo, as\u00ed como pasos de peatones y ciclov\u00edas dise\u00f1adas para adaptarse a las nuevas necesidades de movilidad. Por otro lado, la personalizaci\u00f3n de los carriles para cada usuario mejorar\u00e1 la seguridad vial.<\/p>\n\n\n\n<p>Los carriles que actualmente funcionan en ambos sentidos, una vez concluida la obra, se utilizar\u00e1n desde Ciudad Universitaria hacia la Avenida del Libertador. En sentido contrario los veh\u00edculos podr\u00e1n acceder a Lugones e Illia desde la calle Campos Salles que se abri\u00f3 a un costado del Parque de la Innovaci\u00f3n, donde funcionaba el Tiro Federal. Al llegar al l\u00edmite del nuevo espacio p\u00fablico habr\u00e1 una conexi\u00f3n que lo rodea para llegar a las avenidas, se agrega al respecto.<\/p>\n\n\n\n<div style=\"height:15px\" aria-hidden=\"true\" class=\"wp-block-spacer\"><\/div>\n\n\n\n<figure class=\"wp-block-image size-full\"><img loading=\"lazy\" decoding=\"async\" width=\"678\" height=\"452\" data-attachment-id=\"18753\" data-permalink=\"https:\/\/www.comuna13online.com.ar\/?attachment_id=18753\" data-orig-file=\"https:\/\/www.comuna13online.com.ar\/wp-content\/uploads\/2024\/04\/20240416a_02.jpg\" data-orig-size=\"678,452\" data-comments-opened=\"0\" data-image-meta=\"{&quot;aperture&quot;:&quot;0&quot;,&quot;credit&quot;:&quot;&quot;,&quot;camera&quot;:&quot;&quot;,&quot;caption&quot;:&quot;&quot;,&quot;created_timestamp&quot;:&quot;0&quot;,&quot;copyright&quot;:&quot;&quot;,&quot;focal_length&quot;:&quot;0&quot;,&quot;iso&quot;:&quot;0&quot;,&quot;shutter_speed&quot;:&quot;0&quot;,&quot;title&quot;:&quot;&quot;,&quot;orientation&quot;:&quot;0&quot;}\" data-image-title=\"20240416a_02\" data-image-description=\"\" data-image-caption=\"\" data-large-file=\"https:\/\/www.comuna13online.com.ar\/wp-content\/uploads\/2024\/04\/20240416a_02.jpg\" src=\"https:\/\/www.comuna13online.com.ar\/wp-content\/uploads\/2024\/04\/20240416a_02.jpg\" alt=\"\" class=\"wp-image-18753\" srcset=\"https:\/\/www.comuna13online.com.ar\/wp-content\/uploads\/2024\/04\/20240416a_02.jpg 678w, https:\/\/www.comuna13online.com.ar\/wp-content\/uploads\/2024\/04\/20240416a_02-272x182.jpg 272w\" sizes=\"auto, (max-width: 678px) 100vw, 678px\" \/><\/figure>\n\n\n\n<div style=\"height:15px\" aria-hidden=\"true\" class=\"wp-block-spacer\"><\/div>\n\n\n\n<p>El renovado Puente Labruna de la Innovaci\u00f3n mejorar\u00e1 la conectividad y circulaci\u00f3n en una zona con diversos espacios de inter\u00e9s de la Ciudad: el estadio Antonio Vespucio Liberti (Club Atl\u00e9tico River Plate), el Club Ciudad de Buenos Aires, la Universidad Torcuato Di Tella, el Centro Nacional de Alto Rendimiento Deportivo (CeNARD), la estaci\u00f3n Ciudad Universitaria del FC Belgrano, el centro de graduados del Liceo Naval, el Club Universitario Buenos Aires (CUBA), la Ciudad Universitaria, la Reserva Ecol\u00f3gica Norte y el Parque de la Memoria.<\/p>\n\n\n\n<p>La construcci\u00f3n de varias alternativas de acceso al puente permitir\u00e1n diminuir las distancias de recorido y mayor circulaci\u00f3n, por lo que se percibe mayor seguridad. A la pasarela sobre el puente se podr\u00e1 acceder peatonalmente desde 5 puntos diferentes.<\/p>\n","protected":false},"excerpt":{"rendered":"<div class=\"mh-excerpt\">Empieza la renovaci\u00f3n del Puente Labruna con nuevos carriles y pasos peatonales para mejorar la movilidad y crear cruces seguros entre el centro de la Ciudad y la Costanera porte\u00f1a. <a class=\"mh-excerpt-more\" href=\"https:\/\/www.comuna13online.com.ar\/?p=19665\" title=\"Inician las obras para la modernizaci\u00f3n del Puente Labruna\">[&#8230;]<\/a><\/div>\n","protected":false},"author":1,"featured_media":18752,"comment_status":"closed","ping_status":"closed","sticky":false,"template":"","format":"standard","meta":{"_uag_custom_page_level_css":"","_jetpack_memberships_contains_paid_content":false,"footnotes":"","jetpack_publicize_message":"","jetpack_publicize_feature_enabled":true,"jetpack_social_post_already_shared":true,"jetpack_social_options":{"image_generator_settings":{"template":"highway","default_image_id":0,"font":"","enabled":false},"version":2}},"categories":[53],"tags":[19,66,250,296,54,15],"class_list":{"0":"post-19665","1":"post","2":"type-post","3":"status-publish","4":"format-standard","5":"has-post-thumbnail","7":"category-transito","8":"tag-comuna-13","9":"tag-desarrollo-urbano","10":"tag-h2","11":"tag-h3","12":"tag-transito","13":"tag-transporte"},"jetpack_publicize_connections":[],"jetpack_featured_media_url":"https:\/\/www.comuna13online.com.ar\/wp-content\/uploads\/2024\/04\/20240416a_id.jpg","uagb_featured_image_src":{"full":["https:\/\/www.comuna13online.com.ar\/wp-content\/uploads\/2024\/04\/20240416a_id.jpg",678,381,false],"thumbnail":["https:\/\/www.comuna13online.com.ar\/wp-content\/uploads\/2024\/04\/20240416a_id.jpg",128,72,false],"medium":["https:\/\/www.comuna13online.com.ar\/wp-content\/uploads\/2024\/04\/20240416a_id.jpg",678,381,false],"medium_large":["https:\/\/www.comuna13online.com.ar\/wp-content\/uploads\/2024\/04\/20240416a_id.jpg",678,381,false],"large":["https:\/\/www.comuna13online.com.ar\/wp-content\/uploads\/2024\/04\/20240416a_id.jpg",678,381,false],"1536x1536":["https:\/\/www.comuna13online.com.ar\/wp-content\/uploads\/2024\/04\/20240416a_id.jpg",678,381,false],"2048x2048":["https:\/\/www.comuna13online.com.ar\/wp-content\/uploads\/2024\/04\/20240416a_id.jpg",678,381,false],"mh-magazine-slider":["https:\/\/www.comuna13online.com.ar\/wp-content\/uploads\/2024\/04\/20240416a_id.jpg",678,381,false],"mh-magazine-content":["https:\/\/www.comuna13online.com.ar\/wp-content\/uploads\/2024\/04\/20240416a_id.jpg",678,381,false],"mh-magazine-large":["https:\/\/www.comuna13online.com.ar\/wp-content\/uploads\/2024\/04\/20240416a_id.jpg",678,381,false],"mh-magazine-medium":["https:\/\/www.comuna13online.com.ar\/wp-content\/uploads\/2024\/04\/20240416a_id-326x245.jpg",326,245,true],"mh-magazine-small":["https:\/\/www.comuna13online.com.ar\/wp-content\/uploads\/2024\/04\/20240416a_id-80x60.jpg",80,60,true],"sow-carousel-default":["https:\/\/www.comuna13online.com.ar\/wp-content\/uploads\/2024\/04\/20240416a_id-272x182.jpg",272,182,true]},"uagb_author_info":{"display_name":"Comuna13","author_link":"https:\/\/www.comuna13online.com.ar\/?author=1"},"uagb_comment_info":0,"uagb_excerpt":"Empieza la renovaci\u00f3n del Puente Labruna con nuevos carriles y pasos peatonales para mejorar la movilidad y crear cruces seguros entre el centro de la Ciudad y la Costanera porte\u00f1a. [...]","jetpack_sharing_enabled":true,"_links":{"self":[{"href":"https:\/\/www.comuna13online.com.ar\/index.php?rest_route=\/wp\/v2\/posts\/19665","targetHints":{"allow":["GET"]}}],"collection":[{"href":"https:\/\/www.comuna13online.com.ar\/index.php?rest_route=\/wp\/v2\/posts"}],"about":[{"href":"https:\/\/www.comuna13online.com.ar\/index.php?rest_route=\/wp\/v2\/types\/post"}],"author":[{"embeddable":true,"href":"https:\/\/www.comuna13online.com.ar\/index.php?rest_route=\/wp\/v2\/users\/1"}],"replies":[{"embeddable":true,"href":"https:\/\/www.comuna13online.com.ar\/index.php?rest_route=%2Fwp%2Fv2%2Fcomments&post=19665"}],"version-history":[{"count":0,"href":"https:\/\/www.comuna13online.com.ar\/index.php?rest_route=\/wp\/v2\/posts\/19665\/revisions"}],"wp:featuredmedia":[{"embeddable":true,"href":"https:\/\/www.comuna13online.com.ar\/index.php?rest_route=\/wp\/v2\/media\/18752"}],"wp:attachment":[{"href":"https:\/\/www.comuna13online.com.ar\/index.php?rest_route=%2Fwp%2Fv2%2Fmedia&parent=19665"}],"wp:term":[{"taxonomy":"category","embeddable":true,"href":"https:\/\/www.comuna13online.com.ar\/index.php?rest_route=%2Fwp%2Fv2%2Fcategories&post=19665"},{"taxonomy":"post_tag","embeddable":true,"href":"https:\/\/www.comuna13online.com.ar\/index.php?rest_route=%2Fwp%2Fv2%2Ftags&post=19665"}],"curies":[{"name":"wp","href":"https:\/\/api.w.org\/{rel}","templated":true}]}}