{"id":19648,"date":"2024-12-23T11:17:20","date_gmt":"2024-12-23T14:17:20","guid":{"rendered":"https:\/\/www.comuna13online.com.ar\/?p=19648"},"modified":"2024-12-27T16:19:45","modified_gmt":"2024-12-27T19:19:45","slug":"cronograma-de-servicios-publicos-para-el-24-y-31de-diciembre","status":"publish","type":"post","link":"https:\/\/www.comuna13online.com.ar\/?p=19648","title":{"rendered":"Cronograma de servicios p\u00fablicos para el 24 y 31de diciembre"},"content":{"rendered":"\n<p><strong>El Gobierno de la Ciudad inform\u00f3 el cronograma de servicios p\u00fablicos para las v\u00edsperas de Navidad y A\u00f1o Nuevo. El 24 y 31 de diciembre no habr\u00e1 recolecci\u00f3n de residuos.<\/strong><\/p>\n\n\n\n<figure class=\"wp-block-image is-resized\"><img loading=\"lazy\" decoding=\"async\" width=\"678\" height=\"288\" data-attachment-id=\"1018\" data-permalink=\"https:\/\/www.comuna13online.com.ar\/?attachment_id=1018\" data-orig-file=\"https:\/\/www.comuna13online.com.ar\/wp-content\/uploads\/2018\/03\/20180329b.jpg\" data-orig-size=\"1030,438\" data-comments-opened=\"0\" data-image-meta=\"{&quot;aperture&quot;:&quot;0&quot;,&quot;credit&quot;:&quot;&quot;,&quot;camera&quot;:&quot;&quot;,&quot;caption&quot;:&quot;&quot;,&quot;created_timestamp&quot;:&quot;0&quot;,&quot;copyright&quot;:&quot;&quot;,&quot;focal_length&quot;:&quot;0&quot;,&quot;iso&quot;:&quot;0&quot;,&quot;shutter_speed&quot;:&quot;0&quot;,&quot;title&quot;:&quot;&quot;,&quot;orientation&quot;:&quot;0&quot;}\" data-image-title=\"20180329b\" data-image-description=\"\" data-image-caption=\"\" data-large-file=\"https:\/\/www.comuna13online.com.ar\/wp-content\/uploads\/2018\/03\/20180329b.jpg\" src=\"http:\/\/www.comuna13online.com.ar\/wp-content\/uploads\/2018\/03\/20180329b-678x288.jpg\" alt=\"\" class=\"wp-image-1018\" style=\"width:840px;height:auto\" srcset=\"https:\/\/www.comuna13online.com.ar\/wp-content\/uploads\/2018\/03\/20180329b-678x288.jpg 678w, https:\/\/www.comuna13online.com.ar\/wp-content\/uploads\/2018\/03\/20180329b-768x327.jpg 768w, https:\/\/www.comuna13online.com.ar\/wp-content\/uploads\/2018\/03\/20180329b.jpg 1030w\" sizes=\"auto, (max-width: 678px) 100vw, 678px\" \/><\/figure>\n\n\n\n<div style=\"height:20px\" aria-hidden=\"true\" class=\"wp-block-spacer\"><\/div>\n\n\n\n<p>Recolecci\u00f3n de residuos: el 24 y 31 de diciembre no habr\u00e1 recolecci\u00f3n de residuos. Por este motivo, se solicita a los vecinos no sacar sus residuos durante esos d\u00edas -martes 24 y martes 31 de diciembre- para que no se acumule basura dentro de los contenedores.<\/p>\n\n\n\n<p>El mi\u00e9rcoles 25 de diciembre y el mi\u00e9rcoles 1\u00ba de enero el servicio volver\u00e1 a funcionar de forma regular, por lo que se podr\u00e1 sacar la basura en el horario habitual, de 19 a 21, en bolsas cerradas, en el contenedor correspondiente.<\/p>\n\n\n\n<p>Hospitales: durante las noches del 24 y 31 de diciembre, los hospitales especializados de la Ciudad (Hospital Oftalmol\u00f3gico Lagleyze, Hospital Oftalmol\u00f3gico Santa Luc\u00eda y Hospital de Quemados) dispondr\u00e1n de la dotaci\u00f3n completa del personal en las Guardias para la atenci\u00f3n de los vecinos.<\/p>\n\n\n\n<p>El Sistema de Atenci\u00f3n M\u00e9dica de Emergencias (SAME) trabajar\u00e1 con una ampliaci\u00f3n de personal en la Central Operativa 107 y en el servicio de Telemedicina.<\/p>\n\n\n\n<p>La atenci\u00f3n de emergencias y urgencias de la Ciudad ser\u00e1 cubierta con ambulancias medicalizadas, m\u00f3viles de intervenci\u00f3n r\u00e1pida, escuadr\u00f3n de motos m\u00e9dicas, SAME A\u00e9reo y m\u00f3viles especiales de intervenci\u00f3n.<\/p>\n\n\n\n<p>Mientras que el 25 de diciembre y el 1\u00b0 de enero, las guardias y las \u00e1reas cr\u00edticas de los Hospitales de la Ciudad funcionar\u00e1n con normalidad. Por su parte, los consultorios externos estar\u00e1n cerrados y se realizar\u00e1n cirug\u00edas de urgencia.<\/p>\n\n\n\n<p>Escuelas: estar\u00e1n cerradas.<\/p>\n\n\n\n<p>Cementerios: Las inhumaciones en los Cementerios de Chacarita, Flores, Recoleta y el ingreso de los fallecidos al Crematorio de la Ciudad Aut\u00f3noma de Buenos Aires, se realizar\u00e1n de la siguiente manera:<\/p>\n\n\n\n<ul class=\"wp-block-list\">\n<li>Los d\u00edas 24 y 31 de diciembre del 2024 se prestar\u00e1 servicio en el horario de 9 a 12, a destino. Se recibir\u00e1 el \u00faltimo tr\u00e1mite a las 11 para iniciar la \u00faltima inhumaci\u00f3n a las 11:30.<\/li>\n\n\n\n<li>Mientras que el 25 de diciembre y el 1\u00b0 de enero de 2025 se prestar\u00e1 servicio de 9 a 12, a dep\u00f3sito de Chacarita.<\/li>\n<\/ul>\n\n\n\n<p>Administraci\u00f3n Gubernamental de Ingresos P\u00fablicos y Direcci\u00f3n General de Rentas: estar\u00e1 cerrado.<\/p>\n\n\n\n<p>Sedes comunales: estar\u00e1n cerradas el 24, 25, 31 y 1\u00b0.<\/p>\n\n\n\n<p>Registro Civil: estar\u00e1 cerrado.<\/p>\n\n\n\n<p>Estacionamiento:<\/p>\n\n\n\n<p>Martes 24 de diciembre: el estacionamiento en la Ciudad funcionar\u00e1 con normalidad. El estacionamiento medido tendr\u00e1 vigencia como todos los d\u00edas h\u00e1biles. En las calles est\u00e1 permitido de ambos lados las 24 horas. En las avenidas se puede estacionar de 21 a 7, de ambos lados, los d\u00edas h\u00e1biles. Y los fines de semana y feriados las 24 horas. En pasajes, arterias que cuenten con Metrobus, calles de convivencia y en el espacio paralelo a las ciclov\u00edas est\u00e1 prohibido las 24 horas. Todas estas normas regir\u00e1n salvo que la se\u00f1alizaci\u00f3n indique lo contrario.<\/p>\n\n\n\n<p>Mi\u00e9rcoles 25 de diciembre: el estacionamiento funcionar\u00e1 como d\u00eda domingo\/feriado.<\/p>\n\n\n\n<p>Avenidas donde est\u00e1 prohibido estacionar d\u00edas h\u00e1biles de 7 a 21: PERMITIDO ESTACIONAR. Estacionamiento medido: NO TIENE VIGENCIA. Todas las excepciones est\u00e1n se\u00f1alizadas con carteler\u00eda, ya sea porque se puede estacionar donde la norma dice que est\u00e1 prohibido o viceversa. En pasajes, arterias que cuenten con Metrobus, calles de convivencia y en el espacio paralelo a las ciclov\u00edas est\u00e1 prohibido las 24 horas.<\/p>\n\n\n\n<p>M\u00e1s informaci\u00f3n: <a href=\"http:\/\/estacionamiento.gob.ar\/\" target=\"_blank\" rel=\"noreferrer noopener\">http:\/\/estacionamiento.gob.ar\/<\/a><\/p>\n\n\n\n<p><strong>Subtes y Premetro:<\/strong><\/p>\n\n\n\n<p>Martes 24 de diciembre: el servicio de subtes funcionar\u00e1 desde las 6 hasta las 21\/22, seg\u00fan corresponda el horario del \u00faltimo tren de cada l\u00ednea. Los pases funcionar\u00e1n en su forma habitual como todos los d\u00edas h\u00e1biles.<\/p>\n\n\n\n<p>Mi\u00e9rcoles 25 de diciembre: el servicio de subtes funcionar\u00e1 con horario de domingo\/feriado, es decir, comenzando a las 8 y finalizando a las 21\/22, seg\u00fan corresponda el horario del \u00faltimo tren de cada l\u00ednea.<\/p>\n\n\n\n<p>Consultar horarios en: <a href=\"https:\/\/emova.com.ar\/index.php\/horarios-del-servicio\/\" target=\"_blank\" rel=\"noreferrer noopener\">https:\/\/emova.com.ar\/index.php\/horarios-del-servicio\/<\/a><\/p>\n\n\n\n<p><strong>Ecobici:<\/strong><\/p>\n\n\n\n<p>Martes 24 de diciembre: los pases funcionar\u00e1n en su forma habitual como todos los d\u00edas h\u00e1biles.<br>Mi\u00e9rcoles 25 de diciembre: funcionar\u00e1n los siguientes pases:<\/p>\n\n\n\n<p>Intensivos (diario, mensual y anual)<\/p>\n\n\n\n<p>Recreativos (viaje \u00fanico y diario)<\/p>\n\n\n\n<p>Tur\u00edsticos (viaje \u00fanico, diario, 3 d\u00edas y 7 d\u00edas).<\/p>\n\n\n\n<p>Peajes: funcionar\u00e1n con normalidad, tomando como hora pico el horario de fin de semana, es decir: de 11 a 15 sentido provincia y de 17 a 21 sentido centro.<\/p>\n\n\n\n<p>Registro de Licencias para conducir, sede Roca: estar\u00e1 cerrada.<\/p>\n\n\n\n<p>Pista de aprendizaje: estar\u00e1 cerrada.<\/p>\n\n\n\n<p>Verificaci\u00f3n T\u00e9cnica Vehicular: estar\u00e1 cerrada.<\/p>\n\n\n\n<p>Polic\u00eda y Bomberos de la Ciudad + Emergencias L\u00ednea 911; Log\u00edstica, Defensa Civil, Guardia de Auxilio y Emergencias + L\u00ednea 103: habr\u00e1 guardias activas las 24 horas.<\/p>\n\n\n\n<p>Museos de la Ciudad: estar\u00e1n cerrados.<\/p>\n\n\n\n<p>Museo de la Imaginaci\u00f3n y Juegos: estar\u00e1n cerrados.<\/p>\n\n\n\n<p>Torre Monumental: estar\u00e1 cerrada.<\/p>\n\n\n\n<p>Museo Moderno: estar\u00e1 cerrado.<\/p>\n\n\n\n<p>Complejo Teatral de Buenos Aires (CTBA): estar\u00e1 cerrado.<\/p>\n\n\n\n<p>Planetario: estar\u00e1 cerrado.<\/p>\n\n\n\n<p>Bibliotecas p\u00fablicas: estar\u00e1n abiertas el 24 y el 31, con horario reducido de 10 a 14.<\/p>\n\n\n\n<p>Teatro Col\u00f3n: estar\u00e1 cerrado.<\/p>\n\n\n\n<p>Centro Cultural San Mart\u00edn: estar\u00e1 cerrado.<\/p>\n\n\n\n<p>Centro Cultural 25 de Mayo: estar\u00e1 cerrado.<\/p>\n\n\n\n<p>Centro Cultural Recoleta: estar\u00e1 cerrado.<\/p>\n\n\n\n<p>Usina del Arte: estar\u00e1 cerrada.<\/p>\n\n\n\n<p>Parques:<\/p>\n\n\n\n<p>Jard\u00edn Bot\u00e1nico Carlos Thays: estar\u00e1 cerrado.<\/p>\n\n\n\n<p>Ecoparque: estar\u00e1 cerrado.<\/p>\n\n\n\n<p>Reserva Ecol\u00f3gica Costanera Sur: estar\u00e1 cerrada.<\/p>\n\n\n\n<p>Reserva Ecol\u00f3gica Ciudad Universitaria Costanera Norte: estar\u00e1 cerrada.<\/p>\n\n\n\n<p>Reserva Ecol\u00f3gica Lago Lugano: estar\u00e1 cerrada.<\/p>\n","protected":false},"excerpt":{"rendered":"<div class=\"mh-excerpt\">El Gobierno de la Ciudad inform\u00f3 el cronograma de servicios p\u00fablicos para las v\u00edsperas de Navidad y A\u00f1o Nuevo. El 24 y 31 de diciembre no habr\u00e1 recolecci\u00f3n de residuos. <a class=\"mh-excerpt-more\" href=\"https:\/\/www.comuna13online.com.ar\/?p=19648\" title=\"Cronograma de servicios p\u00fablicos para el 24 y 31de diciembre\">[&#8230;]<\/a><\/div>\n","protected":false},"author":1,"featured_media":11656,"comment_status":"closed","ping_status":"closed","sticky":false,"template":"","format":"standard","meta":{"_uag_custom_page_level_css":"","_jetpack_memberships_contains_paid_content":false,"footnotes":"","jetpack_publicize_message":"","jetpack_publicize_feature_enabled":true,"jetpack_social_post_already_shared":true,"jetpack_social_options":{"image_generator_settings":{"template":"highway","default_image_id":0,"font":"","enabled":false},"version":2}},"categories":[138],"tags":[250,296,150],"class_list":{"0":"post-19648","1":"post","2":"type-post","3":"status-publish","4":"format-standard","5":"has-post-thumbnail","7":"category-servicios","8":"tag-h2","9":"tag-h3","10":"tag-servicios-publicos"},"jetpack_publicize_connections":[],"jetpack_featured_media_url":"https:\/\/www.comuna13online.com.ar\/wp-content\/uploads\/2020\/10\/20201012a.jpg","uagb_featured_image_src":{"full":["https:\/\/www.comuna13online.com.ar\/wp-content\/uploads\/2020\/10\/20201012a.jpg",678,452,false],"thumbnail":["https:\/\/www.comuna13online.com.ar\/wp-content\/uploads\/2020\/10\/20201012a-150x150.jpg",96,96,true],"medium":["https:\/\/www.comuna13online.com.ar\/wp-content\/uploads\/2020\/10\/20201012a-678x452.jpg",678,452,true],"medium_large":["https:\/\/www.comuna13online.com.ar\/wp-content\/uploads\/2020\/10\/20201012a.jpg",678,452,false],"large":["https:\/\/www.comuna13online.com.ar\/wp-content\/uploads\/2020\/10\/20201012a.jpg",678,452,false],"1536x1536":["https:\/\/www.comuna13online.com.ar\/wp-content\/uploads\/2020\/10\/20201012a.jpg",678,452,false],"2048x2048":["https:\/\/www.comuna13online.com.ar\/wp-content\/uploads\/2020\/10\/20201012a.jpg",678,452,false],"mh-magazine-slider":["https:\/\/www.comuna13online.com.ar\/wp-content\/uploads\/2020\/10\/20201012a-678x438.jpg",678,438,true],"mh-magazine-content":["https:\/\/www.comuna13online.com.ar\/wp-content\/uploads\/2020\/10\/20201012a-678x381.jpg",678,381,true],"mh-magazine-large":["https:\/\/www.comuna13online.com.ar\/wp-content\/uploads\/2020\/10\/20201012a.jpg",678,452,false],"mh-magazine-medium":["https:\/\/www.comuna13online.com.ar\/wp-content\/uploads\/2020\/10\/20201012a-326x245.jpg",326,245,true],"mh-magazine-small":["https:\/\/www.comuna13online.com.ar\/wp-content\/uploads\/2020\/10\/20201012a-80x60.jpg",80,60,true],"sow-carousel-default":["https:\/\/www.comuna13online.com.ar\/wp-content\/uploads\/2020\/10\/20201012a-272x182.jpg",272,182,true]},"uagb_author_info":{"display_name":"Comuna13","author_link":"https:\/\/www.comuna13online.com.ar\/?author=1"},"uagb_comment_info":0,"uagb_excerpt":"El Gobierno de la Ciudad inform\u00f3 el cronograma de servicios p\u00fablicos para las v\u00edsperas de Navidad y A\u00f1o Nuevo. El 24 y 31 de diciembre no habr\u00e1 recolecci\u00f3n de residuos. [...]","jetpack_sharing_enabled":true,"_links":{"self":[{"href":"https:\/\/www.comuna13online.com.ar\/index.php?rest_route=\/wp\/v2\/posts\/19648","targetHints":{"allow":["GET"]}}],"collection":[{"href":"https:\/\/www.comuna13online.com.ar\/index.php?rest_route=\/wp\/v2\/posts"}],"about":[{"href":"https:\/\/www.comuna13online.com.ar\/index.php?rest_route=\/wp\/v2\/types\/post"}],"author":[{"embeddable":true,"href":"https:\/\/www.comuna13online.com.ar\/index.php?rest_route=\/wp\/v2\/users\/1"}],"replies":[{"embeddable":true,"href":"https:\/\/www.comuna13online.com.ar\/index.php?rest_route=%2Fwp%2Fv2%2Fcomments&post=19648"}],"version-history":[{"count":0,"href":"https:\/\/www.comuna13online.com.ar\/index.php?rest_route=\/wp\/v2\/posts\/19648\/revisions"}],"wp:featuredmedia":[{"embeddable":true,"href":"https:\/\/www.comuna13online.com.ar\/index.php?rest_route=\/wp\/v2\/media\/11656"}],"wp:attachment":[{"href":"https:\/\/www.comuna13online.com.ar\/index.php?rest_route=%2Fwp%2Fv2%2Fmedia&parent=19648"}],"wp:term":[{"taxonomy":"category","embeddable":true,"href":"https:\/\/www.comuna13online.com.ar\/index.php?rest_route=%2Fwp%2Fv2%2Fcategories&post=19648"},{"taxonomy":"post_tag","embeddable":true,"href":"https:\/\/www.comuna13online.com.ar\/index.php?rest_route=%2Fwp%2Fv2%2Ftags&post=19648"}],"curies":[{"name":"wp","href":"https:\/\/api.w.org\/{rel}","templated":true}]}}