{"id":19647,"date":"2024-12-27T12:01:16","date_gmt":"2024-12-27T15:01:16","guid":{"rendered":"https:\/\/www.comuna13online.com.ar\/?p=19647"},"modified":"2025-01-10T19:24:04","modified_gmt":"2025-01-10T22:24:04","slug":"jorge-macri-desdoblara-las-elecciones-y-buscara-suspende-las-paso","status":"publish","type":"post","link":"https:\/\/www.comuna13online.com.ar\/?p=19647","title":{"rendered":"Jorge Macri desdoblar\u00e1 las elecciones y buscar\u00e1 suspender las PASO"},"content":{"rendered":"\n<p><strong>En conferencia de prensa anunci\u00f3 que el domingo 6 de julio se desarrollar\u00e1n las elecciones legislativas de 2025 y  buscar\u00e1 en la Legislatura suspender las Primarias Abiertas Simult\u00e1neas y Obligatorias.<\/strong><\/p>\n\n\n\n<figure class=\"wp-block-image size-full\"><img loading=\"lazy\" decoding=\"async\" width=\"678\" height=\"452\" data-attachment-id=\"19651\" data-permalink=\"https:\/\/www.comuna13online.com.ar\/?attachment_id=19651\" data-orig-file=\"https:\/\/www.comuna13online.com.ar\/wp-content\/uploads\/2024\/12\/20241227a_01.jpg\" data-orig-size=\"678,452\" data-comments-opened=\"0\" data-image-meta=\"{&quot;aperture&quot;:&quot;0&quot;,&quot;credit&quot;:&quot;&quot;,&quot;camera&quot;:&quot;&quot;,&quot;caption&quot;:&quot;&quot;,&quot;created_timestamp&quot;:&quot;0&quot;,&quot;copyright&quot;:&quot;&quot;,&quot;focal_length&quot;:&quot;0&quot;,&quot;iso&quot;:&quot;0&quot;,&quot;shutter_speed&quot;:&quot;0&quot;,&quot;title&quot;:&quot;&quot;,&quot;orientation&quot;:&quot;0&quot;}\" data-image-title=\"20241227a_01\" data-image-description=\"\" data-image-caption=\"\" data-large-file=\"https:\/\/www.comuna13online.com.ar\/wp-content\/uploads\/2024\/12\/20241227a_01.jpg\" src=\"https:\/\/www.comuna13online.com.ar\/wp-content\/uploads\/2024\/12\/20241227a_01.jpg\" alt=\"\" class=\"wp-image-19651\" srcset=\"https:\/\/www.comuna13online.com.ar\/wp-content\/uploads\/2024\/12\/20241227a_01.jpg 678w, https:\/\/www.comuna13online.com.ar\/wp-content\/uploads\/2024\/12\/20241227a_01-272x182.jpg 272w\" sizes=\"auto, (max-width: 678px) 100vw, 678px\" \/><\/figure>\n\n\n\n<p>En una conferencia de prensa realizada esta ma\u00f1ana en la sede de gobierno de la calle Uspallata, el jefe de Gobierno de la Ciudad de Buenos Aires, Jorge Macri, anunci\u00f3 que desdoblar\u00e1 las elecciones legislativas y adelant\u00f3 que convocar\u00e1 a sesiones extraordinarias para tratar la eliminaci\u00f3n de las PASO el pr\u00f3ximo a\u00f1o.<\/p>\n\n\n\n<p>Sobre el desdoblamiento electoral y las elecciones legislativas anticipadas, Macri sostuvo que es necesario que los legisladores discutan los temas claves que promueven la autonom\u00eda de la Ciudad y que le importan a los porte\u00f1os, como lo hacen otras provincias.<\/p>\n\n\n\n<p><em>\u201cQueremos discutir nuestra propia agenda local. Vamos a implementar un conjunto de reformas que incluyen cambios electorales, as\u00ed como tambi\u00e9n la reducci\u00f3n de la carga tributaria, una reforma institucional con cambios administrativos y de gesti\u00f3n, y la profundizaci\u00f3n de la autonom\u00eda de la Ciudad\u201d<\/em>, afirm\u00f3 el alcalde porte\u00f1o, acompa\u00f1ado por la nueva vocera institucional de la Ciudad, Laura Alonso.<\/p>\n\n\n\n<p>Seg\u00fan el decreto 401\/24 publicado hoy en el bolet\u00edn oficial, de no suspenderse, las Primarias, Abiertas, Simult\u00e1neas y Obligatorias se desarrollar\u00edan el 27 de abril de 2025 y las elecciones legislativas locales el 6 de julio. Se elegir\u00e1n treinta Diputados para integrar el Poder Legislativo de la Ciudad, quienes asumir\u00e1n sus funciones el d\u00eda 10 de diciembre del mismo a\u00f1o.<\/p>\n\n\n\n<div style=\"height:20px\" aria-hidden=\"true\" class=\"wp-block-spacer\"><\/div>\n<div align=\"center\">\n<blockquote class=\"twitter-tweet\"><p lang=\"es\" dir=\"ltr\">UNA CIUDAD VERDADERAMENTE AUT\u00d3NOMA<br><br>Porque queremos discutir nuestra propia agenda local y darle la relevancia que se merece a lo que les preocupa a los porte\u00f1os vamos a implementar en el 2025 un conjunto de reformas: <br>&#8211; Reforma electoral, <br>&#8211; \u2060Reducci\u00f3n de la carga tributaria,\u2026 <a href=\"https:\/\/t.co\/4FtmE3Vdjs\">pic.twitter.com\/4FtmE3Vdjs<\/a><\/p>&mdash; Jorge Macri (@jorgemacri) <a href=\"https:\/\/twitter.com\/jorgemacri\/status\/1872614448873037963?ref_src=twsrc%5Etfw\">December 27, 2024<\/a><\/blockquote> <script async src=\"https:\/\/platform.twitter.com\/widgets.js\" charset=\"utf-8\"><\/script>\n<\/div>\n<div style=\"height:20px\" aria-hidden=\"true\" class=\"wp-block-spacer\"><\/div>\n\n\n\n<p><em>\u201cHoy decidimos desdoblar las elecciones legislativas de la Ciudad y conjuntamente vamos a enviar un proyecto y a convocar a la Legislatura a sesiones extraordinarias para tratar la suspensi\u00f3n de las PASO\u201d<\/em>, anunci\u00f3 Jorge Macri.<\/p>\n\n\n\n<p>En ese sentido, el Jefe de Gobierno porte\u00f1o destac\u00f3 el di\u00e1logo con todos los espacios pol\u00edticos y las coincidencias para dejar sin efecto las elecciones Primarias, Abiertas, Simult\u00e1neas y Obligatorias (PASO). que significa un ahorro para las arcas de la Ciudad de 20 mil millones de pesos.\u00a0<\/p>\n\n\n\n<p><em>\u201cMuchos hoy hablan de cambio, pero el \u00fanico cambio es el que se hace, no el que se dice. Nosotros no hacemos simplemente anuncios. Nos enfocamos en ese cambio transformador que mejora la vida de todos los que viven ac\u00e1, los que invierten, los que trabajan, estudian o nos visitan\u201d<\/em>, manifest\u00f3 el Jefe de Gobierno.<\/p>\n\n\n\n<p><em>\u201cNo voy a cansarme de insistir: la Ciudad siempre va a estar primero. \u00c9ste seguir\u00e1 siendo mi compromiso y el de todo este gran equipo de gesti\u00f3n que me acompa\u00f1a\u201d<\/em>, concluy\u00f3.<\/p>\n\n\n\n<p><\/p>\n\n\n\n<p>  <\/p>\n","protected":false},"excerpt":{"rendered":"<div class=\"mh-excerpt\">En conferencia de prensa anunci\u00f3 que el domingo 6 de julio se desarrollar\u00e1n las elecciones legislativas de 2025 y buscar\u00e1 en la Legislatura suspender las Primarias Abiertas Simult\u00e1neas y Obligatorias. <a class=\"mh-excerpt-more\" href=\"https:\/\/www.comuna13online.com.ar\/?p=19647\" title=\"Jorge Macri desdoblar\u00e1 las elecciones y buscar\u00e1 suspender las PASO\">[&#8230;]<\/a><\/div>\n","protected":false},"author":1,"featured_media":19650,"comment_status":"closed","ping_status":"closed","sticky":false,"template":"","format":"standard","meta":{"_uag_custom_page_level_css":"","_jetpack_memberships_contains_paid_content":false,"footnotes":"","jetpack_publicize_message":"","jetpack_publicize_feature_enabled":true,"jetpack_social_post_already_shared":true,"jetpack_social_options":{"image_generator_settings":{"template":"highway","default_image_id":0,"font":"","enabled":false},"version":2}},"categories":[232],"tags":[190,250,296,316,119],"class_list":{"0":"post-19647","1":"post","2":"type-post","3":"status-publish","4":"format-standard","5":"has-post-thumbnail","7":"category-elecciones","8":"tag-elecciones","9":"tag-h2","10":"tag-h3","11":"tag-macri","12":"tag-politica"},"jetpack_publicize_connections":[],"jetpack_featured_media_url":"https:\/\/www.comuna13online.com.ar\/wp-content\/uploads\/2024\/12\/20241227a_id.jpg","uagb_featured_image_src":{"full":["https:\/\/www.comuna13online.com.ar\/wp-content\/uploads\/2024\/12\/20241227a_id.jpg",678,381,false],"thumbnail":["https:\/\/www.comuna13online.com.ar\/wp-content\/uploads\/2024\/12\/20241227a_id.jpg",128,72,false],"medium":["https:\/\/www.comuna13online.com.ar\/wp-content\/uploads\/2024\/12\/20241227a_id.jpg",678,381,false],"medium_large":["https:\/\/www.comuna13online.com.ar\/wp-content\/uploads\/2024\/12\/20241227a_id.jpg",678,381,false],"large":["https:\/\/www.comuna13online.com.ar\/wp-content\/uploads\/2024\/12\/20241227a_id.jpg",678,381,false],"1536x1536":["https:\/\/www.comuna13online.com.ar\/wp-content\/uploads\/2024\/12\/20241227a_id.jpg",678,381,false],"2048x2048":["https:\/\/www.comuna13online.com.ar\/wp-content\/uploads\/2024\/12\/20241227a_id.jpg",678,381,false],"mh-magazine-slider":["https:\/\/www.comuna13online.com.ar\/wp-content\/uploads\/2024\/12\/20241227a_id.jpg",678,381,false],"mh-magazine-content":["https:\/\/www.comuna13online.com.ar\/wp-content\/uploads\/2024\/12\/20241227a_id.jpg",678,381,false],"mh-magazine-large":["https:\/\/www.comuna13online.com.ar\/wp-content\/uploads\/2024\/12\/20241227a_id.jpg",678,381,false],"mh-magazine-medium":["https:\/\/www.comuna13online.com.ar\/wp-content\/uploads\/2024\/12\/20241227a_id-326x245.jpg",326,245,true],"mh-magazine-small":["https:\/\/www.comuna13online.com.ar\/wp-content\/uploads\/2024\/12\/20241227a_id-80x60.jpg",80,60,true],"sow-carousel-default":["https:\/\/www.comuna13online.com.ar\/wp-content\/uploads\/2024\/12\/20241227a_id-272x182.jpg",272,182,true]},"uagb_author_info":{"display_name":"Comuna13","author_link":"https:\/\/www.comuna13online.com.ar\/?author=1"},"uagb_comment_info":0,"uagb_excerpt":"En conferencia de prensa anunci\u00f3 que el domingo 6 de julio se desarrollar\u00e1n las elecciones legislativas de 2025 y buscar\u00e1 en la Legislatura suspender las Primarias Abiertas Simult\u00e1neas y Obligatorias. [...]","jetpack_sharing_enabled":true,"_links":{"self":[{"href":"https:\/\/www.comuna13online.com.ar\/index.php?rest_route=\/wp\/v2\/posts\/19647","targetHints":{"allow":["GET"]}}],"collection":[{"href":"https:\/\/www.comuna13online.com.ar\/index.php?rest_route=\/wp\/v2\/posts"}],"about":[{"href":"https:\/\/www.comuna13online.com.ar\/index.php?rest_route=\/wp\/v2\/types\/post"}],"author":[{"embeddable":true,"href":"https:\/\/www.comuna13online.com.ar\/index.php?rest_route=\/wp\/v2\/users\/1"}],"replies":[{"embeddable":true,"href":"https:\/\/www.comuna13online.com.ar\/index.php?rest_route=%2Fwp%2Fv2%2Fcomments&post=19647"}],"version-history":[{"count":0,"href":"https:\/\/www.comuna13online.com.ar\/index.php?rest_route=\/wp\/v2\/posts\/19647\/revisions"}],"wp:featuredmedia":[{"embeddable":true,"href":"https:\/\/www.comuna13online.com.ar\/index.php?rest_route=\/wp\/v2\/media\/19650"}],"wp:attachment":[{"href":"https:\/\/www.comuna13online.com.ar\/index.php?rest_route=%2Fwp%2Fv2%2Fmedia&parent=19647"}],"wp:term":[{"taxonomy":"category","embeddable":true,"href":"https:\/\/www.comuna13online.com.ar\/index.php?rest_route=%2Fwp%2Fv2%2Fcategories&post=19647"},{"taxonomy":"post_tag","embeddable":true,"href":"https:\/\/www.comuna13online.com.ar\/index.php?rest_route=%2Fwp%2Fv2%2Ftags&post=19647"}],"curies":[{"name":"wp","href":"https:\/\/api.w.org\/{rel}","templated":true}]}}