{"id":19635,"date":"2024-12-18T18:08:38","date_gmt":"2024-12-18T21:08:38","guid":{"rendered":"https:\/\/www.comuna13online.com.ar\/?p=19635"},"modified":"2024-12-18T18:08:42","modified_gmt":"2024-12-18T21:08:42","slug":"navidad-en-el-mercado-de-belgrano","status":"publish","type":"post","link":"https:\/\/www.comuna13online.com.ar\/?p=19635","title":{"rendered":"Navidad en el Mercado de Belgrano"},"content":{"rendered":"\n<p><strong>El Mercado de Belgrano estar\u00e1 ambientado para las fiestas. Pap\u00e1 Noel recibir\u00e1 a los chicos para fotos y cartas, del 19 al 23 de diciembre, con entrada libre y gratuita.<\/strong><\/p>\n\n\n\n<figure class=\"wp-block-image size-full\"><img loading=\"lazy\" decoding=\"async\" width=\"678\" height=\"381\" data-attachment-id=\"19637\" data-permalink=\"https:\/\/www.comuna13online.com.ar\/?attachment_id=19637\" data-orig-file=\"https:\/\/www.comuna13online.com.ar\/wp-content\/uploads\/2024\/12\/20241218a_01.jpg\" data-orig-size=\"678,381\" data-comments-opened=\"0\" data-image-meta=\"{&quot;aperture&quot;:&quot;0&quot;,&quot;credit&quot;:&quot;&quot;,&quot;camera&quot;:&quot;&quot;,&quot;caption&quot;:&quot;&quot;,&quot;created_timestamp&quot;:&quot;0&quot;,&quot;copyright&quot;:&quot;&quot;,&quot;focal_length&quot;:&quot;0&quot;,&quot;iso&quot;:&quot;0&quot;,&quot;shutter_speed&quot;:&quot;0&quot;,&quot;title&quot;:&quot;&quot;,&quot;orientation&quot;:&quot;0&quot;}\" data-image-title=\"20241218a_01\" data-image-description=\"\" data-image-caption=\"\" data-large-file=\"https:\/\/www.comuna13online.com.ar\/wp-content\/uploads\/2024\/12\/20241218a_01.jpg\" src=\"https:\/\/www.comuna13online.com.ar\/wp-content\/uploads\/2024\/12\/20241218a_01.jpg\" alt=\"\" class=\"wp-image-19637\"\/><\/figure>\n\n\n\n<p>El Gobierno de la Ciudad, a trav\u00e9s de BA Capital Gastron\u00f3mica, invita a disfrutar del esp\u00edritu navide\u00f1o en dos mercados de la Ciudad: Mercado Belgrano y Mercado San Nicol\u00e1s.<\/p>\n\n\n\n<p>Las semanas previas a las fiestas, el Mercado Belgrano y el Mercado San Nicol\u00e1s contar\u00e1n con una ambientaci\u00f3n especial para recibir a los vecinos: guirnaldas, borlas y luces decorar\u00e1n el interior y tambi\u00e9n habr\u00e1 un sector con un sill\u00f3n y \u00e1rbol de Navidad en el que Pap\u00e1 Noel recibir\u00e1 a los ni\u00f1os para dejarle su cartita y sacarse una foto con \u00e9l.<\/p>\n\n\n\n<p>Durante la visita a los mercados, los vecinos podr\u00e1n aprovechar tanto para comer en los locales gastron\u00f3micos, como para realizar las compras navide\u00f1as aprovechando la amplia variedad de propuestas: carnicer\u00edas, verduler\u00edas, poller\u00edas, fiambrer\u00edas, diet\u00e9ticas y pescader\u00edas, entre otros rubros.<\/p>\n\n\n\n<p>Fecha: Jueves 19, viernes 20, s\u00e1bado 21 y lunes 23 de diciembre.<br>Horario: de 11 a 19 h.<br>Direcci\u00f3n: Mercado Belgrano (Av. Juramento 2527, CABA) y Mercado San Nicol\u00e1s (Av. C\u00f3rdoba 1750, CABA).<br>Entrada libre y sin costo.<\/p>\n\n\n\n<p>M\u00e1s info en el Instagram: <a href=\"https:\/\/www.instagram.com\/bacapitalgastronomica\/?hl=es\" data-type=\"link\" data-id=\"https:\/\/www.instagram.com\/bacapitalgastronomica\/?hl=es\" target=\"_blank\" rel=\"noreferrer noopener\"><em>@bacapitalgastronomica<\/em><\/a><\/p>\n\n\n\n<div style=\"height:20px\" aria-hidden=\"true\" class=\"wp-block-spacer\"><\/div>\n<div align=\"center\">\n<blockquote class=\"twitter-tweet\"><p lang=\"es\" dir=\"ltr\">\u00a1Navidad en Barrios!<br><br>Se ambientar\u00e1n espacios con adornos y luces navide\u00f1as. Adem\u00e1s, los chicos podr\u00e1n sacarse una foto con Pap\u00e1 Noel los siguientes d\u00edas:<br><br>\ud83d\udcc5 19 al 22, 12 a 19H | 23\/12, 11 a 19H<br>\ud83d\udccd Mercado de Belgrano, Juramento 2527<br>\ud83d\udccd Mercado de San Nicol\u00e1s, Av. C\u00f3rdoba 1750 <a href=\"https:\/\/t.co\/35d1uy9V7N\">pic.twitter.com\/35d1uy9V7N<\/a><\/p>&mdash; DescubrirBA (@Descubrir_BA) <a href=\"https:\/\/twitter.com\/Descubrir_BA\/status\/1869058480415633540?ref_src=twsrc%5Etfw\">December 17, 2024<\/a><\/blockquote> <script async src=\"https:\/\/platform.twitter.com\/widgets.js\" charset=\"utf-8\"><\/script>\n<\/div>\n<div style=\"height:20px\" aria-hidden=\"true\" class=\"wp-block-spacer\"><\/div>\n","protected":false},"excerpt":{"rendered":"<div class=\"mh-excerpt\">El Mercado de Belgrano estar\u00e1 ambientado para las fiestas. Pap\u00e1 Noel recibir\u00e1 a los chicos para fotos y cartas, del 19 al 23 de diciembre, con entrada libre y gratuita. <a class=\"mh-excerpt-more\" href=\"https:\/\/www.comuna13online.com.ar\/?p=19635\" title=\"Navidad en el Mercado de Belgrano\">[&#8230;]<\/a><\/div>\n","protected":false},"author":1,"featured_media":19636,"comment_status":"closed","ping_status":"closed","sticky":false,"template":"","format":"standard","meta":{"_uag_custom_page_level_css":"","_jetpack_memberships_contains_paid_content":false,"footnotes":"","jetpack_publicize_message":"","jetpack_publicize_feature_enabled":true,"jetpack_social_post_already_shared":true,"jetpack_social_options":{"image_generator_settings":{"template":"highway","default_image_id":0,"font":"","enabled":false},"version":2}},"categories":[220],"tags":[221,250,296],"class_list":{"0":"post-19635","1":"post","2":"type-post","3":"status-publish","4":"format-standard","5":"has-post-thumbnail","7":"category-ferias","8":"tag-ferias","9":"tag-h2","10":"tag-h3"},"jetpack_publicize_connections":[],"jetpack_featured_media_url":"https:\/\/www.comuna13online.com.ar\/wp-content\/uploads\/2024\/12\/20241218a_id.jpg","uagb_featured_image_src":{"full":["https:\/\/www.comuna13online.com.ar\/wp-content\/uploads\/2024\/12\/20241218a_id.jpg",678,381,false],"thumbnail":["https:\/\/www.comuna13online.com.ar\/wp-content\/uploads\/2024\/12\/20241218a_id.jpg",128,72,false],"medium":["https:\/\/www.comuna13online.com.ar\/wp-content\/uploads\/2024\/12\/20241218a_id.jpg",678,381,false],"medium_large":["https:\/\/www.comuna13online.com.ar\/wp-content\/uploads\/2024\/12\/20241218a_id.jpg",678,381,false],"large":["https:\/\/www.comuna13online.com.ar\/wp-content\/uploads\/2024\/12\/20241218a_id.jpg",678,381,false],"1536x1536":["https:\/\/www.comuna13online.com.ar\/wp-content\/uploads\/2024\/12\/20241218a_id.jpg",678,381,false],"2048x2048":["https:\/\/www.comuna13online.com.ar\/wp-content\/uploads\/2024\/12\/20241218a_id.jpg",678,381,false],"mh-magazine-slider":["https:\/\/www.comuna13online.com.ar\/wp-content\/uploads\/2024\/12\/20241218a_id.jpg",678,381,false],"mh-magazine-content":["https:\/\/www.comuna13online.com.ar\/wp-content\/uploads\/2024\/12\/20241218a_id.jpg",678,381,false],"mh-magazine-large":["https:\/\/www.comuna13online.com.ar\/wp-content\/uploads\/2024\/12\/20241218a_id.jpg",678,381,false],"mh-magazine-medium":["https:\/\/www.comuna13online.com.ar\/wp-content\/uploads\/2024\/12\/20241218a_id-326x245.jpg",326,245,true],"mh-magazine-small":["https:\/\/www.comuna13online.com.ar\/wp-content\/uploads\/2024\/12\/20241218a_id-80x60.jpg",80,60,true],"sow-carousel-default":["https:\/\/www.comuna13online.com.ar\/wp-content\/uploads\/2024\/12\/20241218a_id-272x182.jpg",272,182,true]},"uagb_author_info":{"display_name":"Comuna13","author_link":"https:\/\/www.comuna13online.com.ar\/?author=1"},"uagb_comment_info":0,"uagb_excerpt":"El Mercado de Belgrano estar\u00e1 ambientado para las fiestas. Pap\u00e1 Noel recibir\u00e1 a los chicos para fotos y cartas, del 19 al 23 de diciembre, con entrada libre y gratuita. [...]","jetpack_sharing_enabled":true,"_links":{"self":[{"href":"https:\/\/www.comuna13online.com.ar\/index.php?rest_route=\/wp\/v2\/posts\/19635","targetHints":{"allow":["GET"]}}],"collection":[{"href":"https:\/\/www.comuna13online.com.ar\/index.php?rest_route=\/wp\/v2\/posts"}],"about":[{"href":"https:\/\/www.comuna13online.com.ar\/index.php?rest_route=\/wp\/v2\/types\/post"}],"author":[{"embeddable":true,"href":"https:\/\/www.comuna13online.com.ar\/index.php?rest_route=\/wp\/v2\/users\/1"}],"replies":[{"embeddable":true,"href":"https:\/\/www.comuna13online.com.ar\/index.php?rest_route=%2Fwp%2Fv2%2Fcomments&post=19635"}],"version-history":[{"count":0,"href":"https:\/\/www.comuna13online.com.ar\/index.php?rest_route=\/wp\/v2\/posts\/19635\/revisions"}],"wp:featuredmedia":[{"embeddable":true,"href":"https:\/\/www.comuna13online.com.ar\/index.php?rest_route=\/wp\/v2\/media\/19636"}],"wp:attachment":[{"href":"https:\/\/www.comuna13online.com.ar\/index.php?rest_route=%2Fwp%2Fv2%2Fmedia&parent=19635"}],"wp:term":[{"taxonomy":"category","embeddable":true,"href":"https:\/\/www.comuna13online.com.ar\/index.php?rest_route=%2Fwp%2Fv2%2Fcategories&post=19635"},{"taxonomy":"post_tag","embeddable":true,"href":"https:\/\/www.comuna13online.com.ar\/index.php?rest_route=%2Fwp%2Fv2%2Ftags&post=19635"}],"curies":[{"name":"wp","href":"https:\/\/api.w.org\/{rel}","templated":true}]}}