{"id":19594,"date":"2024-11-22T18:18:07","date_gmt":"2024-11-22T21:18:07","guid":{"rendered":"https:\/\/www.comuna13online.com.ar\/?p=19594"},"modified":"2024-12-03T20:47:39","modified_gmt":"2024-12-03T23:47:39","slug":"tiene-fecha-de-reapertura-el-puente-de-ciudad-de-la-paz","status":"publish","type":"post","link":"https:\/\/www.comuna13online.com.ar\/?p=19594","title":{"rendered":"Tiene fecha de reapertura el puente de Ciudad de la Paz"},"content":{"rendered":"\n<p><strong>Permanece cerrado desde enero, est\u00e1 elevado sobre las v\u00edas del ferrocarril Mitre y conecta los barrios de Palermo con Colegiales y Belgrano. Jorge Macri anunci\u00f3 su reapertura en el lugar.<\/strong><\/p>\n\n\n\n<figure class=\"wp-block-image size-full\"><img loading=\"lazy\" decoding=\"async\" width=\"678\" height=\"452\" data-attachment-id=\"19600\" data-permalink=\"https:\/\/www.comuna13online.com.ar\/?attachment_id=19600\" data-orig-file=\"https:\/\/www.comuna13online.com.ar\/wp-content\/uploads\/2024\/11\/20241122b_02.jpg\" data-orig-size=\"678,452\" data-comments-opened=\"0\" data-image-meta=\"{&quot;aperture&quot;:&quot;0&quot;,&quot;credit&quot;:&quot;&quot;,&quot;camera&quot;:&quot;&quot;,&quot;caption&quot;:&quot;&quot;,&quot;created_timestamp&quot;:&quot;0&quot;,&quot;copyright&quot;:&quot;&quot;,&quot;focal_length&quot;:&quot;0&quot;,&quot;iso&quot;:&quot;0&quot;,&quot;shutter_speed&quot;:&quot;0&quot;,&quot;title&quot;:&quot;&quot;,&quot;orientation&quot;:&quot;0&quot;}\" data-image-title=\"20241122b_02\" data-image-description=\"\" data-image-caption=\"\" data-large-file=\"https:\/\/www.comuna13online.com.ar\/wp-content\/uploads\/2024\/11\/20241122b_02.jpg\" src=\"https:\/\/www.comuna13online.com.ar\/wp-content\/uploads\/2024\/11\/20241122b_02.jpg\" alt=\"\" class=\"wp-image-19600\" srcset=\"https:\/\/www.comuna13online.com.ar\/wp-content\/uploads\/2024\/11\/20241122b_02.jpg 678w, https:\/\/www.comuna13online.com.ar\/wp-content\/uploads\/2024\/11\/20241122b_02-272x182.jpg 272w\" sizes=\"auto, (max-width: 678px) 100vw, 678px\" \/><\/figure>\n\n\n\n<div style=\"height:15px\" aria-hidden=\"true\" class=\"wp-block-spacer\"><\/div>\n\n\n\n<p>El puente se encuentra sobre la calle Ciudad de la Paz, entre Santos Dumont y Dorrego, en la Ciudad de Buenos Aires, cruza por encima del Ferrocarril Mitre y es una conexi\u00f3n fundamental entre Colegiales y Palermo. Desde que se inhabilit\u00f3 a principios de a\u00f1o, ha generado un caos vehicular en la zona sumado al malestar de vecinos y automovilistas.<\/p>\n\n\n\n<p>Inicialmente, la prioridad era hacer que el puente volviera a ser transitable y mejorar el entorno de la zona, por ello est\u00e1 previsto que se abra exclusivamente al tr\u00e1nsito liviano a partir del 31 de marzo de 2025.<\/p>\n\n\n\n<p><em>\u201cEstamos cumpliendo con la apertura del puente cerrado en diciembre pasado por la gesti\u00f3n anterior. Con esta obra de reparaci\u00f3n, que es r\u00e1pida, vamos a permitir el funcionamiento mientras avanzamos con la obra definitiva\u201d<\/em>, resalt\u00f3 el Jefe de Gobierno, Jorge Macri, al anunciarle a los vecinos la reapertura del puente.<\/p>\n\n\n\n<p>Para habilitar el puente, el Gobierno de la Ciudad est\u00e1 realizando trabajos de reacondicionamiento de las calzadas y desag\u00fces, reconstrucci\u00f3n de las juntas y se agregar\u00e1n y soldar\u00e1n nuevos refuerzos met\u00e1licos para garantizar la seguridad. Por el momento no se ha informado sobre la habilitaci\u00f3n para el tr\u00e1nsito pesado.<\/p>\n\n\n\n<h4 class=\"wp-block-heading\">Sobre el Puente<\/h4>\n\n\n\n<p>Fue construido en 1919 por la Compa\u00f1\u00eda de Tramways Lacroze para el paso de sus tranv\u00edas por encima de las v\u00eda del Ferrocarril Central Argentino (hoy Ferrocarril Mitre), reci\u00e9n en la d\u00e9cada del 60 fue adaptado para el paso vehicular.<\/p>\n\n\n\n<div style=\"height:20px\" aria-hidden=\"true\" class=\"wp-block-spacer\"><\/div>\n\n\n\n<figure class=\"wp-block-image size-full\"><img loading=\"lazy\" decoding=\"async\" width=\"678\" height=\"452\" data-attachment-id=\"19601\" data-permalink=\"https:\/\/www.comuna13online.com.ar\/?attachment_id=19601\" data-orig-file=\"https:\/\/www.comuna13online.com.ar\/wp-content\/uploads\/2024\/11\/20241122b_01.jpg\" data-orig-size=\"678,452\" data-comments-opened=\"0\" data-image-meta=\"{&quot;aperture&quot;:&quot;0&quot;,&quot;credit&quot;:&quot;&quot;,&quot;camera&quot;:&quot;&quot;,&quot;caption&quot;:&quot;&quot;,&quot;created_timestamp&quot;:&quot;0&quot;,&quot;copyright&quot;:&quot;&quot;,&quot;focal_length&quot;:&quot;0&quot;,&quot;iso&quot;:&quot;0&quot;,&quot;shutter_speed&quot;:&quot;0&quot;,&quot;title&quot;:&quot;&quot;,&quot;orientation&quot;:&quot;0&quot;}\" data-image-title=\"20241122b_01\" data-image-description=\"\" data-image-caption=\"\" data-large-file=\"https:\/\/www.comuna13online.com.ar\/wp-content\/uploads\/2024\/11\/20241122b_01.jpg\" src=\"https:\/\/www.comuna13online.com.ar\/wp-content\/uploads\/2024\/11\/20241122b_01.jpg\" alt=\"\" class=\"wp-image-19601\" srcset=\"https:\/\/www.comuna13online.com.ar\/wp-content\/uploads\/2024\/11\/20241122b_01.jpg 678w, https:\/\/www.comuna13online.com.ar\/wp-content\/uploads\/2024\/11\/20241122b_01-272x182.jpg 272w\" sizes=\"auto, (max-width: 678px) 100vw, 678px\" \/><\/figure>\n","protected":false},"excerpt":{"rendered":"<div class=\"mh-excerpt\">Permanece cerrado desde enero, est\u00e1 elevado sobre las v\u00edas del ferrocarril Mitre y conecta los barrios de Palermo con Colegiales y Belgrano. Jorge Macri anunci\u00f3 su reapertura en el lugar. <a class=\"mh-excerpt-more\" href=\"https:\/\/www.comuna13online.com.ar\/?p=19594\" title=\"Tiene fecha de reapertura el puente de Ciudad de la Paz\">[&#8230;]<\/a><\/div>\n","protected":false},"author":1,"featured_media":19599,"comment_status":"closed","ping_status":"closed","sticky":false,"template":"","format":"standard","meta":{"_uag_custom_page_level_css":"","_jetpack_memberships_contains_paid_content":false,"footnotes":"","jetpack_publicize_message":"","jetpack_publicize_feature_enabled":true,"jetpack_social_post_already_shared":true,"jetpack_social_options":{"image_generator_settings":{"template":"highway","default_image_id":0,"font":"","enabled":false},"version":2}},"categories":[53],"tags":[19,250,296,54],"class_list":{"0":"post-19594","1":"post","2":"type-post","3":"status-publish","4":"format-standard","5":"has-post-thumbnail","7":"category-transito","8":"tag-comuna-13","9":"tag-h2","10":"tag-h3","11":"tag-transito"},"jetpack_publicize_connections":[],"jetpack_featured_media_url":"https:\/\/www.comuna13online.com.ar\/wp-content\/uploads\/2024\/11\/20241122b_id.jpg","uagb_featured_image_src":{"full":["https:\/\/www.comuna13online.com.ar\/wp-content\/uploads\/2024\/11\/20241122b_id.jpg",678,381,false],"thumbnail":["https:\/\/www.comuna13online.com.ar\/wp-content\/uploads\/2024\/11\/20241122b_id.jpg",128,72,false],"medium":["https:\/\/www.comuna13online.com.ar\/wp-content\/uploads\/2024\/11\/20241122b_id.jpg",678,381,false],"medium_large":["https:\/\/www.comuna13online.com.ar\/wp-content\/uploads\/2024\/11\/20241122b_id.jpg",678,381,false],"large":["https:\/\/www.comuna13online.com.ar\/wp-content\/uploads\/2024\/11\/20241122b_id.jpg",678,381,false],"1536x1536":["https:\/\/www.comuna13online.com.ar\/wp-content\/uploads\/2024\/11\/20241122b_id.jpg",678,381,false],"2048x2048":["https:\/\/www.comuna13online.com.ar\/wp-content\/uploads\/2024\/11\/20241122b_id.jpg",678,381,false],"mh-magazine-slider":["https:\/\/www.comuna13online.com.ar\/wp-content\/uploads\/2024\/11\/20241122b_id.jpg",678,381,false],"mh-magazine-content":["https:\/\/www.comuna13online.com.ar\/wp-content\/uploads\/2024\/11\/20241122b_id.jpg",678,381,false],"mh-magazine-large":["https:\/\/www.comuna13online.com.ar\/wp-content\/uploads\/2024\/11\/20241122b_id.jpg",678,381,false],"mh-magazine-medium":["https:\/\/www.comuna13online.com.ar\/wp-content\/uploads\/2024\/11\/20241122b_id-326x245.jpg",326,245,true],"mh-magazine-small":["https:\/\/www.comuna13online.com.ar\/wp-content\/uploads\/2024\/11\/20241122b_id-80x60.jpg",80,60,true],"sow-carousel-default":["https:\/\/www.comuna13online.com.ar\/wp-content\/uploads\/2024\/11\/20241122b_id-272x182.jpg",272,182,true]},"uagb_author_info":{"display_name":"Comuna13","author_link":"https:\/\/www.comuna13online.com.ar\/?author=1"},"uagb_comment_info":0,"uagb_excerpt":"Permanece cerrado desde enero, est\u00e1 elevado sobre las v\u00edas del ferrocarril Mitre y conecta los barrios de Palermo con Colegiales y Belgrano. Jorge Macri anunci\u00f3 su reapertura en el lugar. [...]","jetpack_sharing_enabled":true,"_links":{"self":[{"href":"https:\/\/www.comuna13online.com.ar\/index.php?rest_route=\/wp\/v2\/posts\/19594","targetHints":{"allow":["GET"]}}],"collection":[{"href":"https:\/\/www.comuna13online.com.ar\/index.php?rest_route=\/wp\/v2\/posts"}],"about":[{"href":"https:\/\/www.comuna13online.com.ar\/index.php?rest_route=\/wp\/v2\/types\/post"}],"author":[{"embeddable":true,"href":"https:\/\/www.comuna13online.com.ar\/index.php?rest_route=\/wp\/v2\/users\/1"}],"replies":[{"embeddable":true,"href":"https:\/\/www.comuna13online.com.ar\/index.php?rest_route=%2Fwp%2Fv2%2Fcomments&post=19594"}],"version-history":[{"count":0,"href":"https:\/\/www.comuna13online.com.ar\/index.php?rest_route=\/wp\/v2\/posts\/19594\/revisions"}],"wp:featuredmedia":[{"embeddable":true,"href":"https:\/\/www.comuna13online.com.ar\/index.php?rest_route=\/wp\/v2\/media\/19599"}],"wp:attachment":[{"href":"https:\/\/www.comuna13online.com.ar\/index.php?rest_route=%2Fwp%2Fv2%2Fmedia&parent=19594"}],"wp:term":[{"taxonomy":"category","embeddable":true,"href":"https:\/\/www.comuna13online.com.ar\/index.php?rest_route=%2Fwp%2Fv2%2Fcategories&post=19594"},{"taxonomy":"post_tag","embeddable":true,"href":"https:\/\/www.comuna13online.com.ar\/index.php?rest_route=%2Fwp%2Fv2%2Ftags&post=19594"}],"curies":[{"name":"wp","href":"https:\/\/api.w.org\/{rel}","templated":true}]}}