{"id":19580,"date":"2024-11-19T20:27:47","date_gmt":"2024-11-19T23:27:47","guid":{"rendered":"https:\/\/www.comuna13online.com.ar\/?p=19580"},"modified":"2024-11-20T20:55:54","modified_gmt":"2024-11-20T23:55:54","slug":"nunez-cambia-de-sentido-un-tramo-de-la-calle-grecia","status":"publish","type":"post","link":"https:\/\/www.comuna13online.com.ar\/?p=19580","title":{"rendered":"N\u00fa\u00f1ez: cambia de sentido un tramo de la calle Grecia"},"content":{"rendered":"\n<p><strong>Para mejorar el tr\u00e1nsito vehicular, desde este jueves 21 de noviembre la calle Grecia pasar\u00e1 de doble sentido a sentido \u00fanico de circulaci\u00f3n entre la Av. General Paz y Vilela.<\/strong><\/p>\n\n\n\n<div class=\"wp-block-uagb-image uagb-block-90f2829a wp-block-uagb-image--layout-default wp-block-uagb-image--effect-static wp-block-uagb-image--align-none\"><figure class=\"wp-block-uagb-image__figure\"><img decoding=\"async\" srcset=\"https:\/\/www.comuna13online.com.ar\/wp-content\/uploads\/2024\/11\/image.png ,https:\/\/www.comuna13online.com.ar\/wp-content\/uploads\/2024\/11\/image.png 780w, https:\/\/www.comuna13online.com.ar\/wp-content\/uploads\/2024\/11\/image.png 360w\" sizes=\"auto, (max-width: 480px) 150px\" src=\"https:\/\/www.comuna13online.com.ar\/wp-content\/uploads\/2024\/11\/image.png\" alt=\"\" class=\"uag-image-19582\" width=\"678\" height=\"381\" title=\"image\" loading=\"lazy\" role=\"img\"\/><\/figure><\/div>\n\n\n\n<div style=\"height:20px\" aria-hidden=\"true\" class=\"wp-block-spacer\"><\/div>\n\n\n\n<p>Se trata de un tramo de la calle Grecia en el barrio de N\u00fa\u00f1ez, en donde, desde el pr\u00f3ximo jueves 21 de noviembre, se comenzar\u00e1 a circular en sentido \u00fanico hacia el norte desde la calle Vilela hasta la Av. Gral. Paz, excepto los 100 metros entre Ruiz Huidrobro y Besair que se circula en sentido contrario..<\/p>\n\n\n\n<div style=\"height:20px\" aria-hidden=\"true\" class=\"wp-block-spacer\"><\/div>\n\n\n\n<figure class=\"wp-block-image size-full\"><img loading=\"lazy\" decoding=\"async\" width=\"678\" height=\"625\" data-attachment-id=\"19581\" data-permalink=\"https:\/\/www.comuna13online.com.ar\/?attachment_id=19581\" data-orig-file=\"https:\/\/www.comuna13online.com.ar\/wp-content\/uploads\/2024\/11\/20241119a_01.jpg\" data-orig-size=\"678,625\" data-comments-opened=\"0\" data-image-meta=\"{&quot;aperture&quot;:&quot;0&quot;,&quot;credit&quot;:&quot;&quot;,&quot;camera&quot;:&quot;&quot;,&quot;caption&quot;:&quot;&quot;,&quot;created_timestamp&quot;:&quot;0&quot;,&quot;copyright&quot;:&quot;&quot;,&quot;focal_length&quot;:&quot;0&quot;,&quot;iso&quot;:&quot;0&quot;,&quot;shutter_speed&quot;:&quot;0&quot;,&quot;title&quot;:&quot;&quot;,&quot;orientation&quot;:&quot;0&quot;}\" data-image-title=\"20241119a_01\" data-image-description=\"\" data-image-caption=\"\" data-large-file=\"https:\/\/www.comuna13online.com.ar\/wp-content\/uploads\/2024\/11\/20241119a_01.jpg\" src=\"https:\/\/www.comuna13online.com.ar\/wp-content\/uploads\/2024\/11\/20241119a_01.jpg\" alt=\"\" class=\"wp-image-19581\"\/><\/figure>\n","protected":false},"excerpt":{"rendered":"<div class=\"mh-excerpt\">Para mejorar el tr\u00e1nsito vehicular, desde este jueves 21 de noviembre la calle Grecia pasar\u00e1 de doble sentido a sentido \u00fanico de circulaci\u00f3n entre la Av. General Paz y Vilela. <a class=\"mh-excerpt-more\" href=\"https:\/\/www.comuna13online.com.ar\/?p=19580\" title=\"N\u00fa\u00f1ez: cambia de sentido un tramo de la calle Grecia\">[&#8230;]<\/a><\/div>\n","protected":false},"author":1,"featured_media":19582,"comment_status":"closed","ping_status":"closed","sticky":false,"template":"","format":"standard","meta":{"_uag_custom_page_level_css":"","_jetpack_memberships_contains_paid_content":false,"footnotes":"","jetpack_publicize_message":"","jetpack_publicize_feature_enabled":true,"jetpack_social_post_already_shared":true,"jetpack_social_options":{"image_generator_settings":{"template":"highway","default_image_id":0,"font":"","enabled":false},"version":2}},"categories":[53],"tags":[19,250,296,54,15],"class_list":{"0":"post-19580","1":"post","2":"type-post","3":"status-publish","4":"format-standard","5":"has-post-thumbnail","7":"category-transito","8":"tag-comuna-13","9":"tag-h2","10":"tag-h3","11":"tag-transito","12":"tag-transporte"},"jetpack_publicize_connections":[],"jetpack_featured_media_url":"https:\/\/www.comuna13online.com.ar\/wp-content\/uploads\/2024\/11\/image.png","uagb_featured_image_src":{"full":["https:\/\/www.comuna13online.com.ar\/wp-content\/uploads\/2024\/11\/image.png",678,381,false],"thumbnail":["https:\/\/www.comuna13online.com.ar\/wp-content\/uploads\/2024\/11\/image.png",128,72,false],"medium":["https:\/\/www.comuna13online.com.ar\/wp-content\/uploads\/2024\/11\/image.png",678,381,false],"medium_large":["https:\/\/www.comuna13online.com.ar\/wp-content\/uploads\/2024\/11\/image.png",678,381,false],"large":["https:\/\/www.comuna13online.com.ar\/wp-content\/uploads\/2024\/11\/image.png",678,381,false],"1536x1536":["https:\/\/www.comuna13online.com.ar\/wp-content\/uploads\/2024\/11\/image.png",678,381,false],"2048x2048":["https:\/\/www.comuna13online.com.ar\/wp-content\/uploads\/2024\/11\/image.png",678,381,false],"mh-magazine-slider":["https:\/\/www.comuna13online.com.ar\/wp-content\/uploads\/2024\/11\/image.png",678,381,false],"mh-magazine-content":["https:\/\/www.comuna13online.com.ar\/wp-content\/uploads\/2024\/11\/image.png",678,381,false],"mh-magazine-large":["https:\/\/www.comuna13online.com.ar\/wp-content\/uploads\/2024\/11\/image.png",678,381,false],"mh-magazine-medium":["https:\/\/www.comuna13online.com.ar\/wp-content\/uploads\/2024\/11\/image-326x245.png",326,245,true],"mh-magazine-small":["https:\/\/www.comuna13online.com.ar\/wp-content\/uploads\/2024\/11\/image-80x60.png",80,60,true],"sow-carousel-default":["https:\/\/www.comuna13online.com.ar\/wp-content\/uploads\/2024\/11\/image-272x182.png",272,182,true]},"uagb_author_info":{"display_name":"Comuna13","author_link":"https:\/\/www.comuna13online.com.ar\/?author=1"},"uagb_comment_info":0,"uagb_excerpt":"Para mejorar el tr\u00e1nsito vehicular, desde este jueves 21 de noviembre la calle Grecia pasar\u00e1 de doble sentido a sentido \u00fanico de circulaci\u00f3n entre la Av. General Paz y Vilela. [...]","jetpack_sharing_enabled":true,"_links":{"self":[{"href":"https:\/\/www.comuna13online.com.ar\/index.php?rest_route=\/wp\/v2\/posts\/19580","targetHints":{"allow":["GET"]}}],"collection":[{"href":"https:\/\/www.comuna13online.com.ar\/index.php?rest_route=\/wp\/v2\/posts"}],"about":[{"href":"https:\/\/www.comuna13online.com.ar\/index.php?rest_route=\/wp\/v2\/types\/post"}],"author":[{"embeddable":true,"href":"https:\/\/www.comuna13online.com.ar\/index.php?rest_route=\/wp\/v2\/users\/1"}],"replies":[{"embeddable":true,"href":"https:\/\/www.comuna13online.com.ar\/index.php?rest_route=%2Fwp%2Fv2%2Fcomments&post=19580"}],"version-history":[{"count":0,"href":"https:\/\/www.comuna13online.com.ar\/index.php?rest_route=\/wp\/v2\/posts\/19580\/revisions"}],"wp:featuredmedia":[{"embeddable":true,"href":"https:\/\/www.comuna13online.com.ar\/index.php?rest_route=\/wp\/v2\/media\/19582"}],"wp:attachment":[{"href":"https:\/\/www.comuna13online.com.ar\/index.php?rest_route=%2Fwp%2Fv2%2Fmedia&parent=19580"}],"wp:term":[{"taxonomy":"category","embeddable":true,"href":"https:\/\/www.comuna13online.com.ar\/index.php?rest_route=%2Fwp%2Fv2%2Fcategories&post=19580"},{"taxonomy":"post_tag","embeddable":true,"href":"https:\/\/www.comuna13online.com.ar\/index.php?rest_route=%2Fwp%2Fv2%2Ftags&post=19580"}],"curies":[{"name":"wp","href":"https:\/\/api.w.org\/{rel}","templated":true}]}}