{"id":19539,"date":"2024-11-08T18:03:37","date_gmt":"2024-11-08T21:03:37","guid":{"rendered":"https:\/\/www.comuna13online.com.ar\/?p=19539"},"modified":"2024-11-11T17:53:09","modified_gmt":"2024-11-11T20:53:09","slug":"se-viene-la-noche-de-los-museos-2024","status":"publish","type":"post","link":"https:\/\/www.comuna13online.com.ar\/?p=19539","title":{"rendered":"Se viene la Noche de los Museos 2024"},"content":{"rendered":"\n<p><strong>Llega la noche m\u00e1s esperada de la cultura porte\u00f1a, m\u00e1s de 250 espacios abrir\u00e1n sus puertas para compartir exhibiciones y una programaci\u00f3n especial para disfrutar en familia o amigos.<\/strong><\/p>\n\n\n\n<figure class=\"wp-block-image\"><img loading=\"lazy\" decoding=\"async\" width=\"678\" height=\"382\" data-attachment-id=\"7317\" data-permalink=\"https:\/\/www.comuna13online.com.ar\/?attachment_id=7317\" data-orig-file=\"https:\/\/www.comuna13online.com.ar\/wp-content\/uploads\/2019\/10\/20191101a1.jpg\" data-orig-size=\"678,382\" data-comments-opened=\"0\" data-image-meta=\"{&quot;aperture&quot;:&quot;0&quot;,&quot;credit&quot;:&quot;&quot;,&quot;camera&quot;:&quot;&quot;,&quot;caption&quot;:&quot;&quot;,&quot;created_timestamp&quot;:&quot;0&quot;,&quot;copyright&quot;:&quot;&quot;,&quot;focal_length&quot;:&quot;0&quot;,&quot;iso&quot;:&quot;0&quot;,&quot;shutter_speed&quot;:&quot;0&quot;,&quot;title&quot;:&quot;&quot;,&quot;orientation&quot;:&quot;0&quot;}\" data-image-title=\"20191101a1\" data-image-description=\"\" data-image-caption=\"\" data-large-file=\"https:\/\/www.comuna13online.com.ar\/wp-content\/uploads\/2019\/10\/20191101a1.jpg\" src=\"http:\/\/www.comuna13online.com.ar\/wp-content\/uploads\/2019\/10\/20191101a1.jpg\" alt=\"\" class=\"wp-image-7317\"\/><\/figure>\n\n\n\n<div style=\"height:20px\" aria-hidden=\"true\" class=\"wp-block-spacer\"><\/div>\n\n\n\n<p>Organizada por el Ministerio de Cultura de la Ciudad, llega la vig\u00e9sima edici\u00f3n de La Noche de Los Museos, donde edificios emblem\u00e1ticos y espacios culturales ofrecer\u00e1n de manera gratuita la posibilidad de visitar sus exhibiciones y de disfrutar de m\u00faltiples actividades. A partir de las 19 horas del s\u00e1bado y hasta las 2 de la ma\u00f1ana del domingo, la ciudad vivir\u00e1 la fiesta cultural del a\u00f1o.<\/p>\n\n\n\n<p><em>\u201cLa Noche de los Museos es la noche cultural por excelencia de la Ciudad, es una noche \u00fanica, donde las puertas de la cultura se abren de par en par para que vecinos y turistas se sumerjan en lo que tenemos, en nuestra historia, en lo que somos y estamos tan orgullosos de ser\u201d<\/em>.  expres\u00f3 <strong>Gabriela Ricardes<\/strong>, Ministra de Cultura porte\u00f1a.<\/p>\n\n\n\n<p>Distribuidos por toda la ciudad de Buenos Aires, m\u00e1s de 250 espacios culturales se prepararon para una noche llena de propuestas \u00fanicas, con exhibiciones que convertir\u00e1n a nuestra ciudad en un gran escenario de disfrute cultural, tanto dentro como fuera de los espacios habituales. Habr\u00e1 actividades varias como talleres creativos, visitas guiadas, shows, espacios l\u00fadicos e interactivos, intervenciones art\u00edsticas y mucho m\u00e1s. Para poder conocer la programaci\u00f3n completa, visita la p\u00e1gina <a href=\"https:\/\/festivalesba.org\/\"><em>festivalesba.org<\/em><\/a>.<\/p>\n\n\n\n<div style=\"height:20px\" aria-hidden=\"true\" class=\"wp-block-spacer\"><\/div>\n\n\n\n<h3 class=\"wp-block-heading\"><strong>La Noche de los Museos en la Comuna 13<\/strong><\/h3>\n\n\n\n<div style=\"height:20px\" aria-hidden=\"true\" class=\"wp-block-spacer\"><\/div>\n\n\n\n<div class=\"wp-block-group\"><div class=\"wp-block-group__inner-container is-layout-constrained wp-block-group-is-layout-constrained\">\n<h4 class=\"wp-block-heading has-text-color has-link-color wp-elements-d86e1438fc84aaee6b6db1cbbd4bde4c\" style=\"color:#a33535\">Museo de Arte Espa\u00f1ol Enrique Larreta<\/h4>\n\n\n\n<div class=\"wp-block-group\"><div class=\"wp-block-group__inner-container is-layout-constrained wp-block-group-is-layout-constrained\">\n<p><a href=\"https:\/\/www.google.com\/maps\/place\/Museo+de+Arte+Espa%C3%B1ol+Enrique+Larreta\/@-34.5606384,-58.4559486,18.94z\/data=!4m15!1m8!3m7!1s0x95bcb5d30a680059:0x3d3291ffa9fd7b52!2sAv.+Juramento+2291,+C1428DNK+Cdad.+Aut%C3%B3noma+de+Buenos+Aires!3b1!8m2!3d-34.5610887!4d-58.455725!16s%2Fg%2F11c5l6ky5z!3m5!1s0x95bcb5d3a0a211b3:0xedd3483149685e17!8m2!3d-34.5612743!4d-58.4556291!16s%2Fm%2F0g9td8m?entry=ttu&amp;g_ep=EgoyMDI0MTEwNi4wIKXMDSoASAFQAw%3D%3D\" target=\"_blank\" rel=\"noreferrer noopener\">Av. Juramento 2291, Belgrano<\/a><\/p>\n\n\n\n<h5 class=\"wp-block-heading\">EXPOSICIONES<\/h5>\n\n\n\n<p class=\"has-small-font-size\"><strong>Adolf Methfessel. El pintor cient\u00edfico<\/strong><br>La exposici\u00f3n pone en relieve la destacada labor que el artista suizo realiz\u00f3 en el continente sudamericano, con una selecci\u00f3n de obras que denotan el imprescindible preciosismo y rigurosidad en su estudio.<\/p>\n\n\n\n<p class=\"has-small-font-size\"><strong>Intervenciones m\u00ednimas III<\/strong><br>Se exhiben obras de artistas contempor\u00e1neos en di\u00e1logo con la colecci\u00f3n permanente del museo. Esta edici\u00f3n presenta obras de Jacques Bedel, Mar\u00eda Silvia Corcuera y Catalina Cherv\u00edn.<\/p>\n\n\n\n<p class=\"has-small-font-size\"><strong>Nomad \u2013 Aaron Nachtailer<\/strong><br>Cuatro instalaciones inmersivas y site-specific del artista neuquino Aaron Nachtailer. All\u00ed se exploran diversas condiciones del estado de la materia: el \u00e1rbol vivo, el tronco, la madera quemada y la ausencia misma a trav\u00e9s de la desmaterializaci\u00f3n.<\/p>\n\n\n\n<h5 class=\"wp-block-heading\">ACTIVIDADES<\/h5>\n\n\n\n<p class=\"has-small-font-size\"><strong>Visitas guiadas:<\/strong> Desde las 19 hs. con salidas cada 30 minutos hasta las 0 horas.<br><strong>Visita introductoria por la colecci\u00f3n permanente del museo: <\/strong>Desde las 19 horas hasta agotar stock<br><strong>Suelta de libros<\/strong>: La acci\u00f3n de liberar est\u00e1 estrechamente relacionada al gesto de compartir: compartir nuestros espacios, reciclar lecturas y promover la circulaci\u00f3n art\u00edstica y literaria. \u00a1Acercate y llevate el tuyo!<\/p>\n\n\n\n<p class=\"has-small-font-size\">19 a 00 hs.<br><strong>Taller de stickers bot\u00e1nicos: <\/strong>Una propuesta creativa que invita a conectar con la naturaleza y llevarte un recuerdo de esta noche especial.<br><strong>Taller Recigami: <\/strong>Para confeccionar figuras de origami a partir de materiales reciclados.<br>21, 22 y 23 horas. <strong>Poes\u00eda y danza espa\u00f1ola: <\/strong>El cuerpo en palabras: Un recorrido por la poes\u00eda espa\u00f1ola a trav\u00e9s de la danza flamenca. Idea y direcci\u00f3n: Sol Copley<br>19 a 01 hs. <strong>DJ Set Juan Florido<\/strong><\/p>\n\n\n\n<figure class=\"wp-block-image size-full is-resized\"><img loading=\"lazy\" decoding=\"async\" data-attachment-id=\"99\" data-permalink=\"https:\/\/www.comuna13online.com.ar\/?attachment_id=99\" data-orig-file=\"https:\/\/www.comuna13online.com.ar\/wp-content\/uploads\/2017\/12\/line.jpg\" data-orig-size=\"678,1\" data-comments-opened=\"0\" data-image-meta=\"{&quot;aperture&quot;:&quot;0&quot;,&quot;credit&quot;:&quot;&quot;,&quot;camera&quot;:&quot;&quot;,&quot;caption&quot;:&quot;&quot;,&quot;created_timestamp&quot;:&quot;0&quot;,&quot;copyright&quot;:&quot;&quot;,&quot;focal_length&quot;:&quot;0&quot;,&quot;iso&quot;:&quot;0&quot;,&quot;shutter_speed&quot;:&quot;0&quot;,&quot;title&quot;:&quot;&quot;,&quot;orientation&quot;:&quot;0&quot;}\" data-image-title=\"line\" data-image-description=\"\" data-image-caption=\"\" data-large-file=\"https:\/\/www.comuna13online.com.ar\/wp-content\/uploads\/2017\/12\/line.jpg\" src=\"http:\/\/www.comuna13online.com.ar\/wp-content\/uploads\/2017\/12\/line.jpg\" alt=\"\" class=\"wp-image-99\" width=\"678\" height=\"1\" srcset=\"https:\/\/www.comuna13online.com.ar\/wp-content\/uploads\/2017\/12\/line.jpg 678w, https:\/\/www.comuna13online.com.ar\/wp-content\/uploads\/2017\/12\/line-150x1.jpg 150w, https:\/\/www.comuna13online.com.ar\/wp-content\/uploads\/2017\/12\/line-326x1.jpg 326w, https:\/\/www.comuna13online.com.ar\/wp-content\/uploads\/2017\/12\/line-80x1.jpg 80w, https:\/\/www.comuna13online.com.ar\/wp-content\/uploads\/2017\/12\/line-272x1.jpg 272w\" sizes=\"auto, (max-width: 678px) 100vw, 678px\" \/><\/figure>\n\n\n\n<div class=\"wp-block-group\"><div class=\"wp-block-group__inner-container is-layout-constrained wp-block-group-is-layout-constrained\">\n<h4 class=\"wp-block-heading has-text-color has-link-color wp-elements-d50cb8d89a5ab18eff30264dfaf0ad96\" style=\"color:#a33535\">Museo Sitio de Memoria ESMA<\/h4>\n\n\n\n<p><a href=\"https:\/\/www.google.com\/maps\/place\/Av.+del+Libertador+8151,+C1429BNB+Cdad.+Aut%C3%B3noma+de+Buenos+Aires\/data=!4m2!3m1!1s0x95bcb6a009856afd:0x4c39563f879c9c45?sa=X&amp;ved=1t:242&amp;ictx=111\" target=\"_blank\" rel=\"noreferrer noopener\">Avenida del Libertador 8151, N\u00fa\u00f1ez<\/a><\/p>\n\n\n\n<h5 class=\"wp-block-heading\">EXPOSICIONES<\/h5>\n\n\n\n<p class=\"has-small-font-size\"><strong>Muestra permanente del Museo Sitio<\/strong><br>Sobre la base de los testimonios ante la Justicia de sobrevivientes, el Museo se propone testimoniar el terrorismo de Estado basado en la desaparici\u00f3n forzada de personas, con una puesta museogr\u00e1fica que busca transmitir los cr\u00edmenes de lesa humanidad perpetrados en el centro clandestino, su contexto hist\u00f3rico, causas y consecuencias.<\/p>\n\n\n\n<p class=\"has-small-font-size\"><strong>Presentes<\/strong><br>Intervenciones art\u00edsticas de car\u00e1cter participativo que rinden homenaje a las personas detenidas desaparecidas por el terrorismo de Estado. Iniciativa del Espacio Memoria y Derechos Humanos (ex ESMA) y el Grupo de Arte Callejero (GAC).<\/p>\n\n\n\n<h5 class=\"wp-block-heading\">ACTIVIDADES<\/h5>\n\n\n\n<p class=\"has-small-font-size\">19 a 02 hs. Visita guiada a la muestra permanente del Museo Sitio de Memoria ESMA (en continuado)<\/p>\n\n\n\n<figure class=\"wp-block-image size-full is-resized\"><img loading=\"lazy\" decoding=\"async\" data-attachment-id=\"99\" data-permalink=\"https:\/\/www.comuna13online.com.ar\/?attachment_id=99\" data-orig-file=\"https:\/\/www.comuna13online.com.ar\/wp-content\/uploads\/2017\/12\/line.jpg\" data-orig-size=\"678,1\" data-comments-opened=\"0\" data-image-meta=\"{&quot;aperture&quot;:&quot;0&quot;,&quot;credit&quot;:&quot;&quot;,&quot;camera&quot;:&quot;&quot;,&quot;caption&quot;:&quot;&quot;,&quot;created_timestamp&quot;:&quot;0&quot;,&quot;copyright&quot;:&quot;&quot;,&quot;focal_length&quot;:&quot;0&quot;,&quot;iso&quot;:&quot;0&quot;,&quot;shutter_speed&quot;:&quot;0&quot;,&quot;title&quot;:&quot;&quot;,&quot;orientation&quot;:&quot;0&quot;}\" data-image-title=\"line\" data-image-description=\"\" data-image-caption=\"\" data-large-file=\"https:\/\/www.comuna13online.com.ar\/wp-content\/uploads\/2017\/12\/line.jpg\" src=\"http:\/\/www.comuna13online.com.ar\/wp-content\/uploads\/2017\/12\/line.jpg\" alt=\"\" class=\"wp-image-99\" width=\"678\" height=\"1\" srcset=\"https:\/\/www.comuna13online.com.ar\/wp-content\/uploads\/2017\/12\/line.jpg 678w, https:\/\/www.comuna13online.com.ar\/wp-content\/uploads\/2017\/12\/line-150x1.jpg 150w, https:\/\/www.comuna13online.com.ar\/wp-content\/uploads\/2017\/12\/line-326x1.jpg 326w, https:\/\/www.comuna13online.com.ar\/wp-content\/uploads\/2017\/12\/line-80x1.jpg 80w, https:\/\/www.comuna13online.com.ar\/wp-content\/uploads\/2017\/12\/line-272x1.jpg 272w\" sizes=\"auto, (max-width: 678px) 100vw, 678px\" \/><\/figure>\n\n\n\n<div class=\"wp-block-group\"><div class=\"wp-block-group__inner-container is-layout-constrained wp-block-group-is-layout-constrained\">\n<div class=\"wp-block-group\"><div class=\"wp-block-group__inner-container is-layout-constrained wp-block-group-is-layout-constrained\">\n<h4 class=\"wp-block-heading has-text-color has-link-color wp-elements-4ca371fb251535ba8637063df98598f4\" style=\"color:#a33535\">Museo Malvinas e Islas del Atl\u00e1ntico Sur<\/h4>\n\n\n\n<p><a href=\"https:\/\/www.google.com\/maps\/place\/Santiago+de+Calzadilla+1301,+N%C3%BA%C3%B1ez\/data=!4m2!3m1!1s0x95bcb6a0035dd5ff:0xe8b0ea2962445dc4?sa=X&amp;ved=1t:155783&amp;ictx=111\" target=\"_blank\" rel=\"noreferrer noopener\">Santiago de Calzadilla 1301, N\u00fa\u00f1ez<\/a><\/p>\n\n\n\n<h5 class=\"wp-block-heading\">EXPOSICIONES<\/h5>\n\n\n\n<p class=\"has-small-font-size\"><strong>Exposici\u00f3n permanente<\/strong><\/p>\n\n\n\n<p class=\"has-small-font-size\">En la planta baja se encuentran expuestos todos los argumentos geogr\u00e1ficos de soberan\u00eda de Malvinas, su importancia geopol\u00edtica as\u00ed como los recursos naturales existentes en nuestro mar circundante en el Atl\u00e1ntico Sur. En el 1\u00ba piso comienza el recorrido hist\u00f3rico del Museo, en donde se exponen los argumentos hist\u00f3ricos y jur\u00eddicos de soberan\u00eda. La guerra de Malvinas es uno de los puntos m\u00e1s importantes y sensibles de nuestra historia reciente y se trata en el \u00faltimo piso del museo. Hacia el final del recorrido los visitantes podr\u00e1n encontrarse con el relato hist\u00f3rico de lo sucedido luego del conflicto b\u00e9lico.<\/p>\n\n\n\n<h5 class=\"wp-block-heading has-small-font-size\">ACTIVIDADES<\/h5>\n\n\n\n<p class=\"has-small-font-size\">19 a 02 hs. <strong>La noche de la soberan\u00eda malvinera<\/strong>, en continuado<\/p>\n\n\n\n<p class=\"has-small-font-size\"><strong>\u201cRecorrido soberano: Descubre y defiende lo nuestro\u201d<\/strong>: el objetivo es que los visitantes aprendan sobre los principios de soberan\u00eda. Habr\u00e1 una sala de Historia, una sala de Guerra de Malvinas que ser\u00e1 una estaci\u00f3n t\u00e1ctil, y un proyecto accesible y multisensorial de exploraci\u00f3n visual y sonora llamado Inmersi\u00f3n en la profundidad.<\/p>\n\n\n\n<p class=\"has-small-font-size\">Adem\u00e1s, se podr\u00e1 visitar el Espacio Biblioteca Mar\u00eda Elena Walsh.<\/p>\n<\/div><\/div>\n\n\n\n<p class=\"has-small-font-size\">20 hs. <strong>Charla de prevenci\u00f3n: <\/strong>Charla sobre cuidados de primeros auxilios y RCP<\/p>\n\n\n\n<figure class=\"wp-block-image size-full is-resized\"><img loading=\"lazy\" decoding=\"async\" data-attachment-id=\"99\" data-permalink=\"https:\/\/www.comuna13online.com.ar\/?attachment_id=99\" data-orig-file=\"https:\/\/www.comuna13online.com.ar\/wp-content\/uploads\/2017\/12\/line.jpg\" data-orig-size=\"678,1\" data-comments-opened=\"0\" data-image-meta=\"{&quot;aperture&quot;:&quot;0&quot;,&quot;credit&quot;:&quot;&quot;,&quot;camera&quot;:&quot;&quot;,&quot;caption&quot;:&quot;&quot;,&quot;created_timestamp&quot;:&quot;0&quot;,&quot;copyright&quot;:&quot;&quot;,&quot;focal_length&quot;:&quot;0&quot;,&quot;iso&quot;:&quot;0&quot;,&quot;shutter_speed&quot;:&quot;0&quot;,&quot;title&quot;:&quot;&quot;,&quot;orientation&quot;:&quot;0&quot;}\" data-image-title=\"line\" data-image-description=\"\" data-image-caption=\"\" data-large-file=\"https:\/\/www.comuna13online.com.ar\/wp-content\/uploads\/2017\/12\/line.jpg\" src=\"http:\/\/www.comuna13online.com.ar\/wp-content\/uploads\/2017\/12\/line.jpg\" alt=\"\" class=\"wp-image-99\" width=\"678\" height=\"1\" srcset=\"https:\/\/www.comuna13online.com.ar\/wp-content\/uploads\/2017\/12\/line.jpg 678w, https:\/\/www.comuna13online.com.ar\/wp-content\/uploads\/2017\/12\/line-150x1.jpg 150w, https:\/\/www.comuna13online.com.ar\/wp-content\/uploads\/2017\/12\/line-326x1.jpg 326w, https:\/\/www.comuna13online.com.ar\/wp-content\/uploads\/2017\/12\/line-80x1.jpg 80w, https:\/\/www.comuna13online.com.ar\/wp-content\/uploads\/2017\/12\/line-272x1.jpg 272w\" sizes=\"auto, (max-width: 678px) 100vw, 678px\" \/><\/figure>\n\n\n\n<div class=\"wp-block-group\"><div class=\"wp-block-group__inner-container is-layout-constrained wp-block-group-is-layout-constrained\">\n<h4 class=\"wp-block-heading has-text-color has-link-color wp-elements-65ead3a8afcf903edb615afd73ba730e\" style=\"color:#a33535\">Museo River<\/h4>\n\n\n\n<p><a href=\"https:\/\/www.google.com\/maps\/place\/Av.+Pres.+Figueroa+Alcorta+7597,+C1424BCL+Cdad.+Aut%C3%B3noma+de+Buenos+Aires\/data=!4m2!3m1!1s0x95bcb59613b09b41:0x2c1f07d0b1919f4d?sa=X&amp;ved=1t:242&amp;ictx=111\" target=\"_blank\" rel=\"noreferrer noopener\">Av Figueroa Alcorta 7597, Belgrano<\/a><\/p>\n\n\n\n<h5 class=\"wp-block-heading\">EXPOSICIONES<\/h5>\n\n\n\n<p class=\"has-small-font-size\">Historia Club Atl\u00e9tico River Plate: Fundado el 9 de noviembre de 2009, el Museo River alberga los m\u00e1s preciados tesoros de la historia del Club Atl\u00e9tico River Plate. En sus 123 a\u00f1os, el Club ha vivido momentos gloriosos tanto en lo deportivo como en lo institucional. Ya sea en lo futbol\u00edstico como en el plano societario, el Museo refleja cada una de esas etapas de maneras diversas.<\/p>\n\n\n\n<h5 class=\"wp-block-heading\">ACTIVIDADES<\/h5>\n\n\n\n<p class=\"has-small-font-size\">19 hs. <strong>Visita guiada<\/strong>: Un recorrido por este museo que abarca m\u00e1s de 3500 metros cuadrados de superficie y cuyos ambientes reflejan distintas \u00e1reas tem\u00e1ticas referenciadas en fechas emblem\u00e1ticas para la historia del club.<\/p>\n\n\n\n<figure class=\"wp-block-image size-full is-resized\"><img loading=\"lazy\" decoding=\"async\" data-attachment-id=\"99\" data-permalink=\"https:\/\/www.comuna13online.com.ar\/?attachment_id=99\" data-orig-file=\"https:\/\/www.comuna13online.com.ar\/wp-content\/uploads\/2017\/12\/line.jpg\" data-orig-size=\"678,1\" data-comments-opened=\"0\" data-image-meta=\"{&quot;aperture&quot;:&quot;0&quot;,&quot;credit&quot;:&quot;&quot;,&quot;camera&quot;:&quot;&quot;,&quot;caption&quot;:&quot;&quot;,&quot;created_timestamp&quot;:&quot;0&quot;,&quot;copyright&quot;:&quot;&quot;,&quot;focal_length&quot;:&quot;0&quot;,&quot;iso&quot;:&quot;0&quot;,&quot;shutter_speed&quot;:&quot;0&quot;,&quot;title&quot;:&quot;&quot;,&quot;orientation&quot;:&quot;0&quot;}\" data-image-title=\"line\" data-image-description=\"\" data-image-caption=\"\" data-large-file=\"https:\/\/www.comuna13online.com.ar\/wp-content\/uploads\/2017\/12\/line.jpg\" src=\"http:\/\/www.comuna13online.com.ar\/wp-content\/uploads\/2017\/12\/line.jpg\" alt=\"\" class=\"wp-image-99\" width=\"678\" height=\"1\" srcset=\"https:\/\/www.comuna13online.com.ar\/wp-content\/uploads\/2017\/12\/line.jpg 678w, https:\/\/www.comuna13online.com.ar\/wp-content\/uploads\/2017\/12\/line-150x1.jpg 150w, https:\/\/www.comuna13online.com.ar\/wp-content\/uploads\/2017\/12\/line-326x1.jpg 326w, https:\/\/www.comuna13online.com.ar\/wp-content\/uploads\/2017\/12\/line-80x1.jpg 80w, https:\/\/www.comuna13online.com.ar\/wp-content\/uploads\/2017\/12\/line-272x1.jpg 272w\" sizes=\"auto, (max-width: 678px) 100vw, 678px\" \/><\/figure>\n<\/div><\/div>\n<\/div><\/div>\n<\/div><\/div>\n<\/div><\/div>\n<\/div><\/div>\n\n\n\n<div class=\"wp-block-group\"><div class=\"wp-block-group__inner-container is-layout-constrained wp-block-group-is-layout-constrained\">\n<div class=\"wp-block-group\"><div class=\"wp-block-group__inner-container is-layout-constrained wp-block-group-is-layout-constrained\">\n<div class=\"wp-block-group\"><div class=\"wp-block-group__inner-container is-layout-constrained wp-block-group-is-layout-constrained\">\n<div class=\"wp-block-group\"><div class=\"wp-block-group__inner-container is-layout-constrained wp-block-group-is-layout-constrained\">\n<h4 class=\"wp-block-heading has-text-color has-link-color wp-elements-64e8268cb3e7977b4954a6dc00b23014\" style=\"color:#a33535\">Museo Hist\u00f3rico Sarmiento<\/h4>\n<\/div><\/div>\n\n\n\n<p><a href=\"https:\/\/www.google.com\/maps\/place\/Cuba+2079,+C1428+Cdad.+Aut%C3%B3noma+de+Buenos+Aires\/data=!4m2!3m1!1s0x95bcb5d2ff9259a9:0xaef55d5f1bd10541?sa=X&amp;ved=1t:242&amp;ictx=111\" target=\"_blank\" rel=\"noreferrer noopener\">Cuba 2079, Belgrano<\/a><\/p>\n\n\n\n<h5 class=\"wp-block-heading\">EXPOSICIONES<\/h5>\n\n\n\n<p class=\"has-small-font-size\"><strong>Sarmiento\/Avellaneda. La continuidad presidencial: <\/strong>Un conjunto de objetos que rememora los 150 a\u00f1os del traspaso presidencial entre Sarmiento y Avellaneda el 12 de octubre de 1874. Se exponen cuadros, bandas presidenciales, bastones, certificados de escrutinio, sellos, y m\u00e1s.<\/p>\n\n\n\n<p class=\"has-small-font-size\"><strong>Salas de exposiciones estables:<\/strong> El Museo cuenta con 5 salas estables y una Biblioteca hist\u00f3rica que forman parte de las exhibiciones permanentes del Museo dedicadas a Sarmiento, Avellaneda, la batalla de Caseros y el edificio hist\u00f3rico de la Municipalidad del pueblo de Belgrano.<\/p>\n\n\n\n<h5 class=\"wp-block-heading\">ACTIVIDADES<\/h5>\n\n\n\n<p class=\"has-small-font-size\">22 hs. <strong>Recital de tango por Marcelo Filardo<\/strong> en el jard\u00edn del Museo. <em>Se suspende en caso de lluvia.<\/em><br>00 hs. <strong>Recital de canciones populares en espa\u00f1ol por Claudia Tejada<\/strong> en el jard\u00edn del Museo. <em>Se suspende en caso de lluvia.<\/em><\/p>\n\n\n\n<p class=\"has-small-font-size\"><\/p>\n\n\n\n<figure class=\"wp-block-image size-full is-resized\"><img loading=\"lazy\" decoding=\"async\" data-attachment-id=\"99\" data-permalink=\"https:\/\/www.comuna13online.com.ar\/?attachment_id=99\" data-orig-file=\"https:\/\/www.comuna13online.com.ar\/wp-content\/uploads\/2017\/12\/line.jpg\" data-orig-size=\"678,1\" data-comments-opened=\"0\" data-image-meta=\"{&quot;aperture&quot;:&quot;0&quot;,&quot;credit&quot;:&quot;&quot;,&quot;camera&quot;:&quot;&quot;,&quot;caption&quot;:&quot;&quot;,&quot;created_timestamp&quot;:&quot;0&quot;,&quot;copyright&quot;:&quot;&quot;,&quot;focal_length&quot;:&quot;0&quot;,&quot;iso&quot;:&quot;0&quot;,&quot;shutter_speed&quot;:&quot;0&quot;,&quot;title&quot;:&quot;&quot;,&quot;orientation&quot;:&quot;0&quot;}\" data-image-title=\"line\" data-image-description=\"\" data-image-caption=\"\" data-large-file=\"https:\/\/www.comuna13online.com.ar\/wp-content\/uploads\/2017\/12\/line.jpg\" src=\"http:\/\/www.comuna13online.com.ar\/wp-content\/uploads\/2017\/12\/line.jpg\" alt=\"\" class=\"wp-image-99\" width=\"678\" height=\"1\" srcset=\"https:\/\/www.comuna13online.com.ar\/wp-content\/uploads\/2017\/12\/line.jpg 678w, https:\/\/www.comuna13online.com.ar\/wp-content\/uploads\/2017\/12\/line-150x1.jpg 150w, https:\/\/www.comuna13online.com.ar\/wp-content\/uploads\/2017\/12\/line-326x1.jpg 326w, https:\/\/www.comuna13online.com.ar\/wp-content\/uploads\/2017\/12\/line-80x1.jpg 80w, https:\/\/www.comuna13online.com.ar\/wp-content\/uploads\/2017\/12\/line-272x1.jpg 272w\" sizes=\"auto, (max-width: 678px) 100vw, 678px\" \/><\/figure>\n\n\n\n<p class=\"has-small-font-size\"><\/p>\n\n\n\n<h4 class=\"wp-block-heading has-text-color has-link-color wp-elements-8bb70b7bc780860c819ad8c372938684\" style=\"color:#a33535\">Museo Casa de Yrurtia<\/h4>\n<\/div><\/div>\n\n\n\n<p><a href=\"https:\/\/www.google.com\/maps\/place\/O'Higgins+2390,+C1428+Cdad.+Aut%C3%B3noma+de+Buenos+Aires\/data=!4m2!3m1!1s0x95bcb42ceec775fb:0x10e38f4afcc82b68?sa=X&amp;ved=1t:242&amp;ictx=111\" target=\"_blank\" rel=\"noreferrer noopener\">O&#8217;Higgins 2390, Belgrano<\/a><\/p>\n\n\n\n<h5 class=\"wp-block-heading\">EXPOSICIONES<\/h5>\n\n\n\n<p class=\"has-small-font-size\">Primeras Obras: Muestra c\u00e1psula en que se exhiben obras que abarcan el periodo formativo de Rogelio Yrurtia.<\/p>\n\n\n\n<h5 class=\"wp-block-heading\">ACTIVIDADES<\/h5>\n\n\n\n<p class=\"has-small-font-size\">19.30 hs. <strong>Ruleta de Rogelio y L\u00eda<\/strong>: Juego con preguntas y trivias sobre la vida de quienes habitaron la casa.<br>21.30 hs. <strong>El grupetto &#8211; Ensamble de saxos: <\/strong>Concierto de saxos con repertorio de m\u00fasica argentina.<\/p>\n\n\n\n<figure class=\"wp-block-image size-full is-resized\"><img loading=\"lazy\" decoding=\"async\" data-attachment-id=\"99\" data-permalink=\"https:\/\/www.comuna13online.com.ar\/?attachment_id=99\" data-orig-file=\"https:\/\/www.comuna13online.com.ar\/wp-content\/uploads\/2017\/12\/line.jpg\" data-orig-size=\"678,1\" data-comments-opened=\"0\" data-image-meta=\"{&quot;aperture&quot;:&quot;0&quot;,&quot;credit&quot;:&quot;&quot;,&quot;camera&quot;:&quot;&quot;,&quot;caption&quot;:&quot;&quot;,&quot;created_timestamp&quot;:&quot;0&quot;,&quot;copyright&quot;:&quot;&quot;,&quot;focal_length&quot;:&quot;0&quot;,&quot;iso&quot;:&quot;0&quot;,&quot;shutter_speed&quot;:&quot;0&quot;,&quot;title&quot;:&quot;&quot;,&quot;orientation&quot;:&quot;0&quot;}\" data-image-title=\"line\" data-image-description=\"\" data-image-caption=\"\" data-large-file=\"https:\/\/www.comuna13online.com.ar\/wp-content\/uploads\/2017\/12\/line.jpg\" src=\"http:\/\/www.comuna13online.com.ar\/wp-content\/uploads\/2017\/12\/line.jpg\" alt=\"\" class=\"wp-image-99\" width=\"678\" height=\"1\" srcset=\"https:\/\/www.comuna13online.com.ar\/wp-content\/uploads\/2017\/12\/line.jpg 678w, https:\/\/www.comuna13online.com.ar\/wp-content\/uploads\/2017\/12\/line-150x1.jpg 150w, https:\/\/www.comuna13online.com.ar\/wp-content\/uploads\/2017\/12\/line-326x1.jpg 326w, https:\/\/www.comuna13online.com.ar\/wp-content\/uploads\/2017\/12\/line-80x1.jpg 80w, https:\/\/www.comuna13online.com.ar\/wp-content\/uploads\/2017\/12\/line-272x1.jpg 272w\" sizes=\"auto, (max-width: 678px) 100vw, 678px\" \/><\/figure>\n<\/div><\/div>\n\n\n\n<h4 class=\"wp-block-heading has-text-color has-link-color wp-elements-3da038a4e9a10e50ae656d1f750e9986\" style=\"color:#a33535\">Lomas de N\u00fa\u00f1ez Upper School<\/h4>\n\n\n\n<p><a href=\"https:\/\/www.google.com\/maps\/place\/LOMAS+DE+NU%C3%91EZ+UPPER+SCHOOL\/@-34.5403312,-58.4701747,15z\/data=!4m2!3m1!1s0x0:0xec272af1f2df7b82?sa=X&amp;ved=1t:2428&amp;ictx=111\" target=\"_blank\" rel=\"noreferrer noopener\">Arcos 4531, N\u00fa\u00f1ez<\/a><\/p>\n\n\n\n<h5 class=\"wp-block-heading\">EXPOSICIONES<\/h5>\n\n\n\n<p class=\"has-small-font-size\">19 hs. Exposici\u00f3n de Artes Pl\u00e1sticas: La escuela transformar\u00e1 sus espacios comunes en salas de muestras donde se encontrar\u00e1 exhibida una selecci\u00f3n de obras de las asignaturas History of Art y Artes Pl\u00e1sticas en Nivel Primario. Tambi\u00e9n podr\u00e1 disfrutarse una exposici\u00f3n de obras art\u00edsticas de los alumnos de Nivel Inicial; quienes, a trav\u00e9s de diferentes proyectos, pudieron conocer las Artes visuales y el lenguaje de las im\u00e1genes, para luego realizar sus propias producciones.<\/p>\n\n\n\n<figure class=\"wp-block-image size-full is-resized\"><img loading=\"lazy\" decoding=\"async\" data-attachment-id=\"99\" data-permalink=\"https:\/\/www.comuna13online.com.ar\/?attachment_id=99\" data-orig-file=\"https:\/\/www.comuna13online.com.ar\/wp-content\/uploads\/2017\/12\/line.jpg\" data-orig-size=\"678,1\" data-comments-opened=\"0\" data-image-meta=\"{&quot;aperture&quot;:&quot;0&quot;,&quot;credit&quot;:&quot;&quot;,&quot;camera&quot;:&quot;&quot;,&quot;caption&quot;:&quot;&quot;,&quot;created_timestamp&quot;:&quot;0&quot;,&quot;copyright&quot;:&quot;&quot;,&quot;focal_length&quot;:&quot;0&quot;,&quot;iso&quot;:&quot;0&quot;,&quot;shutter_speed&quot;:&quot;0&quot;,&quot;title&quot;:&quot;&quot;,&quot;orientation&quot;:&quot;0&quot;}\" data-image-title=\"line\" data-image-description=\"\" data-image-caption=\"\" data-large-file=\"https:\/\/www.comuna13online.com.ar\/wp-content\/uploads\/2017\/12\/line.jpg\" src=\"http:\/\/www.comuna13online.com.ar\/wp-content\/uploads\/2017\/12\/line.jpg\" alt=\"\" class=\"wp-image-99\" width=\"678\" height=\"1\" srcset=\"https:\/\/www.comuna13online.com.ar\/wp-content\/uploads\/2017\/12\/line.jpg 678w, https:\/\/www.comuna13online.com.ar\/wp-content\/uploads\/2017\/12\/line-150x1.jpg 150w, https:\/\/www.comuna13online.com.ar\/wp-content\/uploads\/2017\/12\/line-326x1.jpg 326w, https:\/\/www.comuna13online.com.ar\/wp-content\/uploads\/2017\/12\/line-80x1.jpg 80w, https:\/\/www.comuna13online.com.ar\/wp-content\/uploads\/2017\/12\/line-272x1.jpg 272w\" sizes=\"auto, (max-width: 678px) 100vw, 678px\" \/><\/figure>\n<\/div><\/div>\n\n\n\n<div class=\"wp-block-group\"><div class=\"wp-block-group__inner-container is-layout-constrained wp-block-group-is-layout-constrained\">\n<h4 class=\"wp-block-heading has-text-color has-link-color wp-elements-3ea9f46e7d34ab6e058109c004c70511\" style=\"color:#a33535\">Museo Tecno Educativo Lorenzo Raggio<\/h4>\n\n\n\n<p><a href=\"https:\/\/www.google.com\/maps\/place\/Av.+del+Libertador+8635,+C1429+Cdad.+Aut%C3%B3noma+de+Buenos+Aires\/@-34.5358586,-58.4659252,17z\/data=!3m1!4b1!4m6!3m5!1s0x95bcb6a6df597043:0x127f051d62c0ee0f!8m2!3d-34.5358632!4d-58.4660327!16s%2Fg%2F11ckqmpgjv?entry=ttu&amp;g_ep=EgoyMDI0MTEwNi4wIKXMDSoASAFQAw%3D%3D\" target=\"_blank\" rel=\"noreferrer noopener\">Avenida del Libertador 8635, N\u00fa\u00f1ez<\/a><\/p>\n\n\n\n<h5 class=\"wp-block-heading\">EXPOSICIONES<\/h5>\n\n\n\n<p class=\"has-small-font-size\">Muestra fotogr\u00e1fica: 100 fotos, 100 a\u00f1os de la Escuela T\u00e9cnica Raggio<\/p>\n\n\n\n<p class=\"has-small-font-size\">Homenaje a los veteranos de Malvinas: Presentaci\u00f3n de diversos grupos de veteranos de la Guerra de Malvinas, acompa\u00f1ados por una muestra con materiales y veh\u00edculos destacados de las dos guerras mundiales.<\/p>\n\n\n\n<h5 class=\"wp-block-heading\">ACTIVIDADES<\/h5>\n\n\n\n<p class=\"has-small-font-size\">21 hs. <strong>Charla sobre el Centenario de la escuela<\/strong>: Presentaci\u00f3n del libro \u201cLa chispa\u201d de la profesora Silvia Urich. Coordinaci\u00f3n: profesores Carlos Parreira y Mart\u00edn Acri.<\/p>\n\n\n\n<p class=\"has-small-font-size\">23 hs. <strong>M\u00fasica en el patio central de la escuela<\/strong>: Presentaci\u00f3n de grupos musicales y folkl\u00f3ricos, con integrantes del Campamento Andino Raggio, docentes y alumnos de la escuela. Grupo musical a cargo de la profesora Silvia Cryan.<\/p>\n\n\n\n<figure class=\"wp-block-image size-full is-resized\"><img loading=\"lazy\" decoding=\"async\" data-attachment-id=\"99\" data-permalink=\"https:\/\/www.comuna13online.com.ar\/?attachment_id=99\" data-orig-file=\"https:\/\/www.comuna13online.com.ar\/wp-content\/uploads\/2017\/12\/line.jpg\" data-orig-size=\"678,1\" data-comments-opened=\"0\" data-image-meta=\"{&quot;aperture&quot;:&quot;0&quot;,&quot;credit&quot;:&quot;&quot;,&quot;camera&quot;:&quot;&quot;,&quot;caption&quot;:&quot;&quot;,&quot;created_timestamp&quot;:&quot;0&quot;,&quot;copyright&quot;:&quot;&quot;,&quot;focal_length&quot;:&quot;0&quot;,&quot;iso&quot;:&quot;0&quot;,&quot;shutter_speed&quot;:&quot;0&quot;,&quot;title&quot;:&quot;&quot;,&quot;orientation&quot;:&quot;0&quot;}\" data-image-title=\"line\" data-image-description=\"\" data-image-caption=\"\" data-large-file=\"https:\/\/www.comuna13online.com.ar\/wp-content\/uploads\/2017\/12\/line.jpg\" src=\"http:\/\/www.comuna13online.com.ar\/wp-content\/uploads\/2017\/12\/line.jpg\" alt=\"\" class=\"wp-image-99\" width=\"678\" height=\"1\" srcset=\"https:\/\/www.comuna13online.com.ar\/wp-content\/uploads\/2017\/12\/line.jpg 678w, https:\/\/www.comuna13online.com.ar\/wp-content\/uploads\/2017\/12\/line-150x1.jpg 150w, https:\/\/www.comuna13online.com.ar\/wp-content\/uploads\/2017\/12\/line-326x1.jpg 326w, https:\/\/www.comuna13online.com.ar\/wp-content\/uploads\/2017\/12\/line-80x1.jpg 80w, https:\/\/www.comuna13online.com.ar\/wp-content\/uploads\/2017\/12\/line-272x1.jpg 272w\" sizes=\"auto, (max-width: 678px) 100vw, 678px\" \/><\/figure>\n\n\n\n<div class=\"wp-block-group\"><div class=\"wp-block-group__inner-container is-layout-constrained wp-block-group-is-layout-constrained\">\n<h4 class=\"wp-block-heading has-text-color has-link-color wp-elements-e9e04cf035bd59b049527bdfca41a5c7\" style=\"color:#a33535\">Museo de Maquetas de la FADU UBA \u2013 Muma<\/h4>\n\n\n\n<p><a href=\"https:\/\/www.google.com\/maps\/place\/Pabell%C3%B3n+3+ciudad+universitaria\/@-34.5414084,-58.4441938,15z\/data=!4m2!3m1!1s0x0:0x443fd03ce350aebd?sa=X&amp;ved=1t:2428&amp;ictx=111\" target=\"_blank\" rel=\"noreferrer noopener\">Ciudad Universitaria, primer piso, Pabell\u00f3n 3, N\u00fa\u00f1ez<\/a><\/p>\n\n\n\n<h5 class=\"wp-block-heading\">EXPOSICIONES<\/h5>\n\n\n\n<p class=\"has-small-font-size\">El Museo de Maquetas de la Fadu abrir\u00e1 sus puertas en el primer piso del pabell\u00f3n 3. Adem\u00e1s, en la sala de exposiciones de la Biblioteca, en la planta baja, se podr\u00e1 visitar la muestra Paseante. Devenires del archivo de F.F. Ortiz, curada por la Mg. Mar\u00eda Ortiz. Esta muestra est\u00e1 auspiciada por Acervo Fadu.<\/p>\n\n\n\n<figure class=\"wp-block-image size-full is-resized\"><img loading=\"lazy\" decoding=\"async\" data-attachment-id=\"99\" data-permalink=\"https:\/\/www.comuna13online.com.ar\/?attachment_id=99\" data-orig-file=\"https:\/\/www.comuna13online.com.ar\/wp-content\/uploads\/2017\/12\/line.jpg\" data-orig-size=\"678,1\" data-comments-opened=\"0\" data-image-meta=\"{&quot;aperture&quot;:&quot;0&quot;,&quot;credit&quot;:&quot;&quot;,&quot;camera&quot;:&quot;&quot;,&quot;caption&quot;:&quot;&quot;,&quot;created_timestamp&quot;:&quot;0&quot;,&quot;copyright&quot;:&quot;&quot;,&quot;focal_length&quot;:&quot;0&quot;,&quot;iso&quot;:&quot;0&quot;,&quot;shutter_speed&quot;:&quot;0&quot;,&quot;title&quot;:&quot;&quot;,&quot;orientation&quot;:&quot;0&quot;}\" data-image-title=\"line\" data-image-description=\"\" data-image-caption=\"\" data-large-file=\"https:\/\/www.comuna13online.com.ar\/wp-content\/uploads\/2017\/12\/line.jpg\" src=\"http:\/\/www.comuna13online.com.ar\/wp-content\/uploads\/2017\/12\/line.jpg\" alt=\"\" class=\"wp-image-99\" width=\"678\" height=\"1\" srcset=\"https:\/\/www.comuna13online.com.ar\/wp-content\/uploads\/2017\/12\/line.jpg 678w, https:\/\/www.comuna13online.com.ar\/wp-content\/uploads\/2017\/12\/line-150x1.jpg 150w, https:\/\/www.comuna13online.com.ar\/wp-content\/uploads\/2017\/12\/line-326x1.jpg 326w, https:\/\/www.comuna13online.com.ar\/wp-content\/uploads\/2017\/12\/line-80x1.jpg 80w, https:\/\/www.comuna13online.com.ar\/wp-content\/uploads\/2017\/12\/line-272x1.jpg 272w\" sizes=\"auto, (max-width: 678px) 100vw, 678px\" \/><\/figure>\n\n\n\n<div class=\"wp-block-group\"><div class=\"wp-block-group__inner-container is-layout-constrained wp-block-group-is-layout-constrained\">\n<h4 class=\"wp-block-heading has-text-color has-link-color wp-elements-bdd211e6f61547b64f0df2f05648b39e\" style=\"color:#a33535\">Museo Com 7<\/h4>\n\n\n\n<div class=\"wp-block-group\"><div class=\"wp-block-group__inner-container is-layout-constrained wp-block-group-is-layout-constrained\">\n<p><a href=\"https:\/\/www.google.com\/maps\/place\/Av.+Monroe+3061,+C1428BLY+Cdad.+Aut%C3%B3noma+de+Buenos+Aires\/data=!4m2!3m1!1s0x95bcb68083f9eb3b:0xac08b038f48e335c?sa=X&amp;ved=1t:242&amp;ictx=111\" target=\"_blank\" rel=\"noreferrer noopener\">Monroe 3061, Belgrano<\/a><\/p>\n\n\n\n<h5 class=\"wp-block-heading\">EXPOSICIONES<\/h5>\n\n\n\n<p class=\"has-small-font-size\"><strong>Memoria activa<\/strong><br>Recorrido virtual 360\u00b0 que presenta fotograf\u00edas de exalumnas detenidas y desaparecidas en la \u00faltima Dictadura Militar e informaci\u00f3n relevada a partir de las investigaciones del comit\u00e9 integrante del museo. Se accede escaneando los QR de la sala de la exposiciones.<\/p>\n\n\n\n<p class=\"has-small-font-size\"><strong>Escuela alemana y surgimiento del Comercial 7<\/strong><br>Exhibici\u00f3n de documentaci\u00f3n, objetos de \u00e9poca y fotograf\u00edas pertenecientes a la etapa de la escuela alemana y el establecimiento de la Escuela de comercio n\u00aa 7 en ese edificio. Con la gu\u00eda de estudiantes de 5\u00aa a\u00f1o de la orientaci\u00f3n Turismo.<\/p>\n\n\n\n<h5 class=\"wp-block-heading\">ACTIVIDADES<\/h5>\n\n\n\n<p class=\"has-small-font-size\">21 hs. <strong>Espacio de arte tem\u00e1tico \u201cIdentidad porte\u00f1a: El tango\u201d<\/strong>: Espect\u00e1culo de m\u00fasica en vivo y danzas que rememora la historia cultural del barrio de Belgrano y la escuela de Comercio N\u00b0 7.<br>22.30 hs. <strong>M\u00fasica en vivo:<\/strong> Participaci\u00f3n de la banda escolar y de bandas invitadas<\/p>\n\n\n\n<figure class=\"wp-block-image size-full is-resized\"><img loading=\"lazy\" decoding=\"async\" data-attachment-id=\"99\" data-permalink=\"https:\/\/www.comuna13online.com.ar\/?attachment_id=99\" data-orig-file=\"https:\/\/www.comuna13online.com.ar\/wp-content\/uploads\/2017\/12\/line.jpg\" data-orig-size=\"678,1\" data-comments-opened=\"0\" data-image-meta=\"{&quot;aperture&quot;:&quot;0&quot;,&quot;credit&quot;:&quot;&quot;,&quot;camera&quot;:&quot;&quot;,&quot;caption&quot;:&quot;&quot;,&quot;created_timestamp&quot;:&quot;0&quot;,&quot;copyright&quot;:&quot;&quot;,&quot;focal_length&quot;:&quot;0&quot;,&quot;iso&quot;:&quot;0&quot;,&quot;shutter_speed&quot;:&quot;0&quot;,&quot;title&quot;:&quot;&quot;,&quot;orientation&quot;:&quot;0&quot;}\" data-image-title=\"line\" data-image-description=\"\" data-image-caption=\"\" data-large-file=\"https:\/\/www.comuna13online.com.ar\/wp-content\/uploads\/2017\/12\/line.jpg\" src=\"http:\/\/www.comuna13online.com.ar\/wp-content\/uploads\/2017\/12\/line.jpg\" alt=\"\" class=\"wp-image-99\" width=\"678\" height=\"1\" srcset=\"https:\/\/www.comuna13online.com.ar\/wp-content\/uploads\/2017\/12\/line.jpg 678w, https:\/\/www.comuna13online.com.ar\/wp-content\/uploads\/2017\/12\/line-150x1.jpg 150w, https:\/\/www.comuna13online.com.ar\/wp-content\/uploads\/2017\/12\/line-326x1.jpg 326w, https:\/\/www.comuna13online.com.ar\/wp-content\/uploads\/2017\/12\/line-80x1.jpg 80w, https:\/\/www.comuna13online.com.ar\/wp-content\/uploads\/2017\/12\/line-272x1.jpg 272w\" sizes=\"auto, (max-width: 678px) 100vw, 678px\" \/><\/figure>\n<\/div><\/div>\n<\/div><\/div>\n<\/div><\/div>\n\n\n\n<div class=\"wp-block-group\"><div class=\"wp-block-group__inner-container is-layout-constrained wp-block-group-is-layout-constrained\">\n<h4 class=\"wp-block-heading has-text-color has-link-color wp-elements-e9ef9ed8e9b6f4258b2147cad58657de\" style=\"color:#a33535\">Instituto Superior Santa Ana (ISSA \u2013 ISASJ \u2013 MEST)<\/h4>\n\n\n\n<p><a href=\"https:\/\/www.google.com\/maps\/place\/Av.+Olaz%C3%A1bal+1440,+C1428DGS+Cdad.+Aut%C3%B3noma+de+Buenos+Aires\/data=!4m2!3m1!1s0x95bcb433012d0ec7:0xac54e92f43d1d14c?sa=X&amp;ved=1t:242&amp;ictx=111\" target=\"_blank\" rel=\"noreferrer noopener\">Olaz\u00e1bal 1440, Belgrano<\/a><\/p>\n\n\n\n<h5 class=\"wp-block-heading\">EXPOSICIONES<\/h5>\n\n\n\n<p class=\"has-small-font-size\">100 a\u00f1os de nuestra instituci\u00f3n fundadora, La Academia Santa Teresita: Basada en los ejes de la identidad y la memoria de nuestra comunidad educativa.<\/p>\n\n\n\n<h5 class=\"wp-block-heading\">ACTIVIDADES<\/h5>\n\n\n\n<p class=\"has-small-font-size\">De 19 a 02 hs. Recorridos guiados \u2013 Clases abiertas \u2013 Talleres de juegos \u2013 Rondas de cuentos \u2013 Exposiciones de trabajos \u2013 Proyecciones audiovisuales \u2013 Exhibiciones art\u00edsticas e hist\u00f3ricas \u2013 Conciertos \u2013 Radio en vivo.<\/p>\n\n\n\n<figure class=\"wp-block-image size-full is-resized\"><img loading=\"lazy\" decoding=\"async\" data-attachment-id=\"99\" data-permalink=\"https:\/\/www.comuna13online.com.ar\/?attachment_id=99\" data-orig-file=\"https:\/\/www.comuna13online.com.ar\/wp-content\/uploads\/2017\/12\/line.jpg\" data-orig-size=\"678,1\" data-comments-opened=\"0\" data-image-meta=\"{&quot;aperture&quot;:&quot;0&quot;,&quot;credit&quot;:&quot;&quot;,&quot;camera&quot;:&quot;&quot;,&quot;caption&quot;:&quot;&quot;,&quot;created_timestamp&quot;:&quot;0&quot;,&quot;copyright&quot;:&quot;&quot;,&quot;focal_length&quot;:&quot;0&quot;,&quot;iso&quot;:&quot;0&quot;,&quot;shutter_speed&quot;:&quot;0&quot;,&quot;title&quot;:&quot;&quot;,&quot;orientation&quot;:&quot;0&quot;}\" data-image-title=\"line\" data-image-description=\"\" data-image-caption=\"\" data-large-file=\"https:\/\/www.comuna13online.com.ar\/wp-content\/uploads\/2017\/12\/line.jpg\" src=\"http:\/\/www.comuna13online.com.ar\/wp-content\/uploads\/2017\/12\/line.jpg\" alt=\"\" class=\"wp-image-99\" width=\"678\" height=\"1\" srcset=\"https:\/\/www.comuna13online.com.ar\/wp-content\/uploads\/2017\/12\/line.jpg 678w, https:\/\/www.comuna13online.com.ar\/wp-content\/uploads\/2017\/12\/line-150x1.jpg 150w, https:\/\/www.comuna13online.com.ar\/wp-content\/uploads\/2017\/12\/line-326x1.jpg 326w, https:\/\/www.comuna13online.com.ar\/wp-content\/uploads\/2017\/12\/line-80x1.jpg 80w, https:\/\/www.comuna13online.com.ar\/wp-content\/uploads\/2017\/12\/line-272x1.jpg 272w\" sizes=\"auto, (max-width: 678px) 100vw, 678px\" \/><\/figure>\n<\/div><\/div>\n<\/div><\/div>\n\n\n\n<h4 class=\"wp-block-heading has-text-color has-link-color wp-elements-712b21a8aae2ef98a6a9ebbfe4b3657e\" style=\"color:#a33535\">UADE Sede Belgrano<\/h4>\n\n\n\n<p><a href=\"https:\/\/www.google.com\/maps\/place\/11+de+Septiembre+de+1888+1990,+C1428+Cdad.+Aut%C3%B3noma+de+Buenos+Aires\/data=!4m2!3m1!1s0x95bcb5cd9fceece3:0xa181e7d0c14fe8a3?sa=X&amp;ved=1t:242&amp;ictx=111\" target=\"_blank\" rel=\"noreferrer noopener\">11 de Septiembre 1990, Belgrano<\/a><\/p>\n\n\n\n<h5 class=\"wp-block-heading\">EXPOSICIONES<\/h5>\n\n\n\n<p class=\"has-small-font-size\"><strong>Re-view \u2013 Identidades culturales:<\/strong> Resignificaci\u00f3n de trajes hist\u00f3ricos espa\u00f1oles basados en la Colecci\u00f3n del Museo Larreta. Esta acci\u00f3n forma parte de las ideas planteadas en 2024 para conectar los diferentes espacios del barrio de Belgrano.<\/p>\n\n\n\n<h5 class=\"wp-block-heading\">ACTIVIDADES<\/h5>\n\n\n\n<p class=\"has-small-font-size\">De 19 a 02 hs. <strong>Desfile DEST:<\/strong> Desfile de producciones textiles relacionadas a la planimetr\u00eda y el movimiento. Est\u00e9ticas contempor\u00e1neas en MODA.<br>De 19 a 02 hs. Proyecciones DEST: Material audiovisual que presenta el proceso de trabajo de las piezas textiles que se desfilan en la Sede Belgrano, generadas en torno a Est\u00e9ticas Contempor\u00e1neas en MODA.<\/p>\n\n\n\n<p class=\"has-small-font-size\"><\/p>\n\n\n\n<figure class=\"wp-block-image size-full is-resized\"><img loading=\"lazy\" decoding=\"async\" data-attachment-id=\"99\" data-permalink=\"https:\/\/www.comuna13online.com.ar\/?attachment_id=99\" data-orig-file=\"https:\/\/www.comuna13online.com.ar\/wp-content\/uploads\/2017\/12\/line.jpg\" data-orig-size=\"678,1\" data-comments-opened=\"0\" data-image-meta=\"{&quot;aperture&quot;:&quot;0&quot;,&quot;credit&quot;:&quot;&quot;,&quot;camera&quot;:&quot;&quot;,&quot;caption&quot;:&quot;&quot;,&quot;created_timestamp&quot;:&quot;0&quot;,&quot;copyright&quot;:&quot;&quot;,&quot;focal_length&quot;:&quot;0&quot;,&quot;iso&quot;:&quot;0&quot;,&quot;shutter_speed&quot;:&quot;0&quot;,&quot;title&quot;:&quot;&quot;,&quot;orientation&quot;:&quot;0&quot;}\" data-image-title=\"line\" data-image-description=\"\" data-image-caption=\"\" data-large-file=\"https:\/\/www.comuna13online.com.ar\/wp-content\/uploads\/2017\/12\/line.jpg\" src=\"http:\/\/www.comuna13online.com.ar\/wp-content\/uploads\/2017\/12\/line.jpg\" alt=\"\" class=\"wp-image-99\" width=\"678\" height=\"1\" srcset=\"https:\/\/www.comuna13online.com.ar\/wp-content\/uploads\/2017\/12\/line.jpg 678w, https:\/\/www.comuna13online.com.ar\/wp-content\/uploads\/2017\/12\/line-150x1.jpg 150w, https:\/\/www.comuna13online.com.ar\/wp-content\/uploads\/2017\/12\/line-326x1.jpg 326w, https:\/\/www.comuna13online.com.ar\/wp-content\/uploads\/2017\/12\/line-80x1.jpg 80w, https:\/\/www.comuna13online.com.ar\/wp-content\/uploads\/2017\/12\/line-272x1.jpg 272w\" sizes=\"auto, (max-width: 678px) 100vw, 678px\" \/><\/figure>\n\n\n\n<p class=\"has-small-font-size\"><\/p>\n\n\n\n<h4 class=\"wp-block-heading has-text-color has-link-color wp-elements-53d3f0e0cb48071e8c1bc2b30c23d287\" style=\"color:#a33535\">UmerezArtCenter &amp; Buenos Aires fine Art<\/h4>\n\n\n\n<p><a href=\"https:\/\/www.google.com\/maps\/place\/Cuba+1930,+C1428+Cdad.+Aut%C3%B3noma+de+Buenos+Aires\/data=!4m2!3m1!1s0x95bcb5d23ae02eb1:0xe4b61019f5677b8?sa=X&amp;ved=1t:242&amp;ictx=111\" target=\"_blank\" rel=\"noreferrer noopener\">Cuba 1930, Belgrano<\/a><\/p>\n\n\n\n<h5 class=\"wp-block-heading\">EXPOSICIONES<\/h5>\n\n\n\n<p class=\"has-small-font-size\"><strong>Sala A \u2013 De la A a la Z \/ Sala B \u2013 Natural:<\/strong> Dos espacios, galer\u00eda y estudio de arte, se fusionan para abrir al p\u00fablico una propuesta art\u00edstica que invita a recorrer sus salas desde el arte moderno a lo cl\u00e1sico, opuestos pero absolutamente complementarios.<\/p>\n\n\n\n<h5 class=\"wp-block-heading\">ACTIVIDADES<\/h5>\n\n\n\n<p class=\"has-small-font-size\">20.30 hs. <strong>Tenores L\u00edrica show: <\/strong>Con la participaci\u00f3n especial del Tenor y Maestro Gabriel Centeno.<\/p>\n\n\n\n<p class=\"has-small-font-size\"><\/p>\n\n\n\n<figure class=\"wp-block-image size-full is-resized\"><img loading=\"lazy\" decoding=\"async\" data-attachment-id=\"99\" data-permalink=\"https:\/\/www.comuna13online.com.ar\/?attachment_id=99\" data-orig-file=\"https:\/\/www.comuna13online.com.ar\/wp-content\/uploads\/2017\/12\/line.jpg\" data-orig-size=\"678,1\" data-comments-opened=\"0\" data-image-meta=\"{&quot;aperture&quot;:&quot;0&quot;,&quot;credit&quot;:&quot;&quot;,&quot;camera&quot;:&quot;&quot;,&quot;caption&quot;:&quot;&quot;,&quot;created_timestamp&quot;:&quot;0&quot;,&quot;copyright&quot;:&quot;&quot;,&quot;focal_length&quot;:&quot;0&quot;,&quot;iso&quot;:&quot;0&quot;,&quot;shutter_speed&quot;:&quot;0&quot;,&quot;title&quot;:&quot;&quot;,&quot;orientation&quot;:&quot;0&quot;}\" data-image-title=\"line\" data-image-description=\"\" data-image-caption=\"\" data-large-file=\"https:\/\/www.comuna13online.com.ar\/wp-content\/uploads\/2017\/12\/line.jpg\" src=\"http:\/\/www.comuna13online.com.ar\/wp-content\/uploads\/2017\/12\/line.jpg\" alt=\"\" class=\"wp-image-99\" width=\"678\" height=\"1\" srcset=\"https:\/\/www.comuna13online.com.ar\/wp-content\/uploads\/2017\/12\/line.jpg 678w, https:\/\/www.comuna13online.com.ar\/wp-content\/uploads\/2017\/12\/line-150x1.jpg 150w, https:\/\/www.comuna13online.com.ar\/wp-content\/uploads\/2017\/12\/line-326x1.jpg 326w, https:\/\/www.comuna13online.com.ar\/wp-content\/uploads\/2017\/12\/line-80x1.jpg 80w, https:\/\/www.comuna13online.com.ar\/wp-content\/uploads\/2017\/12\/line-272x1.jpg 272w\" sizes=\"auto, (max-width: 678px) 100vw, 678px\" \/><\/figure>\n\n\n\n<p class=\"has-small-font-size\"><\/p>\n\n\n\n<h4 class=\"wp-block-heading has-text-color has-link-color wp-elements-c05f73e2b8f212c775907c5cede54a53\" style=\"color:#a33535\">Mouth Galer\u00eda de Arte<\/h4>\n\n\n\n<p><a href=\"https:\/\/www.google.com\/maps\/place\/Super%C3%AD+1426,+C1426BAH+Cdad.+Aut%C3%B3noma+de+Buenos+Aires\/@-34.5741062,-58.460337,17z\/data=!3m1!4b1!4m6!3m5!1s0x95bcb5d920b0744b:0x84ccb77a4caabb26!8m2!3d-34.5741062!4d-58.460337!16s%2Fg%2F11c5pfzlc2?entry=ttu&amp;g_ep=EgoyMDI0MTEwNi4wIKXMDSoASAFQAw%3D%3D\" target=\"_blank\" rel=\"noreferrer noopener\">Super\u00ed 1426, Belgrano<\/a><\/p>\n\n\n\n<h5 class=\"wp-block-heading\">EXPOSICIONES<\/h5>\n\n\n\n<p><strong>Muestra homenaje a Benito Quinquela Martin:<\/strong> Una gran colecci\u00f3n de obras de todas las \u00e9pocas del artista.<\/p>\n\n\n\n<h5 class=\"wp-block-heading\">ACTIVIDADES<\/h5>\n\n\n\n<p class=\"has-small-font-size\">De 19 a 02 hs. <strong>Visita guiada:<\/strong> Recorrido guiado por el curador de la muestra.<\/p>\n\n\n\n<p class=\"has-small-font-size\"><\/p>\n\n\n\n<div style=\"height:20px\" aria-hidden=\"true\" class=\"wp-block-spacer\"><\/div>\n\n\n\n<figure class=\"wp-block-image size-full\"><img loading=\"lazy\" decoding=\"async\" width=\"678\" height=\"452\" data-attachment-id=\"17674\" data-permalink=\"https:\/\/www.comuna13online.com.ar\/?attachment_id=17674\" data-orig-file=\"https:\/\/www.comuna13online.com.ar\/wp-content\/uploads\/2023\/09\/20230919a_01.jpg\" data-orig-size=\"678,452\" data-comments-opened=\"0\" data-image-meta=\"{&quot;aperture&quot;:&quot;0&quot;,&quot;credit&quot;:&quot;&quot;,&quot;camera&quot;:&quot;&quot;,&quot;caption&quot;:&quot;&quot;,&quot;created_timestamp&quot;:&quot;0&quot;,&quot;copyright&quot;:&quot;&quot;,&quot;focal_length&quot;:&quot;0&quot;,&quot;iso&quot;:&quot;0&quot;,&quot;shutter_speed&quot;:&quot;0&quot;,&quot;title&quot;:&quot;&quot;,&quot;orientation&quot;:&quot;0&quot;}\" data-image-title=\"20230919a_01\" data-image-description=\"\" data-image-caption=\"\" data-large-file=\"https:\/\/www.comuna13online.com.ar\/wp-content\/uploads\/2023\/09\/20230919a_01.jpg\" src=\"https:\/\/www.comuna13online.com.ar\/wp-content\/uploads\/2023\/09\/20230919a_01.jpg\" alt=\"\" class=\"wp-image-17674\" srcset=\"https:\/\/www.comuna13online.com.ar\/wp-content\/uploads\/2023\/09\/20230919a_01.jpg 678w, https:\/\/www.comuna13online.com.ar\/wp-content\/uploads\/2023\/09\/20230919a_01-272x182.jpg 272w\" sizes=\"auto, (max-width: 678px) 100vw, 678px\" \/><\/figure>\n\n\n\n<div style=\"height:20px\" aria-hidden=\"true\" class=\"wp-block-spacer\"><\/div>\n\n\n\n<h3 class=\"wp-block-heading\">Destacados de la Noche de los Museos 2024<\/h3>\n\n\n\n<p>Los MuseosBA invitan a compartir experiencias \u00fanicas, haciendo de cada Museo un lugar de encuentro.<\/p>\n\n\n\n<p>En el <strong>Museo Moderno<\/strong> se presentar\u00e1 \u201cEl Aprendizaje Infinito. Arte es educaci\u00f3n\u201d, exposici\u00f3n que indaga en las relaciones entre arte y educaci\u00f3n y se centra en las experiencias desarrolladas en la Argentina entre los siglos XX y XXI; \u201cModerno y Metamoderno\u201d, obra que se despliega en tres grandes salas del Moderno, pone de relieve las importantes colecciones que conforman el patrimonio del museo y permite visualizar su crecimiento y sus procesos de investigaci\u00f3n, materializados en exposiciones, publicaciones y acciones a lo largo de sus 68 a\u00f1os de existencia; \u201cAlberto Passolini: So\u00f1ar a borbotones\u201d, un gran mural del hall es una invitaci\u00f3n a reflexionar sobre historias existentes y a imaginar nuevas historias a trav\u00e9s del dibujo. A las 19 h se podr\u00e1 asistir al recorrido p\u00fablico, donde el equipo educativo invitar\u00e1 a visitar las exposiciones que forman parte del programa \u201cArte es educaci\u00f3n\u201d. Ser\u00e1 una propuesta para disfrutar del patrimonio y de las producciones de artistas y educadores argentinos. La visita cuenta con recursos t\u00e1ctiles y con servicio de interpretaci\u00f3n en lengua de se\u00f1as argentina. Tambi\u00e9n tendr\u00e1 lugar all\u00ed, a partir de las 19 y hasta la 1 h, la 3\u00aa Feria del Libro de Humanidades y Ciencias Sociales: charlas abiertas, mesas redondas y presentaciones de libros de las m\u00e1s importantes editoriales especializadas en ensayo, teor\u00eda y difusi\u00f3n de las ciencias sociales, las artes y las humanidades tendr\u00e1n sus libros a la venta. A partir de las 20 h se podr\u00e1 asistir a Retrato mutante, un taller de creaci\u00f3n art\u00edstica para p\u00fablico general dise\u00f1ado por Carrie Bencardino hasta las 21 h, buscar el kit de exploraci\u00f3n, mochila que contiene recursos educativos para descubrir las exposiciones de forma aut\u00f3noma disponible hasta las 22 h y disfrutar del Territorio de Imaginaci\u00f3n y Conocimiento, un espacio que invitar\u00e1 a descubrir con libertad, un rinc\u00f3n de lectura que ofrece un respiro para sumergirse en nuevas historias, un ambiente que combina exploraci\u00f3n y reflexi\u00f3n, abierto a la curiosidad de todas las edades hasta las 23.30 h. De 21 a 23.30 h estar\u00e1 el espacio de collage para p\u00fablico general \u00bfPor qu\u00e9 suenan tan pop?, un sector dedicado al pop argentino y a diversas expresiones art\u00edsticas que integraron ese movimiento, con afiches, folletos, videos y otros elementos que son parte de la variedad de obras y artistas que forman la colecci\u00f3n del Moderno.<\/p>\n\n\n\n<p>En el&nbsp;<strong>Museo de Arte Espa\u00f1ol Enrique Larreta<em>&nbsp;<\/em><\/strong>se podr\u00e1 disfrutar de tres muestras. La primera, \u201cAdolf Methfessel. El pintor cient\u00edfico\u201d, que evidencia la destacada labor que el artista suizo realiz\u00f3 en el continente Sudamericano, con una selecci\u00f3n de obras que denotan el imprescindible preciosismo y rigurosidad en su estudio. Curada por Leontina Etchelecu, la exposici\u00f3n cuenta con acuarelas y \u00f3leos que funcionan como verdaderas \u201cradiograf\u00edas\u201d de la selva misionera y la vida cotidiana de sus ocupantes. Otra de las muestras es \u201cIntervenciones m\u00ednimas III\u201d, que exhibe obras de artistas contempor\u00e1neos en di\u00e1logo con la colecci\u00f3n permanente del museo. Se presentar\u00e1n obras de Jacques Bedel, Mar\u00eda Silvia Corcuera y Catalina Cherv\u00edn. Por \u00faltimo, \u201cNomad &#8211; Aaron Nachtailer\u201d est\u00e1 integrada por cuatro instalaciones inmersivas y site-specific del artista neuquino Aaron Nachtailer. All\u00ed se exploran diversas condiciones del estado de la materia: el \u00e1rbol vivo, el tronco, la madera quemada y la ausencia misma a trav\u00e9s de la desmaterializaci\u00f3n.<\/p>\n\n\n\n<p>El <strong>Museo de Artes Pl\u00e1sticas Eduardo S\u00edvori<\/strong> (actualmente llevando adelante refacciones como parte del plan de puesta en valor integral) tendr\u00e1 actividades en el exterior del museo, como suelta de libros, intervenciones en la fachada, talleres art\u00edsticos, instalaciones interactivas y shows musicales. En el Museo de Arte Popular Jos\u00e9 Hern\u00e1ndez se podr\u00e1n visitar las siguientes exposiciones: \u201cTesoros del Gran Chaco\u201d, una original exposici\u00f3n donde se visibilizan las producciones culturales y art\u00edsticas de los pueblos originarios del Gran Chaco (qom, wich\u00ed y moqoit); \u201cTom\u00e1s Ditaranto, el pintor del Mart\u00edn Fierro\u201d, la exposici\u00f3n hace foco en las ilustraciones que acompa\u00f1aron la edici\u00f3n triling\u00fce del Mart\u00edn Fierro, editado en 1973, adem\u00e1s de los distintos bocetos que realiz\u00f3 el autor hasta llegar a la caracterizaci\u00f3n final del personaje (tendr\u00e1 como uno de sus ejes su faceta de viajero); \u201cNirvana &#8211; Sergio Blanco\u201d: compuesta por tres obras que se instalar\u00e1n en el jard\u00edn, Amanecer crepuscular, Para\u00edso y Entre lo posible y lo real. La instalaci\u00f3n propondr\u00e1 a los visitantes un viaje a trav\u00e9s de la naturaleza y la reflexi\u00f3n sobre su existencia con m\u00fasica creada especialmente por el m\u00fasico Diego Araujo.<\/p>\n\n\n\n<p>En el<strong> Museo Hist\u00f3rico Saavedra<\/strong> estar\u00e1 \u201cMariquita S\u00e1nchez de Thompson: en primera persona\u201d, muestra sobre una figura central en la historia argentina del siglo XIX, que se erigi\u00f3 como un s\u00edmbolo de la sociedad porte\u00f1a de su tiempo y su influencia trascendi\u00f3 las fronteras de lo convencional. La exposici\u00f3n est\u00e1 compuesta por objetos pertenecientes al patrimonio del museo, en su mayor\u00eda relacionados con la historia argentina. Asimismo, se complementar\u00e1 con otros objetos e im\u00e1genes del Museo Hist\u00f3rico Nacional, el Museo Nacional de Bellas Artes, la Colecci\u00f3n Hist\u00f3rica del Traje Argentino y el Buenos Aires Museo. En el Museo de Esculturas Luis Perlotti estar\u00e1 \u201cLa emancipaci\u00f3n de las formas\u201d. Leo Vinci, el escultor, propone un abordaje est\u00e9tico problematizando los valores \u00e9ticos, morales y culturales que atraviesan a los seres humanos y miembros de una sociedad globalizada. Aparecen temas como la cultura, la identidad, la angustia y la incertidumbre, pero tambi\u00e9n la esperanza en el futuro, siempre en constante tensi\u00f3n. En el Museo Casa Carlos Gardel se podr\u00e1 ver \u201cTroilo, el otro Gardel del Abasto\u201d, una exposici\u00f3n que muestra por primera vez el acervo patrimonial de la familia de Pichuco. Se podr\u00e1n observar desde las partituras originales de Pichuco y el archivo fotogr\u00e1fico familiar hasta su bandone\u00f3n, premios y sus 485 grabaciones comerciales.<\/p>\n\n\n\n<p>El <strong>Museo Fern\u00e1ndez Blanco<\/strong> tendr\u00e1 en sus dos sedes exposiciones para visitar. En el Museo Isaac Fern\u00e1ndez Blanco (Casa), se presenta \u201cLa eterna b\u00fasqueda de la realidad\u201d, una selecci\u00f3n de 40 fotograf\u00edas de la colecci\u00f3n que permiten adentrarse en la intimidad de una familia de inmigrantes italianos que, en 1913. Adem\u00e1s, ofrece un recorrido visual por Egipto, Magna Grecia y Tierra Santa, a comienzos del siglo XX. En el mismo espacio estar\u00e1 \u201cLa ciudad a la moda\u201d, obra que exhibe los cambios en las modas como reflejo de una sociedad, su grado de adaptabilidad, sus construcciones identitarias y de g\u00e9nero, sus producciones y consumos. En tanto, en el Museo Isaac Fern\u00e1ndez Blanco (Palacio Noel) se podr\u00e1 disfrutar de \u201cGuido Boggiani y el Chaco: Una aventura del siglo XIX\u201d, una exposici\u00f3n fotogr\u00e1fica de este artista italiano hecha en las zonas del Gran Chaco y el Mato Grosso, principalmente dedicada a las tribus caduveo y chamacoco; y \u201cArte y ambiente natural. Circuito escult\u00f3rico accesible en los jardines del Palacio Noel\u201d, una selecci\u00f3n de obras contempor\u00e1neas de artistas argentinos que denotan su impronta personal en la realizaci\u00f3n. Se propone, a partir de la premisa arte, accesibilidad y ambiente natural, un circuito de esculturas que dialogue con los jardines del Museo Fern\u00e1ndez Blanco.<\/p>\n\n\n\n<p>En el <strong>Museo de la Ciudad<\/strong> se podr\u00e1 visitar \u201cParque de la Ciudad. Una vuelta por su historia\u201d, una exposici\u00f3n que busca recuperar la historia del Parque de la Ciudad y mostrar la refuncionalizaci\u00f3n de un espacio urbano que se cre\u00f3 con la finalidad de ser un \u00e1mbito para el ocio y disfrute de la poblaci\u00f3n. Dentro de las distintas actividades que ofrece el museo, se podr\u00e1 disfrutar de un minisamba, una calesita y un show de malabares. En el Museo del Cine Pablo Ducr\u00f3s Hicken, estar\u00e1 la muestra \u201cWilenski &#8211; fot\u00f3grafo de artistas\u201d, conformada por m\u00e1s de dos mil negativos de vidrio al gelatinobromuro. Se trata de la primera exposici\u00f3n integral realizada sobre este material, en su mayor\u00eda in\u00e9dito, con una colecci\u00f3n de retratos realizados durante las d\u00e9cadas de 1930 y 1940. Forman parte grandes nombres como los de Tita Merello, Juan Carlos Thorry, Libertad Lamarque, Paulina Singerman y Silvia y Mirtha Legrand.<\/p>\n\n\n\n<p>En la <strong>Usina del Arte<\/strong>, se podr\u00e1 visitar la \u201cEscultura participativa\u201d de Tadeo Jones, una obra interactiva que invita a los visitantes a intervenir un busto escult\u00f3rico de gran formato a trav\u00e9s de diversas t\u00e9cnicas art\u00edsticas, donde se utilizar\u00e1n materiales de descarte promoviendo la realizaci\u00f3n de un objeto de arte sustentable que adem\u00e1s, se ir\u00e1 transformando a partir de las acciones de quienes participen; \u201cCrema party Usina\u201d de Mauro Crema, una carpa inmersiva de pintura colaborativa, al ritmo de m\u00fasica electr\u00f3nica, donde grandes y chicos formar\u00e1n parte de la obra en una experiencia art\u00edstica que contar\u00e1 con un dj en vivo y luces de ne\u00f3n. Adem\u00e1s, habr\u00e1 m\u00fasica en la Plaza de la Usina a cargo de 107 Faunos y un dj set de Al ver ver\u00e1s acompa\u00f1ado de un video mapping sobre la fachada. Durante el d\u00eda, estar\u00e1 disponible la programaci\u00f3n habitual de la Usina del Arte como iUpiiiiii, Ludo-Espacio, las visitas guiadas, as\u00ed como talleres art\u00edsticos y un patio gastron\u00f3mico con foodtrucks.<\/p>\n\n\n\n<p>Por \u00faltimo, el <strong>Museo de la Imaginaci\u00f3n y el Juego (MIJU)<\/strong> tendr\u00e1 un horario especial de 16 a 22 h. El espacio l\u00fadico de la Ciudad de Buenos Aires pensado y dise\u00f1ado para los tres segmentos de la infancia, tendr\u00e1 actividades como talleres creativos y shows musicales. El acceso al jard\u00edn es libre y gratuito, sin necesidad de reserva previa. Para recorrer las salas del MIJU, la entrada tambi\u00e9n es gratuita, pero se requiere una reserva anticipada a trav\u00e9s de los canales habituales, como la p\u00e1gina web del museo.<\/p>\n\n\n\n<div style=\"height:20px\" aria-hidden=\"true\" class=\"wp-block-spacer\"><\/div>\n\n\n\n<h3 class=\"wp-block-heading\">Transporte gratis durante la Noche de los Museos 2024<\/h3>\n\n\n\n<p>Durante el horario de la noche de los museos vas a poder utilizar el transporte p\u00fablico totalmente gratis.<br>Para acceder a este beneficio, los usuarios deber\u00e1n tener el pase libre que podr\u00e1n descargarlo de BOTI, o de la p\u00e1gina&nbsp;<a href=\"http:\/\/festivalesba.org\/\">festivalesba.org<\/a><\/p>\n\n\n\n<p><strong>EcoBici<\/strong><\/p>\n\n\n\n<p>Para utilizar el servicio de Ecobici, el nombre del pase ser\u00e1 Noche de los Museos, contando con cuatro viajes de hasta 45 minutos cada uno. Este pase tiene validez el d\u00eda 9 de noviembre desde las 18 h hasta las 3 h del d\u00eda siguiente. Para acceder a este beneficio, los usuarios deber\u00e1n tener el pase libre que podr\u00e1n descargarlo de BOTI, o de la p\u00e1gina<\/p>\n\n\n\n<p><strong>Subtes y Premetro:&nbsp;<\/strong><\/p>\n\n\n\n<p>A partir de las 18 hs del s\u00e1bado vas a poder viajar gratis en todas las l\u00edneas de subte y en el premetro hasta que finalice el servicio sin necesidad de presentar PASE.<\/p>\n\n\n\n<ul class=\"wp-block-list\">\n<li><\/li>\n<\/ul>\n\n\n\n<p><strong>Colectivos:&nbsp;<\/strong><\/p>\n\n\n\n<p>Las l\u00edneas de colectivos que tengan en el frente el cartel de La Noche de los museos 2024 te dejan viajar de forma gratuita desde las 18 hs hasta las 03 hs, mostrando el&nbsp;<strong>Pase libre<\/strong>&nbsp;que se gestiona a trav\u00e9s de:<\/p>\n\n\n\n<p>Ingresar al sitio Festivales BA, en la secci\u00f3n de la Noche de los Museos, y seleccionar la opci\u00f3n \u201cSac\u00e1 tu pase libre\u201d. All\u00ed, solo hace falta hacer click en el bot\u00f3n \u201c<a href=\"https:\/\/festivalesba.org\/wp-content\/uploads\/2024\/11\/LNdlM2024-PaseLibre.pdf\" target=\"_blank\" rel=\"noreferrer noopener\">Descarg\u00e1 tu pase libre<\/a>\u201d.<\/p>\n\n\n\n<p>L\u00edneas de colectivos participantes (de 18 a 3 h): 1, 4, 6, 7, 8, 9, 10, 12, 17, 20, 21, 22, 23, 24, 25, 26, 28, 31, 32, 34, 39, 41, 42, 44, 47, 50, 51, 55, 56, 57, 60, 63, 64, 65, 67, 68 ,71, 74, 75, 76, 78, 79, 84, 85, 87, 90, 91, 92, 98, 99, 100, 101, 102, 103, 106, 107, 108, 109, 110, 111, 113, 115, 117, 118, 127, 128, 130, 132, 134, 135, 136, 146, 150, 151, 152, 158, 161, 163, 164, 168, 169, 177, 178, 182 y 188.<\/p>\n\n\n\n<p>Es importante recordar que el pase solo debe usarse en las l\u00edneas de colectivos adheridas.&nbsp;Por ello, se recomienda tenerlo descargado y listo para mostrar al conductor al momento de abordar.&nbsp;<\/p>\n\n\n\n<figure class=\"wp-block-image size-large\"><img decoding=\"async\" src=\"https:\/\/blogger.googleusercontent.com\/img\/b\/R29vZ2xl\/AVvXsEiXWIIjkzud6RBQ6KJ05j2PCt02R4EhlWtaNp1BDaNXBY9TIknAQJIDvNpUXEAIF2DZ-HlXsHOA5l-yNc5ck66CerAXcSP9usDZ9IB7sZybRL-BnrNXbZeWdC0Ujg6PdIpnLWvebARA9og13OeJdqbIsb3BsM-pvojk64ZXDPHQDFeV8Y4UMnEKVgMG_Mo\/s4062\/noche_page-0001.jpg\" alt=\"\"\/><\/figure>\n\n\n\n<div style=\"height:20px\" aria-hidden=\"true\" class=\"wp-block-spacer\"><\/div>\n\n\n<div class=\"wp-block-image\">\n<figure class=\"aligncenter size-large\"><img decoding=\"async\" src=\"https:\/\/blogger.googleusercontent.com\/img\/b\/R29vZ2xl\/AVvXsEin8610mzE6vernGmZBFDzagtXO8gbrMdQpUmbxot314zesMrcWtpvPdNwwjdEo_dmJh4WiZR8ox4n4-si8qBUI3lHTDCj1a_F3ihornqLz1XsjN0X4_SwfHw0He7UqWT9bj9gFYnnTofDMcmn8_qSmXUSgQQ_2l3MGwZZobyNZfwpotFsT7UiDnpDCD2s\/w362-h640\/noche_page-0002.jpg=w398-h704-p-k-no-nu\" alt=\"\"\/><\/figure>\n<\/div>","protected":false},"excerpt":{"rendered":"<div class=\"mh-excerpt\">Llega la noche m\u00e1s esperada de la cultura porte\u00f1a, m\u00e1s de 250 espacios abrir\u00e1n sus puertas para compartir exhibiciones y una programaci\u00f3n especial para disfrutar en familia o amigos. Organizada <a class=\"mh-excerpt-more\" href=\"https:\/\/www.comuna13online.com.ar\/?p=19539\" title=\"Se viene la Noche de los Museos 2024\">[&#8230;]<\/a><\/div>\n","protected":false},"author":1,"featured_media":19498,"comment_status":"closed","ping_status":"closed","sticky":false,"template":"","format":"standard","meta":{"_uag_custom_page_level_css":"","_jetpack_memberships_contains_paid_content":false,"footnotes":"","jetpack_publicize_message":"","jetpack_publicize_feature_enabled":true,"jetpack_social_post_already_shared":true,"jetpack_social_options":{"image_generator_settings":{"template":"highway","default_image_id":0,"font":"","enabled":false},"version":2}},"categories":[76],"tags":[60,250,296,213,127,71],"class_list":{"0":"post-19539","1":"post","2":"type-post","3":"status-publish","4":"format-standard","5":"has-post-thumbnail","7":"category-museos","8":"tag-cultura","9":"tag-h2","10":"tag-h3","11":"tag-la-noche-de-los-museos","12":"tag-museos","13":"tag-tiempo-libre"},"jetpack_publicize_connections":[],"jetpack_featured_media_url":"https:\/\/www.comuna13online.com.ar\/wp-content\/uploads\/2024\/10\/20241030a_id.jpg","uagb_featured_image_src":{"full":["https:\/\/www.comuna13online.com.ar\/wp-content\/uploads\/2024\/10\/20241030a_id.jpg",678,381,false],"thumbnail":["https:\/\/www.comuna13online.com.ar\/wp-content\/uploads\/2024\/10\/20241030a_id.jpg",128,72,false],"medium":["https:\/\/www.comuna13online.com.ar\/wp-content\/uploads\/2024\/10\/20241030a_id.jpg",678,381,false],"medium_large":["https:\/\/www.comuna13online.com.ar\/wp-content\/uploads\/2024\/10\/20241030a_id.jpg",678,381,false],"large":["https:\/\/www.comuna13online.com.ar\/wp-content\/uploads\/2024\/10\/20241030a_id.jpg",678,381,false],"1536x1536":["https:\/\/www.comuna13online.com.ar\/wp-content\/uploads\/2024\/10\/20241030a_id.jpg",678,381,false],"2048x2048":["https:\/\/www.comuna13online.com.ar\/wp-content\/uploads\/2024\/10\/20241030a_id.jpg",678,381,false],"mh-magazine-slider":["https:\/\/www.comuna13online.com.ar\/wp-content\/uploads\/2024\/10\/20241030a_id.jpg",678,381,false],"mh-magazine-content":["https:\/\/www.comuna13online.com.ar\/wp-content\/uploads\/2024\/10\/20241030a_id.jpg",678,381,false],"mh-magazine-large":["https:\/\/www.comuna13online.com.ar\/wp-content\/uploads\/2024\/10\/20241030a_id.jpg",678,381,false],"mh-magazine-medium":["https:\/\/www.comuna13online.com.ar\/wp-content\/uploads\/2024\/10\/20241030a_id-326x245.jpg",326,245,true],"mh-magazine-small":["https:\/\/www.comuna13online.com.ar\/wp-content\/uploads\/2024\/10\/20241030a_id-80x60.jpg",80,60,true],"sow-carousel-default":["https:\/\/www.comuna13online.com.ar\/wp-content\/uploads\/2024\/10\/20241030a_id-272x182.jpg",272,182,true]},"uagb_author_info":{"display_name":"Comuna13","author_link":"https:\/\/www.comuna13online.com.ar\/?author=1"},"uagb_comment_info":0,"uagb_excerpt":"Llega la noche m\u00e1s esperada de la cultura porte\u00f1a, m\u00e1s de 250 espacios abrir\u00e1n sus puertas para compartir exhibiciones y una programaci\u00f3n especial para disfrutar en familia o amigos. Organizada [...]","jetpack_sharing_enabled":true,"_links":{"self":[{"href":"https:\/\/www.comuna13online.com.ar\/index.php?rest_route=\/wp\/v2\/posts\/19539","targetHints":{"allow":["GET"]}}],"collection":[{"href":"https:\/\/www.comuna13online.com.ar\/index.php?rest_route=\/wp\/v2\/posts"}],"about":[{"href":"https:\/\/www.comuna13online.com.ar\/index.php?rest_route=\/wp\/v2\/types\/post"}],"author":[{"embeddable":true,"href":"https:\/\/www.comuna13online.com.ar\/index.php?rest_route=\/wp\/v2\/users\/1"}],"replies":[{"embeddable":true,"href":"https:\/\/www.comuna13online.com.ar\/index.php?rest_route=%2Fwp%2Fv2%2Fcomments&post=19539"}],"version-history":[{"count":0,"href":"https:\/\/www.comuna13online.com.ar\/index.php?rest_route=\/wp\/v2\/posts\/19539\/revisions"}],"wp:featuredmedia":[{"embeddable":true,"href":"https:\/\/www.comuna13online.com.ar\/index.php?rest_route=\/wp\/v2\/media\/19498"}],"wp:attachment":[{"href":"https:\/\/www.comuna13online.com.ar\/index.php?rest_route=%2Fwp%2Fv2%2Fmedia&parent=19539"}],"wp:term":[{"taxonomy":"category","embeddable":true,"href":"https:\/\/www.comuna13online.com.ar\/index.php?rest_route=%2Fwp%2Fv2%2Fcategories&post=19539"},{"taxonomy":"post_tag","embeddable":true,"href":"https:\/\/www.comuna13online.com.ar\/index.php?rest_route=%2Fwp%2Fv2%2Ftags&post=19539"}],"curies":[{"name":"wp","href":"https:\/\/api.w.org\/{rel}","templated":true}]}}