{"id":19527,"date":"2024-11-07T10:57:17","date_gmt":"2024-11-07T13:57:17","guid":{"rendered":"https:\/\/www.comuna13online.com.ar\/?p=19527"},"modified":"2024-11-08T11:08:39","modified_gmt":"2024-11-08T14:08:39","slug":"comenzo-la-audiencia-publica-sobre-la-modificacion-del-codigo-urbanistico","status":"publish","type":"post","link":"https:\/\/www.comuna13online.com.ar\/?p=19527","title":{"rendered":"Comenz\u00f3 la audiencia p\u00fablica sobre la modificaci\u00f3n del C\u00f3digo Urban\u00edstico"},"content":{"rendered":"\n<p><strong>Con m\u00e1s de 1.700 inscriptos, la Comisi\u00f3n de Planeamiento Urbano dio inicio a la audiencia que se extender\u00e1 hasta el 15 de noviembre y contar\u00e1 con la exposici\u00f3n de expertos y funcionarios de las juntas comunales.<\/strong><\/p>\n\n\n\n<figure class=\"wp-block-image size-full\"><img loading=\"lazy\" decoding=\"async\" width=\"678\" height=\"381\" data-attachment-id=\"19529\" data-permalink=\"https:\/\/www.comuna13online.com.ar\/?attachment_id=19529\" data-orig-file=\"https:\/\/www.comuna13online.com.ar\/wp-content\/uploads\/2024\/11\/20241407a_01.jpg\" data-orig-size=\"678,381\" data-comments-opened=\"0\" data-image-meta=\"{&quot;aperture&quot;:&quot;0&quot;,&quot;credit&quot;:&quot;&quot;,&quot;camera&quot;:&quot;&quot;,&quot;caption&quot;:&quot;&quot;,&quot;created_timestamp&quot;:&quot;0&quot;,&quot;copyright&quot;:&quot;&quot;,&quot;focal_length&quot;:&quot;0&quot;,&quot;iso&quot;:&quot;0&quot;,&quot;shutter_speed&quot;:&quot;0&quot;,&quot;title&quot;:&quot;&quot;,&quot;orientation&quot;:&quot;0&quot;}\" data-image-title=\"20241407a_01\" data-image-description=\"\" data-image-caption=\"\" data-large-file=\"https:\/\/www.comuna13online.com.ar\/wp-content\/uploads\/2024\/11\/20241407a_01.jpg\" src=\"https:\/\/www.comuna13online.com.ar\/wp-content\/uploads\/2024\/11\/20241407a_01.jpg\" alt=\"\" class=\"wp-image-19529\"\/><\/figure>\n\n\n\n<div style=\"height:20px\" aria-hidden=\"true\" class=\"wp-block-spacer\"><\/div>\n\n\n\n<p>Desde las 10 de la ma\u00f1ana retom\u00f3 la audiencia p\u00fablica sobre la Modificaci\u00f3n al C\u00f3digo Urban\u00edstico, que comenz\u00f3 ayer a la tarde, en el Sal\u00f3n San Mart\u00edn de la Legislatura porte\u00f1a, en el marco de la Ley N\u00ba 6, modificada por la Ley N\u00ba 6629. Cuenta con formato mixto paraque los inscriptos puedan hacer su participaci\u00f3n de forma presencial o virtual y el proyecto en tratamiento fue aprobado en primera lectura el 26 de septiembre \u00faltimo, en el marco del expediente 2120\u2013J\u20132024, del Jefe de Gobierno.<\/p>\n\n\n\n<p>La audiencia p\u00fablica es presidida por el diputado Edgardo Alifraco, presidente de la Comisi\u00f3n de Planeamiento Urbano, acompa\u00f1ado de los diputados Paola Vanesa Michielotto, Alejandro Omar Grillo, Mar\u00eda Sol M\u00e9ndez, Manuela Thourte, Pablo Alejandro Donati, Cele Fierro, Francisco Loupias, Juan Pablo Modarelli, Maia Daer, Claudia Neira, Mar\u00eda Cecilia Ferrero y Franco Vitali.<\/p>\n\n\n\n<p>Debido a la gran cantidad de inscriptos, 1740, se estima una duraci\u00f3n de 8 d\u00edas, hasta el 15 de noviembre, con el fin de lograr una amplia participaci\u00f3n y asegurar un tiempo prudente para el desarrollo de cada exposici\u00f3n por parte de vecinos, integrantes de las asambleas barriales, asociaciones vecinales, ONGs y todo aquel participante que se haya inscripto para dar su parecer sobre el tema.<\/p>\n\n\n\n<p>En la primera parte de la audiencia se expusieron los alcances de la propuesta de modificaci\u00f3n del C\u00f3digo Urban\u00edstico, a cargo de los funcionarios expertos: \u00c1lvaro Garc\u00eda Resta, Secretario de Desarrollo Urbano; Sandra Tuya, Directora General de Planeamiento Urbano; An\u00edbal del Olmo, Director General de Antropolog\u00eda Urbana y Marina Vasta, Gerente Operativa en la Direcci\u00f3n General de Interpretaci\u00f3n Urban\u00edstica.<\/p>\n\n\n\n<p>Luego, particip\u00f3 de la Defensor\u00eda del Pueblo de la Ciudad, B\u00e1rbara Laura Rossen, responsable de la Direcci\u00f3n General de Derecho de Acceso a la Ciudad; tambi\u00e9n los miembros de las Juntas Comunales, entre ellos Silvia Collin, In\u00e9s Fornassero y Carlos Alberto Salazar de la Junta Comunal N\u00b0 3; Diego Gonzalo Achile de la Junta Comunal N\u00b0 13; Luciana Grossi de la Junta Comunal N\u00b0 1; Mar\u00eda Paz Carreira Griot de la Junta Comunal N\u00b0 14; Pablo Ortiz Maldonado de la Junta Comunal N\u00b0 12; Malena Eva Rotondo y Gast\u00f3n Ezequiel Fern\u00e1ndez de la Junta Comunal N\u00b0 11; Daniela Romero de la Junta Comunal N\u00b0 10; Lorena Anal\u00eda Crespo de la Junta Comunal N\u00b0 9; Elisa Ju\u00e1rez y Juli\u00e1n Cappa de la Junta Comunal N\u00b0 7; Yamila Fuxman de la Junta Comunal N\u00b0 5; Mar\u00eda Cristina Geninazzi y Mariano Cuyeu de la Junta Comunal N\u00b0 6; Leonardo Lucchese Di Leva de la Junta Comunal N\u00b0 15; y, vecinos inscriptos.<\/p>\n\n\n\n<p><em>\u201cAgradecemos esta instancia para venir a contar este proyecto de actualizaci\u00f3n del C\u00f3digo Urban\u00edstico, tan importante y tan relevante para el futuro de la ciudad. Quiero destacar el valor del proceso que se ha llevado hasta ac\u00e1. El proyecto enviado a esta Legislatura, all\u00e1 a fines de julio, plantea una revisi\u00f3n peri\u00f3dica\u201d<\/em>, expres\u00f3 Garc\u00eda Resta al comienzo de las alocuciones.<\/p>\n\n\n\n<p><em>\u201cAspiramos a una visi\u00f3n de desarrollo urbano sostenible. A lo largo de este arduo proceso de trabajo, hubo una instancia de participaci\u00f3n que se extendi\u00f3 m\u00e1s all\u00e1 de la sanci\u00f3n de la primera lectura, con reuniones con cada una de las 15 Juntas Comunales. Adem\u00e1s, y en forma previa, hubo much\u00edsimas horas de trabajo con asesores, con los diputados y diputadas de esta Casa, para lograr la mejor norma posible para la ciudad\u201d<\/em>, agreg\u00f3.<\/p>\n\n\n\n<p>Entre los lineamientos conceptuales del proyecto de modificaci\u00f3n, Garc\u00eda Resta sintetiz\u00f3, \u201cesta actualizaci\u00f3n apela a generar el equilibrio, que se basa en 3 escalas: la escala ciudad, equilibrio norte-sur; la escala barrio o comuna, que se refleja en las planchetas; y, la escala manzana, conformadas por parcelas, que tienen unidades de sustentabilidad, que es lo que permite construir o no en cada parcela\u201d.<\/p>\n\n\n\n<p>M\u00e1s adelante, Tuya, destac\u00f3<em> \u201cen cada uno de los ajustes y propuestas de modificaci\u00f3n, respetamos todos los principios de la planificaci\u00f3n urbana y ambiental, que refieren a la ciudad integrada, que persigue todas las zonas entre s\u00ed, especialmente la zona sur con el resto de la ciudad; la ciudad polic\u00e9ntrica; la ciudad plural; la ciudad saludable; y, la ciudad diversa\u201d<\/em>.<\/p>\n\n\n\n<p>Por su parte, Vasta explic\u00f3 que <em>\u201chay 4.275 inmuebles en el cat\u00e1logo preventivo a la espera de una ley firme para pasarlos al cat\u00e1logo definitivo, cuya audiencia p\u00fablica ser\u00e1 el 27 de noviembre\u00bb<\/em>, mientras que Del Olmo, remarc\u00f3 que <em>\u201cla metodolog\u00eda participativa llev\u00f3 50 reuniones con vecinos, en los que hubo intercambios t\u00e9cnicos con profesionales; uno de los motores de inicio fue el movimiento vecinal.\u201d<\/em><\/p>\n\n\n\n<p>La Audiencia continuar\u00e1 hasta el 15 de noviembre, de lunes a viernes, iniciando cada jornada a las 10 horas y se podr\u00e1 seguir en vivo por YouTube: <a href=\"https:\/\/www.youtube.com\/@legiscaba\"><em>www.youtube.com\/@legiscaba<\/em><\/a>.<\/p>\n\n\n\n<p class=\"has-text-align-right\"><sub>Fuente: <em><strong>D. G. Prensa de la Legislatura de la Ciudad<\/strong><\/em><\/sub><a href=\"mailto:?subject=La%20Legislatura%20aprob%C3%B3%20en%20primera%20lectura%20un%20proyecto%20que%20procura%20mantener%20el%20paisaje%20y%20la%20arquitectura%20en%20dos%20barrios%20de%20la%20Comuna%2013.%20Deber%C3%A1%20debatirse%20en%20Audiencia%20P%C3%BAblica.%20%20%20%20%20%20%20%20%20%20%20&amp;body=https%3A%2F%2Fwww.legislatura.gov.ar%2Fposts%2Fsesion-19-052427.html\"><\/a><\/p>\n\n\n\n<p><\/p>\n","protected":false},"excerpt":{"rendered":"<div class=\"mh-excerpt\">Con m\u00e1s de 1.700 inscriptos, la Comisi\u00f3n de Planeamiento Urbano dio inicio a la audiencia que se extender\u00e1 hasta el 15 de noviembre y contar\u00e1 con la exposici\u00f3n de expertos <a class=\"mh-excerpt-more\" href=\"https:\/\/www.comuna13online.com.ar\/?p=19527\" title=\"Comenz\u00f3 la audiencia p\u00fablica sobre la modificaci\u00f3n del C\u00f3digo Urban\u00edstico\">[&#8230;]<\/a><\/div>\n","protected":false},"author":1,"featured_media":19528,"comment_status":"closed","ping_status":"closed","sticky":false,"template":"","format":"standard","meta":{"_uag_custom_page_level_css":"","_jetpack_memberships_contains_paid_content":false,"footnotes":"","jetpack_publicize_message":"","jetpack_publicize_feature_enabled":true,"jetpack_social_post_already_shared":true,"jetpack_social_options":{"image_generator_settings":{"template":"highway","default_image_id":0,"font":"","enabled":false},"version":2}},"categories":[21],"tags":[66,250,296,7],"class_list":{"0":"post-19527","1":"post","2":"type-post","3":"status-publish","4":"format-standard","5":"has-post-thumbnail","7":"category-legislatura","8":"tag-desarrollo-urbano","9":"tag-h2","10":"tag-h3","11":"tag-legislatura"},"jetpack_publicize_connections":[],"jetpack_featured_media_url":"https:\/\/www.comuna13online.com.ar\/wp-content\/uploads\/2024\/11\/20241407a_id.jpg","uagb_featured_image_src":{"full":["https:\/\/www.comuna13online.com.ar\/wp-content\/uploads\/2024\/11\/20241407a_id.jpg",678,381,false],"thumbnail":["https:\/\/www.comuna13online.com.ar\/wp-content\/uploads\/2024\/11\/20241407a_id.jpg",128,72,false],"medium":["https:\/\/www.comuna13online.com.ar\/wp-content\/uploads\/2024\/11\/20241407a_id.jpg",678,381,false],"medium_large":["https:\/\/www.comuna13online.com.ar\/wp-content\/uploads\/2024\/11\/20241407a_id.jpg",678,381,false],"large":["https:\/\/www.comuna13online.com.ar\/wp-content\/uploads\/2024\/11\/20241407a_id.jpg",678,381,false],"1536x1536":["https:\/\/www.comuna13online.com.ar\/wp-content\/uploads\/2024\/11\/20241407a_id.jpg",678,381,false],"2048x2048":["https:\/\/www.comuna13online.com.ar\/wp-content\/uploads\/2024\/11\/20241407a_id.jpg",678,381,false],"mh-magazine-slider":["https:\/\/www.comuna13online.com.ar\/wp-content\/uploads\/2024\/11\/20241407a_id.jpg",678,381,false],"mh-magazine-content":["https:\/\/www.comuna13online.com.ar\/wp-content\/uploads\/2024\/11\/20241407a_id.jpg",678,381,false],"mh-magazine-large":["https:\/\/www.comuna13online.com.ar\/wp-content\/uploads\/2024\/11\/20241407a_id.jpg",678,381,false],"mh-magazine-medium":["https:\/\/www.comuna13online.com.ar\/wp-content\/uploads\/2024\/11\/20241407a_id-326x245.jpg",326,245,true],"mh-magazine-small":["https:\/\/www.comuna13online.com.ar\/wp-content\/uploads\/2024\/11\/20241407a_id-80x60.jpg",80,60,true],"sow-carousel-default":["https:\/\/www.comuna13online.com.ar\/wp-content\/uploads\/2024\/11\/20241407a_id-272x182.jpg",272,182,true]},"uagb_author_info":{"display_name":"Comuna13","author_link":"https:\/\/www.comuna13online.com.ar\/?author=1"},"uagb_comment_info":0,"uagb_excerpt":"Con m\u00e1s de 1.700 inscriptos, la Comisi\u00f3n de Planeamiento Urbano dio inicio a la audiencia que se extender\u00e1 hasta el 15 de noviembre y contar\u00e1 con la exposici\u00f3n de expertos [...]","jetpack_sharing_enabled":true,"_links":{"self":[{"href":"https:\/\/www.comuna13online.com.ar\/index.php?rest_route=\/wp\/v2\/posts\/19527","targetHints":{"allow":["GET"]}}],"collection":[{"href":"https:\/\/www.comuna13online.com.ar\/index.php?rest_route=\/wp\/v2\/posts"}],"about":[{"href":"https:\/\/www.comuna13online.com.ar\/index.php?rest_route=\/wp\/v2\/types\/post"}],"author":[{"embeddable":true,"href":"https:\/\/www.comuna13online.com.ar\/index.php?rest_route=\/wp\/v2\/users\/1"}],"replies":[{"embeddable":true,"href":"https:\/\/www.comuna13online.com.ar\/index.php?rest_route=%2Fwp%2Fv2%2Fcomments&post=19527"}],"version-history":[{"count":0,"href":"https:\/\/www.comuna13online.com.ar\/index.php?rest_route=\/wp\/v2\/posts\/19527\/revisions"}],"wp:featuredmedia":[{"embeddable":true,"href":"https:\/\/www.comuna13online.com.ar\/index.php?rest_route=\/wp\/v2\/media\/19528"}],"wp:attachment":[{"href":"https:\/\/www.comuna13online.com.ar\/index.php?rest_route=%2Fwp%2Fv2%2Fmedia&parent=19527"}],"wp:term":[{"taxonomy":"category","embeddable":true,"href":"https:\/\/www.comuna13online.com.ar\/index.php?rest_route=%2Fwp%2Fv2%2Fcategories&post=19527"},{"taxonomy":"post_tag","embeddable":true,"href":"https:\/\/www.comuna13online.com.ar\/index.php?rest_route=%2Fwp%2Fv2%2Ftags&post=19527"}],"curies":[{"name":"wp","href":"https:\/\/api.w.org\/{rel}","templated":true}]}}