{"id":19516,"date":"2024-11-01T20:08:32","date_gmt":"2024-11-01T23:08:32","guid":{"rendered":"https:\/\/www.comuna13online.com.ar\/?p=19516"},"modified":"2024-11-01T20:08:35","modified_gmt":"2024-11-01T23:08:35","slug":"reunion-con-la-junta-comunal-13-por-el-codigo-urbanistico","status":"publish","type":"post","link":"https:\/\/www.comuna13online.com.ar\/?p=19516","title":{"rendered":"Reuni\u00f3n con la Junta Comunal 13 por el c\u00f3digo urban\u00edstico"},"content":{"rendered":"\n<p><strong>La Comisi\u00f3n de Planeamiento de la Legislatura porte\u00f1a contin\u00faa reuni\u00e9ndose con cada una de las comunas para avanzar con el tratamiento del C\u00f3digo Urban\u00edstico de la ciudad a escala barrial.<\/strong><\/p>\n\n\n\n<figure class=\"wp-block-image size-full\"><img loading=\"lazy\" decoding=\"async\" width=\"678\" height=\"381\" data-attachment-id=\"19517\" data-permalink=\"https:\/\/www.comuna13online.com.ar\/?attachment_id=19517\" data-orig-file=\"https:\/\/www.comuna13online.com.ar\/wp-content\/uploads\/2024\/11\/20241401a_id.jpg\" data-orig-size=\"678,381\" data-comments-opened=\"0\" data-image-meta=\"{&quot;aperture&quot;:&quot;0&quot;,&quot;credit&quot;:&quot;&quot;,&quot;camera&quot;:&quot;&quot;,&quot;caption&quot;:&quot;&quot;,&quot;created_timestamp&quot;:&quot;0&quot;,&quot;copyright&quot;:&quot;&quot;,&quot;focal_length&quot;:&quot;0&quot;,&quot;iso&quot;:&quot;0&quot;,&quot;shutter_speed&quot;:&quot;0&quot;,&quot;title&quot;:&quot;&quot;,&quot;orientation&quot;:&quot;0&quot;}\" data-image-title=\"20241401a_id\" data-image-description=\"\" data-image-caption=\"\" data-large-file=\"https:\/\/www.comuna13online.com.ar\/wp-content\/uploads\/2024\/11\/20241401a_id.jpg\" src=\"https:\/\/www.comuna13online.com.ar\/wp-content\/uploads\/2024\/11\/20241401a_id.jpg\" alt=\"\" class=\"wp-image-19517\"\/><\/figure>\n\n\n\n<div style=\"height:20px\" aria-hidden=\"true\" class=\"wp-block-spacer\"><\/div>\n\n\n\n<p>Por la tarde del jueves 31 de octubre, los diputados que integran la comisi\u00f3n de Planeamiento Urbano se reunieron con los integrantes de la Junta Comunal de la Comuna 13 que integran los barrios de N\u00fa\u00f1ez, Belgrano y Colegiales, para seguir debatiendo las modificaciones del c\u00f3digo urban\u00edstico a escala barrial.<\/p>\n\n\n\n<p>Para el debate estuvo presente la <strong>Presidenta de la Comuna 13<\/strong>, <strong>Florencia Scavino<\/strong>, junto a los integrantes de la Junta Comunal, Leonardo Mat\u00edas Palmieri, Diego Gonzalo Achile, Elizabeth Alicia Gazali y Enrique Alejandro Thwaites, adem\u00e1s de los miembros del consejo consultivo y vecinos.<\/p>\n\n\n\n<p>Fue Facundo Marzano, funcionario de la Secretar\u00eda de Desarrollo Urbano, el encargado de explicar el proyecto y detall\u00f3 que <em>\u201cen esta comuna en particular, se han incorporado 368 inmuebles al cat\u00e1logo de patrimonio definitivo, respetando su valor arquitect\u00f3nico\u201d<\/em>.<\/p>\n\n\n\n<p>La presidenta de la Junta Comunal, Scavino, agradeci\u00f3 <em>\u201cla oportunidad de estar en el \u00e1mbito de la Legislatura para dar el debate del C\u00f3digo Urban\u00edstico, en una mesa de di\u00e1logo, junto con el consejo consultivo, los vecinos, los legisladores, los miembros de la Junta Comunal\u00bb<\/em>.<\/p>\n\n\n\n<p><em>\u00abEstuvimos revisando los pol\u00edgonos y creemos que las grandes cuestiones que los vecinos nos presentan en general son: mantener la identidad barrial y la calidad de vida\u201d<\/em> explic\u00f3 la titular de la Comuna 13.<\/p>\n\n\n\n<div align=\"center\">\n<figure class=\"wp-block-embed is-type-rich is-provider-twitter wp-block-embed-twitter\"><div class=\"wp-block-embed__wrapper\">\n<blockquote class=\"twitter-tweet\" data-width=\"500\" data-dnt=\"true\"><p lang=\"es\" dir=\"ltr\">\ud83d\udc65\ud83d\udcc4Tras la aprobaci\u00f3n en primera lectura de la modificaci\u00f3n del C\u00f3digo Urban\u00edstico de la Ciudad y a la espera de su Audiencia P\u00fablica, la Comisi\u00f3n de Planeamiento contin\u00faa trabajando en su tratamiento conjunto con todas las comunas. <a href=\"https:\/\/t.co\/BhB3goM8zW\">pic.twitter.com\/BhB3goM8zW<\/a><\/p>&mdash; Legislatura CABA (@LegisCABA) <a href=\"https:\/\/twitter.com\/LegisCABA\/status\/1852109359150518506?ref_src=twsrc%5Etfw\">October 31, 2024<\/a><\/blockquote><script async src=\"https:\/\/platform.twitter.com\/widgets.js\" charset=\"utf-8\"><\/script>\n<\/div><\/figure>\n<\/div>\n\n\n\n<p><\/p>\n","protected":false},"excerpt":{"rendered":"<div class=\"mh-excerpt\">La Comisi\u00f3n de Planeamiento de la Legislatura porte\u00f1a contin\u00faa reuni\u00e9ndose con cada una de las comunas para avanzar con el tratamiento del C\u00f3digo Urban\u00edstico de la ciudad a escala barrial. <a class=\"mh-excerpt-more\" href=\"https:\/\/www.comuna13online.com.ar\/?p=19516\" title=\"Reuni\u00f3n con la Junta Comunal 13 por el c\u00f3digo urban\u00edstico\">[&#8230;]<\/a><\/div>\n","protected":false},"author":1,"featured_media":19517,"comment_status":"closed","ping_status":"closed","sticky":false,"template":"","format":"standard","meta":{"_uag_custom_page_level_css":"","_jetpack_memberships_contains_paid_content":false,"footnotes":"","jetpack_publicize_message":"","jetpack_publicize_feature_enabled":true,"jetpack_social_post_already_shared":true,"jetpack_social_options":{"image_generator_settings":{"template":"highway","default_image_id":0,"font":"","enabled":false},"version":2}},"categories":[192],"tags":[19,250,296,7],"class_list":{"0":"post-19516","1":"post","2":"type-post","3":"status-publish","4":"format-standard","5":"has-post-thumbnail","7":"category-desarrollo-urbano","8":"tag-comuna-13","9":"tag-h2","10":"tag-h3","11":"tag-legislatura"},"jetpack_publicize_connections":[],"jetpack_featured_media_url":"https:\/\/www.comuna13online.com.ar\/wp-content\/uploads\/2024\/11\/20241401a_id.jpg","uagb_featured_image_src":{"full":["https:\/\/www.comuna13online.com.ar\/wp-content\/uploads\/2024\/11\/20241401a_id.jpg",678,381,false],"thumbnail":["https:\/\/www.comuna13online.com.ar\/wp-content\/uploads\/2024\/11\/20241401a_id.jpg",128,72,false],"medium":["https:\/\/www.comuna13online.com.ar\/wp-content\/uploads\/2024\/11\/20241401a_id.jpg",678,381,false],"medium_large":["https:\/\/www.comuna13online.com.ar\/wp-content\/uploads\/2024\/11\/20241401a_id.jpg",678,381,false],"large":["https:\/\/www.comuna13online.com.ar\/wp-content\/uploads\/2024\/11\/20241401a_id.jpg",678,381,false],"1536x1536":["https:\/\/www.comuna13online.com.ar\/wp-content\/uploads\/2024\/11\/20241401a_id.jpg",678,381,false],"2048x2048":["https:\/\/www.comuna13online.com.ar\/wp-content\/uploads\/2024\/11\/20241401a_id.jpg",678,381,false],"mh-magazine-slider":["https:\/\/www.comuna13online.com.ar\/wp-content\/uploads\/2024\/11\/20241401a_id.jpg",678,381,false],"mh-magazine-content":["https:\/\/www.comuna13online.com.ar\/wp-content\/uploads\/2024\/11\/20241401a_id.jpg",678,381,false],"mh-magazine-large":["https:\/\/www.comuna13online.com.ar\/wp-content\/uploads\/2024\/11\/20241401a_id.jpg",678,381,false],"mh-magazine-medium":["https:\/\/www.comuna13online.com.ar\/wp-content\/uploads\/2024\/11\/20241401a_id-326x245.jpg",326,245,true],"mh-magazine-small":["https:\/\/www.comuna13online.com.ar\/wp-content\/uploads\/2024\/11\/20241401a_id-80x60.jpg",80,60,true],"sow-carousel-default":["https:\/\/www.comuna13online.com.ar\/wp-content\/uploads\/2024\/11\/20241401a_id-272x182.jpg",272,182,true]},"uagb_author_info":{"display_name":"Comuna13","author_link":"https:\/\/www.comuna13online.com.ar\/?author=1"},"uagb_comment_info":0,"uagb_excerpt":"La Comisi\u00f3n de Planeamiento de la Legislatura porte\u00f1a contin\u00faa reuni\u00e9ndose con cada una de las comunas para avanzar con el tratamiento del C\u00f3digo Urban\u00edstico de la ciudad a escala barrial. [...]","jetpack_sharing_enabled":true,"_links":{"self":[{"href":"https:\/\/www.comuna13online.com.ar\/index.php?rest_route=\/wp\/v2\/posts\/19516","targetHints":{"allow":["GET"]}}],"collection":[{"href":"https:\/\/www.comuna13online.com.ar\/index.php?rest_route=\/wp\/v2\/posts"}],"about":[{"href":"https:\/\/www.comuna13online.com.ar\/index.php?rest_route=\/wp\/v2\/types\/post"}],"author":[{"embeddable":true,"href":"https:\/\/www.comuna13online.com.ar\/index.php?rest_route=\/wp\/v2\/users\/1"}],"replies":[{"embeddable":true,"href":"https:\/\/www.comuna13online.com.ar\/index.php?rest_route=%2Fwp%2Fv2%2Fcomments&post=19516"}],"version-history":[{"count":0,"href":"https:\/\/www.comuna13online.com.ar\/index.php?rest_route=\/wp\/v2\/posts\/19516\/revisions"}],"wp:featuredmedia":[{"embeddable":true,"href":"https:\/\/www.comuna13online.com.ar\/index.php?rest_route=\/wp\/v2\/media\/19517"}],"wp:attachment":[{"href":"https:\/\/www.comuna13online.com.ar\/index.php?rest_route=%2Fwp%2Fv2%2Fmedia&parent=19516"}],"wp:term":[{"taxonomy":"category","embeddable":true,"href":"https:\/\/www.comuna13online.com.ar\/index.php?rest_route=%2Fwp%2Fv2%2Fcategories&post=19516"},{"taxonomy":"post_tag","embeddable":true,"href":"https:\/\/www.comuna13online.com.ar\/index.php?rest_route=%2Fwp%2Fv2%2Ftags&post=19516"}],"curies":[{"name":"wp","href":"https:\/\/api.w.org\/{rel}","templated":true}]}}