{"id":19502,"date":"2024-10-31T18:55:38","date_gmt":"2024-10-31T21:55:38","guid":{"rendered":"https:\/\/www.comuna13online.com.ar\/?p=19502"},"modified":"2024-10-31T18:55:44","modified_gmt":"2024-10-31T21:55:44","slug":"la-ciudad-sera-sede-de-la-cumbre-de-alcaldes-iberoamericanos","status":"publish","type":"post","link":"https:\/\/www.comuna13online.com.ar\/?p=19502","title":{"rendered":"La Ciudad ser\u00e1 sede de la cumbre de alcaldes iberoamericanos"},"content":{"rendered":"\n<p><strong>Jorge Macri anunci\u00f3 desde Espa\u00f1a que la Ciudad de Buenos Aires ser\u00e1 la sede oficial de la Asamblea General de la Uni\u00f3n de Ciudades Capitales Iberoamericanas a realizarse en 2025.<\/strong><\/p>\n\n\n\n<figure class=\"wp-block-image size-full\"><img loading=\"lazy\" decoding=\"async\" width=\"678\" height=\"381\" data-attachment-id=\"19504\" data-permalink=\"https:\/\/www.comuna13online.com.ar\/?attachment_id=19504\" data-orig-file=\"https:\/\/www.comuna13online.com.ar\/wp-content\/uploads\/2024\/10\/20241031a_01.jpg\" data-orig-size=\"678,381\" data-comments-opened=\"0\" data-image-meta=\"{&quot;aperture&quot;:&quot;0&quot;,&quot;credit&quot;:&quot;&quot;,&quot;camera&quot;:&quot;&quot;,&quot;caption&quot;:&quot;&quot;,&quot;created_timestamp&quot;:&quot;0&quot;,&quot;copyright&quot;:&quot;&quot;,&quot;focal_length&quot;:&quot;0&quot;,&quot;iso&quot;:&quot;0&quot;,&quot;shutter_speed&quot;:&quot;0&quot;,&quot;title&quot;:&quot;&quot;,&quot;orientation&quot;:&quot;0&quot;}\" data-image-title=\"20241031a_01\" data-image-description=\"\" data-image-caption=\"\" data-large-file=\"https:\/\/www.comuna13online.com.ar\/wp-content\/uploads\/2024\/10\/20241031a_01.jpg\" src=\"https:\/\/www.comuna13online.com.ar\/wp-content\/uploads\/2024\/10\/20241031a_01.jpg\" alt=\"\" class=\"wp-image-19504\"\/><\/figure>\n\n\n\n<div style=\"height:20px\" aria-hidden=\"true\" class=\"wp-block-spacer\"><\/div>\n\n\n\n<p>En la apertura oficial de la Cumbre de la Uni\u00f3n de Ciudades Capitales Iberoamericanas (UCCI) que se desarrolla en Madrid, el jefe de Gobierno porte\u00f1o, Jorge Macri, confirm\u00f3 a la Ciudad de Buenos Aires como la pr\u00f3xima sede del encuentro de alcaldes en septiembre de del pr\u00f3ximo a\u00f1o.<\/p>\n\n\n\n<p><em>\u201cLuego de repasar varios temas de gesti\u00f3n con otros alcaldes, se aprob\u00f3 el pedido que hicimos para ser sede de la Asamblea General el a\u00f1o que viene, en septiembre. Es una muy buena noticia. Vamos a estar recibiendo a todos los alcaldes de las ciudades capitales iberoamericanas\u201d, <\/em>expres\u00f3 Jorge Macri.<\/p>\n\n\n\n<p>En ese sentido, el Secretario General y de Relaciones Internacionales, Fulvio Pompeo indic\u00f3, <em>\u201cEsta elecci\u00f3n es un gran logro y un reconocimiento al compromiso y liderazgo de la Ciudad de Buenos Aires en el espacio iberoamericano. Ser\u00e1 una oportunidad \u00fanica para fortalecer el di\u00e1logo entre Alcaldes frente a los principales desaf\u00edos de la agenda urbana\u201d.<\/em><\/p>\n\n\n\n<p>La UCCI re\u00fane alcaldes y l\u00edderes de las ciudades m\u00e1s importantes de Iberoam\u00e9rica, con el objetivo de promover la cooperaci\u00f3n y el desarrollo sostenible. Se trata de una red internacional fundada en 1982, agrupa a 29 ciudades de 24 pa\u00edses iberoamericanos y representa a m\u00e1s de 76 millones de habitantes. En esta edici\u00f3n, particip\u00f3 del evento el Rey Felipe VI en su acto de apertura.<\/p>\n\n\n\n<div style=\"height:20px\" aria-hidden=\"true\" class=\"wp-block-spacer\"><\/div>\n\n\n\n<div align=\"center\">\n<figure class=\"wp-block-embed is-type-rich is-provider-twitter wp-block-embed-twitter\"><div class=\"wp-block-embed__wrapper\">\n<blockquote class=\"twitter-tweet\" data-width=\"500\" data-dnt=\"true\"><p lang=\"es\" dir=\"ltr\">Recibimos la visita del alcalde de Buenos Aires, la ciudad espejo de Madrid.<br><br>Gracias a Jorge Macri por estar con nosotros en estos dif\u00edciles momentos, en los que adem\u00e1s encontramos todo lo que nos une a la ciudad porte\u00f1a y la Argentina con Madrid y Espa\u00f1a. <a href=\"https:\/\/t.co\/wTgnn8LNpx\">pic.twitter.com\/wTgnn8LNpx<\/a><\/p>&mdash; Isabel D\u00edaz Ayuso (@IdiazAyuso) <a href=\"https:\/\/twitter.com\/IdiazAyuso\/status\/1851658636621214038?ref_src=twsrc%5Etfw\">October 30, 2024<\/a><\/blockquote><script async src=\"https:\/\/platform.twitter.com\/widgets.js\" charset=\"utf-8\"><\/script>\n<\/div><\/figure>\n<\/div>\n\n\n\n<div style=\"height:20px\" aria-hidden=\"true\" class=\"wp-block-spacer\"><\/div>\n\n\n\n<p>Tras el encuentro de ayer con la presidenta de la Comunidad de Madrid, Isabel D\u00edaz Ayuso, para intercambiar experiencias pol\u00edticas y de gesti\u00f3n, Jorge Macri expuso hoy en el panel \u201cFinanciaci\u00f3n sostenible para el desarrollo futuro de las ciudades iberoamericanas. Nuevos enfoques de articulaci\u00f3n p\u00fablico-privado en Gobiernos locales\u201d.<\/p>\n\n\n\n<p><em>\u00abLa articulaci\u00f3n p\u00fablico-privada es fundamental para que las ciudades tengan emprendimientos y se desarrollen. Tenemos por delante el desaf\u00edo de la revoluci\u00f3n de la inteligencia artificial y eso plantea la exigencia de invertir en capital humano, que es lo m\u00e1s relevante que tienen las ciudades. Articular lo p\u00fablico con lo privado tambi\u00e9n implica crear condiciones favorables para que las ciudades desarrollen productos de mayor valor\u00bb<\/em>, sostuvo el alcalde porte\u00f1o.<\/p>\n\n\n\n<p>Lo acompa\u00f1aron en el panel el alcalde de Madrid, Jos\u00e9 Luis Mart\u00ednez-Almeida; la alcaldesa de Santo Domingo, Carolina Mej\u00eda; el gerente Movilizaci\u00f3n de Recursos y Alianzas Globales de CAF Banco de Desarrollo de Am\u00e9rica Latina y el Caribe, Ignacio Corlazzoli; y el director de Finanzas de BBVA, Javier Flores Moreno.<\/p>\n\n\n\n<p>El encuentro anual de los alcaldes impulsa reforzar la colaboraci\u00f3n, el trabajo conjunto y los v\u00ednculos de intercambio entre las ciudades. Y tambi\u00e9n la interacci\u00f3n con los organismos internacionales, las delegaciones diplom\u00e1ticas, las redes de ciudades, los bancos de desarrollo, el sector empresarial y el mundo acad\u00e9mico.<\/p>\n\n\n\n<div style=\"height:20px\" aria-hidden=\"true\" class=\"wp-block-spacer\"><\/div>\n\n\n\n<p>Para culminar su exposici\u00f3n, Jorge Macri destac\u00f3 el valor del principal recurso que tiene la Ciudad: <em>\u201cTenemos por delante una revoluci\u00f3n que vamos a tener que enfrentar que es la Inteligencia Artificial, y donde habr\u00e1 ganadores y perdedores. El desaf\u00edo de las ciudades como Buenos Aires es invertir en capital humano. Lo m\u00e1s relevante que tiene una ciudad es su gente. Por ejemplo, el litio de la Ciudad de Buenos Aires es su gente\u201d.<\/em><\/p>\n\n\n\n<div align=\"center\">\n<figure class=\"wp-block-embed is-type-rich is-provider-twitter wp-block-embed-twitter\"><div class=\"wp-block-embed__wrapper\">\n<blockquote class=\"twitter-tweet\" data-width=\"500\" data-dnt=\"true\"><p lang=\"es\" dir=\"ltr\">VAMOS A SER SEDE DEL ENCUENTRO M\u00c1S IMPORTANTE DE CIUDADES DE IBEROAM\u00c9RICA<br><br>Esta semana tuve el privilegio de representar a nuestra Ciudad en la Uni\u00f3n de Ciudades Capitales Iberoamericanas (<a href=\"https:\/\/twitter.com\/UCCI_SG?ref_src=twsrc%5Etfw\">@UCCI_SG<\/a>), y tengo una gran noticia que me llena de orgullo poder compartirles: en 2025, la\u2026 <a href=\"https:\/\/t.co\/dAaNWotC9s\">pic.twitter.com\/dAaNWotC9s<\/a><\/p>&mdash; Jorge Macri (@jorgemacri) <a href=\"https:\/\/twitter.com\/jorgemacri\/status\/1852077808626901428?ref_src=twsrc%5Etfw\">October 31, 2024<\/a><\/blockquote><script async src=\"https:\/\/platform.twitter.com\/widgets.js\" charset=\"utf-8\"><\/script>\n<\/div><\/figure>\n<\/div>\n\n\n\n<p><\/p>\n\n\n\n<p><\/p>\n\n\n\n<p><\/p>\n","protected":false},"excerpt":{"rendered":"<div class=\"mh-excerpt\">Jorge Macri anunci\u00f3 desde Espa\u00f1a que la Ciudad de Buenos Aires ser\u00e1 la sede oficial de la Asamblea General de la Uni\u00f3n de Ciudades Capitales Iberoamericanas a realizarse en 2025. <a class=\"mh-excerpt-more\" href=\"https:\/\/www.comuna13online.com.ar\/?p=19502\" title=\"La Ciudad ser\u00e1 sede de la cumbre de alcaldes iberoamericanos\">[&#8230;]<\/a><\/div>\n","protected":false},"author":1,"featured_media":19503,"comment_status":"closed","ping_status":"closed","sticky":false,"template":"","format":"standard","meta":{"_uag_custom_page_level_css":"","_jetpack_memberships_contains_paid_content":false,"footnotes":"","jetpack_publicize_message":"","jetpack_publicize_feature_enabled":true,"jetpack_social_post_already_shared":true,"jetpack_social_options":{"image_generator_settings":{"template":"highway","default_image_id":0,"font":"","enabled":false},"version":2}},"categories":[9],"tags":[187,258,250,296,316],"class_list":{"0":"post-19502","1":"post","2":"type-post","3":"status-publish","4":"format-standard","5":"has-post-thumbnail","7":"category-ciudad","8":"tag-ciudad","9":"tag-gobierno","10":"tag-h2","11":"tag-h3","12":"tag-macri"},"jetpack_publicize_connections":[],"jetpack_featured_media_url":"https:\/\/www.comuna13online.com.ar\/wp-content\/uploads\/2024\/10\/20241031a_id.jpg","uagb_featured_image_src":{"full":["https:\/\/www.comuna13online.com.ar\/wp-content\/uploads\/2024\/10\/20241031a_id.jpg",678,381,false],"thumbnail":["https:\/\/www.comuna13online.com.ar\/wp-content\/uploads\/2024\/10\/20241031a_id.jpg",128,72,false],"medium":["https:\/\/www.comuna13online.com.ar\/wp-content\/uploads\/2024\/10\/20241031a_id.jpg",678,381,false],"medium_large":["https:\/\/www.comuna13online.com.ar\/wp-content\/uploads\/2024\/10\/20241031a_id.jpg",678,381,false],"large":["https:\/\/www.comuna13online.com.ar\/wp-content\/uploads\/2024\/10\/20241031a_id.jpg",678,381,false],"1536x1536":["https:\/\/www.comuna13online.com.ar\/wp-content\/uploads\/2024\/10\/20241031a_id.jpg",678,381,false],"2048x2048":["https:\/\/www.comuna13online.com.ar\/wp-content\/uploads\/2024\/10\/20241031a_id.jpg",678,381,false],"mh-magazine-slider":["https:\/\/www.comuna13online.com.ar\/wp-content\/uploads\/2024\/10\/20241031a_id.jpg",678,381,false],"mh-magazine-content":["https:\/\/www.comuna13online.com.ar\/wp-content\/uploads\/2024\/10\/20241031a_id.jpg",678,381,false],"mh-magazine-large":["https:\/\/www.comuna13online.com.ar\/wp-content\/uploads\/2024\/10\/20241031a_id.jpg",678,381,false],"mh-magazine-medium":["https:\/\/www.comuna13online.com.ar\/wp-content\/uploads\/2024\/10\/20241031a_id-326x245.jpg",326,245,true],"mh-magazine-small":["https:\/\/www.comuna13online.com.ar\/wp-content\/uploads\/2024\/10\/20241031a_id-80x60.jpg",80,60,true],"sow-carousel-default":["https:\/\/www.comuna13online.com.ar\/wp-content\/uploads\/2024\/10\/20241031a_id-272x182.jpg",272,182,true]},"uagb_author_info":{"display_name":"Comuna13","author_link":"https:\/\/www.comuna13online.com.ar\/?author=1"},"uagb_comment_info":0,"uagb_excerpt":"Jorge Macri anunci\u00f3 desde Espa\u00f1a que la Ciudad de Buenos Aires ser\u00e1 la sede oficial de la Asamblea General de la Uni\u00f3n de Ciudades Capitales Iberoamericanas a realizarse en 2025. [...]","jetpack_sharing_enabled":true,"_links":{"self":[{"href":"https:\/\/www.comuna13online.com.ar\/index.php?rest_route=\/wp\/v2\/posts\/19502","targetHints":{"allow":["GET"]}}],"collection":[{"href":"https:\/\/www.comuna13online.com.ar\/index.php?rest_route=\/wp\/v2\/posts"}],"about":[{"href":"https:\/\/www.comuna13online.com.ar\/index.php?rest_route=\/wp\/v2\/types\/post"}],"author":[{"embeddable":true,"href":"https:\/\/www.comuna13online.com.ar\/index.php?rest_route=\/wp\/v2\/users\/1"}],"replies":[{"embeddable":true,"href":"https:\/\/www.comuna13online.com.ar\/index.php?rest_route=%2Fwp%2Fv2%2Fcomments&post=19502"}],"version-history":[{"count":0,"href":"https:\/\/www.comuna13online.com.ar\/index.php?rest_route=\/wp\/v2\/posts\/19502\/revisions"}],"wp:featuredmedia":[{"embeddable":true,"href":"https:\/\/www.comuna13online.com.ar\/index.php?rest_route=\/wp\/v2\/media\/19503"}],"wp:attachment":[{"href":"https:\/\/www.comuna13online.com.ar\/index.php?rest_route=%2Fwp%2Fv2%2Fmedia&parent=19502"}],"wp:term":[{"taxonomy":"category","embeddable":true,"href":"https:\/\/www.comuna13online.com.ar\/index.php?rest_route=%2Fwp%2Fv2%2Fcategories&post=19502"},{"taxonomy":"post_tag","embeddable":true,"href":"https:\/\/www.comuna13online.com.ar\/index.php?rest_route=%2Fwp%2Fv2%2Ftags&post=19502"}],"curies":[{"name":"wp","href":"https:\/\/api.w.org\/{rel}","templated":true}]}}